{"id":13750,"date":"2025-04-23T17:00:00","date_gmt":"2025-04-23T17:00:00","guid":{"rendered":"https:\/\/www.atelierdocaractere.pt\/brevemente\/?p=13750"},"modified":"2025-04-24T10:03:58","modified_gmt":"2025-04-24T10:03:58","slug":"glex-summit-levou-estudantes-acorianos-ao-the-explorers-club-em-nova-iorque","status":"publish","type":"post","link":"https:\/\/www.atelierdocaractere.pt\/brevemente\/glex-summit-levou-estudantes-acorianos-ao-the-explorers-club-em-nova-iorque\/","title":{"rendered":"GLEX Summit levou estudantes a\u00e7orianos ao The Explorers Club em Nova Iorque"},"content":{"rendered":"\n<p><strong>Vencedores do concurso \u201cExplora A\u00e7ores\u201d viveram experi\u00eancia \u00fanica no ber\u00e7o da explora\u00e7\u00e3o mundial<\/strong><\/p>\n\n\n\n<figure class=\"wp-block-image size-large\"><img decoding=\"async\" width=\"1024\" height=\"796\" src=\"https:\/\/www.atelierdocaractere.pt\/wp-content\/uploads\/2025\/04\/whatsapp-image-2025-04-24-at-105526-1024x796.jpeg\" alt=\"\" class=\"wp-image-13751\" srcset=\"https:\/\/www.atelierdocaractere.pt\/wp-content\/uploads\/2025\/04\/whatsapp-image-2025-04-24-at-105526-1024x796.jpeg 1024w, https:\/\/www.atelierdocaractere.pt\/wp-content\/uploads\/2025\/04\/whatsapp-image-2025-04-24-at-105526-300x233.jpeg 300w, https:\/\/www.atelierdocaractere.pt\/wp-content\/uploads\/2025\/04\/whatsapp-image-2025-04-24-at-105526-768x597.jpeg 768w, https:\/\/www.atelierdocaractere.pt\/wp-content\/uploads\/2025\/04\/whatsapp-image-2025-04-24-at-105526-1536x1193.jpeg 1536w, https:\/\/www.atelierdocaractere.pt\/wp-content\/uploads\/2025\/04\/whatsapp-image-2025-04-24-at-105526.jpeg 1600w\" sizes=\"(max-width: 1024px) 100vw, 1024px\" \/><\/figure>\n\n\n\n<p><strong>Clara Couto, Francisco Cabral e Gon\u00e7alo Ricarte, os tr\u00eas jovens vencedores do concurso Explora A\u00e7ores, viajaram at\u00e9 Nova Iorque para viver uma experi\u00eancia transformadora na sede do prestigiado&nbsp;<a href=\"https:\/\/www.explorers.org\/\">The Explorers Club<\/a>, o mais importante centro mundial de explora\u00e7\u00e3o cient\u00edfica e cultural.<\/strong><\/p>\n\n\n\n<p>A iniciativa, promovida no \u00e2mbito da&nbsp;<a href=\"https:\/\/www.glexsummit.com\/\">GLEX Summit 2024<\/a>&nbsp;e integrada na sua estrat\u00e9gia de consolida\u00e7\u00e3o internacional, marcou tamb\u00e9m o arranque simb\u00f3lico da futura GLEX Academy \u2014 uma nova plataforma dedicada \u00e0 forma\u00e7\u00e3o de jovens exploradores, com ambi\u00e7\u00e3o global e foco em territ\u00f3rios como os A\u00e7ores.<\/p>\n\n\n\n<p>Durante a visita oficial, os estudantes foram recebidos por Richard Wiese, presidente do&nbsp;<a href=\"https:\/\/www.explorers.org\/\">The Explorers Club<\/a>, que lhes entregou os diplomas de ades\u00e3o ao programa Young Explorers. Os jovens apresentaram os seus projetos \u2014 dedicados \u00e0 biodiversidade, investiga\u00e7\u00e3o marinha e sustentabilidade ambiental \u2014 e participaram numa sess\u00e3o exclusiva com membros seniores da institui\u00e7\u00e3o.<\/p>\n\n\n\n<p><strong><em>\u201cEventos como a GLEX Summit s\u00e3o muito importantes, porque n\u00e3o s\u00f3 promovem a ci\u00eancia e a explora\u00e7\u00e3o, como tamb\u00e9m d\u00e3o voz aos jovens e incentivam-nos a fazer parte da constru\u00e7\u00e3o de um futuro melhor.\u201d<\/em><\/strong><br>\u2014&nbsp;<em>Clara Couto, 16 anos.<\/em><\/p>\n\n\n\n<p><strong><em>\u201cConheci pessoas incr\u00edveis, desde astronautas a exploradores. Esta oportunidade ajudou-me a reafirmar as minhas convic\u00e7\u00f5es e a perceber com mais clareza o caminho que quero seguir.\u201d<\/em><\/strong><br>\u2014&nbsp;<em>Francisco Cabral, participante com foco na biologia marinha<\/em><\/p>\n\n\n\n<p><strong>\u201cMesmo sabendo que o \u2018n\u00e3o\u2019 \u00e9 quase garantido, devemos tentar. Uma das cem tentativas pode mudar tudo \u2014 e realizar os nossos sonhos.\u201d<\/strong><br>\u2014&nbsp;<em>Gon\u00e7alo Ricarte, defensor de solu\u00e7\u00f5es sustent\u00e1veis<\/em><\/p>\n\n\n\n<p>O programa incluiu ainda visitas ao Museu Americano de Hist\u00f3ria Natural, Madame Tussauds e outros espa\u00e7os culturais de refer\u00eancia. A miss\u00e3o contou com o apoio fundamental da C\u00e2mara Municipal de Angra do Hero\u00edsmo, da C\u00e2mara de Com\u00e9rcio de Angra e da Dire\u00e7\u00e3o Regional de Educa\u00e7\u00e3o dos A\u00e7ores.<\/p>\n\n\n\n<p><strong><em>\u201cEsta primeira a\u00e7\u00e3o da GLEX Academy simboliza o que acreditamos para o futuro: cruzar talento jovem com redes globais de excel\u00eancia, a partir de territ\u00f3rios com identidade forte como os A\u00e7ores. Levar&nbsp;<\/em><\/strong>estes<strong><em>&nbsp;estudantes ao The Explorers Club foi mais do que um pr\u00e9mio \u2014 foi um passo firme na constru\u00e7\u00e3o de uma gera\u00e7\u00e3o que vai explorar para compreender e agir para transformar\u201d,&nbsp;<\/em><\/strong>afirmou&nbsp;Manuel Vaz, cofundador da&nbsp;<a href=\"https:\/\/www.glexsummit.com\/\">GLEX Summit<\/a>&nbsp;e membro do&nbsp;<a href=\"https:\/\/www.explorers.org\/\">The Explorers Club<\/a>.&nbsp;<\/p>\n\n\n\n<p>Com esta experi\u00eancia bem-sucedida, a organiza\u00e7\u00e3o anuncia que novas iniciativas para jovens est\u00e3o a ser preparadas no \u00e2mbito da GLEX Academy, consolidando o papel de Portugal \u2014 e em particular dos A\u00e7ores \u2014 no mapa da explora\u00e7\u00e3o e do conhecimento global.<\/p>\n","protected":false},"excerpt":{"rendered":"<p>Vencedores do concurso \u201cExplora A\u00e7ores\u201d viveram experi\u00eancia \u00fanica no ber\u00e7o da explora\u00e7\u00e3o mundial Clara Couto, Francisco Cabral e Gon\u00e7alo Ricarte,&#8230;<\/p>\n","protected":false},"author":8,"featured_media":13751,"comment_status":"closed","ping_status":"open","sticky":false,"template":"","format":"standard","meta":[],"categories":[451],"tags":[470,81,789,446,556],"yoast_head":"<!-- This site is optimized with the Yoast SEO plugin v20.12 - https:\/\/yoast.com\/wordpress\/plugins\/seo\/ -->\n<title>GLEX Summit levou estudantes a\u00e7orianos ao The Explorers Club em Nova Iorque - Atelier do Caractere<\/title>\n<meta name=\"robots\" content=\"index, follow, max-snippet:-1, max-image-preview:large, max-video-preview:-1\" \/>\n<link rel=\"canonical\" href=\"https:\/\/www.atelierdocaractere.pt\/brevemente\/glex-summit-levou-estudantes-acorianos-ao-the-explorers-club-em-nova-iorque\/\" \/>\n<meta property=\"og:locale\" content=\"pt_PT\" \/>\n<meta property=\"og:type\" content=\"article\" \/>\n<meta property=\"og:title\" content=\"GLEX Summit levou estudantes a\u00e7orianos ao The Explorers Club em Nova Iorque - Atelier do Caractere\" \/>\n<meta property=\"og:description\" content=\"Vencedores do concurso \u201cExplora A\u00e7ores\u201d viveram experi\u00eancia \u00fanica no ber\u00e7o da explora\u00e7\u00e3o mundial Clara Couto, Francisco Cabral e Gon\u00e7alo Ricarte,...\" \/>\n<meta property=\"og:url\" content=\"https:\/\/www.atelierdocaractere.pt\/brevemente\/glex-summit-levou-estudantes-acorianos-ao-the-explorers-club-em-nova-iorque\/\" \/>\n<meta property=\"og:site_name\" content=\"Atelier do Caractere\" \/>\n<meta property=\"article:publisher\" content=\"https:\/\/www.facebook.com\/AtelierdoCaractere\" \/>\n<meta property=\"article:published_time\" content=\"2025-04-23T17:00:00+00:00\" \/>\n<meta property=\"article:modified_time\" content=\"2025-04-24T10:03:58+00:00\" \/>\n<meta property=\"og:image\" content=\"https:\/\/www.atelierdocaractere.pt\/wp-content\/uploads\/2025\/04\/whatsapp-image-2025-04-24-at-105526.jpeg\" \/>\n\t<meta property=\"og:image:width\" content=\"1600\" \/>\n\t<meta property=\"og:image:height\" content=\"1243\" \/>\n\t<meta property=\"og:image:type\" content=\"image\/jpeg\" \/>\n<meta name=\"author\" content=\"Andr\u00e9 Lopes\" \/>\n<meta name=\"twitter:card\" content=\"summary_large_image\" \/>\n<meta name=\"twitter:label1\" content=\"Escrito por\" \/>\n\t<meta name=\"twitter:data1\" content=\"Andr\u00e9 Lopes\" \/>\n\t<meta name=\"twitter:label2\" content=\"Tempo estimado de leitura\" \/>\n\t<meta name=\"twitter:data2\" content=\"3 minutos\" \/>\n<script type=\"application\/ld+json\" class=\"yoast-schema-graph\">{\"@context\":\"https:\/\/schema.org\",\"@graph\":[{\"@type\":\"WebPage\",\"@id\":\"https:\/\/www.atelierdocaractere.pt\/brevemente\/glex-summit-levou-estudantes-acorianos-ao-the-explorers-club-em-nova-iorque\/\",\"url\":\"https:\/\/www.atelierdocaractere.pt\/brevemente\/glex-summit-levou-estudantes-acorianos-ao-the-explorers-club-em-nova-iorque\/\",\"name\":\"GLEX Summit levou estudantes a\u00e7orianos ao The Explorers Club em Nova Iorque - Atelier do Caractere\",\"isPartOf\":{\"@id\":\"https:\/\/www.atelierdocaractere.pt\/brevemente\/#website\"},\"datePublished\":\"2025-04-23T17:00:00+00:00\",\"dateModified\":\"2025-04-24T10:03:58+00:00\",\"author\":{\"@id\":\"https:\/\/www.atelierdocaractere.pt\/brevemente\/#\/schema\/person\/434214d094c7f8243eba52cce01c3fbf\"},\"breadcrumb\":{\"@id\":\"https:\/\/www.atelierdocaractere.pt\/brevemente\/glex-summit-levou-estudantes-acorianos-ao-the-explorers-club-em-nova-iorque\/#breadcrumb\"},\"inLanguage\":\"pt-PT\",\"potentialAction\":[{\"@type\":\"ReadAction\",\"target\":[\"https:\/\/www.atelierdocaractere.pt\/brevemente\/glex-summit-levou-estudantes-acorianos-ao-the-explorers-club-em-nova-iorque\/\"]}]},{\"@type\":\"BreadcrumbList\",\"@id\":\"https:\/\/www.atelierdocaractere.pt\/brevemente\/glex-summit-levou-estudantes-acorianos-ao-the-explorers-club-em-nova-iorque\/#breadcrumb\",\"itemListElement\":[{\"@type\":\"ListItem\",\"position\":1,\"name\":\"In\u00edcio\",\"item\":\"https:\/\/www.atelierdocaractere.pt\/brevemente\/\"},{\"@type\":\"ListItem\",\"position\":2,\"name\":\"GLEX Summit levou estudantes a\u00e7orianos ao The Explorers Club em Nova Iorque\"}]},{\"@type\":\"WebSite\",\"@id\":\"https:\/\/www.atelierdocaractere.pt\/brevemente\/#website\",\"url\":\"https:\/\/www.atelierdocaractere.pt\/brevemente\/\",\"name\":\"Atelier do Caractere\",\"description\":\"\",\"potentialAction\":[{\"@type\":\"SearchAction\",\"target\":{\"@type\":\"EntryPoint\",\"urlTemplate\":\"https:\/\/www.atelierdocaractere.pt\/brevemente\/?s={search_term_string}\"},\"query-input\":\"required name=search_term_string\"}],\"inLanguage\":\"pt-PT\"},{\"@type\":\"Person\",\"@id\":\"https:\/\/www.atelierdocaractere.pt\/brevemente\/#\/schema\/person\/434214d094c7f8243eba52cce01c3fbf\",\"name\":\"Andr\u00e9 Lopes\",\"image\":{\"@type\":\"ImageObject\",\"inLanguage\":\"pt-PT\",\"@id\":\"https:\/\/www.atelierdocaractere.pt\/brevemente\/#\/schema\/person\/image\/\",\"url\":\"https:\/\/secure.gravatar.com\/avatar\/76af1c514620ffe1937f018fe03efb73?s=96&d=mm&r=g\",\"contentUrl\":\"https:\/\/secure.gravatar.com\/avatar\/76af1c514620ffe1937f018fe03efb73?s=96&d=mm&r=g\",\"caption\":\"Andr\u00e9 Lopes\"},\"url\":\"https:\/\/www.atelierdocaractere.pt\/brevemente\/author\/andre-lopes\/\"}]}<\/script>\n<!-- \/ Yoast SEO plugin. -->","yoast_head_json":{"title":"GLEX Summit levou estudantes a\u00e7orianos ao The Explorers Club em Nova Iorque - Atelier do Caractere","robots":{"index":"index","follow":"follow","max-snippet":"max-snippet:-1","max-image-preview":"max-image-preview:large","max-video-preview":"max-video-preview:-1"},"canonical":"https:\/\/www.atelierdocaractere.pt\/brevemente\/glex-summit-levou-estudantes-acorianos-ao-the-explorers-club-em-nova-iorque\/","og_locale":"pt_PT","og_type":"article","og_title":"GLEX Summit levou estudantes a\u00e7orianos ao The Explorers Club em Nova Iorque - Atelier do Caractere","og_description":"Vencedores do concurso \u201cExplora A\u00e7ores\u201d viveram experi\u00eancia \u00fanica no ber\u00e7o da explora\u00e7\u00e3o mundial Clara Couto, Francisco Cabral e Gon\u00e7alo Ricarte,...","og_url":"https:\/\/www.atelierdocaractere.pt\/brevemente\/glex-summit-levou-estudantes-acorianos-ao-the-explorers-club-em-nova-iorque\/","og_site_name":"Atelier do Caractere","article_publisher":"https:\/\/www.facebook.com\/AtelierdoCaractere","article_published_time":"2025-04-23T17:00:00+00:00","article_modified_time":"2025-04-24T10:03:58+00:00","og_image":[{"width":1600,"height":1243,"url":"https:\/\/www.atelierdocaractere.pt\/wp-content\/uploads\/2025\/04\/whatsapp-image-2025-04-24-at-105526.jpeg","type":"image\/jpeg"}],"author":"Andr\u00e9 Lopes","twitter_card":"summary_large_image","twitter_misc":{"Escrito por":"Andr\u00e9 Lopes","Tempo estimado de leitura":"3 minutos"},"schema":{"@context":"https:\/\/schema.org","@graph":[{"@type":"WebPage","@id":"https:\/\/www.atelierdocaractere.pt\/brevemente\/glex-summit-levou-estudantes-acorianos-ao-the-explorers-club-em-nova-iorque\/","url":"https:\/\/www.atelierdocaractere.pt\/brevemente\/glex-summit-levou-estudantes-acorianos-ao-the-explorers-club-em-nova-iorque\/","name":"GLEX Summit levou estudantes a\u00e7orianos ao The Explorers Club em Nova Iorque - Atelier do Caractere","isPartOf":{"@id":"https:\/\/www.atelierdocaractere.pt\/brevemente\/#website"},"datePublished":"2025-04-23T17:00:00+00:00","dateModified":"2025-04-24T10:03:58+00:00","author":{"@id":"https:\/\/www.atelierdocaractere.pt\/brevemente\/#\/schema\/person\/434214d094c7f8243eba52cce01c3fbf"},"breadcrumb":{"@id":"https:\/\/www.atelierdocaractere.pt\/brevemente\/glex-summit-levou-estudantes-acorianos-ao-the-explorers-club-em-nova-iorque\/#breadcrumb"},"inLanguage":"pt-PT","potentialAction":[{"@type":"ReadAction","target":["https:\/\/www.atelierdocaractere.pt\/brevemente\/glex-summit-levou-estudantes-acorianos-ao-the-explorers-club-em-nova-iorque\/"]}]},{"@type":"BreadcrumbList","@id":"https:\/\/www.atelierdocaractere.pt\/brevemente\/glex-summit-levou-estudantes-acorianos-ao-the-explorers-club-em-nova-iorque\/#breadcrumb","itemListElement":[{"@type":"ListItem","position":1,"name":"In\u00edcio","item":"https:\/\/www.atelierdocaractere.pt\/brevemente\/"},{"@type":"ListItem","position":2,"name":"GLEX Summit levou estudantes a\u00e7orianos ao The Explorers Club em Nova Iorque"}]},{"@type":"WebSite","@id":"https:\/\/www.atelierdocaractere.pt\/brevemente\/#website","url":"https:\/\/www.atelierdocaractere.pt\/brevemente\/","name":"Atelier do Caractere","description":"","potentialAction":[{"@type":"SearchAction","target":{"@type":"EntryPoint","urlTemplate":"https:\/\/www.atelierdocaractere.pt\/brevemente\/?s={search_term_string}"},"query-input":"required name=search_term_string"}],"inLanguage":"pt-PT"},{"@type":"Person","@id":"https:\/\/www.atelierdocaractere.pt\/brevemente\/#\/schema\/person\/434214d094c7f8243eba52cce01c3fbf","name":"Andr\u00e9 Lopes","image":{"@type":"ImageObject","inLanguage":"pt-PT","@id":"https:\/\/www.atelierdocaractere.pt\/brevemente\/#\/schema\/person\/image\/","url":"https:\/\/secure.gravatar.com\/avatar\/76af1c514620ffe1937f018fe03efb73?s=96&d=mm&r=g","contentUrl":"https:\/\/secure.gravatar.com\/avatar\/76af1c514620ffe1937f018fe03efb73?s=96&d=mm&r=g","caption":"Andr\u00e9 Lopes"},"url":"https:\/\/www.atelierdocaractere.pt\/brevemente\/author\/andre-lopes\/"}]}},"_links":{"self":[{"href":"https:\/\/www.atelierdocaractere.pt\/brevemente\/wp-json\/wp\/v2\/posts\/13750"}],"collection":[{"href":"https:\/\/www.atelierdocaractere.pt\/brevemente\/wp-json\/wp\/v2\/posts"}],"about":[{"href":"https:\/\/www.atelierdocaractere.pt\/brevemente\/wp-json\/wp\/v2\/types\/post"}],"author":[{"embeddable":true,"href":"https:\/\/www.atelierdocaractere.pt\/brevemente\/wp-json\/wp\/v2\/users\/8"}],"replies":[{"embeddable":true,"href":"https:\/\/www.atelierdocaractere.pt\/brevemente\/wp-json\/wp\/v2\/comments?post=13750"}],"version-history":[{"count":2,"href":"https:\/\/www.atelierdocaractere.pt\/brevemente\/wp-json\/wp\/v2\/posts\/13750\/revisions"}],"predecessor-version":[{"id":13754,"href":"https:\/\/www.atelierdocaractere.pt\/brevemente\/wp-json\/wp\/v2\/posts\/13750\/revisions\/13754"}],"wp:featuredmedia":[{"embeddable":true,"href":"https:\/\/www.atelierdocaractere.pt\/brevemente\/wp-json\/wp\/v2\/media\/13751"}],"wp:attachment":[{"href":"https:\/\/www.atelierdocaractere.pt\/brevemente\/wp-json\/wp\/v2\/media?parent=13750"}],"wp:term":[{"taxonomy":"category","embeddable":true,"href":"https:\/\/www.atelierdocaractere.pt\/brevemente\/wp-json\/wp\/v2\/categories?post=13750"},{"taxonomy":"post_tag","embeddable":true,"href":"https:\/\/www.atelierdocaractere.pt\/brevemente\/wp-json\/wp\/v2\/tags?post=13750"}],"curies":[{"name":"wp","href":"https:\/\/api.w.org\/{rel}","templated":true}]}}