{"id":13757,"date":"2025-04-23T15:46:59","date_gmt":"2025-04-23T15:46:59","guid":{"rendered":"https:\/\/www.atelierdocaractere.pt\/brevemente\/?p=13757"},"modified":"2025-04-29T16:17:53","modified_gmt":"2025-04-29T16:17:53","slug":"os-melhores-vinhos-de-portugal-vao-ser-conhecidos-em-viseu","status":"publish","type":"post","link":"https:\/\/www.atelierdocaractere.pt\/brevemente\/os-melhores-vinhos-de-portugal-vao-ser-conhecidos-em-viseu\/","title":{"rendered":"Os melhores vinhos de Portugal v\u00e3o ser conhecidos em Viseu"},"content":{"rendered":"\n<p><strong>Final da 12.\u00aa edi\u00e7\u00e3o do Concurso Vinhos de Portugal vai ter lugar em maio, numa celebra\u00e7\u00e3o que refor\u00e7a a notoriedade de Viseu D\u00e3o Laf\u00f5es como destino enotur\u00edstico de excel\u00eancia\u00a0<\/strong><\/p>\n\n\n\n<figure class=\"wp-block-image size-full\"><img decoding=\"async\" width=\"900\" height=\"675\" src=\"https:\/\/www.atelierdocaractere.pt\/wp-content\/uploads\/2025\/04\/537a83f6-bf9c-2b75-6323-b7a29c69da7f-1.jpg\" alt=\"\" class=\"wp-image-13758\" srcset=\"https:\/\/www.atelierdocaractere.pt\/wp-content\/uploads\/2025\/04\/537a83f6-bf9c-2b75-6323-b7a29c69da7f-1.jpg 900w, https:\/\/www.atelierdocaractere.pt\/wp-content\/uploads\/2025\/04\/537a83f6-bf9c-2b75-6323-b7a29c69da7f-1-300x225.jpg 300w, https:\/\/www.atelierdocaractere.pt\/wp-content\/uploads\/2025\/04\/537a83f6-bf9c-2b75-6323-b7a29c69da7f-1-768x576.jpg 768w\" sizes=\"(max-width: 900px) 100vw, 900px\" \/><\/figure>\n\n\n\n<p>A cidade de Viseu, no cora\u00e7\u00e3o da Regi\u00e3o Demarcada do D\u00e3o, vai acolher, nos dias 8 e 9 de maio, a fase final da 12.\u00aa edi\u00e7\u00e3o do&nbsp;<strong>Concurso Vinhos de Portugal<\/strong>, uma das mais importantes competi\u00e7\u00f5es do setor a n\u00edvel nacional. A apresenta\u00e7\u00e3o do evento decorreu hoje, dia 23 de abril, no Solar do Vinho do D\u00e3o, com a presen\u00e7a dos principais parceiros da iniciativa.<br><br>Com cerca de&nbsp;<strong>1300 vinhos nacionais em prova<\/strong>, o Concurso Vinhos de Portugal \u00e9 um dos mais prestigiados do setor, constituindo uma montra de excel\u00eancia para a qualidade e diversidade da produ\u00e7\u00e3o vitivin\u00edcola nacional. A primeira fase da competi\u00e7\u00e3o decorre entre 5 e 7 de maio, em Santar\u00e9m, onde um painel de&nbsp;<strong>72 jurados internacionais<\/strong>, incluindo nomes de refer\u00eancia na \u00e1rea, ir\u00e1 avaliar os vinhos em sess\u00f5es t\u00e9cnicas de prova.<br><br>Em Viseu, j\u00e1 durante a fase final, nos dias 8 e 9, o painel do&nbsp;<strong>Grande J\u00fari<\/strong>&nbsp;ir\u00e1 realizar visitas \u00e0 Regi\u00e3o Demarcada do D\u00e3o, onde ter\u00e1 a oportunidade de contactar de forma pr\u00f3xima com os produtores.<br><br>O evento termina com a cerim\u00f3nia de entrega de pr\u00e9mios, tamb\u00e9m em Viseu, em que ser\u00e3o revelados todos os galardoados, incluindo os&nbsp;<strong>Grandes Ouros<\/strong>&nbsp;e os&nbsp;<strong>Melhores Vinhos do Ano<\/strong>. Os vinhos distinguidos com estes galard\u00f5es garantem a presen\u00e7a em eventos internacionais, refor\u00e7ando a visibilidade do vinho portugu\u00eas nos mercados externos.<br><br>A 12.\u00aa edi\u00e7\u00e3o do Concurso Vinhos de Portugal \u00e9 organizada pela&nbsp;<strong>ViniPortugal<\/strong>, tendo como parceiros&nbsp;<strong>Comunidade Intermunicipal (CIM) Viseu D\u00e3o Laf\u00f5es<\/strong>, o&nbsp;<strong>Munic\u00edpio de Viseu<\/strong>, a&nbsp;<strong>Comiss\u00e3o Vitivin\u00edcola Regional do D\u00e3o<\/strong>&nbsp;e a&nbsp;<strong>Turismo Centro de Portugal<\/strong>, que formalizaram uma parceria estrat\u00e9gica para acolher na regi\u00e3o este evento de refer\u00eancia no setor dos vinhos.<\/p>\n\n\n\n<p><strong>\u201cUm momento muito importante de afirma\u00e7\u00e3o da nossa regi\u00e3o\u201d<\/strong><br><br><strong>Fernando Ruas<\/strong>,&nbsp;<strong>Presidente da CIM Viseu D\u00e3o Laf\u00f5es e da C\u00e2mara Municipal de Viseu<\/strong>, sublinha a import\u00e2ncia da iniciativa:&nbsp;<em>\u201cO Concurso Vinhos de Portugal \u00e9 um momento muito importante de afirma\u00e7\u00e3o da nossa regi\u00e3o. Acolher a fase final confirma o posicionamento de Viseu D\u00e3o Laf\u00f5es como destino enotur\u00edstico de refer\u00eancia\u201d<\/em>.&nbsp;<em>\u201cDurante dois dias, as aten\u00e7\u00f5es do mundo dos vinhos v\u00e3o estar direcionadas para Viseu, pelo que este evento ser\u00e1 uma montra privilegiada para a promo\u00e7\u00e3o dos Vinhos do D\u00e3o e das experi\u00eancias da regi\u00e3o\u201d<\/em>, acrescenta.<br><br><strong>Nuno Martinho<\/strong>,&nbsp;<strong>Secret\u00e1rio Executivo da CIM Viseu D\u00e3o Laf\u00f5es<\/strong>, destaca o trabalho de promo\u00e7\u00e3o dos vinhos da regi\u00e3o:&nbsp;<em>\u201cO Concurso Vinhos de Portugal \u00e9 uma ferramenta poderosa para a promo\u00e7\u00e3o externa do territ\u00f3rio. \u00c9 resultado de um trabalho de valoriza\u00e7\u00e3o do setor vitivin\u00edcola, levado a cabo pela CIM, pela Comiss\u00e3o Vitivin\u00edcola Regional do D\u00e3o e pelos munic\u00edpios, que tem promovido a qualifica\u00e7\u00e3o da oferta tur\u00edstica, a dinamiza\u00e7\u00e3o econ\u00f3mica e o refor\u00e7o da identidade da regi\u00e3o enquanto destino vinhateiro. Esta ser\u00e1 mais uma oportunidade para refor\u00e7ar essa aposta\u201d<\/em>.<br><br><strong>Frederico Falc\u00e3o<\/strong>,&nbsp;<strong>Presidente da Dire\u00e7\u00e3o da ViniPortugal<\/strong>, salienta que \u201c<em>mais do que um galard\u00e3o, o Concurso Vinhos de Portugal \u00e9 um selo de qualidade e uma plataforma de promo\u00e7\u00e3o internacional. Os vinhos premiados garantem presen\u00e7a em prestigiados eventos internacionais, refor\u00e7ando a visibilidade e credibilidade do vinho portugu\u00eas nos mercados externos. Al\u00e9m disso, o Concurso representa um momento importante de contacto entre os nossos produtores de vinho e diversas figuras de relevo internacionais, entre eles importadores, jornalistas e sommeliers<\/em>&#8220;.<br><br>De acordo com&nbsp;<strong>Arlindo Cunha<\/strong>,&nbsp;<strong>Presidente da Comiss\u00e3o Vitivin\u00edcola Regional do D\u00e3o<\/strong>, \u201c<em>A realiza\u00e7\u00e3o no nosso territ\u00f3rio do prestigiado Concurso Vinhos de Portugal vai permitir evidenciar ainda mais a qualidade dos Vinhos do D\u00e3o, que normalmente obt\u00eam uma&nbsp;<\/em>percentagem<em>&nbsp;de medalhas significativamente superior \u00e0 sua quota de mercado \u2013 tal como, de resto, costuma suceder nos grandes concursos internacionais em que participam anualmente\u201d.<\/em><\/p>\n","protected":false},"excerpt":{"rendered":"<p>Final da 12.\u00aa edi\u00e7\u00e3o do Concurso Vinhos de Portugal vai ter lugar em maio, numa celebra\u00e7\u00e3o que refor\u00e7a a notoriedade&#8230;<\/p>\n","protected":false},"author":7,"featured_media":13758,"comment_status":"closed","ping_status":"open","sticky":false,"template":"","format":"standard","meta":[],"categories":[41],"tags":[951,131,950,636],"yoast_head":"<!-- This site is optimized with the Yoast SEO plugin v20.12 - https:\/\/yoast.com\/wordpress\/plugins\/seo\/ -->\n<title>Os melhores vinhos de Portugal v\u00e3o ser conhecidos em Viseu - Atelier do Caractere<\/title>\n<meta name=\"robots\" content=\"index, follow, max-snippet:-1, max-image-preview:large, max-video-preview:-1\" \/>\n<link rel=\"canonical\" href=\"https:\/\/www.atelierdocaractere.pt\/brevemente\/os-melhores-vinhos-de-portugal-vao-ser-conhecidos-em-viseu\/\" \/>\n<meta property=\"og:locale\" content=\"pt_PT\" \/>\n<meta property=\"og:type\" content=\"article\" \/>\n<meta property=\"og:title\" content=\"Os melhores vinhos de Portugal v\u00e3o ser conhecidos em Viseu - Atelier do Caractere\" \/>\n<meta property=\"og:description\" content=\"Final da 12.\u00aa edi\u00e7\u00e3o do Concurso Vinhos de Portugal vai ter lugar em maio, numa celebra\u00e7\u00e3o que refor\u00e7a a notoriedade...\" \/>\n<meta property=\"og:url\" content=\"https:\/\/www.atelierdocaractere.pt\/brevemente\/os-melhores-vinhos-de-portugal-vao-ser-conhecidos-em-viseu\/\" \/>\n<meta property=\"og:site_name\" content=\"Atelier do Caractere\" \/>\n<meta property=\"article:publisher\" content=\"https:\/\/www.facebook.com\/AtelierdoCaractere\" \/>\n<meta property=\"article:published_time\" content=\"2025-04-23T15:46:59+00:00\" \/>\n<meta property=\"article:modified_time\" content=\"2025-04-29T16:17:53+00:00\" \/>\n<meta property=\"og:image\" content=\"https:\/\/www.atelierdocaractere.pt\/wp-content\/uploads\/2025\/04\/537a83f6-bf9c-2b75-6323-b7a29c69da7f-1.jpg\" \/>\n\t<meta property=\"og:image:width\" content=\"900\" \/>\n\t<meta property=\"og:image:height\" content=\"675\" \/>\n\t<meta property=\"og:image:type\" content=\"image\/jpeg\" \/>\n<meta name=\"author\" content=\"Joana Barbosa\" \/>\n<meta name=\"twitter:card\" content=\"summary_large_image\" \/>\n<meta name=\"twitter:label1\" content=\"Escrito por\" \/>\n\t<meta name=\"twitter:data1\" content=\"Joana Barbosa\" \/>\n\t<meta name=\"twitter:label2\" content=\"Tempo estimado de leitura\" \/>\n\t<meta name=\"twitter:data2\" content=\"4 minutos\" \/>\n<script type=\"application\/ld+json\" class=\"yoast-schema-graph\">{\"@context\":\"https:\/\/schema.org\",\"@graph\":[{\"@type\":\"WebPage\",\"@id\":\"https:\/\/www.atelierdocaractere.pt\/brevemente\/os-melhores-vinhos-de-portugal-vao-ser-conhecidos-em-viseu\/\",\"url\":\"https:\/\/www.atelierdocaractere.pt\/brevemente\/os-melhores-vinhos-de-portugal-vao-ser-conhecidos-em-viseu\/\",\"name\":\"Os melhores vinhos de Portugal v\u00e3o ser conhecidos em Viseu - Atelier do Caractere\",\"isPartOf\":{\"@id\":\"https:\/\/www.atelierdocaractere.pt\/brevemente\/#website\"},\"datePublished\":\"2025-04-23T15:46:59+00:00\",\"dateModified\":\"2025-04-29T16:17:53+00:00\",\"author\":{\"@id\":\"https:\/\/www.atelierdocaractere.pt\/brevemente\/#\/schema\/person\/f2f096eb0f27d9894725af22cb97c0db\"},\"breadcrumb\":{\"@id\":\"https:\/\/www.atelierdocaractere.pt\/brevemente\/os-melhores-vinhos-de-portugal-vao-ser-conhecidos-em-viseu\/#breadcrumb\"},\"inLanguage\":\"pt-PT\",\"potentialAction\":[{\"@type\":\"ReadAction\",\"target\":[\"https:\/\/www.atelierdocaractere.pt\/brevemente\/os-melhores-vinhos-de-portugal-vao-ser-conhecidos-em-viseu\/\"]}]},{\"@type\":\"BreadcrumbList\",\"@id\":\"https:\/\/www.atelierdocaractere.pt\/brevemente\/os-melhores-vinhos-de-portugal-vao-ser-conhecidos-em-viseu\/#breadcrumb\",\"itemListElement\":[{\"@type\":\"ListItem\",\"position\":1,\"name\":\"In\u00edcio\",\"item\":\"https:\/\/www.atelierdocaractere.pt\/brevemente\/\"},{\"@type\":\"ListItem\",\"position\":2,\"name\":\"Os melhores vinhos de Portugal v\u00e3o ser conhecidos em Viseu\"}]},{\"@type\":\"WebSite\",\"@id\":\"https:\/\/www.atelierdocaractere.pt\/brevemente\/#website\",\"url\":\"https:\/\/www.atelierdocaractere.pt\/brevemente\/\",\"name\":\"Atelier do Caractere\",\"description\":\"\",\"potentialAction\":[{\"@type\":\"SearchAction\",\"target\":{\"@type\":\"EntryPoint\",\"urlTemplate\":\"https:\/\/www.atelierdocaractere.pt\/brevemente\/?s={search_term_string}\"},\"query-input\":\"required name=search_term_string\"}],\"inLanguage\":\"pt-PT\"},{\"@type\":\"Person\",\"@id\":\"https:\/\/www.atelierdocaractere.pt\/brevemente\/#\/schema\/person\/f2f096eb0f27d9894725af22cb97c0db\",\"name\":\"Joana Barbosa\",\"image\":{\"@type\":\"ImageObject\",\"inLanguage\":\"pt-PT\",\"@id\":\"https:\/\/www.atelierdocaractere.pt\/brevemente\/#\/schema\/person\/image\/\",\"url\":\"https:\/\/secure.gravatar.com\/avatar\/33e8214b45e9d68a3a83008731075979?s=96&d=mm&r=g\",\"contentUrl\":\"https:\/\/secure.gravatar.com\/avatar\/33e8214b45e9d68a3a83008731075979?s=96&d=mm&r=g\",\"caption\":\"Joana Barbosa\"},\"url\":\"https:\/\/www.atelierdocaractere.pt\/brevemente\/author\/joanabarbosa\/\"}]}<\/script>\n<!-- \/ Yoast SEO plugin. -->","yoast_head_json":{"title":"Os melhores vinhos de Portugal v\u00e3o ser conhecidos em Viseu - Atelier do Caractere","robots":{"index":"index","follow":"follow","max-snippet":"max-snippet:-1","max-image-preview":"max-image-preview:large","max-video-preview":"max-video-preview:-1"},"canonical":"https:\/\/www.atelierdocaractere.pt\/brevemente\/os-melhores-vinhos-de-portugal-vao-ser-conhecidos-em-viseu\/","og_locale":"pt_PT","og_type":"article","og_title":"Os melhores vinhos de Portugal v\u00e3o ser conhecidos em Viseu - Atelier do Caractere","og_description":"Final da 12.\u00aa edi\u00e7\u00e3o do Concurso Vinhos de Portugal vai ter lugar em maio, numa celebra\u00e7\u00e3o que refor\u00e7a a notoriedade...","og_url":"https:\/\/www.atelierdocaractere.pt\/brevemente\/os-melhores-vinhos-de-portugal-vao-ser-conhecidos-em-viseu\/","og_site_name":"Atelier do Caractere","article_publisher":"https:\/\/www.facebook.com\/AtelierdoCaractere","article_published_time":"2025-04-23T15:46:59+00:00","article_modified_time":"2025-04-29T16:17:53+00:00","og_image":[{"width":900,"height":675,"url":"https:\/\/www.atelierdocaractere.pt\/wp-content\/uploads\/2025\/04\/537a83f6-bf9c-2b75-6323-b7a29c69da7f-1.jpg","type":"image\/jpeg"}],"author":"Joana Barbosa","twitter_card":"summary_large_image","twitter_misc":{"Escrito por":"Joana Barbosa","Tempo estimado de leitura":"4 minutos"},"schema":{"@context":"https:\/\/schema.org","@graph":[{"@type":"WebPage","@id":"https:\/\/www.atelierdocaractere.pt\/brevemente\/os-melhores-vinhos-de-portugal-vao-ser-conhecidos-em-viseu\/","url":"https:\/\/www.atelierdocaractere.pt\/brevemente\/os-melhores-vinhos-de-portugal-vao-ser-conhecidos-em-viseu\/","name":"Os melhores vinhos de Portugal v\u00e3o ser conhecidos em Viseu - Atelier do Caractere","isPartOf":{"@id":"https:\/\/www.atelierdocaractere.pt\/brevemente\/#website"},"datePublished":"2025-04-23T15:46:59+00:00","dateModified":"2025-04-29T16:17:53+00:00","author":{"@id":"https:\/\/www.atelierdocaractere.pt\/brevemente\/#\/schema\/person\/f2f096eb0f27d9894725af22cb97c0db"},"breadcrumb":{"@id":"https:\/\/www.atelierdocaractere.pt\/brevemente\/os-melhores-vinhos-de-portugal-vao-ser-conhecidos-em-viseu\/#breadcrumb"},"inLanguage":"pt-PT","potentialAction":[{"@type":"ReadAction","target":["https:\/\/www.atelierdocaractere.pt\/brevemente\/os-melhores-vinhos-de-portugal-vao-ser-conhecidos-em-viseu\/"]}]},{"@type":"BreadcrumbList","@id":"https:\/\/www.atelierdocaractere.pt\/brevemente\/os-melhores-vinhos-de-portugal-vao-ser-conhecidos-em-viseu\/#breadcrumb","itemListElement":[{"@type":"ListItem","position":1,"name":"In\u00edcio","item":"https:\/\/www.atelierdocaractere.pt\/brevemente\/"},{"@type":"ListItem","position":2,"name":"Os melhores vinhos de Portugal v\u00e3o ser conhecidos em Viseu"}]},{"@type":"WebSite","@id":"https:\/\/www.atelierdocaractere.pt\/brevemente\/#website","url":"https:\/\/www.atelierdocaractere.pt\/brevemente\/","name":"Atelier do Caractere","description":"","potentialAction":[{"@type":"SearchAction","target":{"@type":"EntryPoint","urlTemplate":"https:\/\/www.atelierdocaractere.pt\/brevemente\/?s={search_term_string}"},"query-input":"required name=search_term_string"}],"inLanguage":"pt-PT"},{"@type":"Person","@id":"https:\/\/www.atelierdocaractere.pt\/brevemente\/#\/schema\/person\/f2f096eb0f27d9894725af22cb97c0db","name":"Joana Barbosa","image":{"@type":"ImageObject","inLanguage":"pt-PT","@id":"https:\/\/www.atelierdocaractere.pt\/brevemente\/#\/schema\/person\/image\/","url":"https:\/\/secure.gravatar.com\/avatar\/33e8214b45e9d68a3a83008731075979?s=96&d=mm&r=g","contentUrl":"https:\/\/secure.gravatar.com\/avatar\/33e8214b45e9d68a3a83008731075979?s=96&d=mm&r=g","caption":"Joana Barbosa"},"url":"https:\/\/www.atelierdocaractere.pt\/brevemente\/author\/joanabarbosa\/"}]}},"_links":{"self":[{"href":"https:\/\/www.atelierdocaractere.pt\/brevemente\/wp-json\/wp\/v2\/posts\/13757"}],"collection":[{"href":"https:\/\/www.atelierdocaractere.pt\/brevemente\/wp-json\/wp\/v2\/posts"}],"about":[{"href":"https:\/\/www.atelierdocaractere.pt\/brevemente\/wp-json\/wp\/v2\/types\/post"}],"author":[{"embeddable":true,"href":"https:\/\/www.atelierdocaractere.pt\/brevemente\/wp-json\/wp\/v2\/users\/7"}],"replies":[{"embeddable":true,"href":"https:\/\/www.atelierdocaractere.pt\/brevemente\/wp-json\/wp\/v2\/comments?post=13757"}],"version-history":[{"count":1,"href":"https:\/\/www.atelierdocaractere.pt\/brevemente\/wp-json\/wp\/v2\/posts\/13757\/revisions"}],"predecessor-version":[{"id":13759,"href":"https:\/\/www.atelierdocaractere.pt\/brevemente\/wp-json\/wp\/v2\/posts\/13757\/revisions\/13759"}],"wp:featuredmedia":[{"embeddable":true,"href":"https:\/\/www.atelierdocaractere.pt\/brevemente\/wp-json\/wp\/v2\/media\/13758"}],"wp:attachment":[{"href":"https:\/\/www.atelierdocaractere.pt\/brevemente\/wp-json\/wp\/v2\/media?parent=13757"}],"wp:term":[{"taxonomy":"category","embeddable":true,"href":"https:\/\/www.atelierdocaractere.pt\/brevemente\/wp-json\/wp\/v2\/categories?post=13757"},{"taxonomy":"post_tag","embeddable":true,"href":"https:\/\/www.atelierdocaractere.pt\/brevemente\/wp-json\/wp\/v2\/tags?post=13757"}],"curies":[{"name":"wp","href":"https:\/\/api.w.org\/{rel}","templated":true}]}}