{"id":13760,"date":"2025-04-24T16:18:17","date_gmt":"2025-04-24T16:18:17","guid":{"rendered":"https:\/\/www.atelierdocaractere.pt\/brevemente\/?p=13760"},"modified":"2025-04-29T16:21:46","modified_gmt":"2025-04-29T16:21:46","slug":"viseu-dao-lafoes-leva-a-expo-2025-no-japao-um-tesouro-vivo-da-cultura-portuguesa-o-ritual-da-soenga","status":"publish","type":"post","link":"https:\/\/www.atelierdocaractere.pt\/brevemente\/viseu-dao-lafoes-leva-a-expo-2025-no-japao-um-tesouro-vivo-da-cultura-portuguesa-o-ritual-da-soenga\/","title":{"rendered":"Viseu D\u00e3o Laf\u00f5es leva \u00e0 Expo 2025 no Jap\u00e3o um tesouro vivo da cultura portuguesa: o ritual da Soenga"},"content":{"rendered":"\n<p><strong>Comunidade Intermunicipal promove tradi\u00e7\u00e3o \u00fanica, a 11 mil quil\u00f3metros de casa.<\/strong><\/p>\n\n\n\n<figure class=\"wp-block-image size-large\"><img decoding=\"async\" width=\"1024\" height=\"683\" src=\"https:\/\/www.atelierdocaractere.pt\/wp-content\/uploads\/2025\/04\/e08d1133-7c6a-12f2-107c-5850fc2a9add-1-1024x683.jpg\" alt=\"\" class=\"wp-image-13761\" srcset=\"https:\/\/www.atelierdocaractere.pt\/wp-content\/uploads\/2025\/04\/e08d1133-7c6a-12f2-107c-5850fc2a9add-1-1024x683.jpg 1024w, https:\/\/www.atelierdocaractere.pt\/wp-content\/uploads\/2025\/04\/e08d1133-7c6a-12f2-107c-5850fc2a9add-1-300x200.jpg 300w, https:\/\/www.atelierdocaractere.pt\/wp-content\/uploads\/2025\/04\/e08d1133-7c6a-12f2-107c-5850fc2a9add-1-768x512.jpg 768w, https:\/\/www.atelierdocaractere.pt\/wp-content\/uploads\/2025\/04\/e08d1133-7c6a-12f2-107c-5850fc2a9add-1-900x600.jpg 900w, https:\/\/www.atelierdocaractere.pt\/wp-content\/uploads\/2025\/04\/e08d1133-7c6a-12f2-107c-5850fc2a9add-1-675x450.jpg 675w, https:\/\/www.atelierdocaractere.pt\/wp-content\/uploads\/2025\/04\/e08d1133-7c6a-12f2-107c-5850fc2a9add-1.jpg 1200w\" sizes=\"(max-width: 1024px) 100vw, 1024px\" \/><\/figure>\n\n\n\n<p>A&nbsp;<strong>Comunidade Intermunicipal (CIM) Viseu D\u00e3o Laf\u00f5es<\/strong>&nbsp;vai mostrar ao mundo inteiro, no Jap\u00e3o, uma das mais extraordin\u00e1rias tradi\u00e7\u00f5es cer\u00e2micas de Portugal. Nos dias 29 e 30 de abril, o ritual ancestral da&nbsp;<strong>Soenga<\/strong>&nbsp;ser\u00e1 a estrela do Pavilh\u00e3o de Portugal no cen\u00e1rio privilegiado da&nbsp;<strong>Expo 2025<\/strong>&nbsp;&#8211; Exposi\u00e7\u00e3o Mundial de Osaka.<\/p>\n\n\n\n<p>Apresentada ontem, dia 23 de abril, em confer\u00eancia de imprensa, em Viseu, a participa\u00e7\u00e3o da CIM marca a estreia desta tradi\u00e7\u00e3o secular num grande evento internacional.&nbsp;<\/p>\n\n\n\n<p>Inicialmente prevista para apenas um dia, a recria\u00e7\u00e3o do ritual da Soenga na Expo 2025 foi alargada para dois, por sugest\u00e3o do&nbsp;<strong>Turismo de Portugal<\/strong>, que reconheceu o elevado valor art\u00edstico, cultural e tur\u00edstico do projeto apresentado pela CIM.<\/p>\n\n\n\n<p><strong>Um conceito recriado no outro lado do mundo<\/strong><\/p>\n\n\n\n<p>A CIM leva \u00e0 Expo 2025 uma instala\u00e7\u00e3o imersiva centrada na Soenga, um ritual de cozedura cer\u00e2mica comunit\u00e1ria ao ar livre, em que o barro \u00e9 transformado pelas chamas e pelo tempo. O conceito da instala\u00e7\u00e3o \u00e9 inspirado no \u201cc\u00edrculo do fogo\u201d tradicional da Soenga, que ser\u00e1 recriado na sala multiusos do Pavilh\u00e3o de Portugal.<\/p>\n\n\n\n<p>Os visitantes s\u00e3o convidados a mergulhar num ambiente sensorial e simb\u00f3lico em torno do \u201ccasal\u201d, a pilha de pe\u00e7as cer\u00e2micas organizadas dentro da Soenga, que constitui o cora\u00e7\u00e3o desta arte. Este n\u00facleo, esculpido em cer\u00e2mica negra de Molelos, ser\u00e1 envolto por bancos de madeira tradicionais e por uma proje\u00e7\u00e3o imersiva, com som, imagem e vozes, que transporta os visitantes para o universo da Soenga.<\/p>\n\n\n\n<p>A experi\u00eancia sensorial inclui ainda uma instala\u00e7\u00e3o fotogr\u00e1fica com pe\u00e7as artesanais dos 14 munic\u00edpios da CIM Viseu D\u00e3o Laf\u00f5es. As imagens documentam a diversidade e riqueza do artesanato regional, oferecendo aos visitantes um contexto geogr\u00e1fico mais amplo.<\/p>\n\n\n\n<p>A valoriza\u00e7\u00e3o do ritual da Soenga, considerado por especialistas internacionais como&nbsp;<em>\u201cum tesouro \u00fanico\u201d<\/em>&nbsp;da cultura portuguesa, ganha ainda mais relevo com a recente inscri\u00e7\u00e3o do processo de produ\u00e7\u00e3o do Barro Negro de Molelos no&nbsp;<strong>Invent\u00e1rio Nacional do Patrim\u00f3nio Cultural Imaterial<\/strong>. Esta inscri\u00e7\u00e3o oficial reconhece&nbsp;<em>\u201ca import\u00e2ncia da manifesta\u00e7\u00e3o do patrim\u00f3nio cultural imaterial e respetivo saber-fazer enquanto pr\u00e1tica identit\u00e1ria da comunidade dos oleiros\u201d<\/em>&nbsp;e a sua relev\u00e2ncia&nbsp;<em>\u201cpara o desenvolvimento sustent\u00e1vel nos territ\u00f3rios onde se pratica\u201d<\/em>.<\/p>\n\n\n\n<p><strong>Visitantes v\u00e3o degustar a gastronomia da regi\u00e3o<\/strong><\/p>\n\n\n\n<p>Durante os dois dias, a experi\u00eancia ser\u00e1 complementada por um momento performativo gastron\u00f3mico. Neste, o chef&nbsp;<strong>Diogo Rocha<\/strong>&nbsp;ir\u00e1 preparar e dar a saborear produtos de Viseu D\u00e3o Laf\u00f5es aos visitantes do Pavilh\u00e3o de Portugal, naturalmente servidos em lou\u00e7a de barro negro de Molelos, numa fus\u00e3o entre gastronomia e tradi\u00e7\u00e3o. O chef ser\u00e1 ainda respons\u00e1vel pela cozinha do restaurante portugu\u00eas durante os dois dias.<\/p>\n\n\n\n<p>Mais do que uma presen\u00e7a institucional, a participa\u00e7\u00e3o da CIM inaugura um ciclo de dois anos de promo\u00e7\u00e3o do patrim\u00f3nio artesanal de Viseu D\u00e3o Laf\u00f5es, que tem como foco a cer\u00e2mica de mesa \u2013 uma vertente contempor\u00e2nea da tradi\u00e7\u00e3o oleira da regi\u00e3o. A CIM pretende dar a conhecer esta heran\u00e7a em feiras nacionais e internacionais, promovendo-a como ativo tur\u00edstico e fator de identidade para as comunidades locais.<\/p>\n\n\n\n<p><strong>\u201cA Soenga \u00e9 um testemunho da nossa mem\u00f3ria coletiva\u201d<\/strong><\/p>\n\n\n\n<p>Para&nbsp;<strong>Fernando Ruas, presidente da CIM Viseu D\u00e3o Laf\u00f5es<\/strong>, esta presen\u00e7a na Expo 2025 representa&nbsp;<em>\u201cuma oportunidade \u00fanica de projetar a identidade cultural do nosso territ\u00f3rio num dos maiores palcos mundiais\u201d<\/em>.&nbsp;<em>\u201cA Soenga \u00e9 muito mais do que uma t\u00e9cnica ancestral: \u00e9 um testemunho da nossa comunidade e da nossa mem\u00f3ria coletiva, que persiste nos dias de hoje. Levar esta tradi\u00e7\u00e3o ao Jap\u00e3o \u00e9 tamb\u00e9m afirmar a nossa capacidade de inovar a partir da tradi\u00e7\u00e3o\u201d<\/em>, considera.&nbsp;<\/p>\n\n\n\n<p>Sobre a import\u00e2ncia do reconhecimento internacional, Fernando Ruas sublinha ainda:&nbsp;<em>\u201cO facto de o Turismo de Portugal ter sugerido alargar a presen\u00e7a da Soenga por mais um dia mostra que estamos perante uma tradi\u00e7\u00e3o com um valor simb\u00f3lico e cultural que ultrapassa fronteiras. \u00c9 um orgulho ver o nome de Viseu D\u00e3o Laf\u00f5es associado a esta valoriza\u00e7\u00e3o do patrim\u00f3nio imaterial portugu\u00eas\u201d<\/em>.&nbsp;<\/p>\n\n\n\n<p>J\u00e1&nbsp;<strong>Nuno Martinho, Secret\u00e1rio Executivo da CIM<\/strong>, destaca o impacto direto da iniciativa na promo\u00e7\u00e3o da regi\u00e3o:&nbsp;<em>\u201cEstamos a levar a 11 mil quil\u00f3metros de casa algo que \u00e9 verdadeiramente \u00fanico no mundo. Acreditamos que esta experi\u00eancia vai tocar particularmente o p\u00fablico japon\u00eas, um povo que valoriza muito a cer\u00e2mica e as t\u00e9cnicas tradicionais de produ\u00e7\u00e3o\u201d<\/em>.<\/p>\n\n\n\n<p>O Secret\u00e1rio Executivo acrescenta que a participa\u00e7\u00e3o na Expo 2025 representa tamb\u00e9m uma nova forma de comunicar o territ\u00f3rio:&nbsp;<em>\u201cAtrav\u00e9s da Soenga, e de todas as pe\u00e7as artesanais da regi\u00e3o que vamos levar a Osaka, estamos a valorizar uma pr\u00e1tica com enorme valor cultural. \u00c9 um convite para mais pessoas visitarem o territ\u00f3rio, conhecerem os nossos artes\u00e3os e levarem consigo um peda\u00e7o desta heran\u00e7a\u201d.<\/em><\/p>\n\n\n\n<p><strong>Carlos Martins<\/strong>, CEO da Opium, respons\u00e1vel pela curadoria da exposi\u00e7\u00e3o, explica o conceito da participa\u00e7\u00e3o:&nbsp;<em>\u201cOs turistas procuram cada vez mais o que torna especial e aut\u00eantico um destino, aquilo que n\u00e3o podem encontrar em mais lado nenhum. Em particular, os japoneses t\u00eam grande interesse pelas t\u00e9cnicas de produ\u00e7\u00e3o de cer\u00e2mica. Por isso, decidimos levar a Osaka uma t\u00e9cnica espec\u00edfica ligada \u00e0 cer\u00e2mica, que seja diferenciadora e que possa abrir a porta, n\u00e3o s\u00f3 a visitas ao territ\u00f3rio, mas tamb\u00e9m a que estes produtos possam chegar ao mercado japon\u00eas e serem distribu\u00eddos no Jap\u00e3o. Interessa-nos este impacto na economia\u201d<\/em><em>.<\/em><\/p>\n\n\n\n<p>O chef&nbsp;<strong>Diogo Rocha&nbsp;<\/strong>elogia o que est\u00e1 a ser feito no territ\u00f3rio.&nbsp;<em>\u201cTudo aquilo que foi apresentado hoje aqui enche-nos de orgulho. A CIM Viseu D\u00e3o Laf\u00f5es est\u00e1 a fazer diferente. \u00c9 a prova de que estamos num territ\u00f3rio contempor\u00e2neo, atual, din\u00e2mico, a mostrar a capacidade que temos quando nos unimos\u201d<\/em>.&nbsp;<em>\u201cVamos a Osaka fazer comida de conforto e de partilha: a Vitela de Laf\u00f5es. E vamos servi-la em tigelas de barro negro, feitas nos fornos comunit\u00e1rios a lenha da regi\u00e3o, e juntar algo que se faz tamb\u00e9m nestes fornos, que \u00e9 a broa de milho. Na minha cabe\u00e7a, imagino&nbsp;os visitantes \u00e0 volta da soenga, agarrados a uma tigela, com um peda\u00e7o de broa, a comer uma bela Vitela de Laf\u00f5es\u201d<\/em>, diz o chef.<\/p>\n\n\n\n<p>A\u00a0<strong>Expo 2025<\/strong>\u00a0realiza-se entre 13 de abril e 13 de outubro de 2025. \u00c9 a maior exposi\u00e7\u00e3o mundial, reunindo mais de 160 pa\u00edses e organiza\u00e7\u00f5es sob o tema \u201cConceber a Sociedade do Futuro para as Nossas Vidas\u201d.\u200b A organiza\u00e7\u00e3o espera receber 28 milh\u00f5es de visitantes. Portugal marcar\u00e1 presen\u00e7a com uma programa\u00e7\u00e3o diversificada, que inclui ci\u00eancia, tecnologia, artes e of\u00edcios tradicionais.<\/p>\n\n\n\n<p><strong>Sobre a CIM Viseu D\u00e3o Laf\u00f5es:<\/strong><br>A CIM Viseu D\u00e3o Laf\u00f5es \u00e9 uma associa\u00e7\u00e3o de munic\u00edpios, denominada como Comunidade Intermunicipal, sendo constitu\u00edda pelos munic\u00edpios de\u00a0Aguiar da Beira, Carregal do Sal, Castro Daire, Mangualde, Nelas, Oliveira de Frades, Penalva do Castelo, Santa Comba D\u00e3o, S\u00e3o Pedro do Sul, S\u00e1t\u00e3o, Tondela, Vila Nova de Paiva, Viseu e Vouzela.<\/p>\n","protected":false},"excerpt":{"rendered":"<p>Comunidade Intermunicipal promove tradi\u00e7\u00e3o \u00fanica, a 11 mil quil\u00f3metros de casa. A&nbsp;Comunidade Intermunicipal (CIM) Viseu D\u00e3o Laf\u00f5es&nbsp;vai mostrar ao mundo&#8230;<\/p>\n","protected":false},"author":7,"featured_media":13761,"comment_status":"closed","ping_status":"open","sticky":false,"template":"","format":"standard","meta":[],"categories":[39],"tags":[738,952,636],"yoast_head":"<!-- This site is optimized with the Yoast SEO plugin v20.12 - https:\/\/yoast.com\/wordpress\/plugins\/seo\/ -->\n<title>Viseu D\u00e3o Laf\u00f5es leva \u00e0 Expo 2025 no Jap\u00e3o um tesouro vivo da cultura portuguesa: o ritual da Soenga - Atelier do Caractere<\/title>\n<meta name=\"robots\" content=\"index, follow, max-snippet:-1, max-image-preview:large, max-video-preview:-1\" \/>\n<link rel=\"canonical\" href=\"https:\/\/www.atelierdocaractere.pt\/brevemente\/viseu-dao-lafoes-leva-a-expo-2025-no-japao-um-tesouro-vivo-da-cultura-portuguesa-o-ritual-da-soenga\/\" \/>\n<meta property=\"og:locale\" content=\"pt_PT\" \/>\n<meta property=\"og:type\" content=\"article\" \/>\n<meta property=\"og:title\" content=\"Viseu D\u00e3o Laf\u00f5es leva \u00e0 Expo 2025 no Jap\u00e3o um tesouro vivo da cultura portuguesa: o ritual da Soenga - Atelier do Caractere\" \/>\n<meta property=\"og:description\" content=\"Comunidade Intermunicipal promove tradi\u00e7\u00e3o \u00fanica, a 11 mil quil\u00f3metros de casa. A&nbsp;Comunidade Intermunicipal (CIM) Viseu D\u00e3o Laf\u00f5es&nbsp;vai mostrar ao mundo...\" \/>\n<meta property=\"og:url\" content=\"https:\/\/www.atelierdocaractere.pt\/brevemente\/viseu-dao-lafoes-leva-a-expo-2025-no-japao-um-tesouro-vivo-da-cultura-portuguesa-o-ritual-da-soenga\/\" \/>\n<meta property=\"og:site_name\" content=\"Atelier do Caractere\" \/>\n<meta property=\"article:publisher\" content=\"https:\/\/www.facebook.com\/AtelierdoCaractere\" \/>\n<meta property=\"article:published_time\" content=\"2025-04-24T16:18:17+00:00\" \/>\n<meta property=\"article:modified_time\" content=\"2025-04-29T16:21:46+00:00\" \/>\n<meta property=\"og:image\" content=\"https:\/\/www.atelierdocaractere.pt\/wp-content\/uploads\/2025\/04\/e08d1133-7c6a-12f2-107c-5850fc2a9add-1.jpg\" \/>\n\t<meta property=\"og:image:width\" content=\"1200\" \/>\n\t<meta property=\"og:image:height\" content=\"800\" \/>\n\t<meta property=\"og:image:type\" content=\"image\/jpeg\" \/>\n<meta name=\"author\" content=\"Joana Barbosa\" \/>\n<meta name=\"twitter:card\" content=\"summary_large_image\" \/>\n<meta name=\"twitter:label1\" content=\"Escrito por\" \/>\n\t<meta name=\"twitter:data1\" content=\"Joana Barbosa\" \/>\n\t<meta name=\"twitter:label2\" content=\"Tempo estimado de leitura\" \/>\n\t<meta name=\"twitter:data2\" content=\"7 minutos\" \/>\n<script type=\"application\/ld+json\" class=\"yoast-schema-graph\">{\"@context\":\"https:\/\/schema.org\",\"@graph\":[{\"@type\":\"WebPage\",\"@id\":\"https:\/\/www.atelierdocaractere.pt\/brevemente\/viseu-dao-lafoes-leva-a-expo-2025-no-japao-um-tesouro-vivo-da-cultura-portuguesa-o-ritual-da-soenga\/\",\"url\":\"https:\/\/www.atelierdocaractere.pt\/brevemente\/viseu-dao-lafoes-leva-a-expo-2025-no-japao-um-tesouro-vivo-da-cultura-portuguesa-o-ritual-da-soenga\/\",\"name\":\"Viseu D\u00e3o Laf\u00f5es leva \u00e0 Expo 2025 no Jap\u00e3o um tesouro vivo da cultura portuguesa: o ritual da Soenga - Atelier do Caractere\",\"isPartOf\":{\"@id\":\"https:\/\/www.atelierdocaractere.pt\/brevemente\/#website\"},\"datePublished\":\"2025-04-24T16:18:17+00:00\",\"dateModified\":\"2025-04-29T16:21:46+00:00\",\"author\":{\"@id\":\"https:\/\/www.atelierdocaractere.pt\/brevemente\/#\/schema\/person\/f2f096eb0f27d9894725af22cb97c0db\"},\"breadcrumb\":{\"@id\":\"https:\/\/www.atelierdocaractere.pt\/brevemente\/viseu-dao-lafoes-leva-a-expo-2025-no-japao-um-tesouro-vivo-da-cultura-portuguesa-o-ritual-da-soenga\/#breadcrumb\"},\"inLanguage\":\"pt-PT\",\"potentialAction\":[{\"@type\":\"ReadAction\",\"target\":[\"https:\/\/www.atelierdocaractere.pt\/brevemente\/viseu-dao-lafoes-leva-a-expo-2025-no-japao-um-tesouro-vivo-da-cultura-portuguesa-o-ritual-da-soenga\/\"]}]},{\"@type\":\"BreadcrumbList\",\"@id\":\"https:\/\/www.atelierdocaractere.pt\/brevemente\/viseu-dao-lafoes-leva-a-expo-2025-no-japao-um-tesouro-vivo-da-cultura-portuguesa-o-ritual-da-soenga\/#breadcrumb\",\"itemListElement\":[{\"@type\":\"ListItem\",\"position\":1,\"name\":\"In\u00edcio\",\"item\":\"https:\/\/www.atelierdocaractere.pt\/brevemente\/\"},{\"@type\":\"ListItem\",\"position\":2,\"name\":\"Viseu D\u00e3o Laf\u00f5es leva \u00e0 Expo 2025 no Jap\u00e3o um tesouro vivo da cultura portuguesa: o ritual da Soenga\"}]},{\"@type\":\"WebSite\",\"@id\":\"https:\/\/www.atelierdocaractere.pt\/brevemente\/#website\",\"url\":\"https:\/\/www.atelierdocaractere.pt\/brevemente\/\",\"name\":\"Atelier do Caractere\",\"description\":\"\",\"potentialAction\":[{\"@type\":\"SearchAction\",\"target\":{\"@type\":\"EntryPoint\",\"urlTemplate\":\"https:\/\/www.atelierdocaractere.pt\/brevemente\/?s={search_term_string}\"},\"query-input\":\"required name=search_term_string\"}],\"inLanguage\":\"pt-PT\"},{\"@type\":\"Person\",\"@id\":\"https:\/\/www.atelierdocaractere.pt\/brevemente\/#\/schema\/person\/f2f096eb0f27d9894725af22cb97c0db\",\"name\":\"Joana Barbosa\",\"image\":{\"@type\":\"ImageObject\",\"inLanguage\":\"pt-PT\",\"@id\":\"https:\/\/www.atelierdocaractere.pt\/brevemente\/#\/schema\/person\/image\/\",\"url\":\"https:\/\/secure.gravatar.com\/avatar\/33e8214b45e9d68a3a83008731075979?s=96&d=mm&r=g\",\"contentUrl\":\"https:\/\/secure.gravatar.com\/avatar\/33e8214b45e9d68a3a83008731075979?s=96&d=mm&r=g\",\"caption\":\"Joana Barbosa\"},\"url\":\"https:\/\/www.atelierdocaractere.pt\/brevemente\/author\/joanabarbosa\/\"}]}<\/script>\n<!-- \/ Yoast SEO plugin. -->","yoast_head_json":{"title":"Viseu D\u00e3o Laf\u00f5es leva \u00e0 Expo 2025 no Jap\u00e3o um tesouro vivo da cultura portuguesa: o ritual da Soenga - Atelier do Caractere","robots":{"index":"index","follow":"follow","max-snippet":"max-snippet:-1","max-image-preview":"max-image-preview:large","max-video-preview":"max-video-preview:-1"},"canonical":"https:\/\/www.atelierdocaractere.pt\/brevemente\/viseu-dao-lafoes-leva-a-expo-2025-no-japao-um-tesouro-vivo-da-cultura-portuguesa-o-ritual-da-soenga\/","og_locale":"pt_PT","og_type":"article","og_title":"Viseu D\u00e3o Laf\u00f5es leva \u00e0 Expo 2025 no Jap\u00e3o um tesouro vivo da cultura portuguesa: o ritual da Soenga - Atelier do Caractere","og_description":"Comunidade Intermunicipal promove tradi\u00e7\u00e3o \u00fanica, a 11 mil quil\u00f3metros de casa. A&nbsp;Comunidade Intermunicipal (CIM) Viseu D\u00e3o Laf\u00f5es&nbsp;vai mostrar ao mundo...","og_url":"https:\/\/www.atelierdocaractere.pt\/brevemente\/viseu-dao-lafoes-leva-a-expo-2025-no-japao-um-tesouro-vivo-da-cultura-portuguesa-o-ritual-da-soenga\/","og_site_name":"Atelier do Caractere","article_publisher":"https:\/\/www.facebook.com\/AtelierdoCaractere","article_published_time":"2025-04-24T16:18:17+00:00","article_modified_time":"2025-04-29T16:21:46+00:00","og_image":[{"width":1200,"height":800,"url":"https:\/\/www.atelierdocaractere.pt\/wp-content\/uploads\/2025\/04\/e08d1133-7c6a-12f2-107c-5850fc2a9add-1.jpg","type":"image\/jpeg"}],"author":"Joana Barbosa","twitter_card":"summary_large_image","twitter_misc":{"Escrito por":"Joana Barbosa","Tempo estimado de leitura":"7 minutos"},"schema":{"@context":"https:\/\/schema.org","@graph":[{"@type":"WebPage","@id":"https:\/\/www.atelierdocaractere.pt\/brevemente\/viseu-dao-lafoes-leva-a-expo-2025-no-japao-um-tesouro-vivo-da-cultura-portuguesa-o-ritual-da-soenga\/","url":"https:\/\/www.atelierdocaractere.pt\/brevemente\/viseu-dao-lafoes-leva-a-expo-2025-no-japao-um-tesouro-vivo-da-cultura-portuguesa-o-ritual-da-soenga\/","name":"Viseu D\u00e3o Laf\u00f5es leva \u00e0 Expo 2025 no Jap\u00e3o um tesouro vivo da cultura portuguesa: o ritual da Soenga - Atelier do Caractere","isPartOf":{"@id":"https:\/\/www.atelierdocaractere.pt\/brevemente\/#website"},"datePublished":"2025-04-24T16:18:17+00:00","dateModified":"2025-04-29T16:21:46+00:00","author":{"@id":"https:\/\/www.atelierdocaractere.pt\/brevemente\/#\/schema\/person\/f2f096eb0f27d9894725af22cb97c0db"},"breadcrumb":{"@id":"https:\/\/www.atelierdocaractere.pt\/brevemente\/viseu-dao-lafoes-leva-a-expo-2025-no-japao-um-tesouro-vivo-da-cultura-portuguesa-o-ritual-da-soenga\/#breadcrumb"},"inLanguage":"pt-PT","potentialAction":[{"@type":"ReadAction","target":["https:\/\/www.atelierdocaractere.pt\/brevemente\/viseu-dao-lafoes-leva-a-expo-2025-no-japao-um-tesouro-vivo-da-cultura-portuguesa-o-ritual-da-soenga\/"]}]},{"@type":"BreadcrumbList","@id":"https:\/\/www.atelierdocaractere.pt\/brevemente\/viseu-dao-lafoes-leva-a-expo-2025-no-japao-um-tesouro-vivo-da-cultura-portuguesa-o-ritual-da-soenga\/#breadcrumb","itemListElement":[{"@type":"ListItem","position":1,"name":"In\u00edcio","item":"https:\/\/www.atelierdocaractere.pt\/brevemente\/"},{"@type":"ListItem","position":2,"name":"Viseu D\u00e3o Laf\u00f5es leva \u00e0 Expo 2025 no Jap\u00e3o um tesouro vivo da cultura portuguesa: o ritual da Soenga"}]},{"@type":"WebSite","@id":"https:\/\/www.atelierdocaractere.pt\/brevemente\/#website","url":"https:\/\/www.atelierdocaractere.pt\/brevemente\/","name":"Atelier do Caractere","description":"","potentialAction":[{"@type":"SearchAction","target":{"@type":"EntryPoint","urlTemplate":"https:\/\/www.atelierdocaractere.pt\/brevemente\/?s={search_term_string}"},"query-input":"required name=search_term_string"}],"inLanguage":"pt-PT"},{"@type":"Person","@id":"https:\/\/www.atelierdocaractere.pt\/brevemente\/#\/schema\/person\/f2f096eb0f27d9894725af22cb97c0db","name":"Joana Barbosa","image":{"@type":"ImageObject","inLanguage":"pt-PT","@id":"https:\/\/www.atelierdocaractere.pt\/brevemente\/#\/schema\/person\/image\/","url":"https:\/\/secure.gravatar.com\/avatar\/33e8214b45e9d68a3a83008731075979?s=96&d=mm&r=g","contentUrl":"https:\/\/secure.gravatar.com\/avatar\/33e8214b45e9d68a3a83008731075979?s=96&d=mm&r=g","caption":"Joana Barbosa"},"url":"https:\/\/www.atelierdocaractere.pt\/brevemente\/author\/joanabarbosa\/"}]}},"_links":{"self":[{"href":"https:\/\/www.atelierdocaractere.pt\/brevemente\/wp-json\/wp\/v2\/posts\/13760"}],"collection":[{"href":"https:\/\/www.atelierdocaractere.pt\/brevemente\/wp-json\/wp\/v2\/posts"}],"about":[{"href":"https:\/\/www.atelierdocaractere.pt\/brevemente\/wp-json\/wp\/v2\/types\/post"}],"author":[{"embeddable":true,"href":"https:\/\/www.atelierdocaractere.pt\/brevemente\/wp-json\/wp\/v2\/users\/7"}],"replies":[{"embeddable":true,"href":"https:\/\/www.atelierdocaractere.pt\/brevemente\/wp-json\/wp\/v2\/comments?post=13760"}],"version-history":[{"count":1,"href":"https:\/\/www.atelierdocaractere.pt\/brevemente\/wp-json\/wp\/v2\/posts\/13760\/revisions"}],"predecessor-version":[{"id":13762,"href":"https:\/\/www.atelierdocaractere.pt\/brevemente\/wp-json\/wp\/v2\/posts\/13760\/revisions\/13762"}],"wp:featuredmedia":[{"embeddable":true,"href":"https:\/\/www.atelierdocaractere.pt\/brevemente\/wp-json\/wp\/v2\/media\/13761"}],"wp:attachment":[{"href":"https:\/\/www.atelierdocaractere.pt\/brevemente\/wp-json\/wp\/v2\/media?parent=13760"}],"wp:term":[{"taxonomy":"category","embeddable":true,"href":"https:\/\/www.atelierdocaractere.pt\/brevemente\/wp-json\/wp\/v2\/categories?post=13760"},{"taxonomy":"post_tag","embeddable":true,"href":"https:\/\/www.atelierdocaractere.pt\/brevemente\/wp-json\/wp\/v2\/tags?post=13760"}],"curies":[{"name":"wp","href":"https:\/\/api.w.org\/{rel}","templated":true}]}}