{"id":13763,"date":"2025-04-24T16:22:00","date_gmt":"2025-04-24T16:22:00","guid":{"rendered":"https:\/\/www.atelierdocaractere.pt\/brevemente\/?p=13763"},"modified":"2025-04-29T16:25:39","modified_gmt":"2025-04-29T16:25:39","slug":"vodafone-rally-de-portugal-com-a-melhor-lista-de-inscritos-do-ano-do-wrc","status":"publish","type":"post","link":"https:\/\/www.atelierdocaractere.pt\/brevemente\/vodafone-rally-de-portugal-com-a-melhor-lista-de-inscritos-do-ano-do-wrc\/","title":{"rendered":"Vodafone Rally de Portugal com a melhor lista de inscritos do ano do WRC"},"content":{"rendered":"\n<p><strong>O Vodafone Rally de Portugal 2025 vai ter \u00e0 partida 95 equipas, 12 das quais em carros da categoria Rally1 e 55 em Rally2. \u00c9 a melhor e a maior lista de inscritos do ano do WRC! \u00a0Quatro dias de grande emo\u00e7\u00e3o e espet\u00e1culo em perspetiva, com muitos milhares de espetadores espalhados pelas 24 classificativas do Centro e Norte do pa\u00eds.<\/strong>\u00a0<\/p>\n\n\n\n<figure class=\"wp-block-image size-large\"><img decoding=\"async\" width=\"1024\" height=\"679\" src=\"https:\/\/www.atelierdocaractere.pt\/wp-content\/uploads\/2025\/04\/ogier-toyota-gazoo-racing-wrt-1024x679.jpg\" alt=\"\" class=\"wp-image-13764\" srcset=\"https:\/\/www.atelierdocaractere.pt\/wp-content\/uploads\/2025\/04\/ogier-toyota-gazoo-racing-wrt-1024x679.jpg 1024w, https:\/\/www.atelierdocaractere.pt\/wp-content\/uploads\/2025\/04\/ogier-toyota-gazoo-racing-wrt-300x199.jpg 300w, https:\/\/www.atelierdocaractere.pt\/wp-content\/uploads\/2025\/04\/ogier-toyota-gazoo-racing-wrt-768x510.jpg 768w, https:\/\/www.atelierdocaractere.pt\/wp-content\/uploads\/2025\/04\/ogier-toyota-gazoo-racing-wrt.jpg 1400w\" sizes=\"(max-width: 1024px) 100vw, 1024px\" \/><\/figure>\n\n\n\n<p>A 58.\u00aa edi\u00e7\u00e3o da prova, que se realiza entre 15 e 18 de maio, vai contar com a participa\u00e7\u00e3o de 12 carros da mais competitiva categoria Rally1, sendo que um \u00e9 para Diogo Salvi, que vai conduzir o Ford Puma Rally1 integrado na estrutura da M-Sport. Desde 2012 que um portugu\u00eas n\u00e3o conduzia um carro da categoria principal do Mundial de ralis. &nbsp;<\/p>\n\n\n\n<p>Qualquer piloto quer ter a prova portuguesa no seu curr\u00edculo, por isso, n\u00e3o admira que a edi\u00e7\u00e3o de 2025 tenha a melhor e a maior lista de inscritos do ano, quando comparado com os ralis de Monte Carlo, Su\u00e9cia, Safari e Ilhas Can\u00e1rias.&nbsp;<\/p>\n\n\n\n<p>Est\u00e3o inscritas 95 equipas para o Vodafone Rally de Portugal, incluindo 13 pilotos portugueses, um n\u00famero bem superior aos 70 inscritos do Monte-Carlo ou aos 63 concorrentes da prova espanhola. &nbsp;<\/p>\n\n\n\n<p>Com 12 Rally1 \u00e0 partida, est\u00e1 garantido o espet\u00e1culo nas seletivas e exigentes classificativas da prova organizada pelo Autom\u00f3vel Club de Portugal (ACP), a que se juntam mais 55 Rally2! &nbsp;<\/p>\n\n\n\n<p>A campe\u00e3 do mundo Toyota alinha com quatro GR Yaris Rally1, com as cores oficiais, para Elfyn Evans, S\u00e9bastien Ogier, Kalle Rovanper\u00e4 e Takamoto Katsuta, embora s\u00f3 com os tr\u00eas primeiros a pontuarem para o campeonato de construtores. O line up da Gazoo Racing \u00e9 de luxo, com o octocampe\u00e3o do mundo Ogier, o bicampe\u00e3o Rovanper\u00e4 e o atual l\u00edder do campeonato Evans. O campe\u00e3o do WRC2 do ano passado, Sami Pajari, alinha com um GR Yaris com as especifica\u00e7\u00f5es de f\u00e1brica e inscrito pela Toyota Gazoo Racing WRT2. &nbsp;<\/p>\n\n\n\n<p>A Hyundai Motorsport inscreveu tr\u00eas i20 N Rally1 para o campe\u00e3o do mundo Thierry Neuville, Ott T\u00e4nak e Adrien Fourmaux, um trio que pontua para o campeonato de marcas. &nbsp;<\/p>\n\n\n\n<p>A equipa brit\u00e2nica M-Sport Ford apresenta uma forma\u00e7\u00e3o alargada para a prova portuguesa. Al\u00e9m dos pilotos oficiais Gr\u00e9goire Munster e Josh McErlean, v\u00e3o estar ao volante dos Ford Puma Rally1 o let\u00e3o M\u0101rti\u0146\u0161 Sesks e o portugu\u00eas Diogo Salvi, que faz a sua estreia ao volante de um carro da categoria principal.&nbsp;<\/p>\n\n\n\n<p>O WRC2 ainda est\u00e1 mais competitivo este ano. Em Portugal, est\u00e3o inscritos 56 pilotos, o que deixa antever um espet\u00e1culo aliciante. Nomes como os de Oliver Solberg (Toyota GR Yaris), Gus Greensmith (Skoda Fabia RS), Kajetan Kajetanowicz (Toyota GR Yaris), Nikolay Gryazin (Skoda Fabia RS), Jan Solans (Toyota GR Yaris) e os irm\u00e3os Yohan e L\u00e9o Rossel (Citro\u00ebn C3), est\u00e3o entre os favoritos, mas n\u00e3o s\u00e3o de descurar outros candidatos \u00e0 vit\u00f3ria na categoria. &nbsp;<\/p>\n\n\n\n<p>De salientar a participa\u00e7\u00e3o de Kris Meeke (Toyota GR Yaris) e Dani Sordo (Hyundai i20 N), dois ex-pilotos do WRC que est\u00e3o a disputar o Campeonato de Portugal com um Rally2. \u00c9 nesta categoria que aparecem os principais pilotos nacionais. Armindo Ara\u00fajo (Skoda Fabia RS), Ricardo Teod\u00f3sio (Toyota GR Yaris), Jos\u00e9 Pedro Fontes (Citro\u00ebn C3), Pedro Meireles (Skoda Fabia RS), Pedro Almeida (Skoda Fabia RS) e Gon\u00e7alo Henriques (Hyundai i20N), entre outros, v\u00e3o lutar pelos pontos para o campeonato, enquanto mostram o seu valor perante a elite mundial dos ralis. &nbsp;<\/p>\n\n\n\n<p>O rali \u00e9 composto por tr\u00eas etapas e 24 provas especiais de classifica\u00e7\u00e3o, num total de 344,5 km disputados ao cron\u00f3metro. As novidades deste ano surgem na primeira etapa, a mais longa do rali, com os tro\u00e7os de \u00c1gueda\/Sever do Vouga e Sever do Vouga\/Albergaria-a-Velha. Na segunda etapa, h\u00e1 a registar o regresso de Vieira do Minho. Antes de come\u00e7ar a competi\u00e7\u00e3o a s\u00e9rio, os pilotos t\u00eam o Skakedown em Baltar, para fazer a \u00faltima afina\u00e7\u00e3o dos carros.&nbsp;<\/p>\n","protected":false},"excerpt":{"rendered":"<p>O Vodafone Rally de Portugal 2025 vai ter \u00e0 partida 95 equipas, 12 das quais em carros da categoria Rally1&#8230;<\/p>\n","protected":false},"author":7,"featured_media":13764,"comment_status":"closed","ping_status":"open","sticky":false,"template":"","format":"standard","meta":[],"categories":[24],"tags":[444,479,650],"yoast_head":"<!-- This site is optimized with the Yoast SEO plugin v20.12 - https:\/\/yoast.com\/wordpress\/plugins\/seo\/ -->\n<title>Vodafone Rally de Portugal com a melhor lista de inscritos do ano do WRC - Atelier do Caractere<\/title>\n<meta name=\"robots\" content=\"index, follow, max-snippet:-1, max-image-preview:large, max-video-preview:-1\" \/>\n<link rel=\"canonical\" href=\"https:\/\/www.atelierdocaractere.pt\/brevemente\/vodafone-rally-de-portugal-com-a-melhor-lista-de-inscritos-do-ano-do-wrc\/\" \/>\n<meta property=\"og:locale\" content=\"pt_PT\" \/>\n<meta property=\"og:type\" content=\"article\" \/>\n<meta property=\"og:title\" content=\"Vodafone Rally de Portugal com a melhor lista de inscritos do ano do WRC - Atelier do Caractere\" \/>\n<meta property=\"og:description\" content=\"O Vodafone Rally de Portugal 2025 vai ter \u00e0 partida 95 equipas, 12 das quais em carros da categoria Rally1...\" \/>\n<meta property=\"og:url\" content=\"https:\/\/www.atelierdocaractere.pt\/brevemente\/vodafone-rally-de-portugal-com-a-melhor-lista-de-inscritos-do-ano-do-wrc\/\" \/>\n<meta property=\"og:site_name\" content=\"Atelier do Caractere\" \/>\n<meta property=\"article:publisher\" content=\"https:\/\/www.facebook.com\/AtelierdoCaractere\" \/>\n<meta property=\"article:published_time\" content=\"2025-04-24T16:22:00+00:00\" \/>\n<meta property=\"article:modified_time\" content=\"2025-04-29T16:25:39+00:00\" \/>\n<meta property=\"og:image\" content=\"https:\/\/www.atelierdocaractere.pt\/wp-content\/uploads\/2025\/04\/ogier-toyota-gazoo-racing-wrt.jpg\" \/>\n\t<meta property=\"og:image:width\" content=\"1400\" \/>\n\t<meta property=\"og:image:height\" content=\"929\" \/>\n\t<meta property=\"og:image:type\" content=\"image\/jpeg\" \/>\n<meta name=\"author\" content=\"Joana Barbosa\" \/>\n<meta name=\"twitter:card\" content=\"summary_large_image\" \/>\n<meta name=\"twitter:label1\" content=\"Escrito por\" \/>\n\t<meta name=\"twitter:data1\" content=\"Joana Barbosa\" \/>\n\t<meta name=\"twitter:label2\" content=\"Tempo estimado de leitura\" \/>\n\t<meta name=\"twitter:data2\" content=\"4 minutos\" \/>\n<script type=\"application\/ld+json\" class=\"yoast-schema-graph\">{\"@context\":\"https:\/\/schema.org\",\"@graph\":[{\"@type\":\"WebPage\",\"@id\":\"https:\/\/www.atelierdocaractere.pt\/brevemente\/vodafone-rally-de-portugal-com-a-melhor-lista-de-inscritos-do-ano-do-wrc\/\",\"url\":\"https:\/\/www.atelierdocaractere.pt\/brevemente\/vodafone-rally-de-portugal-com-a-melhor-lista-de-inscritos-do-ano-do-wrc\/\",\"name\":\"Vodafone Rally de Portugal com a melhor lista de inscritos do ano do WRC - Atelier do Caractere\",\"isPartOf\":{\"@id\":\"https:\/\/www.atelierdocaractere.pt\/brevemente\/#website\"},\"datePublished\":\"2025-04-24T16:22:00+00:00\",\"dateModified\":\"2025-04-29T16:25:39+00:00\",\"author\":{\"@id\":\"https:\/\/www.atelierdocaractere.pt\/brevemente\/#\/schema\/person\/f2f096eb0f27d9894725af22cb97c0db\"},\"breadcrumb\":{\"@id\":\"https:\/\/www.atelierdocaractere.pt\/brevemente\/vodafone-rally-de-portugal-com-a-melhor-lista-de-inscritos-do-ano-do-wrc\/#breadcrumb\"},\"inLanguage\":\"pt-PT\",\"potentialAction\":[{\"@type\":\"ReadAction\",\"target\":[\"https:\/\/www.atelierdocaractere.pt\/brevemente\/vodafone-rally-de-portugal-com-a-melhor-lista-de-inscritos-do-ano-do-wrc\/\"]}]},{\"@type\":\"BreadcrumbList\",\"@id\":\"https:\/\/www.atelierdocaractere.pt\/brevemente\/vodafone-rally-de-portugal-com-a-melhor-lista-de-inscritos-do-ano-do-wrc\/#breadcrumb\",\"itemListElement\":[{\"@type\":\"ListItem\",\"position\":1,\"name\":\"In\u00edcio\",\"item\":\"https:\/\/www.atelierdocaractere.pt\/brevemente\/\"},{\"@type\":\"ListItem\",\"position\":2,\"name\":\"Vodafone Rally de Portugal com a melhor lista de inscritos do ano do WRC\"}]},{\"@type\":\"WebSite\",\"@id\":\"https:\/\/www.atelierdocaractere.pt\/brevemente\/#website\",\"url\":\"https:\/\/www.atelierdocaractere.pt\/brevemente\/\",\"name\":\"Atelier do Caractere\",\"description\":\"\",\"potentialAction\":[{\"@type\":\"SearchAction\",\"target\":{\"@type\":\"EntryPoint\",\"urlTemplate\":\"https:\/\/www.atelierdocaractere.pt\/brevemente\/?s={search_term_string}\"},\"query-input\":\"required name=search_term_string\"}],\"inLanguage\":\"pt-PT\"},{\"@type\":\"Person\",\"@id\":\"https:\/\/www.atelierdocaractere.pt\/brevemente\/#\/schema\/person\/f2f096eb0f27d9894725af22cb97c0db\",\"name\":\"Joana Barbosa\",\"image\":{\"@type\":\"ImageObject\",\"inLanguage\":\"pt-PT\",\"@id\":\"https:\/\/www.atelierdocaractere.pt\/brevemente\/#\/schema\/person\/image\/\",\"url\":\"https:\/\/secure.gravatar.com\/avatar\/33e8214b45e9d68a3a83008731075979?s=96&d=mm&r=g\",\"contentUrl\":\"https:\/\/secure.gravatar.com\/avatar\/33e8214b45e9d68a3a83008731075979?s=96&d=mm&r=g\",\"caption\":\"Joana Barbosa\"},\"url\":\"https:\/\/www.atelierdocaractere.pt\/brevemente\/author\/joanabarbosa\/\"}]}<\/script>\n<!-- \/ Yoast SEO plugin. -->","yoast_head_json":{"title":"Vodafone Rally de Portugal com a melhor lista de inscritos do ano do WRC - Atelier do Caractere","robots":{"index":"index","follow":"follow","max-snippet":"max-snippet:-1","max-image-preview":"max-image-preview:large","max-video-preview":"max-video-preview:-1"},"canonical":"https:\/\/www.atelierdocaractere.pt\/brevemente\/vodafone-rally-de-portugal-com-a-melhor-lista-de-inscritos-do-ano-do-wrc\/","og_locale":"pt_PT","og_type":"article","og_title":"Vodafone Rally de Portugal com a melhor lista de inscritos do ano do WRC - Atelier do Caractere","og_description":"O Vodafone Rally de Portugal 2025 vai ter \u00e0 partida 95 equipas, 12 das quais em carros da categoria Rally1...","og_url":"https:\/\/www.atelierdocaractere.pt\/brevemente\/vodafone-rally-de-portugal-com-a-melhor-lista-de-inscritos-do-ano-do-wrc\/","og_site_name":"Atelier do Caractere","article_publisher":"https:\/\/www.facebook.com\/AtelierdoCaractere","article_published_time":"2025-04-24T16:22:00+00:00","article_modified_time":"2025-04-29T16:25:39+00:00","og_image":[{"width":1400,"height":929,"url":"https:\/\/www.atelierdocaractere.pt\/wp-content\/uploads\/2025\/04\/ogier-toyota-gazoo-racing-wrt.jpg","type":"image\/jpeg"}],"author":"Joana Barbosa","twitter_card":"summary_large_image","twitter_misc":{"Escrito por":"Joana Barbosa","Tempo estimado de leitura":"4 minutos"},"schema":{"@context":"https:\/\/schema.org","@graph":[{"@type":"WebPage","@id":"https:\/\/www.atelierdocaractere.pt\/brevemente\/vodafone-rally-de-portugal-com-a-melhor-lista-de-inscritos-do-ano-do-wrc\/","url":"https:\/\/www.atelierdocaractere.pt\/brevemente\/vodafone-rally-de-portugal-com-a-melhor-lista-de-inscritos-do-ano-do-wrc\/","name":"Vodafone Rally de Portugal com a melhor lista de inscritos do ano do WRC - Atelier do Caractere","isPartOf":{"@id":"https:\/\/www.atelierdocaractere.pt\/brevemente\/#website"},"datePublished":"2025-04-24T16:22:00+00:00","dateModified":"2025-04-29T16:25:39+00:00","author":{"@id":"https:\/\/www.atelierdocaractere.pt\/brevemente\/#\/schema\/person\/f2f096eb0f27d9894725af22cb97c0db"},"breadcrumb":{"@id":"https:\/\/www.atelierdocaractere.pt\/brevemente\/vodafone-rally-de-portugal-com-a-melhor-lista-de-inscritos-do-ano-do-wrc\/#breadcrumb"},"inLanguage":"pt-PT","potentialAction":[{"@type":"ReadAction","target":["https:\/\/www.atelierdocaractere.pt\/brevemente\/vodafone-rally-de-portugal-com-a-melhor-lista-de-inscritos-do-ano-do-wrc\/"]}]},{"@type":"BreadcrumbList","@id":"https:\/\/www.atelierdocaractere.pt\/brevemente\/vodafone-rally-de-portugal-com-a-melhor-lista-de-inscritos-do-ano-do-wrc\/#breadcrumb","itemListElement":[{"@type":"ListItem","position":1,"name":"In\u00edcio","item":"https:\/\/www.atelierdocaractere.pt\/brevemente\/"},{"@type":"ListItem","position":2,"name":"Vodafone Rally de Portugal com a melhor lista de inscritos do ano do WRC"}]},{"@type":"WebSite","@id":"https:\/\/www.atelierdocaractere.pt\/brevemente\/#website","url":"https:\/\/www.atelierdocaractere.pt\/brevemente\/","name":"Atelier do Caractere","description":"","potentialAction":[{"@type":"SearchAction","target":{"@type":"EntryPoint","urlTemplate":"https:\/\/www.atelierdocaractere.pt\/brevemente\/?s={search_term_string}"},"query-input":"required name=search_term_string"}],"inLanguage":"pt-PT"},{"@type":"Person","@id":"https:\/\/www.atelierdocaractere.pt\/brevemente\/#\/schema\/person\/f2f096eb0f27d9894725af22cb97c0db","name":"Joana Barbosa","image":{"@type":"ImageObject","inLanguage":"pt-PT","@id":"https:\/\/www.atelierdocaractere.pt\/brevemente\/#\/schema\/person\/image\/","url":"https:\/\/secure.gravatar.com\/avatar\/33e8214b45e9d68a3a83008731075979?s=96&d=mm&r=g","contentUrl":"https:\/\/secure.gravatar.com\/avatar\/33e8214b45e9d68a3a83008731075979?s=96&d=mm&r=g","caption":"Joana Barbosa"},"url":"https:\/\/www.atelierdocaractere.pt\/brevemente\/author\/joanabarbosa\/"}]}},"_links":{"self":[{"href":"https:\/\/www.atelierdocaractere.pt\/brevemente\/wp-json\/wp\/v2\/posts\/13763"}],"collection":[{"href":"https:\/\/www.atelierdocaractere.pt\/brevemente\/wp-json\/wp\/v2\/posts"}],"about":[{"href":"https:\/\/www.atelierdocaractere.pt\/brevemente\/wp-json\/wp\/v2\/types\/post"}],"author":[{"embeddable":true,"href":"https:\/\/www.atelierdocaractere.pt\/brevemente\/wp-json\/wp\/v2\/users\/7"}],"replies":[{"embeddable":true,"href":"https:\/\/www.atelierdocaractere.pt\/brevemente\/wp-json\/wp\/v2\/comments?post=13763"}],"version-history":[{"count":1,"href":"https:\/\/www.atelierdocaractere.pt\/brevemente\/wp-json\/wp\/v2\/posts\/13763\/revisions"}],"predecessor-version":[{"id":13765,"href":"https:\/\/www.atelierdocaractere.pt\/brevemente\/wp-json\/wp\/v2\/posts\/13763\/revisions\/13765"}],"wp:featuredmedia":[{"embeddable":true,"href":"https:\/\/www.atelierdocaractere.pt\/brevemente\/wp-json\/wp\/v2\/media\/13764"}],"wp:attachment":[{"href":"https:\/\/www.atelierdocaractere.pt\/brevemente\/wp-json\/wp\/v2\/media?parent=13763"}],"wp:term":[{"taxonomy":"category","embeddable":true,"href":"https:\/\/www.atelierdocaractere.pt\/brevemente\/wp-json\/wp\/v2\/categories?post=13763"},{"taxonomy":"post_tag","embeddable":true,"href":"https:\/\/www.atelierdocaractere.pt\/brevemente\/wp-json\/wp\/v2\/tags?post=13763"}],"curies":[{"name":"wp","href":"https:\/\/api.w.org\/{rel}","templated":true}]}}