{"id":13771,"date":"2025-04-28T16:32:14","date_gmt":"2025-04-28T16:32:14","guid":{"rendered":"https:\/\/www.atelierdocaractere.pt\/brevemente\/?p=13771"},"modified":"2025-04-29T16:35:27","modified_gmt":"2025-04-29T16:35:27","slug":"renovada-pista-de-lousada-com-estreia-de-luxo","status":"publish","type":"post","link":"https:\/\/www.atelierdocaractere.pt\/brevemente\/renovada-pista-de-lousada-com-estreia-de-luxo\/","title":{"rendered":"Renovada pista de Lousada com estreia de luxo"},"content":{"rendered":"\n<p><strong>Milhares de espetadores vibraram com a Lousada I by SOMA, terceira prova do Campeonato de Portugal de Ralicross e Kartcross. Jo\u00e3o Ribeiro (Super 1600), Andr\u00e9 Martinho (Nacional 2RM), Ant\u00f3nio Sousa (Super Cars), Pedro Marques (Kartcross) e Michael Braun (Iniciados) foram os vencedores das espetaculares finais.<\/strong><\/p>\n\n\n\n<figure class=\"wp-block-image size-large\"><img decoding=\"async\" width=\"1024\" height=\"683\" src=\"https:\/\/www.atelierdocaractere.pt\/wp-content\/uploads\/2025\/04\/lousada-i-by-soma-1024x683.jpg\" alt=\"\" class=\"wp-image-13772\" srcset=\"https:\/\/www.atelierdocaractere.pt\/wp-content\/uploads\/2025\/04\/lousada-i-by-soma-1024x683.jpg 1024w, https:\/\/www.atelierdocaractere.pt\/wp-content\/uploads\/2025\/04\/lousada-i-by-soma-300x200.jpg 300w, https:\/\/www.atelierdocaractere.pt\/wp-content\/uploads\/2025\/04\/lousada-i-by-soma-768x512.jpg 768w, https:\/\/www.atelierdocaractere.pt\/wp-content\/uploads\/2025\/04\/lousada-i-by-soma-1536x1024.jpg 1536w, https:\/\/www.atelierdocaractere.pt\/wp-content\/uploads\/2025\/04\/lousada-i-by-soma-900x600.jpg 900w, https:\/\/www.atelierdocaractere.pt\/wp-content\/uploads\/2025\/04\/lousada-i-by-soma-675x450.jpg 675w, https:\/\/www.atelierdocaractere.pt\/wp-content\/uploads\/2025\/04\/lousada-i-by-soma.jpg 1920w\" sizes=\"(max-width: 1024px) 100vw, 1024px\" \/><\/figure>\n\n\n\n<p>A prova do Clube Autom\u00f3vel de Lousada contou com 54 concorrentes, um recorde esta \u00e9poca, que confirmou que Lousada continua a ser a capital do Ralicross e Kartcross. Houve muita adrenalina e espet\u00e1culo no renovado tra\u00e7ado, 60% em asfalto e 40% em terra, que apresentou novos pontos de interesse, especialmente a curva com uma inclina\u00e7\u00e3o de 14 graus, que proporcionou uma experi\u00eancia \u00fanica a pilotos e espetadores.<\/p>\n\n\n\n<p>As finais foram aut\u00eanticas corridas sprint, onde os pilotos andaram sempre no limite e levaram a decis\u00e3o at\u00e9 aos \u00faltimos metros. Com uma partida canh\u00e3o, Jo\u00e3o Ribeiro (Audi A1) assumiu a lideran\u00e7a na corrida de Super 1600 e manteve a posi\u00e7\u00e3o at\u00e9 final, apesar da oposi\u00e7\u00e3o de Andr\u00e9 Sousa, num carro id\u00eantico. Jorge Machado (Peugeot 208 S1600), que dominou as duas primeiras provas do ano, foi terceiro classificado.<\/p>\n\n\n\n<p>A categoria Super Cars teve um final de cortar a respira\u00e7\u00e3o, que acabou com uma explos\u00e3o de alegria do vencedor Ant\u00f3nio Sousa (Peugeot 208).&nbsp;<strong><em>\u201cN\u00e3o podia ter sido melhor. Carro novo e pista nova, \u00e0 porta de minha casa. Este p\u00fablico ajuda muito a ganhar \u00e2nimo para andar aqui\u201d<\/em><\/strong>, salientou o vencedor. Jos\u00e9 Oliveira (Peugeot 208) foi o mais r\u00e1pido nos treinos cronometrados e nas corridas de qualifica\u00e7\u00e3o, mas acabou surpreendido na final. Esta categoria reuniu os mais competitivos carros da modalidade e serviu de amostra para a prova do Campeonato do Mundo e Europeu de Ralicross, que se realizar\u00e1 em Lousada, no final de maio.<\/p>\n\n\n\n<p>Na categoria Nacional 2RM, Andr\u00e9 Martinho (BMW 328) assumiu a lideran\u00e7a e aguentou a forte press\u00e3o de Bruno Lima (Citro\u00ebn Saxo) at\u00e9 \u00e0 bandeira de xadrez.&nbsp;<strong><em>\u201cConsegui fazer um bom arranque e fui gerindo o andamento\u201d<\/em><\/strong>, afirmou o piloto do BMW, que obteve a primeira vit\u00f3ria na Divis\u00e3o 2. Bruno Lima, atual campe\u00e3o nacional da Divis\u00e3o 1, voltou aos triunfos na classe. Lu\u00eds Ferreira (Suzuki Swift) venceu as tr\u00eas corridas de qualifica\u00e7\u00e3o, mas ao terminar a meia-final em 6\u00ba ficou de fora da final.<\/p>\n\n\n\n<p>A categoria Iniciados contou com Michael Braun (Citro\u00ebn C1) e N\u00e9lson Costa (Fiat Uno), dois jovens pilotos de 14 anos extremamente aguerridos como se viu na final. A luta intensa, com alguns toques pelo meio, durou at\u00e9 meio da \u00faltima volta, altura em que N\u00e9lson Costa teve problemas mec\u00e2nicos no Fiat Uno.<\/p>\n\n\n\n<p>O campe\u00e3o nacional Alexandre Borges (ASK XCR) liderou grande parte da corrida de Kartcross, mas ao ser mais lento do que Pedro Marques (LBS RX01) na passagem pela Joker Lap ofereceu a vit\u00f3ria ao advers\u00e1rio.&nbsp;<strong><em>\u201cNa final, conseguimos acertar com o setup e impor um bom ritmo. A vit\u00f3ria soube muito bem\u201d<\/em><\/strong>, disse Pedro Marques. Aconteceu o mesmo na Final B, Renato Campos (ASK XCR) liderou desde o in\u00edcio, mas a Joker Lap mudou o sentido da corrida e o piloto acabou por descer de primeiro para terceiro, terminando atr\u00e1s de F\u00e1bio Machado (ASK XCR) e Guilherme Matos (Semog Bravo).<\/p>\n\n\n\n<p><strong>Classifica\u00e7\u00f5es oficiais:<\/strong><\/p>\n\n\n\n<p><strong>Super 1600<\/strong><\/p>\n\n\n\n<p>1\u00ba Jo\u00e3o Ribeiro (Audi A1), 7 voltas em 4:59.412m; 2\u00ba Andr\u00e9 Sousa (Audi A1), a 1.126s; 3\u00ba Jorge Machado (Peugeot 208), a 8.058s; 4\u00ba Joaquim Machado (Audi A1), a 8.320s; 5\u00ba Rog\u00e9rio Sousa (Ford Fiesta), a 9.158<\/p>\n\n\n\n<p><strong>Super Cars<\/strong><\/p>\n\n\n\n<p>1\u00ba Ant\u00f3nio Sousa (Peugeot 208), 7 voltas em 4:46.815m; 2\u00ba Jos\u00e9 Oliveira (Peugeot 208), a 1.293s; 3\u00ba C\u00e9sar Pereira (Ford Fiesta), a 2 voltas.<\/p>\n\n\n\n<p><strong>Nacional 2RM<\/strong><\/p>\n\n\n\n<p>1\u00ba Andr\u00e9 Marinho (BMW 328), 7 voltas em 5:17.231m (1\u00ba Divis\u00e3o 2); 2\u00ba Bruno Lima (Citroen Saxo), a 0.660s (1\u00ba Divis\u00e3o 1); 3\u00ba Rafael Rocha (Citroen Saxo), a 6.677s; H\u00e9lder Ribeiro (Citroen Saxo), a 8.234m; 5\u00ba Ricardo Costa (Citroen Saxo), a 8.918s.<\/p>\n\n\n\n<p><strong>Iniciados<\/strong><\/p>\n\n\n\n<p>1\u00ba Michael Braun (Citro\u00ebn C1) 7 voltas em 6.20.530m, 2\u00ba N\u00e9lson Costa (Fiat Uno), a 1 volta<\/p>\n\n\n\n<p><strong>Kartcross<\/strong><\/p>\n\n\n\n<p>1\u00ba Pedro Marques (LBS RX01), 8 voltas em 5:31.926m; 2\u00ba Alexandre Borges (ASK XCR), a 1.623s; 3\u00ba Tiago Costa (LifeLive TN11), a 4.199s; 4\u00ba Tiago Pinto (LBS RX01), a 4.900s; 5\u00ba M\u00e1rcio Ara\u00fajo (Semog Bravo), a 6.753s.<\/p>\n\n\n\n<p><strong>Kartcross Final B<\/strong><\/p>\n\n\n\n<p>1\u00ba F\u00e1bio Machado (ASK XCR), 8 voltas em 5.37,276m; 2\u00ba Renato Campos (ASK XCR), a 3.208s; 3\u00ba Guilherme Matos (Semog Bravo), a 4,674; 4\u00ba Fernando Gaspar (AG Sport), a 9.925s; 5\u00ba J\u00falio Pereira (Question Engineering), a 12.813s.<\/p>\n","protected":false},"excerpt":{"rendered":"<p>Milhares de espetadores vibraram com a Lousada I by SOMA, terceira prova do Campeonato de Portugal de Ralicross e Kartcross&#8230;.<\/p>\n","protected":false},"author":7,"featured_media":13772,"comment_status":"closed","ping_status":"open","sticky":false,"template":"","format":"standard","meta":[],"categories":[24],"tags":[954,955,958,956,957],"yoast_head":"<!-- This site is optimized with the Yoast SEO plugin v20.12 - https:\/\/yoast.com\/wordpress\/plugins\/seo\/ -->\n<title>Renovada pista de Lousada com estreia de luxo - Atelier do Caractere<\/title>\n<meta name=\"robots\" content=\"index, follow, max-snippet:-1, max-image-preview:large, max-video-preview:-1\" \/>\n<link rel=\"canonical\" href=\"https:\/\/www.atelierdocaractere.pt\/brevemente\/renovada-pista-de-lousada-com-estreia-de-luxo\/\" \/>\n<meta property=\"og:locale\" content=\"pt_PT\" \/>\n<meta property=\"og:type\" content=\"article\" \/>\n<meta property=\"og:title\" content=\"Renovada pista de Lousada com estreia de luxo - Atelier do Caractere\" \/>\n<meta property=\"og:description\" content=\"Milhares de espetadores vibraram com a Lousada I by SOMA, terceira prova do Campeonato de Portugal de Ralicross e Kartcross....\" \/>\n<meta property=\"og:url\" content=\"https:\/\/www.atelierdocaractere.pt\/brevemente\/renovada-pista-de-lousada-com-estreia-de-luxo\/\" \/>\n<meta property=\"og:site_name\" content=\"Atelier do Caractere\" \/>\n<meta property=\"article:publisher\" content=\"https:\/\/www.facebook.com\/AtelierdoCaractere\" \/>\n<meta property=\"article:published_time\" content=\"2025-04-28T16:32:14+00:00\" \/>\n<meta property=\"article:modified_time\" content=\"2025-04-29T16:35:27+00:00\" \/>\n<meta property=\"og:image\" content=\"https:\/\/www.atelierdocaractere.pt\/wp-content\/uploads\/2025\/04\/lousada-i-by-soma.jpg\" \/>\n\t<meta property=\"og:image:width\" content=\"1920\" \/>\n\t<meta property=\"og:image:height\" content=\"1280\" \/>\n\t<meta property=\"og:image:type\" content=\"image\/jpeg\" \/>\n<meta name=\"author\" content=\"Joana Barbosa\" \/>\n<meta name=\"twitter:card\" content=\"summary_large_image\" \/>\n<meta name=\"twitter:label1\" content=\"Escrito por\" \/>\n\t<meta name=\"twitter:data1\" content=\"Joana Barbosa\" \/>\n\t<meta name=\"twitter:label2\" content=\"Tempo estimado de leitura\" \/>\n\t<meta name=\"twitter:data2\" content=\"5 minutos\" \/>\n<script type=\"application\/ld+json\" class=\"yoast-schema-graph\">{\"@context\":\"https:\/\/schema.org\",\"@graph\":[{\"@type\":\"WebPage\",\"@id\":\"https:\/\/www.atelierdocaractere.pt\/brevemente\/renovada-pista-de-lousada-com-estreia-de-luxo\/\",\"url\":\"https:\/\/www.atelierdocaractere.pt\/brevemente\/renovada-pista-de-lousada-com-estreia-de-luxo\/\",\"name\":\"Renovada pista de Lousada com estreia de luxo - Atelier do Caractere\",\"isPartOf\":{\"@id\":\"https:\/\/www.atelierdocaractere.pt\/brevemente\/#website\"},\"datePublished\":\"2025-04-28T16:32:14+00:00\",\"dateModified\":\"2025-04-29T16:35:27+00:00\",\"author\":{\"@id\":\"https:\/\/www.atelierdocaractere.pt\/brevemente\/#\/schema\/person\/f2f096eb0f27d9894725af22cb97c0db\"},\"breadcrumb\":{\"@id\":\"https:\/\/www.atelierdocaractere.pt\/brevemente\/renovada-pista-de-lousada-com-estreia-de-luxo\/#breadcrumb\"},\"inLanguage\":\"pt-PT\",\"potentialAction\":[{\"@type\":\"ReadAction\",\"target\":[\"https:\/\/www.atelierdocaractere.pt\/brevemente\/renovada-pista-de-lousada-com-estreia-de-luxo\/\"]}]},{\"@type\":\"BreadcrumbList\",\"@id\":\"https:\/\/www.atelierdocaractere.pt\/brevemente\/renovada-pista-de-lousada-com-estreia-de-luxo\/#breadcrumb\",\"itemListElement\":[{\"@type\":\"ListItem\",\"position\":1,\"name\":\"In\u00edcio\",\"item\":\"https:\/\/www.atelierdocaractere.pt\/brevemente\/\"},{\"@type\":\"ListItem\",\"position\":2,\"name\":\"Renovada pista de Lousada com estreia de luxo\"}]},{\"@type\":\"WebSite\",\"@id\":\"https:\/\/www.atelierdocaractere.pt\/brevemente\/#website\",\"url\":\"https:\/\/www.atelierdocaractere.pt\/brevemente\/\",\"name\":\"Atelier do Caractere\",\"description\":\"\",\"potentialAction\":[{\"@type\":\"SearchAction\",\"target\":{\"@type\":\"EntryPoint\",\"urlTemplate\":\"https:\/\/www.atelierdocaractere.pt\/brevemente\/?s={search_term_string}\"},\"query-input\":\"required name=search_term_string\"}],\"inLanguage\":\"pt-PT\"},{\"@type\":\"Person\",\"@id\":\"https:\/\/www.atelierdocaractere.pt\/brevemente\/#\/schema\/person\/f2f096eb0f27d9894725af22cb97c0db\",\"name\":\"Joana Barbosa\",\"image\":{\"@type\":\"ImageObject\",\"inLanguage\":\"pt-PT\",\"@id\":\"https:\/\/www.atelierdocaractere.pt\/brevemente\/#\/schema\/person\/image\/\",\"url\":\"https:\/\/secure.gravatar.com\/avatar\/33e8214b45e9d68a3a83008731075979?s=96&d=mm&r=g\",\"contentUrl\":\"https:\/\/secure.gravatar.com\/avatar\/33e8214b45e9d68a3a83008731075979?s=96&d=mm&r=g\",\"caption\":\"Joana Barbosa\"},\"url\":\"https:\/\/www.atelierdocaractere.pt\/brevemente\/author\/joanabarbosa\/\"}]}<\/script>\n<!-- \/ Yoast SEO plugin. -->","yoast_head_json":{"title":"Renovada pista de Lousada com estreia de luxo - Atelier do Caractere","robots":{"index":"index","follow":"follow","max-snippet":"max-snippet:-1","max-image-preview":"max-image-preview:large","max-video-preview":"max-video-preview:-1"},"canonical":"https:\/\/www.atelierdocaractere.pt\/brevemente\/renovada-pista-de-lousada-com-estreia-de-luxo\/","og_locale":"pt_PT","og_type":"article","og_title":"Renovada pista de Lousada com estreia de luxo - Atelier do Caractere","og_description":"Milhares de espetadores vibraram com a Lousada I by SOMA, terceira prova do Campeonato de Portugal de Ralicross e Kartcross....","og_url":"https:\/\/www.atelierdocaractere.pt\/brevemente\/renovada-pista-de-lousada-com-estreia-de-luxo\/","og_site_name":"Atelier do Caractere","article_publisher":"https:\/\/www.facebook.com\/AtelierdoCaractere","article_published_time":"2025-04-28T16:32:14+00:00","article_modified_time":"2025-04-29T16:35:27+00:00","og_image":[{"width":1920,"height":1280,"url":"https:\/\/www.atelierdocaractere.pt\/wp-content\/uploads\/2025\/04\/lousada-i-by-soma.jpg","type":"image\/jpeg"}],"author":"Joana Barbosa","twitter_card":"summary_large_image","twitter_misc":{"Escrito por":"Joana Barbosa","Tempo estimado de leitura":"5 minutos"},"schema":{"@context":"https:\/\/schema.org","@graph":[{"@type":"WebPage","@id":"https:\/\/www.atelierdocaractere.pt\/brevemente\/renovada-pista-de-lousada-com-estreia-de-luxo\/","url":"https:\/\/www.atelierdocaractere.pt\/brevemente\/renovada-pista-de-lousada-com-estreia-de-luxo\/","name":"Renovada pista de Lousada com estreia de luxo - Atelier do Caractere","isPartOf":{"@id":"https:\/\/www.atelierdocaractere.pt\/brevemente\/#website"},"datePublished":"2025-04-28T16:32:14+00:00","dateModified":"2025-04-29T16:35:27+00:00","author":{"@id":"https:\/\/www.atelierdocaractere.pt\/brevemente\/#\/schema\/person\/f2f096eb0f27d9894725af22cb97c0db"},"breadcrumb":{"@id":"https:\/\/www.atelierdocaractere.pt\/brevemente\/renovada-pista-de-lousada-com-estreia-de-luxo\/#breadcrumb"},"inLanguage":"pt-PT","potentialAction":[{"@type":"ReadAction","target":["https:\/\/www.atelierdocaractere.pt\/brevemente\/renovada-pista-de-lousada-com-estreia-de-luxo\/"]}]},{"@type":"BreadcrumbList","@id":"https:\/\/www.atelierdocaractere.pt\/brevemente\/renovada-pista-de-lousada-com-estreia-de-luxo\/#breadcrumb","itemListElement":[{"@type":"ListItem","position":1,"name":"In\u00edcio","item":"https:\/\/www.atelierdocaractere.pt\/brevemente\/"},{"@type":"ListItem","position":2,"name":"Renovada pista de Lousada com estreia de luxo"}]},{"@type":"WebSite","@id":"https:\/\/www.atelierdocaractere.pt\/brevemente\/#website","url":"https:\/\/www.atelierdocaractere.pt\/brevemente\/","name":"Atelier do Caractere","description":"","potentialAction":[{"@type":"SearchAction","target":{"@type":"EntryPoint","urlTemplate":"https:\/\/www.atelierdocaractere.pt\/brevemente\/?s={search_term_string}"},"query-input":"required name=search_term_string"}],"inLanguage":"pt-PT"},{"@type":"Person","@id":"https:\/\/www.atelierdocaractere.pt\/brevemente\/#\/schema\/person\/f2f096eb0f27d9894725af22cb97c0db","name":"Joana Barbosa","image":{"@type":"ImageObject","inLanguage":"pt-PT","@id":"https:\/\/www.atelierdocaractere.pt\/brevemente\/#\/schema\/person\/image\/","url":"https:\/\/secure.gravatar.com\/avatar\/33e8214b45e9d68a3a83008731075979?s=96&d=mm&r=g","contentUrl":"https:\/\/secure.gravatar.com\/avatar\/33e8214b45e9d68a3a83008731075979?s=96&d=mm&r=g","caption":"Joana Barbosa"},"url":"https:\/\/www.atelierdocaractere.pt\/brevemente\/author\/joanabarbosa\/"}]}},"_links":{"self":[{"href":"https:\/\/www.atelierdocaractere.pt\/brevemente\/wp-json\/wp\/v2\/posts\/13771"}],"collection":[{"href":"https:\/\/www.atelierdocaractere.pt\/brevemente\/wp-json\/wp\/v2\/posts"}],"about":[{"href":"https:\/\/www.atelierdocaractere.pt\/brevemente\/wp-json\/wp\/v2\/types\/post"}],"author":[{"embeddable":true,"href":"https:\/\/www.atelierdocaractere.pt\/brevemente\/wp-json\/wp\/v2\/users\/7"}],"replies":[{"embeddable":true,"href":"https:\/\/www.atelierdocaractere.pt\/brevemente\/wp-json\/wp\/v2\/comments?post=13771"}],"version-history":[{"count":1,"href":"https:\/\/www.atelierdocaractere.pt\/brevemente\/wp-json\/wp\/v2\/posts\/13771\/revisions"}],"predecessor-version":[{"id":13773,"href":"https:\/\/www.atelierdocaractere.pt\/brevemente\/wp-json\/wp\/v2\/posts\/13771\/revisions\/13773"}],"wp:featuredmedia":[{"embeddable":true,"href":"https:\/\/www.atelierdocaractere.pt\/brevemente\/wp-json\/wp\/v2\/media\/13772"}],"wp:attachment":[{"href":"https:\/\/www.atelierdocaractere.pt\/brevemente\/wp-json\/wp\/v2\/media?parent=13771"}],"wp:term":[{"taxonomy":"category","embeddable":true,"href":"https:\/\/www.atelierdocaractere.pt\/brevemente\/wp-json\/wp\/v2\/categories?post=13771"},{"taxonomy":"post_tag","embeddable":true,"href":"https:\/\/www.atelierdocaractere.pt\/brevemente\/wp-json\/wp\/v2\/tags?post=13771"}],"curies":[{"name":"wp","href":"https:\/\/api.w.org\/{rel}","templated":true}]}}