{"id":13776,"date":"2025-05-02T19:14:57","date_gmt":"2025-05-02T19:14:57","guid":{"rendered":"https:\/\/www.atelierdocaractere.pt\/brevemente\/?p=13776"},"modified":"2025-05-02T19:15:03","modified_gmt":"2025-05-02T19:15:03","slug":"o-iconico-renault-4-ganha-nova-vida-na-ericeira-e-o-mundo-esta-a-descobri-lo-em-primeira-mao","status":"publish","type":"post","link":"https:\/\/www.atelierdocaractere.pt\/brevemente\/o-iconico-renault-4-ganha-nova-vida-na-ericeira-e-o-mundo-esta-a-descobri-lo-em-primeira-mao\/","title":{"rendered":"O ic\u00f3nico Renault 4 ganha nova vida na Ericeira e o mundo est\u00e1 a descobri-lo em primeira m\u00e3o"},"content":{"rendered":"\n<p><strong>At\u00e9 ao pr\u00f3ximo dia 23 de maio, a vila da Ericeira est\u00e1 a acolher os ensaios internacionais do novo Renault 4 E-Tech el\u00e9trico. \u00c9 o primeiro contacto din\u00e2mico da imprensa, influencers e profissionais de frotas com um dos modelos mais aguardados da marca \u2014 e Portugal volta a ser o destino escolhido para mostrar ao mundo, em primeira m\u00e3o, uma das grandes novidades do novo e ambicioso plano de produto da Renault. Desde 2007, esta \u00e9 a 15.\u00aa apresenta\u00e7\u00e3o internacional organizada pela Renault no pa\u00eds.<\/strong><\/p>\n\n\n\n<figure class=\"wp-block-image size-large\"><img decoding=\"async\" width=\"1024\" height=\"683\" src=\"https:\/\/www.atelierdocaractere.pt\/wp-content\/uploads\/2025\/05\/6424e9701ac14689994a2aa68ee80db0-l.jpg-1024x683.webp\" alt=\"\" class=\"wp-image-13777\" srcset=\"https:\/\/www.atelierdocaractere.pt\/wp-content\/uploads\/2025\/05\/6424e9701ac14689994a2aa68ee80db0-l.jpg-1024x683.webp 1024w, https:\/\/www.atelierdocaractere.pt\/wp-content\/uploads\/2025\/05\/6424e9701ac14689994a2aa68ee80db0-l.jpg-300x200.webp 300w, https:\/\/www.atelierdocaractere.pt\/wp-content\/uploads\/2025\/05\/6424e9701ac14689994a2aa68ee80db0-l.jpg-768x512.webp 768w, https:\/\/www.atelierdocaractere.pt\/wp-content\/uploads\/2025\/05\/6424e9701ac14689994a2aa68ee80db0-l.jpg-1536x1025.webp 1536w, https:\/\/www.atelierdocaractere.pt\/wp-content\/uploads\/2025\/05\/6424e9701ac14689994a2aa68ee80db0-l.jpg-900x600.webp 900w, https:\/\/www.atelierdocaractere.pt\/wp-content\/uploads\/2025\/05\/6424e9701ac14689994a2aa68ee80db0-l.jpg-675x450.webp 675w, https:\/\/www.atelierdocaractere.pt\/wp-content\/uploads\/2025\/05\/6424e9701ac14689994a2aa68ee80db0-l.jpg.webp 2000w\" sizes=\"(max-width: 1024px) 100vw, 1024px\" \/><\/figure>\n\n\n\n<p>Durante tr\u00eas semanas, mais de 560 participantes, de 26 pa\u00edses, passam pela Ericeira para testar o modelo e conhecer todos os detalhes da sua conce\u00e7\u00e3o e filosofia. Para al\u00e9m das sess\u00f5es de imprensa, o programa inclui momentos dedicados a influencers e profissionais do setor autom\u00f3vel, numa abordagem multifacetada que reflete o peso estrat\u00e9gico do Renault 4 na nova gera\u00e7\u00e3o de modelos 100% el\u00e9tricos.<\/p>\n\n\n\n<p>A escolha da Ericeira deve-se n\u00e3o s\u00f3 \u00e0 beleza natural da regi\u00e3o, mas tamb\u00e9m \u00e0 qualidade da rede vi\u00e1ria, capacidade hoteleira, condi\u00e7\u00f5es log\u00edsticas e meteorol\u00f3gicas. \u00c9 um evento que envolve dezenas de profissionais e v\u00e1rios meses de prepara\u00e7\u00e3o, com impacto direto na economia local e um efeito positivo duradouro na visibilidade internacional de Portugal.<\/p>\n\n\n\n<h3 class=\"wp-block-heading\"><strong>O regresso de um verdadeiro \u00edcone<\/strong><\/h3>\n\n\n\n<p>O Renault 4 n\u00e3o \u00e9 apenas um autom\u00f3vel. \u00c9 um s\u00edmbolo. Um modelo que nasceu nos anos 60 como resposta a um mundo em mudan\u00e7a: o \u00eaxodo rural, a ascens\u00e3o das classes m\u00e9dias e o novo papel da mulher na sociedade.<br>Foi criado para ser vers\u00e1til, acess\u00edvel, robusto \u2014 um carro para todos e para tudo. Um s\u00edmbolo de liberdade.<\/p>\n\n\n\n<p>O novo Renault 4 E-Tech el\u00e9trico recupera o ADN do modelo original para o reinventar como um compacto arrojado, el\u00e9trico, conectado e pronto para a aventura.<\/p>\n\n\n\n<p>Com o seu tejadilho de lona, uma bagageira espa\u00e7osa, habit\u00e1culo modular e um design retro futurista, o novo Renault 4 \u00e9 um autom\u00f3vel para ser vivido \u2014 na cidade ou fora dela, todos os dias. Est\u00e1 preparado para os desafios modernos, com tecnologia a bordo que inclui sistemas avan\u00e7ados de assist\u00eancia \u00e0 condu\u00e7\u00e3o (ADAS), o sistema multim\u00e9dia OpenR Link e o avatar Reno, que personaliza a experi\u00eancia digital do condutor.<\/p>\n\n\n\n<p>O resultado? Um autom\u00f3vel compacto que honra o passado, vive o presente e aponta claramente para o futuro da mobilidade el\u00e9trica.<\/p>\n\n\n\n<h3 class=\"wp-block-heading\"><strong>Portugal e Renault: uma liga\u00e7\u00e3o hist\u00f3rica<\/strong><\/h3>\n\n\n\n<p>Desde 2007, a Renault organizou, em Portugal, um total de 14 apresenta\u00e7\u00f5es internacionais \u00e0 imprensa: Clio III R.S. (Braga); Twingo R.S. (Bai\u00e3o); nova gera\u00e7\u00e3o Clio III (Braga); Laguna Coup\u00e9 (Algarve); nova gera\u00e7\u00e3o Laguna e Latitude (Cascais); Fluence Z.E. e Kangoo Z.E. (Cascais); ZOE (Cascais), M\u00e9gane IV (Cascais), ZOE Z.E 40 (\u00d3bidos), Master Z.E (Oeiras\/Sintra), M\u00e9gane R.S. Trophy (Estoril), Clio V (\u00c9vora), Novos Trafic e Master (Cascais), Novo Espace (Castelo de Paiva).<\/p>\n\n\n\n<p>A a\u00e7\u00e3o internacional de imprensa do novo 4 E-Tech el\u00e9trico vai ser a 15\u00aa organizada pela Renault no pa\u00eds. No fundo, tamb\u00e9m o reconhecimento do papel estrat\u00e9gico de Portugal na hist\u00f3ria da marca.<\/p>\n","protected":false},"excerpt":{"rendered":"<p>At\u00e9 ao pr\u00f3ximo dia 23 de maio, a vila da Ericeira est\u00e1 a acolher os ensaios internacionais do novo Renault&#8230;<\/p>\n","protected":false},"author":7,"featured_media":13777,"comment_status":"closed","ping_status":"open","sticky":false,"template":"","format":"standard","meta":[],"categories":[28],"tags":[85,959],"yoast_head":"<!-- This site is optimized with the Yoast SEO plugin v20.12 - https:\/\/yoast.com\/wordpress\/plugins\/seo\/ -->\n<title>O ic\u00f3nico Renault 4 ganha nova vida na Ericeira e o mundo est\u00e1 a descobri-lo em primeira m\u00e3o - Atelier do Caractere<\/title>\n<meta name=\"robots\" content=\"index, follow, max-snippet:-1, max-image-preview:large, max-video-preview:-1\" \/>\n<link rel=\"canonical\" href=\"https:\/\/www.atelierdocaractere.pt\/brevemente\/o-iconico-renault-4-ganha-nova-vida-na-ericeira-e-o-mundo-esta-a-descobri-lo-em-primeira-mao\/\" \/>\n<meta property=\"og:locale\" content=\"pt_PT\" \/>\n<meta property=\"og:type\" content=\"article\" \/>\n<meta property=\"og:title\" content=\"O ic\u00f3nico Renault 4 ganha nova vida na Ericeira e o mundo est\u00e1 a descobri-lo em primeira m\u00e3o - Atelier do Caractere\" \/>\n<meta property=\"og:description\" content=\"At\u00e9 ao pr\u00f3ximo dia 23 de maio, a vila da Ericeira est\u00e1 a acolher os ensaios internacionais do novo Renault...\" \/>\n<meta property=\"og:url\" content=\"https:\/\/www.atelierdocaractere.pt\/brevemente\/o-iconico-renault-4-ganha-nova-vida-na-ericeira-e-o-mundo-esta-a-descobri-lo-em-primeira-mao\/\" \/>\n<meta property=\"og:site_name\" content=\"Atelier do Caractere\" \/>\n<meta property=\"article:publisher\" content=\"https:\/\/www.facebook.com\/AtelierdoCaractere\" \/>\n<meta property=\"article:published_time\" content=\"2025-05-02T19:14:57+00:00\" \/>\n<meta property=\"article:modified_time\" content=\"2025-05-02T19:15:03+00:00\" \/>\n<meta property=\"og:image\" content=\"https:\/\/www.atelierdocaractere.pt\/wp-content\/uploads\/2025\/05\/6424e9701ac14689994a2aa68ee80db0-l.jpg.webp\" \/>\n\t<meta property=\"og:image:width\" content=\"2000\" \/>\n\t<meta property=\"og:image:height\" content=\"1334\" \/>\n\t<meta property=\"og:image:type\" content=\"image\/webp\" \/>\n<meta name=\"author\" content=\"Joana Barbosa\" \/>\n<meta name=\"twitter:card\" content=\"summary_large_image\" \/>\n<meta name=\"twitter:label1\" content=\"Escrito por\" \/>\n\t<meta name=\"twitter:data1\" content=\"Joana Barbosa\" \/>\n\t<meta name=\"twitter:label2\" content=\"Tempo estimado de leitura\" \/>\n\t<meta name=\"twitter:data2\" content=\"3 minutos\" \/>\n<script type=\"application\/ld+json\" class=\"yoast-schema-graph\">{\"@context\":\"https:\/\/schema.org\",\"@graph\":[{\"@type\":\"WebPage\",\"@id\":\"https:\/\/www.atelierdocaractere.pt\/brevemente\/o-iconico-renault-4-ganha-nova-vida-na-ericeira-e-o-mundo-esta-a-descobri-lo-em-primeira-mao\/\",\"url\":\"https:\/\/www.atelierdocaractere.pt\/brevemente\/o-iconico-renault-4-ganha-nova-vida-na-ericeira-e-o-mundo-esta-a-descobri-lo-em-primeira-mao\/\",\"name\":\"O ic\u00f3nico Renault 4 ganha nova vida na Ericeira e o mundo est\u00e1 a descobri-lo em primeira m\u00e3o - Atelier do Caractere\",\"isPartOf\":{\"@id\":\"https:\/\/www.atelierdocaractere.pt\/brevemente\/#website\"},\"datePublished\":\"2025-05-02T19:14:57+00:00\",\"dateModified\":\"2025-05-02T19:15:03+00:00\",\"author\":{\"@id\":\"https:\/\/www.atelierdocaractere.pt\/brevemente\/#\/schema\/person\/f2f096eb0f27d9894725af22cb97c0db\"},\"breadcrumb\":{\"@id\":\"https:\/\/www.atelierdocaractere.pt\/brevemente\/o-iconico-renault-4-ganha-nova-vida-na-ericeira-e-o-mundo-esta-a-descobri-lo-em-primeira-mao\/#breadcrumb\"},\"inLanguage\":\"pt-PT\",\"potentialAction\":[{\"@type\":\"ReadAction\",\"target\":[\"https:\/\/www.atelierdocaractere.pt\/brevemente\/o-iconico-renault-4-ganha-nova-vida-na-ericeira-e-o-mundo-esta-a-descobri-lo-em-primeira-mao\/\"]}]},{\"@type\":\"BreadcrumbList\",\"@id\":\"https:\/\/www.atelierdocaractere.pt\/brevemente\/o-iconico-renault-4-ganha-nova-vida-na-ericeira-e-o-mundo-esta-a-descobri-lo-em-primeira-mao\/#breadcrumb\",\"itemListElement\":[{\"@type\":\"ListItem\",\"position\":1,\"name\":\"In\u00edcio\",\"item\":\"https:\/\/www.atelierdocaractere.pt\/brevemente\/\"},{\"@type\":\"ListItem\",\"position\":2,\"name\":\"O ic\u00f3nico Renault 4 ganha nova vida na Ericeira e o mundo est\u00e1 a descobri-lo em primeira m\u00e3o\"}]},{\"@type\":\"WebSite\",\"@id\":\"https:\/\/www.atelierdocaractere.pt\/brevemente\/#website\",\"url\":\"https:\/\/www.atelierdocaractere.pt\/brevemente\/\",\"name\":\"Atelier do Caractere\",\"description\":\"\",\"potentialAction\":[{\"@type\":\"SearchAction\",\"target\":{\"@type\":\"EntryPoint\",\"urlTemplate\":\"https:\/\/www.atelierdocaractere.pt\/brevemente\/?s={search_term_string}\"},\"query-input\":\"required name=search_term_string\"}],\"inLanguage\":\"pt-PT\"},{\"@type\":\"Person\",\"@id\":\"https:\/\/www.atelierdocaractere.pt\/brevemente\/#\/schema\/person\/f2f096eb0f27d9894725af22cb97c0db\",\"name\":\"Joana Barbosa\",\"image\":{\"@type\":\"ImageObject\",\"inLanguage\":\"pt-PT\",\"@id\":\"https:\/\/www.atelierdocaractere.pt\/brevemente\/#\/schema\/person\/image\/\",\"url\":\"https:\/\/secure.gravatar.com\/avatar\/33e8214b45e9d68a3a83008731075979?s=96&d=mm&r=g\",\"contentUrl\":\"https:\/\/secure.gravatar.com\/avatar\/33e8214b45e9d68a3a83008731075979?s=96&d=mm&r=g\",\"caption\":\"Joana Barbosa\"},\"url\":\"https:\/\/www.atelierdocaractere.pt\/brevemente\/author\/joanabarbosa\/\"}]}<\/script>\n<!-- \/ Yoast SEO plugin. -->","yoast_head_json":{"title":"O ic\u00f3nico Renault 4 ganha nova vida na Ericeira e o mundo est\u00e1 a descobri-lo em primeira m\u00e3o - Atelier do Caractere","robots":{"index":"index","follow":"follow","max-snippet":"max-snippet:-1","max-image-preview":"max-image-preview:large","max-video-preview":"max-video-preview:-1"},"canonical":"https:\/\/www.atelierdocaractere.pt\/brevemente\/o-iconico-renault-4-ganha-nova-vida-na-ericeira-e-o-mundo-esta-a-descobri-lo-em-primeira-mao\/","og_locale":"pt_PT","og_type":"article","og_title":"O ic\u00f3nico Renault 4 ganha nova vida na Ericeira e o mundo est\u00e1 a descobri-lo em primeira m\u00e3o - Atelier do Caractere","og_description":"At\u00e9 ao pr\u00f3ximo dia 23 de maio, a vila da Ericeira est\u00e1 a acolher os ensaios internacionais do novo Renault...","og_url":"https:\/\/www.atelierdocaractere.pt\/brevemente\/o-iconico-renault-4-ganha-nova-vida-na-ericeira-e-o-mundo-esta-a-descobri-lo-em-primeira-mao\/","og_site_name":"Atelier do Caractere","article_publisher":"https:\/\/www.facebook.com\/AtelierdoCaractere","article_published_time":"2025-05-02T19:14:57+00:00","article_modified_time":"2025-05-02T19:15:03+00:00","og_image":[{"width":2000,"height":1334,"url":"https:\/\/www.atelierdocaractere.pt\/wp-content\/uploads\/2025\/05\/6424e9701ac14689994a2aa68ee80db0-l.jpg.webp","type":"image\/webp"}],"author":"Joana Barbosa","twitter_card":"summary_large_image","twitter_misc":{"Escrito por":"Joana Barbosa","Tempo estimado de leitura":"3 minutos"},"schema":{"@context":"https:\/\/schema.org","@graph":[{"@type":"WebPage","@id":"https:\/\/www.atelierdocaractere.pt\/brevemente\/o-iconico-renault-4-ganha-nova-vida-na-ericeira-e-o-mundo-esta-a-descobri-lo-em-primeira-mao\/","url":"https:\/\/www.atelierdocaractere.pt\/brevemente\/o-iconico-renault-4-ganha-nova-vida-na-ericeira-e-o-mundo-esta-a-descobri-lo-em-primeira-mao\/","name":"O ic\u00f3nico Renault 4 ganha nova vida na Ericeira e o mundo est\u00e1 a descobri-lo em primeira m\u00e3o - Atelier do Caractere","isPartOf":{"@id":"https:\/\/www.atelierdocaractere.pt\/brevemente\/#website"},"datePublished":"2025-05-02T19:14:57+00:00","dateModified":"2025-05-02T19:15:03+00:00","author":{"@id":"https:\/\/www.atelierdocaractere.pt\/brevemente\/#\/schema\/person\/f2f096eb0f27d9894725af22cb97c0db"},"breadcrumb":{"@id":"https:\/\/www.atelierdocaractere.pt\/brevemente\/o-iconico-renault-4-ganha-nova-vida-na-ericeira-e-o-mundo-esta-a-descobri-lo-em-primeira-mao\/#breadcrumb"},"inLanguage":"pt-PT","potentialAction":[{"@type":"ReadAction","target":["https:\/\/www.atelierdocaractere.pt\/brevemente\/o-iconico-renault-4-ganha-nova-vida-na-ericeira-e-o-mundo-esta-a-descobri-lo-em-primeira-mao\/"]}]},{"@type":"BreadcrumbList","@id":"https:\/\/www.atelierdocaractere.pt\/brevemente\/o-iconico-renault-4-ganha-nova-vida-na-ericeira-e-o-mundo-esta-a-descobri-lo-em-primeira-mao\/#breadcrumb","itemListElement":[{"@type":"ListItem","position":1,"name":"In\u00edcio","item":"https:\/\/www.atelierdocaractere.pt\/brevemente\/"},{"@type":"ListItem","position":2,"name":"O ic\u00f3nico Renault 4 ganha nova vida na Ericeira e o mundo est\u00e1 a descobri-lo em primeira m\u00e3o"}]},{"@type":"WebSite","@id":"https:\/\/www.atelierdocaractere.pt\/brevemente\/#website","url":"https:\/\/www.atelierdocaractere.pt\/brevemente\/","name":"Atelier do Caractere","description":"","potentialAction":[{"@type":"SearchAction","target":{"@type":"EntryPoint","urlTemplate":"https:\/\/www.atelierdocaractere.pt\/brevemente\/?s={search_term_string}"},"query-input":"required name=search_term_string"}],"inLanguage":"pt-PT"},{"@type":"Person","@id":"https:\/\/www.atelierdocaractere.pt\/brevemente\/#\/schema\/person\/f2f096eb0f27d9894725af22cb97c0db","name":"Joana Barbosa","image":{"@type":"ImageObject","inLanguage":"pt-PT","@id":"https:\/\/www.atelierdocaractere.pt\/brevemente\/#\/schema\/person\/image\/","url":"https:\/\/secure.gravatar.com\/avatar\/33e8214b45e9d68a3a83008731075979?s=96&d=mm&r=g","contentUrl":"https:\/\/secure.gravatar.com\/avatar\/33e8214b45e9d68a3a83008731075979?s=96&d=mm&r=g","caption":"Joana Barbosa"},"url":"https:\/\/www.atelierdocaractere.pt\/brevemente\/author\/joanabarbosa\/"}]}},"_links":{"self":[{"href":"https:\/\/www.atelierdocaractere.pt\/brevemente\/wp-json\/wp\/v2\/posts\/13776"}],"collection":[{"href":"https:\/\/www.atelierdocaractere.pt\/brevemente\/wp-json\/wp\/v2\/posts"}],"about":[{"href":"https:\/\/www.atelierdocaractere.pt\/brevemente\/wp-json\/wp\/v2\/types\/post"}],"author":[{"embeddable":true,"href":"https:\/\/www.atelierdocaractere.pt\/brevemente\/wp-json\/wp\/v2\/users\/7"}],"replies":[{"embeddable":true,"href":"https:\/\/www.atelierdocaractere.pt\/brevemente\/wp-json\/wp\/v2\/comments?post=13776"}],"version-history":[{"count":1,"href":"https:\/\/www.atelierdocaractere.pt\/brevemente\/wp-json\/wp\/v2\/posts\/13776\/revisions"}],"predecessor-version":[{"id":13778,"href":"https:\/\/www.atelierdocaractere.pt\/brevemente\/wp-json\/wp\/v2\/posts\/13776\/revisions\/13778"}],"wp:featuredmedia":[{"embeddable":true,"href":"https:\/\/www.atelierdocaractere.pt\/brevemente\/wp-json\/wp\/v2\/media\/13777"}],"wp:attachment":[{"href":"https:\/\/www.atelierdocaractere.pt\/brevemente\/wp-json\/wp\/v2\/media?parent=13776"}],"wp:term":[{"taxonomy":"category","embeddable":true,"href":"https:\/\/www.atelierdocaractere.pt\/brevemente\/wp-json\/wp\/v2\/categories?post=13776"},{"taxonomy":"post_tag","embeddable":true,"href":"https:\/\/www.atelierdocaractere.pt\/brevemente\/wp-json\/wp\/v2\/tags?post=13776"}],"curies":[{"name":"wp","href":"https:\/\/api.w.org\/{rel}","templated":true}]}}