{"id":13779,"date":"2025-05-02T19:19:23","date_gmt":"2025-05-02T19:19:23","guid":{"rendered":"https:\/\/www.atelierdocaractere.pt\/brevemente\/?p=13779"},"modified":"2025-05-02T19:19:28","modified_gmt":"2025-05-02T19:19:28","slug":"barro-negro-de-molelos-conquista-milhares-de-visitantes-na-exposicao-mundial-de-osaka","status":"publish","type":"post","link":"https:\/\/www.atelierdocaractere.pt\/brevemente\/barro-negro-de-molelos-conquista-milhares-de-visitantes-na-exposicao-mundial-de-osaka\/","title":{"rendered":"Barro negro de Molelos conquista milhares de visitantes na Exposi\u00e7\u00e3o Mundial de Osaka"},"content":{"rendered":"\n<p><strong>A tradi\u00e7\u00e3o ancestral da Soenga e o patrim\u00f3nio artesanal de Viseu D\u00e3o Laf\u00f5es brilharam muito alto no maior palco mundial, no Jap\u00e3o<\/strong><\/p>\n\n\n\n<figure class=\"wp-block-image size-large\"><img decoding=\"async\" width=\"1024\" height=\"683\" src=\"https:\/\/www.atelierdocaractere.pt\/wp-content\/uploads\/2025\/05\/3ca3e75f-8be3-1a83-82f4-83c7fc9924e6-1024x683.jpg\" alt=\"\" class=\"wp-image-13780\" srcset=\"https:\/\/www.atelierdocaractere.pt\/wp-content\/uploads\/2025\/05\/3ca3e75f-8be3-1a83-82f4-83c7fc9924e6-1024x683.jpg 1024w, https:\/\/www.atelierdocaractere.pt\/wp-content\/uploads\/2025\/05\/3ca3e75f-8be3-1a83-82f4-83c7fc9924e6-300x200.jpg 300w, https:\/\/www.atelierdocaractere.pt\/wp-content\/uploads\/2025\/05\/3ca3e75f-8be3-1a83-82f4-83c7fc9924e6-768x512.jpg 768w, https:\/\/www.atelierdocaractere.pt\/wp-content\/uploads\/2025\/05\/3ca3e75f-8be3-1a83-82f4-83c7fc9924e6-900x600.jpg 900w, https:\/\/www.atelierdocaractere.pt\/wp-content\/uploads\/2025\/05\/3ca3e75f-8be3-1a83-82f4-83c7fc9924e6-675x450.jpg 675w, https:\/\/www.atelierdocaractere.pt\/wp-content\/uploads\/2025\/05\/3ca3e75f-8be3-1a83-82f4-83c7fc9924e6.jpg 1200w\" sizes=\"(max-width: 1024px) 100vw, 1024px\" \/><\/figure>\n\n\n\n<p>A participa\u00e7\u00e3o da&nbsp;<strong>Comunidade Intermunicipal (CIM) Viseu D\u00e3o Laf\u00f5es<\/strong>&nbsp;na&nbsp;<strong>Exposi\u00e7\u00e3o Mundial Osaka 2025<\/strong>&nbsp;superou as melhores expetativas. Durante dois dias, o ritual ancestral da&nbsp;<strong>Soenga<\/strong>&nbsp;e o barro negro de&nbsp;<strong>Molelos<\/strong>&nbsp;foram os grandes protagonistas do Pavilh\u00e3o de Portugal, a 11 mil quil\u00f3metros da sua origem, e conquistaram os milhares de visitantes que passaram pelo espa\u00e7o.<br><br>No \u00e2mbito desta participa\u00e7\u00e3o a comitiva da CIM Viseu D\u00e3o Laf\u00f5es, liderada pelo&nbsp;<strong>Presidente da CIM Viseu D\u00e3o Laf\u00f5es<\/strong>,&nbsp;<strong>Fernando Ruas,<\/strong>&nbsp;e que, entre outros, incluiu o&nbsp;<strong>Vice-Presidente da CIM<\/strong>,&nbsp;<strong>V\u00edtor Figueiredo<\/strong>, o&nbsp;<strong>Secret\u00e1rio Executivo da CIM<\/strong>,&nbsp;<strong>Nuno Martinho<\/strong>, e o&nbsp;<strong>Vice-Presidente da C\u00e2mara Municipal de Tondela<\/strong>,&nbsp;<strong>Jo\u00e3o Figueiredo<\/strong>, foi recebida pela&nbsp;<strong>Comiss\u00e1ria-Geral de Portugal na Expo 2025 Osaka Kansai<\/strong>,&nbsp;<strong>Joana Cardoso<\/strong>, e pelo&nbsp;<strong>Diretor do Pavilh\u00e3o de Portugal<\/strong>,&nbsp;<strong>Bernardo Amaral<\/strong>.&nbsp;Este momento contou, ainda, com a presen\u00e7a da vogal do Conselho Diretivo do Turismo de Portugal,&nbsp;<strong>L\u00eddia Monteiro<\/strong>.<br><br>Com o conceito&nbsp;<strong>Tesouros Vivos de Viseu D\u00e3o Laf\u00f5es<\/strong>, a CIM apresentou uma instala\u00e7\u00e3o art\u00edstica e performativa inovadora, criada especialmente para esta ocasi\u00e3o, que transportou os visitantes para o cora\u00e7\u00e3o da tradi\u00e7\u00e3o oleira mais genu\u00edna do territ\u00f3rio. O evento integrou a programa\u00e7\u00e3o oficial de Portugal na Expo 2025.<\/p>\n\n\n\n<p><strong>Uma experi\u00eancia multissensorial<\/strong><br><br>Combinando artes tradicionais, design, gastronomia e audiovisual, a instala\u00e7\u00e3o recriou com rigor o ritual da Soenga, uma forma ritual de cozedura cer\u00e2mica comunit\u00e1ria ao ar livre, em que o barro \u00e9 transformado pelas chamas e pelo tempo.<br><br>O espa\u00e7o cenogr\u00e1fico do Pavilh\u00e3o centrou-se numa escultura realista de um \u201ccastelo\u201d de pe\u00e7as de barro negro de Molelos, envoltas em terra e cinzas. Em redor, bancos de madeira tradicionais convidavam \u00e0 contempla\u00e7\u00e3o, enquanto uma curta-metragem era projetada nas paredes curvas da sala, transportando o p\u00fablico para as paisagens e o saber-fazer da regi\u00e3o.<br><br>Recorde-se que o barro negro de Molelos, no concelho de Tondela, foi recentemente reconhecido como Patrim\u00f3nio Cultural Imaterial pelo governo portugu\u00eas.&nbsp;<\/p>\n\n\n\n<p>Inicialmente prevista para apenas um dia, a recria\u00e7\u00e3o do ritual da Soenga na Expo 2025 foi alargada para dois, por sugest\u00e3o do Turismo de Portugal, que reconheceu o elevado valor art\u00edstico, cultural e tur\u00edstico do projeto apresentado pela CIM.<br><br>A instala\u00e7\u00e3o incluiu ainda um mural fotogr\u00e1fico com 14 cartazes art\u00edsticos, em que o fot\u00f3grafo Lu\u00eds Belo deu a conhecer as pe\u00e7as de artesanato mais identit\u00e1rias de cada um dos munic\u00edpios da CIM. Os visitantes receberam postais art\u00edsticos como recorda\u00e7\u00e3o, levando assim consigo um pouco da identidade cultural da regi\u00e3o.<br><br>A experi\u00eancia foi enriquecida pela degusta\u00e7\u00e3o de&nbsp;<strong>vitela de Laf\u00f5es<\/strong>, preparada pela equipa do chef&nbsp;<strong>Diogo Rocha<\/strong>&nbsp;\u2013 \u00fanico chef com estrela Michelin da regi\u00e3o Centro \u2013 e servida em tigelas de barro negro de Molelos, numa fus\u00e3o entre tradi\u00e7\u00e3o e inova\u00e7\u00e3o. Este prato regional n\u00e3o s\u00f3 encantou os visitantes do Pavilh\u00e3o de Portugal como tamb\u00e9m integrou o menu principal do restaurante portugu\u00eas na Expo Osaka.<\/p>\n\n\n\n<p><strong>Impacto e reconhecimento internacional<\/strong><br><br><strong>Fernando Ruas, Presidente da CIM Viseu D\u00e3o Laf\u00f5es<\/strong>, n\u00e3o esconde a satisfa\u00e7\u00e3o pelos resultados obtidos:\u00a0<em>\u201cA ades\u00e3o foi extraordin\u00e1ria e superou todas as nossas expetativas. Em dois dias, milhares de visitantes do Pavilh\u00e3o de Portugal conheceram uma tradi\u00e7\u00e3o da nossa regi\u00e3o que \u00e9 \u00fanica no mundo. O entusiasmo e os elogios \u00e0 autenticidade da experi\u00eancia foram un\u00e2nimes. Foi uma oportunidade \u00fanica para afirmar o valor simb\u00f3lico e econ\u00f3mico do nosso patrim\u00f3nio cultural\u201d<\/em>.<br><br>Tamb\u00e9m\u00a0<strong>Nuno Martinho, Secret\u00e1rio Executivo da CIM<\/strong>, destaca o acolhimento entusi\u00e1stico por parte do p\u00fablico japon\u00eas:\u00a0<em>\u201cA resposta do p\u00fablico japon\u00eas foi extraordin\u00e1ria. H\u00e1 no Jap\u00e3o uma profunda valoriza\u00e7\u00e3o da cer\u00e2mica e do saber-fazer ancestral, o que criou uma liga\u00e7\u00e3o imediata com a proposta de Viseu D\u00e3o Laf\u00f5es. Acreditamos que esta presen\u00e7a ir\u00e1 traduzir-se em novos fluxos tur\u00edsticos e oportunidades de mercado para os nossos artes\u00e3os. Mostr\u00e1mos que \u00e9 poss\u00edvel inovar a partir da tradi\u00e7\u00e3o, promovendo a nossa cultura como motor de desenvolvimento e de afirma\u00e7\u00e3o internacional\u201d<\/em>.<br><br>O sucesso da participa\u00e7\u00e3o na Expo Osaka refor\u00e7a o posicionamento estrat\u00e9gico das artes tradicionais como elemento diferenciador da oferta tur\u00edstica e cultural da regi\u00e3o. Esta a\u00e7\u00e3o marca o in\u00edcio de um ciclo de dois anos de promo\u00e7\u00e3o internacional do patrim\u00f3nio artesanal de Viseu D\u00e3o Laf\u00f5es, com destaque para a cer\u00e2mica de mesa &#8212;\u00a0 uma vertente contempor\u00e2nea da tradi\u00e7\u00e3o oleira local &#8212; que ser\u00e1 promovida em feiras e eventos nacionais e internacionais.<br><br>A Expo 2025, que decorre at\u00e9 outubro em Osaka, dever\u00e1 acolher mais de 28 milh\u00f5es de visitantes de todo o mundo.<\/p>\n\n\n\n<p><strong>Sobre a CIM Viseu D\u00e3o Laf\u00f5es:<\/strong><br>A CIM Viseu D\u00e3o Laf\u00f5es \u00e9 uma associa\u00e7\u00e3o de munic\u00edpios, denominada como Comunidade Intermunicipal, sendo constitu\u00edda pelos munic\u00edpios de\u00a0Aguiar da Beira, Carregal do Sal, Castro Daire, Mangualde, Nelas, Oliveira de Frades, Penalva do Castelo, Santa Comba D\u00e3o, S\u00e3o Pedro do Sul, S\u00e1t\u00e3o, Tondela, Vila Nova de Paiva, Viseu e Vouzela.<\/p>\n","protected":false},"excerpt":{"rendered":"<p>A tradi\u00e7\u00e3o ancestral da Soenga e o patrim\u00f3nio artesanal de Viseu D\u00e3o Laf\u00f5es brilharam muito alto no maior palco mundial,&#8230;<\/p>\n","protected":false},"author":7,"featured_media":13780,"comment_status":"closed","ping_status":"open","sticky":false,"template":"","format":"standard","meta":[],"categories":[33],"tags":[448,636],"yoast_head":"<!-- This site is optimized with the Yoast SEO plugin v20.12 - https:\/\/yoast.com\/wordpress\/plugins\/seo\/ -->\n<title>Barro negro de Molelos conquista milhares de visitantes na Exposi\u00e7\u00e3o Mundial de Osaka - Atelier do Caractere<\/title>\n<meta name=\"robots\" content=\"index, follow, max-snippet:-1, max-image-preview:large, max-video-preview:-1\" \/>\n<link rel=\"canonical\" href=\"https:\/\/www.atelierdocaractere.pt\/brevemente\/barro-negro-de-molelos-conquista-milhares-de-visitantes-na-exposicao-mundial-de-osaka\/\" \/>\n<meta property=\"og:locale\" content=\"pt_PT\" \/>\n<meta property=\"og:type\" content=\"article\" \/>\n<meta property=\"og:title\" content=\"Barro negro de Molelos conquista milhares de visitantes na Exposi\u00e7\u00e3o Mundial de Osaka - Atelier do Caractere\" \/>\n<meta property=\"og:description\" content=\"A tradi\u00e7\u00e3o ancestral da Soenga e o patrim\u00f3nio artesanal de Viseu D\u00e3o Laf\u00f5es brilharam muito alto no maior palco mundial,...\" \/>\n<meta property=\"og:url\" content=\"https:\/\/www.atelierdocaractere.pt\/brevemente\/barro-negro-de-molelos-conquista-milhares-de-visitantes-na-exposicao-mundial-de-osaka\/\" \/>\n<meta property=\"og:site_name\" content=\"Atelier do Caractere\" \/>\n<meta property=\"article:publisher\" content=\"https:\/\/www.facebook.com\/AtelierdoCaractere\" \/>\n<meta property=\"article:published_time\" content=\"2025-05-02T19:19:23+00:00\" \/>\n<meta property=\"article:modified_time\" content=\"2025-05-02T19:19:28+00:00\" \/>\n<meta property=\"og:image\" content=\"https:\/\/www.atelierdocaractere.pt\/wp-content\/uploads\/2025\/05\/3ca3e75f-8be3-1a83-82f4-83c7fc9924e6.jpg\" \/>\n\t<meta property=\"og:image:width\" content=\"1200\" \/>\n\t<meta property=\"og:image:height\" content=\"800\" \/>\n\t<meta property=\"og:image:type\" content=\"image\/jpeg\" \/>\n<meta name=\"author\" content=\"Joana Barbosa\" \/>\n<meta name=\"twitter:card\" content=\"summary_large_image\" \/>\n<meta name=\"twitter:label1\" content=\"Escrito por\" \/>\n\t<meta name=\"twitter:data1\" content=\"Joana Barbosa\" \/>\n\t<meta name=\"twitter:label2\" content=\"Tempo estimado de leitura\" \/>\n\t<meta name=\"twitter:data2\" content=\"5 minutos\" \/>\n<script type=\"application\/ld+json\" class=\"yoast-schema-graph\">{\"@context\":\"https:\/\/schema.org\",\"@graph\":[{\"@type\":\"WebPage\",\"@id\":\"https:\/\/www.atelierdocaractere.pt\/brevemente\/barro-negro-de-molelos-conquista-milhares-de-visitantes-na-exposicao-mundial-de-osaka\/\",\"url\":\"https:\/\/www.atelierdocaractere.pt\/brevemente\/barro-negro-de-molelos-conquista-milhares-de-visitantes-na-exposicao-mundial-de-osaka\/\",\"name\":\"Barro negro de Molelos conquista milhares de visitantes na Exposi\u00e7\u00e3o Mundial de Osaka - Atelier do Caractere\",\"isPartOf\":{\"@id\":\"https:\/\/www.atelierdocaractere.pt\/brevemente\/#website\"},\"datePublished\":\"2025-05-02T19:19:23+00:00\",\"dateModified\":\"2025-05-02T19:19:28+00:00\",\"author\":{\"@id\":\"https:\/\/www.atelierdocaractere.pt\/brevemente\/#\/schema\/person\/f2f096eb0f27d9894725af22cb97c0db\"},\"breadcrumb\":{\"@id\":\"https:\/\/www.atelierdocaractere.pt\/brevemente\/barro-negro-de-molelos-conquista-milhares-de-visitantes-na-exposicao-mundial-de-osaka\/#breadcrumb\"},\"inLanguage\":\"pt-PT\",\"potentialAction\":[{\"@type\":\"ReadAction\",\"target\":[\"https:\/\/www.atelierdocaractere.pt\/brevemente\/barro-negro-de-molelos-conquista-milhares-de-visitantes-na-exposicao-mundial-de-osaka\/\"]}]},{\"@type\":\"BreadcrumbList\",\"@id\":\"https:\/\/www.atelierdocaractere.pt\/brevemente\/barro-negro-de-molelos-conquista-milhares-de-visitantes-na-exposicao-mundial-de-osaka\/#breadcrumb\",\"itemListElement\":[{\"@type\":\"ListItem\",\"position\":1,\"name\":\"In\u00edcio\",\"item\":\"https:\/\/www.atelierdocaractere.pt\/brevemente\/\"},{\"@type\":\"ListItem\",\"position\":2,\"name\":\"Barro negro de Molelos conquista milhares de visitantes na Exposi\u00e7\u00e3o Mundial de Osaka\"}]},{\"@type\":\"WebSite\",\"@id\":\"https:\/\/www.atelierdocaractere.pt\/brevemente\/#website\",\"url\":\"https:\/\/www.atelierdocaractere.pt\/brevemente\/\",\"name\":\"Atelier do Caractere\",\"description\":\"\",\"potentialAction\":[{\"@type\":\"SearchAction\",\"target\":{\"@type\":\"EntryPoint\",\"urlTemplate\":\"https:\/\/www.atelierdocaractere.pt\/brevemente\/?s={search_term_string}\"},\"query-input\":\"required name=search_term_string\"}],\"inLanguage\":\"pt-PT\"},{\"@type\":\"Person\",\"@id\":\"https:\/\/www.atelierdocaractere.pt\/brevemente\/#\/schema\/person\/f2f096eb0f27d9894725af22cb97c0db\",\"name\":\"Joana Barbosa\",\"image\":{\"@type\":\"ImageObject\",\"inLanguage\":\"pt-PT\",\"@id\":\"https:\/\/www.atelierdocaractere.pt\/brevemente\/#\/schema\/person\/image\/\",\"url\":\"https:\/\/secure.gravatar.com\/avatar\/33e8214b45e9d68a3a83008731075979?s=96&d=mm&r=g\",\"contentUrl\":\"https:\/\/secure.gravatar.com\/avatar\/33e8214b45e9d68a3a83008731075979?s=96&d=mm&r=g\",\"caption\":\"Joana Barbosa\"},\"url\":\"https:\/\/www.atelierdocaractere.pt\/brevemente\/author\/joanabarbosa\/\"}]}<\/script>\n<!-- \/ Yoast SEO plugin. -->","yoast_head_json":{"title":"Barro negro de Molelos conquista milhares de visitantes na Exposi\u00e7\u00e3o Mundial de Osaka - Atelier do Caractere","robots":{"index":"index","follow":"follow","max-snippet":"max-snippet:-1","max-image-preview":"max-image-preview:large","max-video-preview":"max-video-preview:-1"},"canonical":"https:\/\/www.atelierdocaractere.pt\/brevemente\/barro-negro-de-molelos-conquista-milhares-de-visitantes-na-exposicao-mundial-de-osaka\/","og_locale":"pt_PT","og_type":"article","og_title":"Barro negro de Molelos conquista milhares de visitantes na Exposi\u00e7\u00e3o Mundial de Osaka - Atelier do Caractere","og_description":"A tradi\u00e7\u00e3o ancestral da Soenga e o patrim\u00f3nio artesanal de Viseu D\u00e3o Laf\u00f5es brilharam muito alto no maior palco mundial,...","og_url":"https:\/\/www.atelierdocaractere.pt\/brevemente\/barro-negro-de-molelos-conquista-milhares-de-visitantes-na-exposicao-mundial-de-osaka\/","og_site_name":"Atelier do Caractere","article_publisher":"https:\/\/www.facebook.com\/AtelierdoCaractere","article_published_time":"2025-05-02T19:19:23+00:00","article_modified_time":"2025-05-02T19:19:28+00:00","og_image":[{"width":1200,"height":800,"url":"https:\/\/www.atelierdocaractere.pt\/wp-content\/uploads\/2025\/05\/3ca3e75f-8be3-1a83-82f4-83c7fc9924e6.jpg","type":"image\/jpeg"}],"author":"Joana Barbosa","twitter_card":"summary_large_image","twitter_misc":{"Escrito por":"Joana Barbosa","Tempo estimado de leitura":"5 minutos"},"schema":{"@context":"https:\/\/schema.org","@graph":[{"@type":"WebPage","@id":"https:\/\/www.atelierdocaractere.pt\/brevemente\/barro-negro-de-molelos-conquista-milhares-de-visitantes-na-exposicao-mundial-de-osaka\/","url":"https:\/\/www.atelierdocaractere.pt\/brevemente\/barro-negro-de-molelos-conquista-milhares-de-visitantes-na-exposicao-mundial-de-osaka\/","name":"Barro negro de Molelos conquista milhares de visitantes na Exposi\u00e7\u00e3o Mundial de Osaka - Atelier do Caractere","isPartOf":{"@id":"https:\/\/www.atelierdocaractere.pt\/brevemente\/#website"},"datePublished":"2025-05-02T19:19:23+00:00","dateModified":"2025-05-02T19:19:28+00:00","author":{"@id":"https:\/\/www.atelierdocaractere.pt\/brevemente\/#\/schema\/person\/f2f096eb0f27d9894725af22cb97c0db"},"breadcrumb":{"@id":"https:\/\/www.atelierdocaractere.pt\/brevemente\/barro-negro-de-molelos-conquista-milhares-de-visitantes-na-exposicao-mundial-de-osaka\/#breadcrumb"},"inLanguage":"pt-PT","potentialAction":[{"@type":"ReadAction","target":["https:\/\/www.atelierdocaractere.pt\/brevemente\/barro-negro-de-molelos-conquista-milhares-de-visitantes-na-exposicao-mundial-de-osaka\/"]}]},{"@type":"BreadcrumbList","@id":"https:\/\/www.atelierdocaractere.pt\/brevemente\/barro-negro-de-molelos-conquista-milhares-de-visitantes-na-exposicao-mundial-de-osaka\/#breadcrumb","itemListElement":[{"@type":"ListItem","position":1,"name":"In\u00edcio","item":"https:\/\/www.atelierdocaractere.pt\/brevemente\/"},{"@type":"ListItem","position":2,"name":"Barro negro de Molelos conquista milhares de visitantes na Exposi\u00e7\u00e3o Mundial de Osaka"}]},{"@type":"WebSite","@id":"https:\/\/www.atelierdocaractere.pt\/brevemente\/#website","url":"https:\/\/www.atelierdocaractere.pt\/brevemente\/","name":"Atelier do Caractere","description":"","potentialAction":[{"@type":"SearchAction","target":{"@type":"EntryPoint","urlTemplate":"https:\/\/www.atelierdocaractere.pt\/brevemente\/?s={search_term_string}"},"query-input":"required name=search_term_string"}],"inLanguage":"pt-PT"},{"@type":"Person","@id":"https:\/\/www.atelierdocaractere.pt\/brevemente\/#\/schema\/person\/f2f096eb0f27d9894725af22cb97c0db","name":"Joana Barbosa","image":{"@type":"ImageObject","inLanguage":"pt-PT","@id":"https:\/\/www.atelierdocaractere.pt\/brevemente\/#\/schema\/person\/image\/","url":"https:\/\/secure.gravatar.com\/avatar\/33e8214b45e9d68a3a83008731075979?s=96&d=mm&r=g","contentUrl":"https:\/\/secure.gravatar.com\/avatar\/33e8214b45e9d68a3a83008731075979?s=96&d=mm&r=g","caption":"Joana Barbosa"},"url":"https:\/\/www.atelierdocaractere.pt\/brevemente\/author\/joanabarbosa\/"}]}},"_links":{"self":[{"href":"https:\/\/www.atelierdocaractere.pt\/brevemente\/wp-json\/wp\/v2\/posts\/13779"}],"collection":[{"href":"https:\/\/www.atelierdocaractere.pt\/brevemente\/wp-json\/wp\/v2\/posts"}],"about":[{"href":"https:\/\/www.atelierdocaractere.pt\/brevemente\/wp-json\/wp\/v2\/types\/post"}],"author":[{"embeddable":true,"href":"https:\/\/www.atelierdocaractere.pt\/brevemente\/wp-json\/wp\/v2\/users\/7"}],"replies":[{"embeddable":true,"href":"https:\/\/www.atelierdocaractere.pt\/brevemente\/wp-json\/wp\/v2\/comments?post=13779"}],"version-history":[{"count":1,"href":"https:\/\/www.atelierdocaractere.pt\/brevemente\/wp-json\/wp\/v2\/posts\/13779\/revisions"}],"predecessor-version":[{"id":13781,"href":"https:\/\/www.atelierdocaractere.pt\/brevemente\/wp-json\/wp\/v2\/posts\/13779\/revisions\/13781"}],"wp:featuredmedia":[{"embeddable":true,"href":"https:\/\/www.atelierdocaractere.pt\/brevemente\/wp-json\/wp\/v2\/media\/13780"}],"wp:attachment":[{"href":"https:\/\/www.atelierdocaractere.pt\/brevemente\/wp-json\/wp\/v2\/media?parent=13779"}],"wp:term":[{"taxonomy":"category","embeddable":true,"href":"https:\/\/www.atelierdocaractere.pt\/brevemente\/wp-json\/wp\/v2\/categories?post=13779"},{"taxonomy":"post_tag","embeddable":true,"href":"https:\/\/www.atelierdocaractere.pt\/brevemente\/wp-json\/wp\/v2\/tags?post=13779"}],"curies":[{"name":"wp","href":"https:\/\/api.w.org\/{rel}","templated":true}]}}