{"id":13783,"date":"2025-05-21T15:13:10","date_gmt":"2025-05-21T15:13:10","guid":{"rendered":"https:\/\/www.atelierdocaractere.pt\/brevemente\/?p=13783"},"modified":"2025-05-29T15:28:09","modified_gmt":"2025-05-29T15:28:09","slug":"canal-do-metro-mondego-recebe-milhares-de-atletas-no-multisport-weekend-coimbra-2025","status":"publish","type":"post","link":"https:\/\/www.atelierdocaractere.pt\/brevemente\/canal-do-metro-mondego-recebe-milhares-de-atletas-no-multisport-weekend-coimbra-2025\/","title":{"rendered":"Canal do Metro Mondego recebe milhares de atletas no MultiSport Weekend Coimbra 2025"},"content":{"rendered":"\n<p><strong>Evento desportivo \u00fanico decorre a 14 e 15 de junho no antigo Ramal da Lous\u00e3, entre Serpins e Coimbra. Inscri\u00e7\u00f5es para as provas de atletismo j\u00e1 est\u00e3o esgotadas. Receita da caminhada reverte para a Cavalo Azul.<\/strong><\/p>\n\n\n\n<figure class=\"wp-block-image size-large\"><img decoding=\"async\" width=\"1024\" height=\"683\" src=\"https:\/\/www.atelierdocaractere.pt\/wp-content\/uploads\/2025\/05\/img-9139-1024x683.jpg\" alt=\"\" class=\"wp-image-13784\" srcset=\"https:\/\/www.atelierdocaractere.pt\/wp-content\/uploads\/2025\/05\/img-9139-1024x683.jpg 1024w, https:\/\/www.atelierdocaractere.pt\/wp-content\/uploads\/2025\/05\/img-9139-300x200.jpg 300w, https:\/\/www.atelierdocaractere.pt\/wp-content\/uploads\/2025\/05\/img-9139-768x512.jpg 768w, https:\/\/www.atelierdocaractere.pt\/wp-content\/uploads\/2025\/05\/img-9139-1536x1024.jpg 1536w, https:\/\/www.atelierdocaractere.pt\/wp-content\/uploads\/2025\/05\/img-9139-900x600.jpg 900w, https:\/\/www.atelierdocaractere.pt\/wp-content\/uploads\/2025\/05\/img-9139-675x450.jpg 675w, https:\/\/www.atelierdocaractere.pt\/wp-content\/uploads\/2025\/05\/img-9139.jpg 1920w\" sizes=\"(max-width: 1024px) 100vw, 1024px\" \/><\/figure>\n\n\n\n<p>O antigo canal ferrovi\u00e1rio da Lous\u00e3, hoje transformado na plataforma do futuro Metro Mondego, vai receber a edi\u00e7\u00e3o deste ano do&nbsp;<strong>MultiSport Weekend Coimbra \u2013 LTD Edition<\/strong>, uma iniciativa desportiva com caracter\u00edsticas irrepet\u00edveis, que junta os concelhos da Lous\u00e3, Miranda do Corvo e Coimbra num fim de semana de provas abertas \u00e0 participa\u00e7\u00e3o popular.<\/p>\n\n\n\n<p>O evento, apresentado hoje em confer\u00eancia de imprensa na Quinta das L\u00e1grimas, em Coimbra, contar\u00e1 com a participa\u00e7\u00e3o de mais de 1.500 atletas e decorre nos dias 14 e 15 de junho.<\/p>\n\n\n\n<p>A sess\u00e3o contou com a presen\u00e7a de representantes da&nbsp;<strong>Multisport Portugal<\/strong>,<strong>&nbsp;C\u00e2mara Municipal de Coimbra<\/strong>,&nbsp;<strong>C\u00e2mara Municipal da Lous\u00e3<\/strong>,&nbsp;<strong>C\u00e2mara Municipal de Miranda do Corvo&nbsp;<\/strong>e<strong>&nbsp;Metro Mondego<\/strong>, entidades organizadoras, al\u00e9m da&nbsp;<strong>Associa\u00e7\u00e3o Cavalo Azul<\/strong>.<\/p>\n\n\n\n<p>O tra\u00e7ado das provas percorre integralmente o canal dedicado ao futuro Metrobus, estrutura ainda em constru\u00e7\u00e3o que, ainda este ano, ligar\u00e1 Serpins ao Largo da Portagem, na cidade do Mondego.<\/p>\n\n\n\n<p>Na manh\u00e3 de s\u00e1bado, 14 de junho, ter\u00e3o lugar a caminhada solid\u00e1ria e as tr\u00eas provas de atletismo (10 km, meia maratona e maratona). As partidas ocorrer\u00e3o em Vale d&#8217;A\u00e7or (Miranda do Corvo) para os 10 km, Miranda do Corvo para a meia maratona e Lous\u00e3 para a maratona, com chegada comum na esta\u00e7\u00e3o de Metro da Portagem, em Coimbra. No domingo, 15 de junho, o canal acolhe duas provas de contrarrel\u00f3gio individual em bicicleta, com partida em Serpins. As provas de corrida est\u00e3o j\u00e1 esgotadas, mas a caminhada e as provas de ciclismo ainda t\u00eam inscri\u00e7\u00f5es dispon\u00edveis.<\/p>\n\n\n\n<p><em>&#8220;Apost\u00e1mos num conceito novo, com grande escala, e num espa\u00e7o, o canal do futuro Metro Mondego, que ser\u00e1 usado simbolicamente como palco de desporto e lazer&#8221;<\/em>, explicou&nbsp;<strong>Ricardo Lacerda<\/strong>, da Multisport Portugal.<\/p>\n\n\n\n<p><strong>Carlos Lopes<\/strong>, vereador do Desporto da C\u00e2mara Municipal de Coimbra, destacou a import\u00e2ncia da iniciativa como ferramenta de desenvolvimento.&nbsp;<em>&#8220;Este evento \u00e9 mais do que desporto: \u00e9 coes\u00e3o territorial, social e econ\u00f3mica. Estamos a trabalhar em conjunto com os munic\u00edpios da Lous\u00e3 e de Miranda do Corvo e isso, por si s\u00f3, \u00e9 um sinal de ambi\u00e7\u00e3o e uni\u00e3o&#8221;<\/em>.<\/p>\n\n\n\n<p>A vereadora&nbsp;<strong>Ana Bastos<\/strong>, tamb\u00e9m da CM Coimbra, sublinhou o desafio log\u00edstico para garantir que o canal estar\u00e1 operacional at\u00e9 \u00e0 data do evento.&nbsp;<em>&#8220;A articula\u00e7\u00e3o com a Metro Mondego e com a Infraestruturas de Portugal foi exigente, mas estamos a chegar l\u00e1. Este evento vem mostrar o potencial do canal. Agora que estamos a fechar um ciclo de obras que foram duras, esta prova \u00e9 um s\u00edmbolo de requalifica\u00e7\u00e3o e de futuro&#8221;.<\/em><\/p>\n\n\n\n<p><strong>Mauro Azevedo<\/strong>, da Multisport Portugal, diretor t\u00e9cnico da prova, deixou dois apelos ao p\u00fablico.&nbsp;<em>\u201cApelo \u00e0 participa\u00e7\u00e3o de todos na caminhada solid\u00e1ria, no s\u00e1bado, porque toda a verba reverte a favor da Cavalo Azul, mas tamb\u00e9m porque \u00e9 uma oportunidade \u00fanica para desfrutar das vistas fant\u00e1sticas que o canal oferece. J\u00e1 tive o privil\u00e9gio de a poder fazer e realmente vale a pena\u201d<\/em>, afirmou.<\/p>\n\n\n\n<p>Para domingo, o mesmo respons\u00e1vel quer ter muito p\u00fablico nos v\u00e1rios pontos do tra\u00e7ado.&nbsp;<em>\u201cAconselho a popula\u00e7\u00e3o de Miranda do Corvo, da Lous\u00e3 e de Coimbra para que v\u00e1 ver a prova de contrarrel\u00f3gio. \u00c9 muito gira de acompanhar. V\u00eaem-se bicicletas que n\u00e3o \u00e9 normal verem-se, porque s\u00e3o m\u00e1quinas muito espec\u00edficas\u201d<\/em>. E concluiu:&nbsp;<em>\u201cAcho que vai ser, mais uma vez, um sucesso para a cidade de Coimbra\u201d.<\/em><\/p>\n\n\n\n<p>O evento conta com transporte especial assegurado pela Metro Mondego, com 15 autocarros el\u00e9tricos a levar os participantes aos pontos de partida. A organiza\u00e7\u00e3o apela ao p\u00fablico para n\u00e3o circular no canal fora das datas da prova.&nbsp;<em>&#8220;\u00c9 proibido e perigoso&#8221;<\/em>, frisou&nbsp;<strong>Rodrigo Porto<\/strong>, da Metro Mondego, lembrando que o canal ainda est\u00e1 em fase de testes e obra final. Rodrigo Porto salientou ainda a relev\u00e2ncia simb\u00f3lica da prova:&nbsp;<em>\u201c\u00c9 uma oportunidade para mostrar o canal \u00e0 popula\u00e7\u00e3o. Estamos muito satisfeitos por fazer parte desta iniciativa e refor\u00e7amos que o canal n\u00e3o pode ser utilizado fora dos dias da prova&#8221;.<\/em><\/p>\n\n\n\n<p>Um momento simb\u00f3lico de grande import\u00e2ncia ser\u00e1 a caminhada solid\u00e1ria, cuja receita reverter\u00e1 integralmente para a Associa\u00e7\u00e3o Cavalo Azul, institui\u00e7\u00e3o de apoio a pessoas com defici\u00eancia intelectual.&nbsp;<em>\u201cA Cavalo Azul vai estar presente com fam\u00edlias, utentes e amigos. \u00c9 uma honra sermos os benefici\u00e1rios deste gesto\u201d<\/em>, disse&nbsp;<strong>Marisa Lopes<\/strong>, representante da associa\u00e7\u00e3o.<\/p>\n\n\n\n<p>Tamb\u00e9m os munic\u00edpios parceiros destacaram a import\u00e2ncia do evento.&nbsp;<strong>Jo\u00e3o Santos<\/strong>, vereador da CM Lous\u00e3, destacou que o MultiSport se junta \u00e0s celebra\u00e7\u00f5es do concelho, que come\u00e7am nesse fim de semana.&nbsp;<em>\u201cTemos tamb\u00e9m os 25 anos da descida noturna, \u00e9 um fim de semana cheio. Estamos focados em que esta edi\u00e7\u00e3o corra bem e que se possa repetir no futuro\u201d<\/em>, frisou. J\u00e1&nbsp;<strong>Marilene Rodrigues<\/strong>, vice-presidente da CM Miranda do Corvo, enalteceu a dimens\u00e3o intermunicipal do evento:&nbsp;<em>\u201c\u00c9 desporto, sa\u00fade e valoriza\u00e7\u00e3o do territ\u00f3rio. Estamos muito felizes por nos juntarmos a esta iniciativa\u201d<\/em>.<\/p>\n\n\n\n<p>Com provas esgotadas, dezenas de autocarros a circular, centenas de volunt\u00e1rios e uma infraestrutura in\u00e9dita ao servi\u00e7o do desporto, o MultiSport Weekend 2025 ser\u00e1 n\u00e3o apenas um evento de competi\u00e7\u00e3o, mas&nbsp;<strong>uma celebra\u00e7\u00e3o do desporto, da mobilidade e da liga\u00e7\u00e3o entre tr\u00eas comunidades da Regi\u00e3o de Coimbra.<\/strong><\/p>\n\n\n\n<p>Para mais informa\u00e7\u00f5es sobre as provas de atletismo e ciclismo de junho de 2025 ou sobre os futuros eventos de triatlo, contacte:<\/p>\n\n\n\n<p><a href=\"https:\/\/www.multisport.pt\">https:\/\/www.multisport.pt<\/a><\/p>\n","protected":false},"excerpt":{"rendered":"<p>Evento desportivo \u00fanico decorre a 14 e 15 de junho no antigo Ramal da Lous\u00e3, entre Serpins e Coimbra. Inscri\u00e7\u00f5es&#8230;<\/p>\n","protected":false},"author":7,"featured_media":13784,"comment_status":"closed","ping_status":"open","sticky":false,"template":"","format":"standard","meta":[],"categories":[26],"tags":[960,737,893,833],"yoast_head":"<!-- This site is optimized with the Yoast SEO plugin v20.12 - https:\/\/yoast.com\/wordpress\/plugins\/seo\/ -->\n<title>Canal do Metro Mondego recebe milhares de atletas no MultiSport Weekend Coimbra 2025 - Atelier do Caractere<\/title>\n<meta name=\"robots\" content=\"index, follow, max-snippet:-1, max-image-preview:large, max-video-preview:-1\" \/>\n<link rel=\"canonical\" href=\"https:\/\/www.atelierdocaractere.pt\/brevemente\/canal-do-metro-mondego-recebe-milhares-de-atletas-no-multisport-weekend-coimbra-2025\/\" \/>\n<meta property=\"og:locale\" content=\"pt_PT\" \/>\n<meta property=\"og:type\" content=\"article\" \/>\n<meta property=\"og:title\" content=\"Canal do Metro Mondego recebe milhares de atletas no MultiSport Weekend Coimbra 2025 - Atelier do Caractere\" \/>\n<meta property=\"og:description\" content=\"Evento desportivo \u00fanico decorre a 14 e 15 de junho no antigo Ramal da Lous\u00e3, entre Serpins e Coimbra. Inscri\u00e7\u00f5es...\" \/>\n<meta property=\"og:url\" content=\"https:\/\/www.atelierdocaractere.pt\/brevemente\/canal-do-metro-mondego-recebe-milhares-de-atletas-no-multisport-weekend-coimbra-2025\/\" \/>\n<meta property=\"og:site_name\" content=\"Atelier do Caractere\" \/>\n<meta property=\"article:publisher\" content=\"https:\/\/www.facebook.com\/AtelierdoCaractere\" \/>\n<meta property=\"article:published_time\" content=\"2025-05-21T15:13:10+00:00\" \/>\n<meta property=\"article:modified_time\" content=\"2025-05-29T15:28:09+00:00\" \/>\n<meta property=\"og:image\" content=\"https:\/\/www.atelierdocaractere.pt\/wp-content\/uploads\/2025\/05\/img-9139.jpg\" \/>\n\t<meta property=\"og:image:width\" content=\"1920\" \/>\n\t<meta property=\"og:image:height\" content=\"1280\" \/>\n\t<meta property=\"og:image:type\" content=\"image\/jpeg\" \/>\n<meta name=\"author\" content=\"Joana Barbosa\" \/>\n<meta name=\"twitter:card\" content=\"summary_large_image\" \/>\n<meta name=\"twitter:label1\" content=\"Escrito por\" \/>\n\t<meta name=\"twitter:data1\" content=\"Joana Barbosa\" \/>\n\t<meta name=\"twitter:label2\" content=\"Tempo estimado de leitura\" \/>\n\t<meta name=\"twitter:data2\" content=\"6 minutos\" \/>\n<script type=\"application\/ld+json\" class=\"yoast-schema-graph\">{\"@context\":\"https:\/\/schema.org\",\"@graph\":[{\"@type\":\"WebPage\",\"@id\":\"https:\/\/www.atelierdocaractere.pt\/brevemente\/canal-do-metro-mondego-recebe-milhares-de-atletas-no-multisport-weekend-coimbra-2025\/\",\"url\":\"https:\/\/www.atelierdocaractere.pt\/brevemente\/canal-do-metro-mondego-recebe-milhares-de-atletas-no-multisport-weekend-coimbra-2025\/\",\"name\":\"Canal do Metro Mondego recebe milhares de atletas no MultiSport Weekend Coimbra 2025 - Atelier do Caractere\",\"isPartOf\":{\"@id\":\"https:\/\/www.atelierdocaractere.pt\/brevemente\/#website\"},\"datePublished\":\"2025-05-21T15:13:10+00:00\",\"dateModified\":\"2025-05-29T15:28:09+00:00\",\"author\":{\"@id\":\"https:\/\/www.atelierdocaractere.pt\/brevemente\/#\/schema\/person\/f2f096eb0f27d9894725af22cb97c0db\"},\"breadcrumb\":{\"@id\":\"https:\/\/www.atelierdocaractere.pt\/brevemente\/canal-do-metro-mondego-recebe-milhares-de-atletas-no-multisport-weekend-coimbra-2025\/#breadcrumb\"},\"inLanguage\":\"pt-PT\",\"potentialAction\":[{\"@type\":\"ReadAction\",\"target\":[\"https:\/\/www.atelierdocaractere.pt\/brevemente\/canal-do-metro-mondego-recebe-milhares-de-atletas-no-multisport-weekend-coimbra-2025\/\"]}]},{\"@type\":\"BreadcrumbList\",\"@id\":\"https:\/\/www.atelierdocaractere.pt\/brevemente\/canal-do-metro-mondego-recebe-milhares-de-atletas-no-multisport-weekend-coimbra-2025\/#breadcrumb\",\"itemListElement\":[{\"@type\":\"ListItem\",\"position\":1,\"name\":\"In\u00edcio\",\"item\":\"https:\/\/www.atelierdocaractere.pt\/brevemente\/\"},{\"@type\":\"ListItem\",\"position\":2,\"name\":\"Canal do Metro Mondego recebe milhares de atletas no MultiSport Weekend Coimbra 2025\"}]},{\"@type\":\"WebSite\",\"@id\":\"https:\/\/www.atelierdocaractere.pt\/brevemente\/#website\",\"url\":\"https:\/\/www.atelierdocaractere.pt\/brevemente\/\",\"name\":\"Atelier do Caractere\",\"description\":\"\",\"potentialAction\":[{\"@type\":\"SearchAction\",\"target\":{\"@type\":\"EntryPoint\",\"urlTemplate\":\"https:\/\/www.atelierdocaractere.pt\/brevemente\/?s={search_term_string}\"},\"query-input\":\"required name=search_term_string\"}],\"inLanguage\":\"pt-PT\"},{\"@type\":\"Person\",\"@id\":\"https:\/\/www.atelierdocaractere.pt\/brevemente\/#\/schema\/person\/f2f096eb0f27d9894725af22cb97c0db\",\"name\":\"Joana Barbosa\",\"image\":{\"@type\":\"ImageObject\",\"inLanguage\":\"pt-PT\",\"@id\":\"https:\/\/www.atelierdocaractere.pt\/brevemente\/#\/schema\/person\/image\/\",\"url\":\"https:\/\/secure.gravatar.com\/avatar\/33e8214b45e9d68a3a83008731075979?s=96&d=mm&r=g\",\"contentUrl\":\"https:\/\/secure.gravatar.com\/avatar\/33e8214b45e9d68a3a83008731075979?s=96&d=mm&r=g\",\"caption\":\"Joana Barbosa\"},\"url\":\"https:\/\/www.atelierdocaractere.pt\/brevemente\/author\/joanabarbosa\/\"}]}<\/script>\n<!-- \/ Yoast SEO plugin. -->","yoast_head_json":{"title":"Canal do Metro Mondego recebe milhares de atletas no MultiSport Weekend Coimbra 2025 - Atelier do Caractere","robots":{"index":"index","follow":"follow","max-snippet":"max-snippet:-1","max-image-preview":"max-image-preview:large","max-video-preview":"max-video-preview:-1"},"canonical":"https:\/\/www.atelierdocaractere.pt\/brevemente\/canal-do-metro-mondego-recebe-milhares-de-atletas-no-multisport-weekend-coimbra-2025\/","og_locale":"pt_PT","og_type":"article","og_title":"Canal do Metro Mondego recebe milhares de atletas no MultiSport Weekend Coimbra 2025 - Atelier do Caractere","og_description":"Evento desportivo \u00fanico decorre a 14 e 15 de junho no antigo Ramal da Lous\u00e3, entre Serpins e Coimbra. Inscri\u00e7\u00f5es...","og_url":"https:\/\/www.atelierdocaractere.pt\/brevemente\/canal-do-metro-mondego-recebe-milhares-de-atletas-no-multisport-weekend-coimbra-2025\/","og_site_name":"Atelier do Caractere","article_publisher":"https:\/\/www.facebook.com\/AtelierdoCaractere","article_published_time":"2025-05-21T15:13:10+00:00","article_modified_time":"2025-05-29T15:28:09+00:00","og_image":[{"width":1920,"height":1280,"url":"https:\/\/www.atelierdocaractere.pt\/wp-content\/uploads\/2025\/05\/img-9139.jpg","type":"image\/jpeg"}],"author":"Joana Barbosa","twitter_card":"summary_large_image","twitter_misc":{"Escrito por":"Joana Barbosa","Tempo estimado de leitura":"6 minutos"},"schema":{"@context":"https:\/\/schema.org","@graph":[{"@type":"WebPage","@id":"https:\/\/www.atelierdocaractere.pt\/brevemente\/canal-do-metro-mondego-recebe-milhares-de-atletas-no-multisport-weekend-coimbra-2025\/","url":"https:\/\/www.atelierdocaractere.pt\/brevemente\/canal-do-metro-mondego-recebe-milhares-de-atletas-no-multisport-weekend-coimbra-2025\/","name":"Canal do Metro Mondego recebe milhares de atletas no MultiSport Weekend Coimbra 2025 - Atelier do Caractere","isPartOf":{"@id":"https:\/\/www.atelierdocaractere.pt\/brevemente\/#website"},"datePublished":"2025-05-21T15:13:10+00:00","dateModified":"2025-05-29T15:28:09+00:00","author":{"@id":"https:\/\/www.atelierdocaractere.pt\/brevemente\/#\/schema\/person\/f2f096eb0f27d9894725af22cb97c0db"},"breadcrumb":{"@id":"https:\/\/www.atelierdocaractere.pt\/brevemente\/canal-do-metro-mondego-recebe-milhares-de-atletas-no-multisport-weekend-coimbra-2025\/#breadcrumb"},"inLanguage":"pt-PT","potentialAction":[{"@type":"ReadAction","target":["https:\/\/www.atelierdocaractere.pt\/brevemente\/canal-do-metro-mondego-recebe-milhares-de-atletas-no-multisport-weekend-coimbra-2025\/"]}]},{"@type":"BreadcrumbList","@id":"https:\/\/www.atelierdocaractere.pt\/brevemente\/canal-do-metro-mondego-recebe-milhares-de-atletas-no-multisport-weekend-coimbra-2025\/#breadcrumb","itemListElement":[{"@type":"ListItem","position":1,"name":"In\u00edcio","item":"https:\/\/www.atelierdocaractere.pt\/brevemente\/"},{"@type":"ListItem","position":2,"name":"Canal do Metro Mondego recebe milhares de atletas no MultiSport Weekend Coimbra 2025"}]},{"@type":"WebSite","@id":"https:\/\/www.atelierdocaractere.pt\/brevemente\/#website","url":"https:\/\/www.atelierdocaractere.pt\/brevemente\/","name":"Atelier do Caractere","description":"","potentialAction":[{"@type":"SearchAction","target":{"@type":"EntryPoint","urlTemplate":"https:\/\/www.atelierdocaractere.pt\/brevemente\/?s={search_term_string}"},"query-input":"required name=search_term_string"}],"inLanguage":"pt-PT"},{"@type":"Person","@id":"https:\/\/www.atelierdocaractere.pt\/brevemente\/#\/schema\/person\/f2f096eb0f27d9894725af22cb97c0db","name":"Joana Barbosa","image":{"@type":"ImageObject","inLanguage":"pt-PT","@id":"https:\/\/www.atelierdocaractere.pt\/brevemente\/#\/schema\/person\/image\/","url":"https:\/\/secure.gravatar.com\/avatar\/33e8214b45e9d68a3a83008731075979?s=96&d=mm&r=g","contentUrl":"https:\/\/secure.gravatar.com\/avatar\/33e8214b45e9d68a3a83008731075979?s=96&d=mm&r=g","caption":"Joana Barbosa"},"url":"https:\/\/www.atelierdocaractere.pt\/brevemente\/author\/joanabarbosa\/"}]}},"_links":{"self":[{"href":"https:\/\/www.atelierdocaractere.pt\/brevemente\/wp-json\/wp\/v2\/posts\/13783"}],"collection":[{"href":"https:\/\/www.atelierdocaractere.pt\/brevemente\/wp-json\/wp\/v2\/posts"}],"about":[{"href":"https:\/\/www.atelierdocaractere.pt\/brevemente\/wp-json\/wp\/v2\/types\/post"}],"author":[{"embeddable":true,"href":"https:\/\/www.atelierdocaractere.pt\/brevemente\/wp-json\/wp\/v2\/users\/7"}],"replies":[{"embeddable":true,"href":"https:\/\/www.atelierdocaractere.pt\/brevemente\/wp-json\/wp\/v2\/comments?post=13783"}],"version-history":[{"count":1,"href":"https:\/\/www.atelierdocaractere.pt\/brevemente\/wp-json\/wp\/v2\/posts\/13783\/revisions"}],"predecessor-version":[{"id":13785,"href":"https:\/\/www.atelierdocaractere.pt\/brevemente\/wp-json\/wp\/v2\/posts\/13783\/revisions\/13785"}],"wp:featuredmedia":[{"embeddable":true,"href":"https:\/\/www.atelierdocaractere.pt\/brevemente\/wp-json\/wp\/v2\/media\/13784"}],"wp:attachment":[{"href":"https:\/\/www.atelierdocaractere.pt\/brevemente\/wp-json\/wp\/v2\/media?parent=13783"}],"wp:term":[{"taxonomy":"category","embeddable":true,"href":"https:\/\/www.atelierdocaractere.pt\/brevemente\/wp-json\/wp\/v2\/categories?post=13783"},{"taxonomy":"post_tag","embeddable":true,"href":"https:\/\/www.atelierdocaractere.pt\/brevemente\/wp-json\/wp\/v2\/tags?post=13783"}],"curies":[{"name":"wp","href":"https:\/\/api.w.org\/{rel}","templated":true}]}}