{"id":13786,"date":"2025-05-26T15:28:36","date_gmt":"2025-05-26T15:28:36","guid":{"rendered":"https:\/\/www.atelierdocaractere.pt\/brevemente\/?p=13786"},"modified":"2025-05-29T15:46:58","modified_gmt":"2025-05-29T15:46:58","slug":"projeto-eco-rain-e-o-grande-vencedor-da-13-a-edicao-do-projeto-wanted-escolas-empreendedoras-da-cim-viseu-dao-lafoes","status":"publish","type":"post","link":"https:\/\/www.atelierdocaractere.pt\/brevemente\/projeto-eco-rain-e-o-grande-vencedor-da-13-a-edicao-do-projeto-wanted-escolas-empreendedoras-da-cim-viseu-dao-lafoes\/","title":{"rendered":"Projeto \u201cEco Rain\u201d \u00e9 o grande vencedor da 13.\u00aa edi\u00e7\u00e3o do projeto Wanted &#8211; Escolas Empreendedoras da CIM Viseu D\u00e3o Laf\u00f5es"},"content":{"rendered":"\n<p><strong>Grande final da iniciativa realizou-se na passada sexta-feira, 23 de maio, em Viseu. Doze ideias de neg\u00f3cio, desenvolvidas por alunos do ensino secund\u00e1rio da regi\u00e3o, disputaram os pr\u00e9mios finais.<\/strong><\/p>\n\n\n\n<figure class=\"wp-block-image size-large\"><img decoding=\"async\" width=\"1024\" height=\"681\" src=\"https:\/\/www.atelierdocaractere.pt\/wp-content\/uploads\/2025\/05\/a6737b19-8d4f-1aa3-bc01-f608ce5a9621-1-1024x681.jpg\" alt=\"\" class=\"wp-image-13787\" srcset=\"https:\/\/www.atelierdocaractere.pt\/wp-content\/uploads\/2025\/05\/a6737b19-8d4f-1aa3-bc01-f608ce5a9621-1-1024x681.jpg 1024w, https:\/\/www.atelierdocaractere.pt\/wp-content\/uploads\/2025\/05\/a6737b19-8d4f-1aa3-bc01-f608ce5a9621-1-300x199.jpg 300w, https:\/\/www.atelierdocaractere.pt\/wp-content\/uploads\/2025\/05\/a6737b19-8d4f-1aa3-bc01-f608ce5a9621-1-768x510.jpg 768w, https:\/\/www.atelierdocaractere.pt\/wp-content\/uploads\/2025\/05\/a6737b19-8d4f-1aa3-bc01-f608ce5a9621-1-1536x1021.jpg 1536w, https:\/\/www.atelierdocaractere.pt\/wp-content\/uploads\/2025\/05\/a6737b19-8d4f-1aa3-bc01-f608ce5a9621-1-900x600.jpg 900w, https:\/\/www.atelierdocaractere.pt\/wp-content\/uploads\/2025\/05\/a6737b19-8d4f-1aa3-bc01-f608ce5a9621-1-675x450.jpg 675w, https:\/\/www.atelierdocaractere.pt\/wp-content\/uploads\/2025\/05\/a6737b19-8d4f-1aa3-bc01-f608ce5a9621-1.jpg 1920w\" sizes=\"(max-width: 1024px) 100vw, 1024px\" \/><\/figure>\n\n\n\n<p>O projeto \u201cEco Rain\u201d, desenvolvido pelos alunos Guilherme Figueiredo e Renato Fernandes, da Escola Secund\u00e1ria Tomaz Ribeiro (Tondela), foi o grande vencedor da 13.\u00aa edi\u00e7\u00e3o do projeto&nbsp;<strong>Wanted &#8211; Escolas Empreendedoras da CIM Viseu D\u00e3o Laf\u00f5es<\/strong>, concurso promovido pela&nbsp;<strong>Comunidade Intermunicipal (CIM) Viseu D\u00e3o Laf\u00f5es<\/strong>, que decorreu no Audit\u00f3rio da Escola Superior de Tecnologia do Instituto Polit\u00e9cnico de Viseu. O evento marcou a conclus\u00e3o de mais uma edi\u00e7\u00e3o do programa, que tem como miss\u00e3o estimular o esp\u00edrito empreendedor e a criatividade nos jovens da regi\u00e3o.<br>&nbsp;<br>Os projetos a concurso foram desenvolvidos por equipas de alunos do ensino secund\u00e1rio regular e profissional da regi\u00e3o, com o apoio das respetivas escolas e professores. As tr\u00eas ideias vencedoras foram premiadas com Miss\u00f5es de Empreendedorismo em diferentes cidades europeias, onde os alunos ter\u00e3o a oportunidade de conhecer ecossistemas de inova\u00e7\u00e3o, projetos de base tecnol\u00f3gica e boas pr\u00e1ticas de empreendedorismo jovem.<br>&nbsp;<br>Nesta Final Intermunicipal, conduzida pela apresentadora&nbsp;<strong>Catarina Camacho<\/strong>, foram apresentadas as 12 ideias finalistas. O j\u00fari, constitu\u00eddo por&nbsp;<strong>An\u00edbal Maltez<\/strong>&nbsp;(Interioriza.te),&nbsp;<strong>Carla Coimbra<\/strong>&nbsp;(CCDR Centro),&nbsp;<strong>Paulo Sousa<\/strong>&nbsp;(AIRV),&nbsp;<strong>Pedro Lopes<\/strong>&nbsp;(CEO da Infinitebook) e&nbsp;<strong>Lu\u00edsa Augusto<\/strong>&nbsp;(Instituto Polit\u00e9cnico de Viseu), distinguiu os seguintes projetos vencedores:<br>&nbsp;<br>\u2022 \u201c<strong>Eco Rain<\/strong>\u201d, desenvolvido pelos alunos&nbsp;<strong>Guilherme Figueiredo<\/strong>&nbsp;e<strong>&nbsp;Renato Fernandes<\/strong>, com orienta\u00e7\u00e3o do Professor&nbsp;<strong>Paulo Nogueira,<\/strong>&nbsp;da&nbsp;<strong>Escola Secund\u00e1ria Tomaz Ribeiro<\/strong>&nbsp;(Tondela),&nbsp;<strong>1.\u00ba pr\u00e9mio<\/strong>&nbsp;&#8211; uma&nbsp;<strong>Miss\u00e3o de Empreendedorismo<\/strong>&nbsp;de 4 dias, a&nbsp;<strong>Dublin<\/strong>;<br>\u2022 \u201c<strong>Water Shield<\/strong>\u201d, desenvolvido pelos alunos&nbsp;<strong>Victor Borges<\/strong>&nbsp;e&nbsp;<strong>Paulo Ferraz<\/strong>, com orienta\u00e7\u00e3o do professor&nbsp;<strong>Carlos Amaral<\/strong>, da&nbsp;<strong>Escola Secund\u00e1ria de Nelas<\/strong>,&nbsp;<strong>2.\u00ba pr\u00e9mio<\/strong>&nbsp;&#8211; uma&nbsp;<strong>Miss\u00e3o de Empreendedorismo<\/strong>&nbsp;de 3 dias, a&nbsp;<strong>Barcelona<\/strong>;<br>\u2022 \u201c<strong>Smart Bump<\/strong>\u201d, desenvolvido pelos alunos&nbsp;<strong>Rodrigo Almeida<\/strong>,&nbsp;<strong>Gon\u00e7alo Barreiros<\/strong>,&nbsp;<strong>Danyil Korolchuk,&nbsp;<\/strong>com orienta\u00e7\u00e3o do professor<strong>&nbsp;Roberto Sousa<\/strong>, da&nbsp;<strong>Escola Secund\u00e1ria de Penalva do Castelo<\/strong>,&nbsp;<strong>3.\u00ba pr\u00e9mio<\/strong>&nbsp;&#8211; uma&nbsp;<strong>Miss\u00e3o de Empreendedorismo<\/strong>&nbsp;de 3 dias, a&nbsp;<strong>Madrid<\/strong>.<br>&nbsp;<br>Nesta Final Intermunicipal, entre outros, estiveram presentes, o&nbsp;<strong>Secret\u00e1rio Executivo da CIM Viseu D\u00e3o Laf\u00f5es<\/strong>,&nbsp;<strong>Nuno Martinho<\/strong>, a&nbsp;<strong>Diretora da Unidade de Planeamento e Desenvolvimento Regional do Centro da CCDRC<\/strong>,&nbsp;<strong>Carla Coimbra<\/strong>, o&nbsp;<strong>Presidente do Instituto Polit\u00e9cnico de Viseu<\/strong>,&nbsp;<strong>Jos\u00e9 Costa<\/strong>, bem como, Presidentes, Vice-Presidentes e Vereadores de C\u00e2maras Municipais de Viseu D\u00e3o Laf\u00f5es.<br><br>Para&nbsp;<strong>Nuno Martinho, Secret\u00e1rio Executivo da CIM Viseu D\u00e3o Laf\u00f5es<\/strong>, esta iniciativa&nbsp;<em>\u201ccontinua a afirmar-se como uma ferramenta essencial de est\u00edmulo \u00e0 criatividade e ao esp\u00edrito de iniciativa dos nossos jovens. \u00c9 uma aposta na gera\u00e7\u00e3o futura e no potencial transformador do conhecimento e da inova\u00e7\u00e3o, que fazemos quest\u00e3o de promover todos os anos e que gera grande ades\u00e3o e entusiasmo por parte dos nossos alunos e de toda a comunidade educativa\u201d<\/em>.<br>&nbsp;<br>&nbsp;<br><strong>Competi\u00e7\u00e3o teve v\u00e1rias fases<\/strong><br>&nbsp;<br>Para chegarem \u00e0 grande final, as ideias passaram por v\u00e1rias fases de competi\u00e7\u00e3o, que come\u00e7aram em janeiro. As equipas come\u00e7aram por submeter as suas propostas e participaram depois nos&nbsp;<em>bootcamps<\/em>&nbsp;\u201cCria o Teu Futuro\u201d, em que usufru\u00edram de um dia de forma\u00e7\u00e3o intensiva, durante o qual puderam acelerar e melhorar os seus projetos. Seguiu-se uma fase de submiss\u00e3o de v\u00eddeos&nbsp;<em>pitch<\/em>, com as ideias a serem avaliadas por um j\u00fari.<br>&nbsp;<br>Os autores dos projetos apurados para a final \u2013 um total de 30 alunos, divididos por 12 equipas, apoiados por 8 professores \u2013 reuniram-se depois em Viseu, num grande evento colaborativo que incluiu a\u00e7\u00f5es de mentoria, com a fun\u00e7\u00e3o de acelerarem as 12 ideias apresentadas na passada sexta-feira.<br>&nbsp;<br>De destacar ainda que, pela primeira vez, o projeto \u201cWanted\u201d incluiu uma iniciativa especificamente dedicada aos professores: o&nbsp;<em>bootcamp<\/em>&nbsp;\u201cMente S\u00e3, Professores S\u00e3os\u201d. Esta atividade foi focada na promo\u00e7\u00e3o da sa\u00fade mental e do bem-estar emocional no ambiente escolar, refletindo a preocupa\u00e7\u00e3o da CIM com os desafios atuais enfrentados pelos docentes.<br>&nbsp;<br><br><strong>Os 12 projetos finalistas<\/strong><br>&nbsp;<br>Os 12 projetos finalistas que ultrapassaram as diferentes fases do projeto Wanted foram os seguintes:<\/p>\n\n\n\n<ul>\n<li>Aguiar da Beira \u2013 \u201cGood2Eat\u201d<\/li>\n\n\n\n<li>Aguiar da Beira \u2013 \u201cLa\u00e7os de Vida\u201d<\/li>\n\n\n\n<li>Castro Daire \u2013 \u201cPassadeira Inteligente\u201d<\/li>\n\n\n\n<li>Castro Daire \u2013 \u201cSol Radiante\u201d<\/li>\n\n\n\n<li>Nelas \u2013 \u201cFireSTOP\u201d<\/li>\n\n\n\n<li>Nelas \u2013 \u201cWaterShield\u201d<\/li>\n\n\n\n<li>Penalva do Castelo \u2013 \u201cSmart Bump\u201d<\/li>\n\n\n\n<li>Santa Comba D\u00e3o \u2013 \u201cMais Amor, Menos Dor\u201d<\/li>\n\n\n\n<li>Santa Comba D\u00e3o \u2013 \u201cSa\u00fade2525\u201d<\/li>\n\n\n\n<li>Santa Comba D\u00e3o \u2013 \u201cSeniorCare\u201d<\/li>\n\n\n\n<li>S\u00e3o Pedro do Sul \u2013 \u201cUnited by Games\u201d<\/li>\n\n\n\n<li>Tondela \u2013 &#8220;Eco Rain&#8221;<\/li>\n<\/ul>\n\n\n\n<p>\u00a0<br>O projeto\u00a0<em>Wanted \u2013 Escolas Empreendedoras da CIM Viseu D\u00e3o Laf\u00f5es<\/em>\u00a0tem como principais objetivos desenvolver compet\u00eancias sociais e pessoais, incentivar o pensamento criativo e fomentar atitudes empreendedoras junto dos jovens da regi\u00e3o. A iniciativa conta com a parceria das escolas, do Instituto Polit\u00e9cnico de Viseu e de diversas entidades regionais.<\/p>\n\n\n\n<p><strong>Sobre a CIM Viseu D\u00e3o Laf\u00f5es:<\/strong><br>A CIM Viseu D\u00e3o Laf\u00f5es \u00e9 uma associa\u00e7\u00e3o de munic\u00edpios, denominada como Comunidade Intermunicipal, sendo constitu\u00edda pelos munic\u00edpios de\u00a0Aguiar da Beira, Carregal do Sal, Castro Daire, Mangualde, Nelas, Oliveira de Frades, Penalva do Castelo, Santa Comba D\u00e3o, S\u00e3o Pedro do Sul, S\u00e1t\u00e3o, Tondela, Vila Nova de Paiva, Viseu e Vouzela.<\/p>\n","protected":false},"excerpt":{"rendered":"<p>Grande final da iniciativa realizou-se na passada sexta-feira, 23 de maio, em Viseu. Doze ideias de neg\u00f3cio, desenvolvidas por alunos&#8230;<\/p>\n","protected":false},"author":7,"featured_media":13787,"comment_status":"closed","ping_status":"open","sticky":false,"template":"","format":"standard","meta":[],"categories":[779],"tags":[448,744,636],"yoast_head":"<!-- This site is optimized with the Yoast SEO plugin v20.12 - https:\/\/yoast.com\/wordpress\/plugins\/seo\/ -->\n<title>Projeto \u201cEco Rain\u201d \u00e9 o grande vencedor da 13.\u00aa edi\u00e7\u00e3o do projeto Wanted - Escolas Empreendedoras da CIM Viseu D\u00e3o Laf\u00f5es - Atelier do Caractere<\/title>\n<meta name=\"robots\" content=\"index, follow, max-snippet:-1, max-image-preview:large, max-video-preview:-1\" \/>\n<link rel=\"canonical\" href=\"https:\/\/www.atelierdocaractere.pt\/brevemente\/projeto-eco-rain-e-o-grande-vencedor-da-13-a-edicao-do-projeto-wanted-escolas-empreendedoras-da-cim-viseu-dao-lafoes\/\" \/>\n<meta property=\"og:locale\" content=\"pt_PT\" \/>\n<meta property=\"og:type\" content=\"article\" \/>\n<meta property=\"og:title\" content=\"Projeto \u201cEco Rain\u201d \u00e9 o grande vencedor da 13.\u00aa edi\u00e7\u00e3o do projeto Wanted - Escolas Empreendedoras da CIM Viseu D\u00e3o Laf\u00f5es - Atelier do Caractere\" \/>\n<meta property=\"og:description\" content=\"Grande final da iniciativa realizou-se na passada sexta-feira, 23 de maio, em Viseu. Doze ideias de neg\u00f3cio, desenvolvidas por alunos...\" \/>\n<meta property=\"og:url\" content=\"https:\/\/www.atelierdocaractere.pt\/brevemente\/projeto-eco-rain-e-o-grande-vencedor-da-13-a-edicao-do-projeto-wanted-escolas-empreendedoras-da-cim-viseu-dao-lafoes\/\" \/>\n<meta property=\"og:site_name\" content=\"Atelier do Caractere\" \/>\n<meta property=\"article:publisher\" content=\"https:\/\/www.facebook.com\/AtelierdoCaractere\" \/>\n<meta property=\"article:published_time\" content=\"2025-05-26T15:28:36+00:00\" \/>\n<meta property=\"article:modified_time\" content=\"2025-05-29T15:46:58+00:00\" \/>\n<meta property=\"og:image\" content=\"https:\/\/www.atelierdocaractere.pt\/wp-content\/uploads\/2025\/05\/a6737b19-8d4f-1aa3-bc01-f608ce5a9621-1.jpg\" \/>\n\t<meta property=\"og:image:width\" content=\"1920\" \/>\n\t<meta property=\"og:image:height\" content=\"1276\" \/>\n\t<meta property=\"og:image:type\" content=\"image\/jpeg\" \/>\n<meta name=\"author\" content=\"Joana Barbosa\" \/>\n<meta name=\"twitter:card\" content=\"summary_large_image\" \/>\n<meta name=\"twitter:label1\" content=\"Escrito por\" \/>\n\t<meta name=\"twitter:data1\" content=\"Joana Barbosa\" \/>\n\t<meta name=\"twitter:label2\" content=\"Tempo estimado de leitura\" \/>\n\t<meta name=\"twitter:data2\" content=\"5 minutos\" \/>\n<script type=\"application\/ld+json\" class=\"yoast-schema-graph\">{\"@context\":\"https:\/\/schema.org\",\"@graph\":[{\"@type\":\"WebPage\",\"@id\":\"https:\/\/www.atelierdocaractere.pt\/brevemente\/projeto-eco-rain-e-o-grande-vencedor-da-13-a-edicao-do-projeto-wanted-escolas-empreendedoras-da-cim-viseu-dao-lafoes\/\",\"url\":\"https:\/\/www.atelierdocaractere.pt\/brevemente\/projeto-eco-rain-e-o-grande-vencedor-da-13-a-edicao-do-projeto-wanted-escolas-empreendedoras-da-cim-viseu-dao-lafoes\/\",\"name\":\"Projeto \u201cEco Rain\u201d \u00e9 o grande vencedor da 13.\u00aa edi\u00e7\u00e3o do projeto Wanted - Escolas Empreendedoras da CIM Viseu D\u00e3o Laf\u00f5es - Atelier do Caractere\",\"isPartOf\":{\"@id\":\"https:\/\/www.atelierdocaractere.pt\/brevemente\/#website\"},\"datePublished\":\"2025-05-26T15:28:36+00:00\",\"dateModified\":\"2025-05-29T15:46:58+00:00\",\"author\":{\"@id\":\"https:\/\/www.atelierdocaractere.pt\/brevemente\/#\/schema\/person\/f2f096eb0f27d9894725af22cb97c0db\"},\"breadcrumb\":{\"@id\":\"https:\/\/www.atelierdocaractere.pt\/brevemente\/projeto-eco-rain-e-o-grande-vencedor-da-13-a-edicao-do-projeto-wanted-escolas-empreendedoras-da-cim-viseu-dao-lafoes\/#breadcrumb\"},\"inLanguage\":\"pt-PT\",\"potentialAction\":[{\"@type\":\"ReadAction\",\"target\":[\"https:\/\/www.atelierdocaractere.pt\/brevemente\/projeto-eco-rain-e-o-grande-vencedor-da-13-a-edicao-do-projeto-wanted-escolas-empreendedoras-da-cim-viseu-dao-lafoes\/\"]}]},{\"@type\":\"BreadcrumbList\",\"@id\":\"https:\/\/www.atelierdocaractere.pt\/brevemente\/projeto-eco-rain-e-o-grande-vencedor-da-13-a-edicao-do-projeto-wanted-escolas-empreendedoras-da-cim-viseu-dao-lafoes\/#breadcrumb\",\"itemListElement\":[{\"@type\":\"ListItem\",\"position\":1,\"name\":\"In\u00edcio\",\"item\":\"https:\/\/www.atelierdocaractere.pt\/brevemente\/\"},{\"@type\":\"ListItem\",\"position\":2,\"name\":\"Projeto \u201cEco Rain\u201d \u00e9 o grande vencedor da 13.\u00aa edi\u00e7\u00e3o do projeto Wanted &#8211; Escolas Empreendedoras da CIM Viseu D\u00e3o Laf\u00f5es\"}]},{\"@type\":\"WebSite\",\"@id\":\"https:\/\/www.atelierdocaractere.pt\/brevemente\/#website\",\"url\":\"https:\/\/www.atelierdocaractere.pt\/brevemente\/\",\"name\":\"Atelier do Caractere\",\"description\":\"\",\"potentialAction\":[{\"@type\":\"SearchAction\",\"target\":{\"@type\":\"EntryPoint\",\"urlTemplate\":\"https:\/\/www.atelierdocaractere.pt\/brevemente\/?s={search_term_string}\"},\"query-input\":\"required name=search_term_string\"}],\"inLanguage\":\"pt-PT\"},{\"@type\":\"Person\",\"@id\":\"https:\/\/www.atelierdocaractere.pt\/brevemente\/#\/schema\/person\/f2f096eb0f27d9894725af22cb97c0db\",\"name\":\"Joana Barbosa\",\"image\":{\"@type\":\"ImageObject\",\"inLanguage\":\"pt-PT\",\"@id\":\"https:\/\/www.atelierdocaractere.pt\/brevemente\/#\/schema\/person\/image\/\",\"url\":\"https:\/\/secure.gravatar.com\/avatar\/33e8214b45e9d68a3a83008731075979?s=96&d=mm&r=g\",\"contentUrl\":\"https:\/\/secure.gravatar.com\/avatar\/33e8214b45e9d68a3a83008731075979?s=96&d=mm&r=g\",\"caption\":\"Joana Barbosa\"},\"url\":\"https:\/\/www.atelierdocaractere.pt\/brevemente\/author\/joanabarbosa\/\"}]}<\/script>\n<!-- \/ Yoast SEO plugin. -->","yoast_head_json":{"title":"Projeto \u201cEco Rain\u201d \u00e9 o grande vencedor da 13.\u00aa edi\u00e7\u00e3o do projeto Wanted - Escolas Empreendedoras da CIM Viseu D\u00e3o Laf\u00f5es - Atelier do Caractere","robots":{"index":"index","follow":"follow","max-snippet":"max-snippet:-1","max-image-preview":"max-image-preview:large","max-video-preview":"max-video-preview:-1"},"canonical":"https:\/\/www.atelierdocaractere.pt\/brevemente\/projeto-eco-rain-e-o-grande-vencedor-da-13-a-edicao-do-projeto-wanted-escolas-empreendedoras-da-cim-viseu-dao-lafoes\/","og_locale":"pt_PT","og_type":"article","og_title":"Projeto \u201cEco Rain\u201d \u00e9 o grande vencedor da 13.\u00aa edi\u00e7\u00e3o do projeto Wanted - Escolas Empreendedoras da CIM Viseu D\u00e3o Laf\u00f5es - Atelier do Caractere","og_description":"Grande final da iniciativa realizou-se na passada sexta-feira, 23 de maio, em Viseu. Doze ideias de neg\u00f3cio, desenvolvidas por alunos...","og_url":"https:\/\/www.atelierdocaractere.pt\/brevemente\/projeto-eco-rain-e-o-grande-vencedor-da-13-a-edicao-do-projeto-wanted-escolas-empreendedoras-da-cim-viseu-dao-lafoes\/","og_site_name":"Atelier do Caractere","article_publisher":"https:\/\/www.facebook.com\/AtelierdoCaractere","article_published_time":"2025-05-26T15:28:36+00:00","article_modified_time":"2025-05-29T15:46:58+00:00","og_image":[{"width":1920,"height":1276,"url":"https:\/\/www.atelierdocaractere.pt\/wp-content\/uploads\/2025\/05\/a6737b19-8d4f-1aa3-bc01-f608ce5a9621-1.jpg","type":"image\/jpeg"}],"author":"Joana Barbosa","twitter_card":"summary_large_image","twitter_misc":{"Escrito por":"Joana Barbosa","Tempo estimado de leitura":"5 minutos"},"schema":{"@context":"https:\/\/schema.org","@graph":[{"@type":"WebPage","@id":"https:\/\/www.atelierdocaractere.pt\/brevemente\/projeto-eco-rain-e-o-grande-vencedor-da-13-a-edicao-do-projeto-wanted-escolas-empreendedoras-da-cim-viseu-dao-lafoes\/","url":"https:\/\/www.atelierdocaractere.pt\/brevemente\/projeto-eco-rain-e-o-grande-vencedor-da-13-a-edicao-do-projeto-wanted-escolas-empreendedoras-da-cim-viseu-dao-lafoes\/","name":"Projeto \u201cEco Rain\u201d \u00e9 o grande vencedor da 13.\u00aa edi\u00e7\u00e3o do projeto Wanted - Escolas Empreendedoras da CIM Viseu D\u00e3o Laf\u00f5es - Atelier do Caractere","isPartOf":{"@id":"https:\/\/www.atelierdocaractere.pt\/brevemente\/#website"},"datePublished":"2025-05-26T15:28:36+00:00","dateModified":"2025-05-29T15:46:58+00:00","author":{"@id":"https:\/\/www.atelierdocaractere.pt\/brevemente\/#\/schema\/person\/f2f096eb0f27d9894725af22cb97c0db"},"breadcrumb":{"@id":"https:\/\/www.atelierdocaractere.pt\/brevemente\/projeto-eco-rain-e-o-grande-vencedor-da-13-a-edicao-do-projeto-wanted-escolas-empreendedoras-da-cim-viseu-dao-lafoes\/#breadcrumb"},"inLanguage":"pt-PT","potentialAction":[{"@type":"ReadAction","target":["https:\/\/www.atelierdocaractere.pt\/brevemente\/projeto-eco-rain-e-o-grande-vencedor-da-13-a-edicao-do-projeto-wanted-escolas-empreendedoras-da-cim-viseu-dao-lafoes\/"]}]},{"@type":"BreadcrumbList","@id":"https:\/\/www.atelierdocaractere.pt\/brevemente\/projeto-eco-rain-e-o-grande-vencedor-da-13-a-edicao-do-projeto-wanted-escolas-empreendedoras-da-cim-viseu-dao-lafoes\/#breadcrumb","itemListElement":[{"@type":"ListItem","position":1,"name":"In\u00edcio","item":"https:\/\/www.atelierdocaractere.pt\/brevemente\/"},{"@type":"ListItem","position":2,"name":"Projeto \u201cEco Rain\u201d \u00e9 o grande vencedor da 13.\u00aa edi\u00e7\u00e3o do projeto Wanted &#8211; Escolas Empreendedoras da CIM Viseu D\u00e3o Laf\u00f5es"}]},{"@type":"WebSite","@id":"https:\/\/www.atelierdocaractere.pt\/brevemente\/#website","url":"https:\/\/www.atelierdocaractere.pt\/brevemente\/","name":"Atelier do Caractere","description":"","potentialAction":[{"@type":"SearchAction","target":{"@type":"EntryPoint","urlTemplate":"https:\/\/www.atelierdocaractere.pt\/brevemente\/?s={search_term_string}"},"query-input":"required name=search_term_string"}],"inLanguage":"pt-PT"},{"@type":"Person","@id":"https:\/\/www.atelierdocaractere.pt\/brevemente\/#\/schema\/person\/f2f096eb0f27d9894725af22cb97c0db","name":"Joana Barbosa","image":{"@type":"ImageObject","inLanguage":"pt-PT","@id":"https:\/\/www.atelierdocaractere.pt\/brevemente\/#\/schema\/person\/image\/","url":"https:\/\/secure.gravatar.com\/avatar\/33e8214b45e9d68a3a83008731075979?s=96&d=mm&r=g","contentUrl":"https:\/\/secure.gravatar.com\/avatar\/33e8214b45e9d68a3a83008731075979?s=96&d=mm&r=g","caption":"Joana Barbosa"},"url":"https:\/\/www.atelierdocaractere.pt\/brevemente\/author\/joanabarbosa\/"}]}},"_links":{"self":[{"href":"https:\/\/www.atelierdocaractere.pt\/brevemente\/wp-json\/wp\/v2\/posts\/13786"}],"collection":[{"href":"https:\/\/www.atelierdocaractere.pt\/brevemente\/wp-json\/wp\/v2\/posts"}],"about":[{"href":"https:\/\/www.atelierdocaractere.pt\/brevemente\/wp-json\/wp\/v2\/types\/post"}],"author":[{"embeddable":true,"href":"https:\/\/www.atelierdocaractere.pt\/brevemente\/wp-json\/wp\/v2\/users\/7"}],"replies":[{"embeddable":true,"href":"https:\/\/www.atelierdocaractere.pt\/brevemente\/wp-json\/wp\/v2\/comments?post=13786"}],"version-history":[{"count":1,"href":"https:\/\/www.atelierdocaractere.pt\/brevemente\/wp-json\/wp\/v2\/posts\/13786\/revisions"}],"predecessor-version":[{"id":13788,"href":"https:\/\/www.atelierdocaractere.pt\/brevemente\/wp-json\/wp\/v2\/posts\/13786\/revisions\/13788"}],"wp:featuredmedia":[{"embeddable":true,"href":"https:\/\/www.atelierdocaractere.pt\/brevemente\/wp-json\/wp\/v2\/media\/13787"}],"wp:attachment":[{"href":"https:\/\/www.atelierdocaractere.pt\/brevemente\/wp-json\/wp\/v2\/media?parent=13786"}],"wp:term":[{"taxonomy":"category","embeddable":true,"href":"https:\/\/www.atelierdocaractere.pt\/brevemente\/wp-json\/wp\/v2\/categories?post=13786"},{"taxonomy":"post_tag","embeddable":true,"href":"https:\/\/www.atelierdocaractere.pt\/brevemente\/wp-json\/wp\/v2\/tags?post=13786"}],"curies":[{"name":"wp","href":"https:\/\/api.w.org\/{rel}","templated":true}]}}