{"id":13795,"date":"2025-05-27T12:58:49","date_gmt":"2025-05-27T12:58:49","guid":{"rendered":"https:\/\/www.atelierdocaractere.pt\/brevemente\/?p=13795"},"modified":"2025-05-30T13:01:19","modified_gmt":"2025-05-30T13:01:19","slug":"grupo-petrotec-lanca-reset-oportunidade-de-requalificacao-profissional-para-os-desafios-do-futuro","status":"publish","type":"post","link":"https:\/\/www.atelierdocaractere.pt\/brevemente\/grupo-petrotec-lanca-reset-oportunidade-de-requalificacao-profissional-para-os-desafios-do-futuro\/","title":{"rendered":"Grupo Petrotec lan\u00e7a &#8216;Reset&#8217;: Oportunidade de (re)qualifica\u00e7\u00e3o profissional para os desafios do futuro"},"content":{"rendered":"\n<p><strong>O&nbsp;<\/strong><a href=\"https:\/\/group.petrotec.com\/\"><strong>Grupo Petrotec<\/strong><\/a><strong>&nbsp;anuncia o lan\u00e7amento e a abertura das inscri\u00e7\u00f5es para o&nbsp;<a href=\"https:\/\/re-set.pt\/\">&#8216;Reset&#8217;<\/a>, um ambicioso projeto de (re)qualifica\u00e7\u00e3o profissional. Esta iniciativa visa oferecer novas perspetivas de carreira, capacitando os participantes com as compet\u00eancias essenciais para os desafios da mobilidade energ\u00e9tica do futuro e para outros setores emergentes. O objetivo \u00e9 contribuir ativamente para um mercado de trabalho mais qualificado, inclusivo e din\u00e2mico.<\/strong><\/p>\n\n\n\n<p>O Grupo Petrotec \u00e9 o l\u00edder europeu no desenvolvimento de solu\u00e7\u00f5es integradas para o abastecimento e carregamento de energia em esta\u00e7\u00f5es de servi\u00e7o e outras infraestruturas. \u00c9 um dos poucos fabricantes mundiais que cobre toda a cadeia de valor da mobilidade energ\u00e9tica \u2014 desde os combust\u00edveis l\u00edquidos ao carregamento el\u00e9trico e abastecimento de hidrog\u00e9nio.<\/p>\n\n\n\n<p><strong><em>&#8220;Na \u00e1rea de Capital Humano, uma das grandes apostas estrat\u00e9gicas do Grupo Petrotec passa pelo reskilling, j\u00e1 que acreditamos que investir no desenvolvimento de compet\u00eancias \u00e9 essencial para garantir a sustentabilidade do neg\u00f3cio e preparar as nossas equipas para um mercado em constante transforma\u00e7\u00e3o\u201d,&nbsp;<\/em><\/strong>afirma Filipe Ferreira, Chief Human Capital Officer do Grupo Petrotec.<strong><em>&nbsp;\u201cO projeto \u2018Reset\u2019 reflete este compromisso, mas com a particularidade de ser destinado a pessoas externas ao grupo, e n\u00e3o apenas aos nossos colaboradores. \u00c9 uma ferramenta que ser\u00e1 importante para enfrentarem os desafios do futuro.\u201d<\/em><\/strong><\/p>\n\n\n\n<p>Com sede em Guimar\u00e3es e uma estrutura acionista 100 por cento portuguesa, o Grupo Petrotec foi fundado em 1983. Em escassas d\u00e9cadas tornou-se uma refer\u00eancia mundial no sector, com uma presen\u00e7a \u00e0 escala global: filiais em oito pa\u00edses, representa\u00e7\u00e3o em mais de 80 e cinco unidades industriais \u2013 localizadas em tr\u00eas continentes.<\/p>\n","protected":false},"excerpt":{"rendered":"<p>O&nbsp;Grupo Petrotec&nbsp;anuncia o lan\u00e7amento e a abertura das inscri\u00e7\u00f5es para o&nbsp;&#8216;Reset&#8217;, um ambicioso projeto de (re)qualifica\u00e7\u00e3o profissional. Esta iniciativa visa&#8230;<\/p>\n","protected":false},"author":7,"featured_media":13796,"comment_status":"closed","ping_status":"open","sticky":false,"template":"","format":"standard","meta":[],"categories":[29],"tags":[335,336],"yoast_head":"<!-- This site is optimized with the Yoast SEO plugin v20.12 - https:\/\/yoast.com\/wordpress\/plugins\/seo\/ -->\n<title>Grupo Petrotec lan\u00e7a &#039;Reset&#039;: Oportunidade de (re)qualifica\u00e7\u00e3o profissional para os desafios do futuro - Atelier do Caractere<\/title>\n<meta name=\"robots\" content=\"index, follow, max-snippet:-1, max-image-preview:large, max-video-preview:-1\" \/>\n<link rel=\"canonical\" href=\"https:\/\/www.atelierdocaractere.pt\/brevemente\/grupo-petrotec-lanca-reset-oportunidade-de-requalificacao-profissional-para-os-desafios-do-futuro\/\" \/>\n<meta property=\"og:locale\" content=\"pt_PT\" \/>\n<meta property=\"og:type\" content=\"article\" \/>\n<meta property=\"og:title\" content=\"Grupo Petrotec lan\u00e7a &#039;Reset&#039;: Oportunidade de (re)qualifica\u00e7\u00e3o profissional para os desafios do futuro - Atelier do Caractere\" \/>\n<meta property=\"og:description\" content=\"O&nbsp;Grupo Petrotec&nbsp;anuncia o lan\u00e7amento e a abertura das inscri\u00e7\u00f5es para o&nbsp;&#8216;Reset&#8217;, um ambicioso projeto de (re)qualifica\u00e7\u00e3o profissional. Esta iniciativa visa...\" \/>\n<meta property=\"og:url\" content=\"https:\/\/www.atelierdocaractere.pt\/brevemente\/grupo-petrotec-lanca-reset-oportunidade-de-requalificacao-profissional-para-os-desafios-do-futuro\/\" \/>\n<meta property=\"og:site_name\" content=\"Atelier do Caractere\" \/>\n<meta property=\"article:publisher\" content=\"https:\/\/www.facebook.com\/AtelierdoCaractere\" \/>\n<meta property=\"article:published_time\" content=\"2025-05-27T12:58:49+00:00\" \/>\n<meta property=\"article:modified_time\" content=\"2025-05-30T13:01:19+00:00\" \/>\n<meta property=\"og:image\" content=\"https:\/\/www.atelierdocaractere.pt\/wp-content\/uploads\/2025\/05\/imagem-whatsapp-2025-05-30-as-140005-0577ba6d.jpg\" \/>\n\t<meta property=\"og:image:width\" content=\"1600\" \/>\n\t<meta property=\"og:image:height\" content=\"724\" \/>\n\t<meta property=\"og:image:type\" content=\"image\/jpeg\" \/>\n<meta name=\"author\" content=\"Joana Barbosa\" \/>\n<meta name=\"twitter:card\" content=\"summary_large_image\" \/>\n<meta name=\"twitter:label1\" content=\"Escrito por\" \/>\n\t<meta name=\"twitter:data1\" content=\"Joana Barbosa\" \/>\n\t<meta name=\"twitter:label2\" content=\"Tempo estimado de leitura\" \/>\n\t<meta name=\"twitter:data2\" content=\"2 minutos\" \/>\n<script type=\"application\/ld+json\" class=\"yoast-schema-graph\">{\"@context\":\"https:\/\/schema.org\",\"@graph\":[{\"@type\":\"WebPage\",\"@id\":\"https:\/\/www.atelierdocaractere.pt\/brevemente\/grupo-petrotec-lanca-reset-oportunidade-de-requalificacao-profissional-para-os-desafios-do-futuro\/\",\"url\":\"https:\/\/www.atelierdocaractere.pt\/brevemente\/grupo-petrotec-lanca-reset-oportunidade-de-requalificacao-profissional-para-os-desafios-do-futuro\/\",\"name\":\"Grupo Petrotec lan\u00e7a 'Reset': Oportunidade de (re)qualifica\u00e7\u00e3o profissional para os desafios do futuro - Atelier do Caractere\",\"isPartOf\":{\"@id\":\"https:\/\/www.atelierdocaractere.pt\/brevemente\/#website\"},\"datePublished\":\"2025-05-27T12:58:49+00:00\",\"dateModified\":\"2025-05-30T13:01:19+00:00\",\"author\":{\"@id\":\"https:\/\/www.atelierdocaractere.pt\/brevemente\/#\/schema\/person\/f2f096eb0f27d9894725af22cb97c0db\"},\"breadcrumb\":{\"@id\":\"https:\/\/www.atelierdocaractere.pt\/brevemente\/grupo-petrotec-lanca-reset-oportunidade-de-requalificacao-profissional-para-os-desafios-do-futuro\/#breadcrumb\"},\"inLanguage\":\"pt-PT\",\"potentialAction\":[{\"@type\":\"ReadAction\",\"target\":[\"https:\/\/www.atelierdocaractere.pt\/brevemente\/grupo-petrotec-lanca-reset-oportunidade-de-requalificacao-profissional-para-os-desafios-do-futuro\/\"]}]},{\"@type\":\"BreadcrumbList\",\"@id\":\"https:\/\/www.atelierdocaractere.pt\/brevemente\/grupo-petrotec-lanca-reset-oportunidade-de-requalificacao-profissional-para-os-desafios-do-futuro\/#breadcrumb\",\"itemListElement\":[{\"@type\":\"ListItem\",\"position\":1,\"name\":\"In\u00edcio\",\"item\":\"https:\/\/www.atelierdocaractere.pt\/brevemente\/\"},{\"@type\":\"ListItem\",\"position\":2,\"name\":\"Grupo Petrotec lan\u00e7a &#8216;Reset&#8217;: Oportunidade de (re)qualifica\u00e7\u00e3o profissional para os desafios do futuro\"}]},{\"@type\":\"WebSite\",\"@id\":\"https:\/\/www.atelierdocaractere.pt\/brevemente\/#website\",\"url\":\"https:\/\/www.atelierdocaractere.pt\/brevemente\/\",\"name\":\"Atelier do Caractere\",\"description\":\"\",\"potentialAction\":[{\"@type\":\"SearchAction\",\"target\":{\"@type\":\"EntryPoint\",\"urlTemplate\":\"https:\/\/www.atelierdocaractere.pt\/brevemente\/?s={search_term_string}\"},\"query-input\":\"required name=search_term_string\"}],\"inLanguage\":\"pt-PT\"},{\"@type\":\"Person\",\"@id\":\"https:\/\/www.atelierdocaractere.pt\/brevemente\/#\/schema\/person\/f2f096eb0f27d9894725af22cb97c0db\",\"name\":\"Joana Barbosa\",\"image\":{\"@type\":\"ImageObject\",\"inLanguage\":\"pt-PT\",\"@id\":\"https:\/\/www.atelierdocaractere.pt\/brevemente\/#\/schema\/person\/image\/\",\"url\":\"https:\/\/secure.gravatar.com\/avatar\/33e8214b45e9d68a3a83008731075979?s=96&d=mm&r=g\",\"contentUrl\":\"https:\/\/secure.gravatar.com\/avatar\/33e8214b45e9d68a3a83008731075979?s=96&d=mm&r=g\",\"caption\":\"Joana Barbosa\"},\"url\":\"https:\/\/www.atelierdocaractere.pt\/brevemente\/author\/joanabarbosa\/\"}]}<\/script>\n<!-- \/ Yoast SEO plugin. -->","yoast_head_json":{"title":"Grupo Petrotec lan\u00e7a 'Reset': Oportunidade de (re)qualifica\u00e7\u00e3o profissional para os desafios do futuro - Atelier do Caractere","robots":{"index":"index","follow":"follow","max-snippet":"max-snippet:-1","max-image-preview":"max-image-preview:large","max-video-preview":"max-video-preview:-1"},"canonical":"https:\/\/www.atelierdocaractere.pt\/brevemente\/grupo-petrotec-lanca-reset-oportunidade-de-requalificacao-profissional-para-os-desafios-do-futuro\/","og_locale":"pt_PT","og_type":"article","og_title":"Grupo Petrotec lan\u00e7a 'Reset': Oportunidade de (re)qualifica\u00e7\u00e3o profissional para os desafios do futuro - Atelier do Caractere","og_description":"O&nbsp;Grupo Petrotec&nbsp;anuncia o lan\u00e7amento e a abertura das inscri\u00e7\u00f5es para o&nbsp;&#8216;Reset&#8217;, um ambicioso projeto de (re)qualifica\u00e7\u00e3o profissional. Esta iniciativa visa...","og_url":"https:\/\/www.atelierdocaractere.pt\/brevemente\/grupo-petrotec-lanca-reset-oportunidade-de-requalificacao-profissional-para-os-desafios-do-futuro\/","og_site_name":"Atelier do Caractere","article_publisher":"https:\/\/www.facebook.com\/AtelierdoCaractere","article_published_time":"2025-05-27T12:58:49+00:00","article_modified_time":"2025-05-30T13:01:19+00:00","og_image":[{"width":1600,"height":724,"url":"https:\/\/www.atelierdocaractere.pt\/wp-content\/uploads\/2025\/05\/imagem-whatsapp-2025-05-30-as-140005-0577ba6d.jpg","type":"image\/jpeg"}],"author":"Joana Barbosa","twitter_card":"summary_large_image","twitter_misc":{"Escrito por":"Joana Barbosa","Tempo estimado de leitura":"2 minutos"},"schema":{"@context":"https:\/\/schema.org","@graph":[{"@type":"WebPage","@id":"https:\/\/www.atelierdocaractere.pt\/brevemente\/grupo-petrotec-lanca-reset-oportunidade-de-requalificacao-profissional-para-os-desafios-do-futuro\/","url":"https:\/\/www.atelierdocaractere.pt\/brevemente\/grupo-petrotec-lanca-reset-oportunidade-de-requalificacao-profissional-para-os-desafios-do-futuro\/","name":"Grupo Petrotec lan\u00e7a 'Reset': Oportunidade de (re)qualifica\u00e7\u00e3o profissional para os desafios do futuro - Atelier do Caractere","isPartOf":{"@id":"https:\/\/www.atelierdocaractere.pt\/brevemente\/#website"},"datePublished":"2025-05-27T12:58:49+00:00","dateModified":"2025-05-30T13:01:19+00:00","author":{"@id":"https:\/\/www.atelierdocaractere.pt\/brevemente\/#\/schema\/person\/f2f096eb0f27d9894725af22cb97c0db"},"breadcrumb":{"@id":"https:\/\/www.atelierdocaractere.pt\/brevemente\/grupo-petrotec-lanca-reset-oportunidade-de-requalificacao-profissional-para-os-desafios-do-futuro\/#breadcrumb"},"inLanguage":"pt-PT","potentialAction":[{"@type":"ReadAction","target":["https:\/\/www.atelierdocaractere.pt\/brevemente\/grupo-petrotec-lanca-reset-oportunidade-de-requalificacao-profissional-para-os-desafios-do-futuro\/"]}]},{"@type":"BreadcrumbList","@id":"https:\/\/www.atelierdocaractere.pt\/brevemente\/grupo-petrotec-lanca-reset-oportunidade-de-requalificacao-profissional-para-os-desafios-do-futuro\/#breadcrumb","itemListElement":[{"@type":"ListItem","position":1,"name":"In\u00edcio","item":"https:\/\/www.atelierdocaractere.pt\/brevemente\/"},{"@type":"ListItem","position":2,"name":"Grupo Petrotec lan\u00e7a &#8216;Reset&#8217;: Oportunidade de (re)qualifica\u00e7\u00e3o profissional para os desafios do futuro"}]},{"@type":"WebSite","@id":"https:\/\/www.atelierdocaractere.pt\/brevemente\/#website","url":"https:\/\/www.atelierdocaractere.pt\/brevemente\/","name":"Atelier do Caractere","description":"","potentialAction":[{"@type":"SearchAction","target":{"@type":"EntryPoint","urlTemplate":"https:\/\/www.atelierdocaractere.pt\/brevemente\/?s={search_term_string}"},"query-input":"required name=search_term_string"}],"inLanguage":"pt-PT"},{"@type":"Person","@id":"https:\/\/www.atelierdocaractere.pt\/brevemente\/#\/schema\/person\/f2f096eb0f27d9894725af22cb97c0db","name":"Joana Barbosa","image":{"@type":"ImageObject","inLanguage":"pt-PT","@id":"https:\/\/www.atelierdocaractere.pt\/brevemente\/#\/schema\/person\/image\/","url":"https:\/\/secure.gravatar.com\/avatar\/33e8214b45e9d68a3a83008731075979?s=96&d=mm&r=g","contentUrl":"https:\/\/secure.gravatar.com\/avatar\/33e8214b45e9d68a3a83008731075979?s=96&d=mm&r=g","caption":"Joana Barbosa"},"url":"https:\/\/www.atelierdocaractere.pt\/brevemente\/author\/joanabarbosa\/"}]}},"_links":{"self":[{"href":"https:\/\/www.atelierdocaractere.pt\/brevemente\/wp-json\/wp\/v2\/posts\/13795"}],"collection":[{"href":"https:\/\/www.atelierdocaractere.pt\/brevemente\/wp-json\/wp\/v2\/posts"}],"about":[{"href":"https:\/\/www.atelierdocaractere.pt\/brevemente\/wp-json\/wp\/v2\/types\/post"}],"author":[{"embeddable":true,"href":"https:\/\/www.atelierdocaractere.pt\/brevemente\/wp-json\/wp\/v2\/users\/7"}],"replies":[{"embeddable":true,"href":"https:\/\/www.atelierdocaractere.pt\/brevemente\/wp-json\/wp\/v2\/comments?post=13795"}],"version-history":[{"count":1,"href":"https:\/\/www.atelierdocaractere.pt\/brevemente\/wp-json\/wp\/v2\/posts\/13795\/revisions"}],"predecessor-version":[{"id":13797,"href":"https:\/\/www.atelierdocaractere.pt\/brevemente\/wp-json\/wp\/v2\/posts\/13795\/revisions\/13797"}],"wp:featuredmedia":[{"embeddable":true,"href":"https:\/\/www.atelierdocaractere.pt\/brevemente\/wp-json\/wp\/v2\/media\/13796"}],"wp:attachment":[{"href":"https:\/\/www.atelierdocaractere.pt\/brevemente\/wp-json\/wp\/v2\/media?parent=13795"}],"wp:term":[{"taxonomy":"category","embeddable":true,"href":"https:\/\/www.atelierdocaractere.pt\/brevemente\/wp-json\/wp\/v2\/categories?post=13795"},{"taxonomy":"post_tag","embeddable":true,"href":"https:\/\/www.atelierdocaractere.pt\/brevemente\/wp-json\/wp\/v2\/tags?post=13795"}],"curies":[{"name":"wp","href":"https:\/\/api.w.org\/{rel}","templated":true}]}}