{"id":13798,"date":"2025-05-28T15:23:27","date_gmt":"2025-05-28T15:23:27","guid":{"rendered":"https:\/\/www.atelierdocaractere.pt\/brevemente\/?p=13798"},"modified":"2025-05-30T15:31:13","modified_gmt":"2025-05-30T15:31:13","slug":"campeonato-do-mundo-de-ralicross-esta-de-regresso-a-lousada-com-batalha-de-tecnologias","status":"publish","type":"post","link":"https:\/\/www.atelierdocaractere.pt\/brevemente\/campeonato-do-mundo-de-ralicross-esta-de-regresso-a-lousada-com-batalha-de-tecnologias\/","title":{"rendered":"Campeonato do Mundo de Ralicross est\u00e1 de regresso a Lousada com batalha de tecnologias"},"content":{"rendered":"\n<p><strong>Este fim de semana, Lousada transforma-se no epicentro do ralicross mundial, ao acolher a prova de abertura do Campeonato do Mundo. Dois dias de pura adrenalina, com carros com motor de combust\u00e3o a competirem, lado a lado, com el\u00e9tricos, numa luta eletrizante. O palco \u00e9 o renovado Eurocircuito de Lousada, alvo de um investimento estrat\u00e9gico por parte do munic\u00edpio, com o objetivo de promover o territ\u00f3rio e impulsionar a economia local. Com a expetativa de muitos milhares de espetadores nas bancadas, o espet\u00e1culo est\u00e1 garantido \u2013 dentro e fora de pista.<\/strong><\/p>\n\n\n\n<figure class=\"wp-block-image size-large\"><img decoding=\"async\" width=\"1024\" height=\"394\" src=\"https:\/\/www.atelierdocaractere.pt\/wp-content\/uploads\/2025\/05\/thumbnail-image-1024x394.png\" alt=\"\" class=\"wp-image-13799\" srcset=\"https:\/\/www.atelierdocaractere.pt\/wp-content\/uploads\/2025\/05\/thumbnail-image-1024x394.png 1024w, https:\/\/www.atelierdocaractere.pt\/wp-content\/uploads\/2025\/05\/thumbnail-image-300x115.png 300w, https:\/\/www.atelierdocaractere.pt\/wp-content\/uploads\/2025\/05\/thumbnail-image-768x296.png 768w, https:\/\/www.atelierdocaractere.pt\/wp-content\/uploads\/2025\/05\/thumbnail-image-1536x591.png 1536w, https:\/\/www.atelierdocaractere.pt\/wp-content\/uploads\/2025\/05\/thumbnail-image.png 1920w\" sizes=\"(max-width: 1024px) 100vw, 1024px\" \/><\/figure>\n\n\n\n<p><strong><em>\u201c\u00c9 muito bom estar de volta. Os organizadores fizeram um trabalho incr\u00edvel, Lousada est\u00e1 deslumbrante! A \u00faltima vez que aqui estive foi em 2016, e a pista mudou completamente. Est\u00e1 mais t\u00e9cnica, especialmente com a nova se\u00e7\u00e3o em terra. \u00c9 um desafio divertido, mal posso esperar pelo fim de semana da corrida\u201d<\/em><\/strong><em>.&nbsp;<\/em>As palavras s\u00e3o do heptacampe\u00e3o do mundo, o sueco Johan Kristoffersson.<\/p>\n\n\n\n<p>\u00c9 grande o entusiamo em rela\u00e7\u00e3o ao fim-de-semana. Afinal, passados 17 anos, o Clube Autom\u00f3vel de Lousada volta a organizar um evento com a chancela da Federa\u00e7\u00e3o Internacional do Autom\u00f3vel (FIA). A prova marca tamb\u00e9m o in\u00edcio do Campeonato da Europa de ralicross e vai contar com 15 pilotos portugueses. Os melhores pilotos do mundo v\u00e3o passar pelo renovado circuito de Lousada, que foi bastante elogiado pelo observador da FIA.<strong>&nbsp;\u201cEle ficou encantado, disse que era dos melhores do mundo, e deu os parab\u00e9ns ao clube pelo trabalho que foi feito.<\/strong>&nbsp;<strong>Os pilotos tamb\u00e9m j\u00e1 reagiram<\/strong>&nbsp;<strong>e as observa\u00e7\u00f5es sobre o novo tra\u00e7ado s\u00e3o bastante positivas. Acredito que quando estiverem em pista as rea\u00e7\u00f5es sejam ainda melhores\u201d<\/strong>&nbsp;contou Lu\u00eds Marinho, presidente do clube.<\/p>\n\n\n\n<p>O ralicross \u00e9 das disciplinas mais espetaculares do desporto autom\u00f3vel e consiste em corridas sprint (seis voltas), disputadas em circuitos mistos de terra\/asfalto. Existe ainda a particularidade da Joker Lap, uma se\u00e7\u00e3o mais longa da pista, onde os pilotos t\u00eam, obrigatoriamente, de passar uma vez em cada corrida. Cada categoria tem quatro mangas, duas semifinais e uma final. Uma coisa \u00e9 certa: as corridas proporcionam batalhas intensas, desde as qualifica\u00e7\u00f5es at\u00e9 \u00e0s finais.<\/p>\n\n\n\n<p>O Mundial de ralicross tornou-se um espet\u00e1culo global, que atraiu pilotos como Jacques Villeneuve, S\u00e9bastien Loeb, Petter Solberg e Ken Block e conquistou uma legi\u00e3o de seguidores em todo o mundo. Nos \u00faltimos anos, al\u00e9m dos milhares de pessoas que enchem as bancadas, o World RX teve uma audi\u00eancia de 30 milh\u00f5es de espetadores, por evento, em mais de 100 pa\u00edses!<\/p>\n\n\n\n<p>Em Lousada, v\u00e3o estar os carros das categorias World RX, Euro RX1 e Euro RX3. O World RX permite a participa\u00e7\u00e3o de carros com motor de combust\u00e3o interna (ICE), que usam gasolina sustent\u00e1vel, e ve\u00edculos el\u00e9tricos (EV). Para manter a competi\u00e7\u00e3o justa e equilibrada entre as duas tecnologias, a FIA introduziu o EOT (Equivalence of Technology) que determina um peso m\u00ednimo de refer\u00eancia para os carros com motor t\u00e9rmico e uma pot\u00eancia m\u00e1xima de refer\u00eancia (kW) para os el\u00e9tricos, o que significa que os carros podem receber lastro e outros ajustamentos t\u00e9cnicos para equiparar o desempenho.<\/p>\n\n\n\n<p>Na classe rainha encontramos verdadeiros carros de competi\u00e7\u00e3o da Volkswagen, Peugeot e Hyundai com motores de quatro cilindros 2.0 turbo, com mais de 600 cv, e quatro rodas motrizes. Os carros EV da Peugeot e PWR disp\u00f5em de dois motores el\u00e9tricos (um por cada eixo) uma pot\u00eancia de 680 cv, e tra\u00e7\u00e3o integral. O kit el\u00e9trico \u00e9 fornecido por uma empresa nomeada pela FIA. A categoria RX3 utiliza carros com motor 1.6 atmosf\u00e9rico a gasolina com 220 cv e tra\u00e7\u00e3o dianteira. Embora sejam menos potentes, oferecem corridas emocionantes.<\/p>\n\n\n\n<p>O circuito de Lousada est\u00e1 mais espetacular, com se\u00e7\u00f5es de alta velocidade e curvas t\u00e9cnicas. Entre as novidades destaque para uma curva, em terra, com inclina\u00e7\u00e3o (banking) de 14 graus, capaz de proporcionar espetaculares derrapagens, uma Joker Lap diferente e o novo paddock. A zona de terra foi afastada das bancadas para permitir melhor visibilidade ao p\u00fablico.<\/p>\n\n\n\n<p>Est\u00e3o inscritos 37 pilotos, nove nas categorias World RX e Euro RX1, e 19 na Euro RX3. O sueco Johan Kristoffersson vai alinhar com o Volkswagen Polo WRX que utiliza combust\u00edvel sustent\u00e1vel, e \u00e9 nome mais sonante com os sete t\u00edtulos mundiais, cinco consecutivos. O seu colega de equipa, Ole Christian Veiby, conduz um carro igual e \u00e9 outro candidato \u00e0 vit\u00f3ria.<\/p>\n\n\n\n<p>Refer\u00eancia tamb\u00e9m para Niclas Gr\u00f6nholm e para a piloto Klara Andersson, que v\u00e3o alinhar com os PWR RX1e. O ano passado, Gr\u00f6nholm conseguiu bater o campe\u00e3o Kristoffersson com este carro el\u00e9trico. Mas n\u00e3o foi o \u00fanico. Os irm\u00e3os Timmy e Kevin Hansen venceram uma corrida cada um com o Peugeot WRX 208 el\u00e9trico. A grelha engloba ainda Anthony P\u00e8lfrene e Patrick Donovan, que tripulam um Peugeot 208 WRX, e Juha Rytk\u00f6nen, num Hyundai i20 WRX, todos eles conduzem carros com motor t\u00e9rmico que usam combust\u00edvel sustent\u00e1vel.<\/p>\n\n\n\n<p>Entre os portugueses, destaque para Jo\u00e3o Ribeiro, atual vice-campe\u00e3o europeu na classe RX3, que vai conduzir o Audi A1, para o campe\u00e3o nacional de Super Cars, Jos\u00e9 Oliveira, com o Peugeot 208 WRX, e para a piloto Rafaela Barbosa, com o Peugeot 208.<\/p>\n\n\n\n<p><strong>Hor\u00e1rio:<\/strong><\/p>\n\n\n\n<p><strong>Sexta-feira, 30 de maio<\/strong><br>15h00 \u00e0s 15h10 \u2013 Shakedown World RX<\/p>\n\n\n\n<p><strong>S\u00e1bado, 31 maio<\/strong><br>09h53 \u00e0s 10h51 \u2013 Treinos Livres 1 Euro\u00a0<a>RX3\/Euro RX1\/World RX\/Kartcross<\/a><br>11h03 \u00e0s 11h49 \u2013 Treinos Livres 2 Euro RX3\/Euro RX1\/World RX<br>13h21 \u00e0s 13h31 \u2013 Qualifica\u00e7\u00e3o 1 Kartcross<br>13h33 \u00e0s 14h25 \u2013 Qualifica\u00e7\u00e3o 1 Euro RX3\/Euro RX1\/World RX<br>14h37 \u00e0s 14h47 \u2013 Qualifica\u00e7\u00e3o 2 Kartcross<br>15h03 \u00e0s 15h55 \u2013 Qualifica\u00e7\u00e3o 2 Euro RX3\/Euro RX1\/World RX<\/p>\n\n\n\n<p><br><strong>Domingo, 1 junho<\/strong><br>09h30 \u00e0s 09h36 \u2013 Warm up Kartcross<br>09h38 \u00e0s 10h08 \u2013 Warm up Euro RX3\/Euro RX1\/World RX<br>10h21 \u00e0s 10h31 \u2013 Qualifica\u00e7\u00e3o 3 Kartcross<br>10h33 \u00e0s 11h25 \u2013 Qualifica\u00e7\u00e3o 3 Euro RX3\/Euro RX1\/World RX<br>12h21 \u00e0s 12h31 \u2013 Qualifica\u00e7\u00e3o 4 Kartcross<br>12h33 \u00e0s 13h25 \u2013 Qualifica\u00e7\u00e3o 4 Euro RX3\/Euro RX1\/World RX<br>13h27 \u00e0s 13h39 \u2013 Semifinais Kartcross (5 voltas)<br>14h06 \u00e0s 14h18 \u2013 Semifinais Euro RX3 (5 voltas)<br>14h23 \u00e0s 14h38 \u2013 Semifinais Euro RX1 (5 voltas)<br>14h45 \u00e0s 14h57 \u2013 Semifinais World RX (5 voltas)<br>15h04 \u2013 Final Kartcross (6 voltas)<br>15h12 \u2013 Final Euro RX3 (6 voltas)<br>15h22 \u2013 Final Euro RX1 (6 voltas)<br>15h32 \u2013 Final World RX (6 voltas)<\/p>\n","protected":false},"excerpt":{"rendered":"<p>Este fim de semana, Lousada transforma-se no epicentro do ralicross mundial, ao acolher a prova de abertura do Campeonato do&#8230;<\/p>\n","protected":false},"author":7,"featured_media":13799,"comment_status":"closed","ping_status":"open","sticky":false,"template":"","format":"standard","meta":[],"categories":[24],"tags":[955,519,956,957],"yoast_head":"<!-- This site is optimized with the Yoast SEO plugin v20.12 - https:\/\/yoast.com\/wordpress\/plugins\/seo\/ -->\n<title>Campeonato do Mundo de Ralicross est\u00e1 de regresso a Lousada com batalha de tecnologias - Atelier do Caractere<\/title>\n<meta name=\"robots\" content=\"index, follow, max-snippet:-1, max-image-preview:large, max-video-preview:-1\" \/>\n<link rel=\"canonical\" href=\"https:\/\/www.atelierdocaractere.pt\/brevemente\/campeonato-do-mundo-de-ralicross-esta-de-regresso-a-lousada-com-batalha-de-tecnologias\/\" \/>\n<meta property=\"og:locale\" content=\"pt_PT\" \/>\n<meta property=\"og:type\" content=\"article\" \/>\n<meta property=\"og:title\" content=\"Campeonato do Mundo de Ralicross est\u00e1 de regresso a Lousada com batalha de tecnologias - Atelier do Caractere\" \/>\n<meta property=\"og:description\" content=\"Este fim de semana, Lousada transforma-se no epicentro do ralicross mundial, ao acolher a prova de abertura do Campeonato do...\" \/>\n<meta property=\"og:url\" content=\"https:\/\/www.atelierdocaractere.pt\/brevemente\/campeonato-do-mundo-de-ralicross-esta-de-regresso-a-lousada-com-batalha-de-tecnologias\/\" \/>\n<meta property=\"og:site_name\" content=\"Atelier do Caractere\" \/>\n<meta property=\"article:publisher\" content=\"https:\/\/www.facebook.com\/AtelierdoCaractere\" \/>\n<meta property=\"article:published_time\" content=\"2025-05-28T15:23:27+00:00\" \/>\n<meta property=\"article:modified_time\" content=\"2025-05-30T15:31:13+00:00\" \/>\n<meta property=\"og:image\" content=\"https:\/\/www.atelierdocaractere.pt\/wp-content\/uploads\/2025\/05\/thumbnail-image.png\" \/>\n\t<meta property=\"og:image:width\" content=\"1920\" \/>\n\t<meta property=\"og:image:height\" content=\"739\" \/>\n\t<meta property=\"og:image:type\" content=\"image\/png\" \/>\n<meta name=\"author\" content=\"Joana Barbosa\" \/>\n<meta name=\"twitter:card\" content=\"summary_large_image\" \/>\n<meta name=\"twitter:label1\" content=\"Escrito por\" \/>\n\t<meta name=\"twitter:data1\" content=\"Joana Barbosa\" \/>\n\t<meta name=\"twitter:label2\" content=\"Tempo estimado de leitura\" \/>\n\t<meta name=\"twitter:data2\" content=\"6 minutos\" \/>\n<script type=\"application\/ld+json\" class=\"yoast-schema-graph\">{\"@context\":\"https:\/\/schema.org\",\"@graph\":[{\"@type\":\"WebPage\",\"@id\":\"https:\/\/www.atelierdocaractere.pt\/brevemente\/campeonato-do-mundo-de-ralicross-esta-de-regresso-a-lousada-com-batalha-de-tecnologias\/\",\"url\":\"https:\/\/www.atelierdocaractere.pt\/brevemente\/campeonato-do-mundo-de-ralicross-esta-de-regresso-a-lousada-com-batalha-de-tecnologias\/\",\"name\":\"Campeonato do Mundo de Ralicross est\u00e1 de regresso a Lousada com batalha de tecnologias - Atelier do Caractere\",\"isPartOf\":{\"@id\":\"https:\/\/www.atelierdocaractere.pt\/brevemente\/#website\"},\"datePublished\":\"2025-05-28T15:23:27+00:00\",\"dateModified\":\"2025-05-30T15:31:13+00:00\",\"author\":{\"@id\":\"https:\/\/www.atelierdocaractere.pt\/brevemente\/#\/schema\/person\/f2f096eb0f27d9894725af22cb97c0db\"},\"breadcrumb\":{\"@id\":\"https:\/\/www.atelierdocaractere.pt\/brevemente\/campeonato-do-mundo-de-ralicross-esta-de-regresso-a-lousada-com-batalha-de-tecnologias\/#breadcrumb\"},\"inLanguage\":\"pt-PT\",\"potentialAction\":[{\"@type\":\"ReadAction\",\"target\":[\"https:\/\/www.atelierdocaractere.pt\/brevemente\/campeonato-do-mundo-de-ralicross-esta-de-regresso-a-lousada-com-batalha-de-tecnologias\/\"]}]},{\"@type\":\"BreadcrumbList\",\"@id\":\"https:\/\/www.atelierdocaractere.pt\/brevemente\/campeonato-do-mundo-de-ralicross-esta-de-regresso-a-lousada-com-batalha-de-tecnologias\/#breadcrumb\",\"itemListElement\":[{\"@type\":\"ListItem\",\"position\":1,\"name\":\"In\u00edcio\",\"item\":\"https:\/\/www.atelierdocaractere.pt\/brevemente\/\"},{\"@type\":\"ListItem\",\"position\":2,\"name\":\"Campeonato do Mundo de Ralicross est\u00e1 de regresso a Lousada com batalha de tecnologias\"}]},{\"@type\":\"WebSite\",\"@id\":\"https:\/\/www.atelierdocaractere.pt\/brevemente\/#website\",\"url\":\"https:\/\/www.atelierdocaractere.pt\/brevemente\/\",\"name\":\"Atelier do Caractere\",\"description\":\"\",\"potentialAction\":[{\"@type\":\"SearchAction\",\"target\":{\"@type\":\"EntryPoint\",\"urlTemplate\":\"https:\/\/www.atelierdocaractere.pt\/brevemente\/?s={search_term_string}\"},\"query-input\":\"required name=search_term_string\"}],\"inLanguage\":\"pt-PT\"},{\"@type\":\"Person\",\"@id\":\"https:\/\/www.atelierdocaractere.pt\/brevemente\/#\/schema\/person\/f2f096eb0f27d9894725af22cb97c0db\",\"name\":\"Joana Barbosa\",\"image\":{\"@type\":\"ImageObject\",\"inLanguage\":\"pt-PT\",\"@id\":\"https:\/\/www.atelierdocaractere.pt\/brevemente\/#\/schema\/person\/image\/\",\"url\":\"https:\/\/secure.gravatar.com\/avatar\/33e8214b45e9d68a3a83008731075979?s=96&d=mm&r=g\",\"contentUrl\":\"https:\/\/secure.gravatar.com\/avatar\/33e8214b45e9d68a3a83008731075979?s=96&d=mm&r=g\",\"caption\":\"Joana Barbosa\"},\"url\":\"https:\/\/www.atelierdocaractere.pt\/brevemente\/author\/joanabarbosa\/\"}]}<\/script>\n<!-- \/ Yoast SEO plugin. -->","yoast_head_json":{"title":"Campeonato do Mundo de Ralicross est\u00e1 de regresso a Lousada com batalha de tecnologias - Atelier do Caractere","robots":{"index":"index","follow":"follow","max-snippet":"max-snippet:-1","max-image-preview":"max-image-preview:large","max-video-preview":"max-video-preview:-1"},"canonical":"https:\/\/www.atelierdocaractere.pt\/brevemente\/campeonato-do-mundo-de-ralicross-esta-de-regresso-a-lousada-com-batalha-de-tecnologias\/","og_locale":"pt_PT","og_type":"article","og_title":"Campeonato do Mundo de Ralicross est\u00e1 de regresso a Lousada com batalha de tecnologias - Atelier do Caractere","og_description":"Este fim de semana, Lousada transforma-se no epicentro do ralicross mundial, ao acolher a prova de abertura do Campeonato do...","og_url":"https:\/\/www.atelierdocaractere.pt\/brevemente\/campeonato-do-mundo-de-ralicross-esta-de-regresso-a-lousada-com-batalha-de-tecnologias\/","og_site_name":"Atelier do Caractere","article_publisher":"https:\/\/www.facebook.com\/AtelierdoCaractere","article_published_time":"2025-05-28T15:23:27+00:00","article_modified_time":"2025-05-30T15:31:13+00:00","og_image":[{"width":1920,"height":739,"url":"https:\/\/www.atelierdocaractere.pt\/wp-content\/uploads\/2025\/05\/thumbnail-image.png","type":"image\/png"}],"author":"Joana Barbosa","twitter_card":"summary_large_image","twitter_misc":{"Escrito por":"Joana Barbosa","Tempo estimado de leitura":"6 minutos"},"schema":{"@context":"https:\/\/schema.org","@graph":[{"@type":"WebPage","@id":"https:\/\/www.atelierdocaractere.pt\/brevemente\/campeonato-do-mundo-de-ralicross-esta-de-regresso-a-lousada-com-batalha-de-tecnologias\/","url":"https:\/\/www.atelierdocaractere.pt\/brevemente\/campeonato-do-mundo-de-ralicross-esta-de-regresso-a-lousada-com-batalha-de-tecnologias\/","name":"Campeonato do Mundo de Ralicross est\u00e1 de regresso a Lousada com batalha de tecnologias - Atelier do Caractere","isPartOf":{"@id":"https:\/\/www.atelierdocaractere.pt\/brevemente\/#website"},"datePublished":"2025-05-28T15:23:27+00:00","dateModified":"2025-05-30T15:31:13+00:00","author":{"@id":"https:\/\/www.atelierdocaractere.pt\/brevemente\/#\/schema\/person\/f2f096eb0f27d9894725af22cb97c0db"},"breadcrumb":{"@id":"https:\/\/www.atelierdocaractere.pt\/brevemente\/campeonato-do-mundo-de-ralicross-esta-de-regresso-a-lousada-com-batalha-de-tecnologias\/#breadcrumb"},"inLanguage":"pt-PT","potentialAction":[{"@type":"ReadAction","target":["https:\/\/www.atelierdocaractere.pt\/brevemente\/campeonato-do-mundo-de-ralicross-esta-de-regresso-a-lousada-com-batalha-de-tecnologias\/"]}]},{"@type":"BreadcrumbList","@id":"https:\/\/www.atelierdocaractere.pt\/brevemente\/campeonato-do-mundo-de-ralicross-esta-de-regresso-a-lousada-com-batalha-de-tecnologias\/#breadcrumb","itemListElement":[{"@type":"ListItem","position":1,"name":"In\u00edcio","item":"https:\/\/www.atelierdocaractere.pt\/brevemente\/"},{"@type":"ListItem","position":2,"name":"Campeonato do Mundo de Ralicross est\u00e1 de regresso a Lousada com batalha de tecnologias"}]},{"@type":"WebSite","@id":"https:\/\/www.atelierdocaractere.pt\/brevemente\/#website","url":"https:\/\/www.atelierdocaractere.pt\/brevemente\/","name":"Atelier do Caractere","description":"","potentialAction":[{"@type":"SearchAction","target":{"@type":"EntryPoint","urlTemplate":"https:\/\/www.atelierdocaractere.pt\/brevemente\/?s={search_term_string}"},"query-input":"required name=search_term_string"}],"inLanguage":"pt-PT"},{"@type":"Person","@id":"https:\/\/www.atelierdocaractere.pt\/brevemente\/#\/schema\/person\/f2f096eb0f27d9894725af22cb97c0db","name":"Joana Barbosa","image":{"@type":"ImageObject","inLanguage":"pt-PT","@id":"https:\/\/www.atelierdocaractere.pt\/brevemente\/#\/schema\/person\/image\/","url":"https:\/\/secure.gravatar.com\/avatar\/33e8214b45e9d68a3a83008731075979?s=96&d=mm&r=g","contentUrl":"https:\/\/secure.gravatar.com\/avatar\/33e8214b45e9d68a3a83008731075979?s=96&d=mm&r=g","caption":"Joana Barbosa"},"url":"https:\/\/www.atelierdocaractere.pt\/brevemente\/author\/joanabarbosa\/"}]}},"_links":{"self":[{"href":"https:\/\/www.atelierdocaractere.pt\/brevemente\/wp-json\/wp\/v2\/posts\/13798"}],"collection":[{"href":"https:\/\/www.atelierdocaractere.pt\/brevemente\/wp-json\/wp\/v2\/posts"}],"about":[{"href":"https:\/\/www.atelierdocaractere.pt\/brevemente\/wp-json\/wp\/v2\/types\/post"}],"author":[{"embeddable":true,"href":"https:\/\/www.atelierdocaractere.pt\/brevemente\/wp-json\/wp\/v2\/users\/7"}],"replies":[{"embeddable":true,"href":"https:\/\/www.atelierdocaractere.pt\/brevemente\/wp-json\/wp\/v2\/comments?post=13798"}],"version-history":[{"count":1,"href":"https:\/\/www.atelierdocaractere.pt\/brevemente\/wp-json\/wp\/v2\/posts\/13798\/revisions"}],"predecessor-version":[{"id":13800,"href":"https:\/\/www.atelierdocaractere.pt\/brevemente\/wp-json\/wp\/v2\/posts\/13798\/revisions\/13800"}],"wp:featuredmedia":[{"embeddable":true,"href":"https:\/\/www.atelierdocaractere.pt\/brevemente\/wp-json\/wp\/v2\/media\/13799"}],"wp:attachment":[{"href":"https:\/\/www.atelierdocaractere.pt\/brevemente\/wp-json\/wp\/v2\/media?parent=13798"}],"wp:term":[{"taxonomy":"category","embeddable":true,"href":"https:\/\/www.atelierdocaractere.pt\/brevemente\/wp-json\/wp\/v2\/categories?post=13798"},{"taxonomy":"post_tag","embeddable":true,"href":"https:\/\/www.atelierdocaractere.pt\/brevemente\/wp-json\/wp\/v2\/tags?post=13798"}],"curies":[{"name":"wp","href":"https:\/\/api.w.org\/{rel}","templated":true}]}}