{"id":13801,"date":"2025-05-29T15:33:09","date_gmt":"2025-05-29T15:33:09","guid":{"rendered":"https:\/\/www.atelierdocaractere.pt\/brevemente\/?p=13801"},"modified":"2025-05-30T15:39:34","modified_gmt":"2025-05-30T15:39:34","slug":"40-anos-de-riberalves-o-bacalhau-que-cresceu-com-as-familias-portuguesas","status":"publish","type":"post","link":"https:\/\/www.atelierdocaractere.pt\/brevemente\/40-anos-de-riberalves-o-bacalhau-que-cresceu-com-as-familias-portuguesas\/","title":{"rendered":"40 anos de Riberalves: o bacalhau que cresceu com as fam\u00edlias Portuguesas"},"content":{"rendered":"\n<p>Uma nova campanha estreada esta quinta-feira, ancorada num an\u00fancio que celebra a forma como a marca tem contribu\u00eddo para aproximar as fam\u00edlias ao longo das gera\u00e7\u00f5es, quebrando barreiras e facilitando o consumo do Bacalhau, com toda a qualidade e sabor, marca o in\u00edcio das celebra\u00e7\u00f5es dos 40 Anos da Riberalves, a empresa fundada em 1985 por Jo\u00e3o Alves e Manuela Aves, que veio a tornar-se a refer\u00eancia no setor do bacalhau em Portugal.<\/p>\n\n\n\n<figure class=\"wp-block-image size-large\"><img decoding=\"async\" width=\"1024\" height=\"1024\" src=\"https:\/\/www.atelierdocaractere.pt\/wp-content\/uploads\/2025\/05\/mupi3-1024x1024.jpeg\" alt=\"\" class=\"wp-image-13802\" srcset=\"https:\/\/www.atelierdocaractere.pt\/wp-content\/uploads\/2025\/05\/mupi3-1024x1024.jpeg 1024w, https:\/\/www.atelierdocaractere.pt\/wp-content\/uploads\/2025\/05\/mupi3-300x300.jpeg 300w, https:\/\/www.atelierdocaractere.pt\/wp-content\/uploads\/2025\/05\/mupi3-150x150.jpeg 150w, https:\/\/www.atelierdocaractere.pt\/wp-content\/uploads\/2025\/05\/mupi3-768x768.jpeg 768w, https:\/\/www.atelierdocaractere.pt\/wp-content\/uploads\/2025\/05\/mupi3-100x100.jpeg 100w, https:\/\/www.atelierdocaractere.pt\/wp-content\/uploads\/2025\/05\/mupi3-140x140.jpeg 140w, https:\/\/www.atelierdocaractere.pt\/wp-content\/uploads\/2025\/05\/mupi3-500x500.jpeg 500w, https:\/\/www.atelierdocaractere.pt\/wp-content\/uploads\/2025\/05\/mupi3-350x350.jpeg 350w, https:\/\/www.atelierdocaractere.pt\/wp-content\/uploads\/2025\/05\/mupi3-1000x1000.jpeg 1000w, https:\/\/www.atelierdocaractere.pt\/wp-content\/uploads\/2025\/05\/mupi3-800x800.jpeg 800w, https:\/\/www.atelierdocaractere.pt\/wp-content\/uploads\/2025\/05\/mupi3.jpeg 1200w\" sizes=\"(max-width: 1024px) 100vw, 1024px\" \/><\/figure>\n\n\n\n<p>Empresa nacional, que evoluiu de um pequeno neg\u00f3cio familiar para um grupo internacional com cerca de 600 colaboradores, a Riberalves nasceu em Torres Vedras, inspirada no nome dos filhos de Jo\u00e3o e Manuela Alves. Hoje,&nbsp;<strong>Ri<\/strong>cardo e&nbsp;<strong>Ber<\/strong>nardo&nbsp;<strong>Alves<\/strong>&nbsp;assumem eles pr\u00f3prios posi\u00e7\u00f5es chave na gest\u00e3o de um grupo em que o&nbsp;<em>core<\/em>, a ind\u00fastria do \u201cFiel Amigo\u201d, \u00e9 fortemente alavancado pela produ\u00e7\u00e3o do Bacalhau Pronto a Cozinhar, a categoria de produto que a Riberalves desenvolveu de forma pioneira desde o virar do s\u00e9culo, em particular, naquela que \u00e9 hoje a maior unidade mundial de transforma\u00e7\u00e3o de bacalhau \u2013 a f\u00e1brica Riberalves na Moita.<\/p>\n\n\n\n<p>No novo an\u00fancio, criatividade da ag\u00eancia Verve, evoca-se precisamente a evolu\u00e7\u00e3o do consumo de bacalhau e o decisivo salto do bacalhau Salgado Seco para o Bacalhau Demolhado Pronto a Cozinhar, que veio possibilitar que o \u201cFiel Amigo\u201d continuasse a atravessar gera\u00e7\u00f5es e a estar presente em todos os momentos de consumo, no dia-a-dia ou nas celebra\u00e7\u00f5es familiares. E personificando a mensagem principal do an\u00fancio, \u00e9 o pr\u00f3prio Ricardo Alves, CEO da Riberalves e filho mais velho dos fundadores da empresa, Jo\u00e3o Alves e Manuela Alves, que no packshot final d\u00e1 voz \u00e0 assinatura da campanha: \u201cDa nossa fam\u00edlia para a sua\u201d. Trata-se disso mesmo, de um produto feito por uma fam\u00edlia, a Fam\u00edlia Riberalves, para todas as fam\u00edlias em Portugal e no mundo.<\/p>\n\n\n\n<p>A partir do ano 2000, com o lan\u00e7amento do Bacalhau Pronto a Cozinhar, a Riberalves veio desenvolver toda uma nova categoria de produtos, contribuindo para a reinven\u00e7\u00e3o e democratiza\u00e7\u00e3o do consumo do Bacalhau de Cura Portuguesa, que passou a estar dispon\u00edvel sem os constrangimentos antigos associados \u00e0 prepara\u00e7\u00e3o e demolha.<\/p>\n\n\n\n<p><strong><em>\u201cO legado que mais nos orgulha \u00e9 precisamente o facto de termos contribu\u00eddo de forma decisiva para que o bacalhau pudesse estar ainda mais presente junto das fam\u00edlias portuguesas. A inova\u00e7\u00e3o do Bacalhau Pronto a Cozinhar foi a melhor resposta \u00e0 rotina dos novos tempos, permitindo que o maior s\u00edmbolo da Gastronomia portuguesa, uma prote\u00edna saud\u00e1vel, de origem 100% selvagem, pudesse continuar a ocupar o centro das nossas mesas e da nossa cultura. Nos 40 Anos, a assinatura da Riberalves passa a ser \u2018da nossa fam\u00edlia para a sua\u2019. E \u00e9 a todas as fam\u00edlias que nos abrem portas, em Portugal e no mundo, que deixamos uma palavra de grande agradecimento, pela prefer\u00eancia e pela confian\u00e7a\u201d<\/em><\/strong>, afirma Ricardo Alves, CEO da Riberalves.<\/p>\n\n\n\n<p>O Bacalhau Pronto a Cozinhar representa perto de 80% das vendas da Riberalves e \u00e9, tamb\u00e9m, o principal motor de exporta\u00e7\u00e3o da empresa, que est\u00e1 presente em mais de 20 mercados. O Brasil, Angola e o mercado da saudade s\u00e3o os mercados mais relevantes.<\/p>\n\n\n\n<p>Ao longo do ano de 2025, no seguimento da campanha agora lan\u00e7ada, a Riberalves evidenciar\u00e1 a nova assinatura com um selo dos&nbsp;<strong>40 Anos<\/strong>&nbsp;em todo o packaging e comunica\u00e7\u00e3o da empresa. Progressivamente, e em particular na segunda metade do ano, surgir\u00e3o edi\u00e7\u00f5es comemorativas e novos produtos. Como sempre, \u201cda nossa fam\u00edlia para a sua\u201d.<\/p>\n\n\n\n<p><strong>SOBRE A RIBERALVES<\/strong><\/p>\n\n\n\n<p>A Riberalves \u00e9 uma empresa familiar, 100% nacional, e a refer\u00eancia Mundial na transforma\u00e7\u00e3o de bacalhau. Fundada em 1985, a Riberalves focou a atividade exclusivamente no sector do bacalhau a partir de 1990, com a inaugura\u00e7\u00e3o de uma primeira f\u00e1brica, em Torres Vedras. A partir de 2003, gra\u00e7as ao investimento numa nova unidade industrial, na Moita, hoje a maior f\u00e1brica mundial de transforma\u00e7\u00e3o de bacalhau, a Riberalves estendeu a capacidade produtiva em 60% e tornou-se refer\u00eancia no desenvolvimento de um novo produto, capaz de responder \u00e0s novas tend\u00eancias de consumo: o Bacalhau Pronto a Cozinhar. A Riberalves vende cerca de 22 mil toneladas\/ano e as exporta\u00e7\u00f5es valem cerca de 30% das vendas.<\/p>\n","protected":false},"excerpt":{"rendered":"<p>Uma nova campanha estreada esta quinta-feira, ancorada num an\u00fancio que celebra a forma como a marca tem contribu\u00eddo para aproximar&#8230;<\/p>\n","protected":false},"author":7,"featured_media":13803,"comment_status":"closed","ping_status":"open","sticky":false,"template":"","format":"standard","meta":[],"categories":[27],"tags":[172,250,174],"yoast_head":"<!-- This site is optimized with the Yoast SEO plugin v20.12 - https:\/\/yoast.com\/wordpress\/plugins\/seo\/ -->\n<title>40 anos de Riberalves: o bacalhau que cresceu com as fam\u00edlias Portuguesas - Atelier do Caractere<\/title>\n<meta name=\"robots\" content=\"index, follow, max-snippet:-1, max-image-preview:large, max-video-preview:-1\" \/>\n<link rel=\"canonical\" href=\"https:\/\/www.atelierdocaractere.pt\/brevemente\/40-anos-de-riberalves-o-bacalhau-que-cresceu-com-as-familias-portuguesas\/\" \/>\n<meta property=\"og:locale\" content=\"pt_PT\" \/>\n<meta property=\"og:type\" content=\"article\" \/>\n<meta property=\"og:title\" content=\"40 anos de Riberalves: o bacalhau que cresceu com as fam\u00edlias Portuguesas - Atelier do Caractere\" \/>\n<meta property=\"og:description\" content=\"Uma nova campanha estreada esta quinta-feira, ancorada num an\u00fancio que celebra a forma como a marca tem contribu\u00eddo para aproximar...\" \/>\n<meta property=\"og:url\" content=\"https:\/\/www.atelierdocaractere.pt\/brevemente\/40-anos-de-riberalves-o-bacalhau-que-cresceu-com-as-familias-portuguesas\/\" \/>\n<meta property=\"og:site_name\" content=\"Atelier do Caractere\" \/>\n<meta property=\"article:publisher\" content=\"https:\/\/www.facebook.com\/AtelierdoCaractere\" \/>\n<meta property=\"article:published_time\" content=\"2025-05-29T15:33:09+00:00\" \/>\n<meta property=\"article:modified_time\" content=\"2025-05-30T15:39:34+00:00\" \/>\n<meta property=\"og:image\" content=\"https:\/\/www.atelierdocaractere.pt\/wp-content\/uploads\/2025\/05\/mupi3-1.jpeg\" \/>\n\t<meta property=\"og:image:width\" content=\"1200\" \/>\n\t<meta property=\"og:image:height\" content=\"1200\" \/>\n\t<meta property=\"og:image:type\" content=\"image\/jpeg\" \/>\n<meta name=\"author\" content=\"Joana Barbosa\" \/>\n<meta name=\"twitter:card\" content=\"summary_large_image\" \/>\n<meta name=\"twitter:label1\" content=\"Escrito por\" \/>\n\t<meta name=\"twitter:data1\" content=\"Joana Barbosa\" \/>\n\t<meta name=\"twitter:label2\" content=\"Tempo estimado de leitura\" \/>\n\t<meta name=\"twitter:data2\" content=\"4 minutos\" \/>\n<script type=\"application\/ld+json\" class=\"yoast-schema-graph\">{\"@context\":\"https:\/\/schema.org\",\"@graph\":[{\"@type\":\"WebPage\",\"@id\":\"https:\/\/www.atelierdocaractere.pt\/brevemente\/40-anos-de-riberalves-o-bacalhau-que-cresceu-com-as-familias-portuguesas\/\",\"url\":\"https:\/\/www.atelierdocaractere.pt\/brevemente\/40-anos-de-riberalves-o-bacalhau-que-cresceu-com-as-familias-portuguesas\/\",\"name\":\"40 anos de Riberalves: o bacalhau que cresceu com as fam\u00edlias Portuguesas - Atelier do Caractere\",\"isPartOf\":{\"@id\":\"https:\/\/www.atelierdocaractere.pt\/brevemente\/#website\"},\"datePublished\":\"2025-05-29T15:33:09+00:00\",\"dateModified\":\"2025-05-30T15:39:34+00:00\",\"author\":{\"@id\":\"https:\/\/www.atelierdocaractere.pt\/brevemente\/#\/schema\/person\/f2f096eb0f27d9894725af22cb97c0db\"},\"breadcrumb\":{\"@id\":\"https:\/\/www.atelierdocaractere.pt\/brevemente\/40-anos-de-riberalves-o-bacalhau-que-cresceu-com-as-familias-portuguesas\/#breadcrumb\"},\"inLanguage\":\"pt-PT\",\"potentialAction\":[{\"@type\":\"ReadAction\",\"target\":[\"https:\/\/www.atelierdocaractere.pt\/brevemente\/40-anos-de-riberalves-o-bacalhau-que-cresceu-com-as-familias-portuguesas\/\"]}]},{\"@type\":\"BreadcrumbList\",\"@id\":\"https:\/\/www.atelierdocaractere.pt\/brevemente\/40-anos-de-riberalves-o-bacalhau-que-cresceu-com-as-familias-portuguesas\/#breadcrumb\",\"itemListElement\":[{\"@type\":\"ListItem\",\"position\":1,\"name\":\"In\u00edcio\",\"item\":\"https:\/\/www.atelierdocaractere.pt\/brevemente\/\"},{\"@type\":\"ListItem\",\"position\":2,\"name\":\"40 anos de Riberalves: o bacalhau que cresceu com as fam\u00edlias Portuguesas\"}]},{\"@type\":\"WebSite\",\"@id\":\"https:\/\/www.atelierdocaractere.pt\/brevemente\/#website\",\"url\":\"https:\/\/www.atelierdocaractere.pt\/brevemente\/\",\"name\":\"Atelier do Caractere\",\"description\":\"\",\"potentialAction\":[{\"@type\":\"SearchAction\",\"target\":{\"@type\":\"EntryPoint\",\"urlTemplate\":\"https:\/\/www.atelierdocaractere.pt\/brevemente\/?s={search_term_string}\"},\"query-input\":\"required name=search_term_string\"}],\"inLanguage\":\"pt-PT\"},{\"@type\":\"Person\",\"@id\":\"https:\/\/www.atelierdocaractere.pt\/brevemente\/#\/schema\/person\/f2f096eb0f27d9894725af22cb97c0db\",\"name\":\"Joana Barbosa\",\"image\":{\"@type\":\"ImageObject\",\"inLanguage\":\"pt-PT\",\"@id\":\"https:\/\/www.atelierdocaractere.pt\/brevemente\/#\/schema\/person\/image\/\",\"url\":\"https:\/\/secure.gravatar.com\/avatar\/33e8214b45e9d68a3a83008731075979?s=96&d=mm&r=g\",\"contentUrl\":\"https:\/\/secure.gravatar.com\/avatar\/33e8214b45e9d68a3a83008731075979?s=96&d=mm&r=g\",\"caption\":\"Joana Barbosa\"},\"url\":\"https:\/\/www.atelierdocaractere.pt\/brevemente\/author\/joanabarbosa\/\"}]}<\/script>\n<!-- \/ Yoast SEO plugin. -->","yoast_head_json":{"title":"40 anos de Riberalves: o bacalhau que cresceu com as fam\u00edlias Portuguesas - Atelier do Caractere","robots":{"index":"index","follow":"follow","max-snippet":"max-snippet:-1","max-image-preview":"max-image-preview:large","max-video-preview":"max-video-preview:-1"},"canonical":"https:\/\/www.atelierdocaractere.pt\/brevemente\/40-anos-de-riberalves-o-bacalhau-que-cresceu-com-as-familias-portuguesas\/","og_locale":"pt_PT","og_type":"article","og_title":"40 anos de Riberalves: o bacalhau que cresceu com as fam\u00edlias Portuguesas - Atelier do Caractere","og_description":"Uma nova campanha estreada esta quinta-feira, ancorada num an\u00fancio que celebra a forma como a marca tem contribu\u00eddo para aproximar...","og_url":"https:\/\/www.atelierdocaractere.pt\/brevemente\/40-anos-de-riberalves-o-bacalhau-que-cresceu-com-as-familias-portuguesas\/","og_site_name":"Atelier do Caractere","article_publisher":"https:\/\/www.facebook.com\/AtelierdoCaractere","article_published_time":"2025-05-29T15:33:09+00:00","article_modified_time":"2025-05-30T15:39:34+00:00","og_image":[{"width":1200,"height":1200,"url":"https:\/\/www.atelierdocaractere.pt\/wp-content\/uploads\/2025\/05\/mupi3-1.jpeg","type":"image\/jpeg"}],"author":"Joana Barbosa","twitter_card":"summary_large_image","twitter_misc":{"Escrito por":"Joana Barbosa","Tempo estimado de leitura":"4 minutos"},"schema":{"@context":"https:\/\/schema.org","@graph":[{"@type":"WebPage","@id":"https:\/\/www.atelierdocaractere.pt\/brevemente\/40-anos-de-riberalves-o-bacalhau-que-cresceu-com-as-familias-portuguesas\/","url":"https:\/\/www.atelierdocaractere.pt\/brevemente\/40-anos-de-riberalves-o-bacalhau-que-cresceu-com-as-familias-portuguesas\/","name":"40 anos de Riberalves: o bacalhau que cresceu com as fam\u00edlias Portuguesas - Atelier do Caractere","isPartOf":{"@id":"https:\/\/www.atelierdocaractere.pt\/brevemente\/#website"},"datePublished":"2025-05-29T15:33:09+00:00","dateModified":"2025-05-30T15:39:34+00:00","author":{"@id":"https:\/\/www.atelierdocaractere.pt\/brevemente\/#\/schema\/person\/f2f096eb0f27d9894725af22cb97c0db"},"breadcrumb":{"@id":"https:\/\/www.atelierdocaractere.pt\/brevemente\/40-anos-de-riberalves-o-bacalhau-que-cresceu-com-as-familias-portuguesas\/#breadcrumb"},"inLanguage":"pt-PT","potentialAction":[{"@type":"ReadAction","target":["https:\/\/www.atelierdocaractere.pt\/brevemente\/40-anos-de-riberalves-o-bacalhau-que-cresceu-com-as-familias-portuguesas\/"]}]},{"@type":"BreadcrumbList","@id":"https:\/\/www.atelierdocaractere.pt\/brevemente\/40-anos-de-riberalves-o-bacalhau-que-cresceu-com-as-familias-portuguesas\/#breadcrumb","itemListElement":[{"@type":"ListItem","position":1,"name":"In\u00edcio","item":"https:\/\/www.atelierdocaractere.pt\/brevemente\/"},{"@type":"ListItem","position":2,"name":"40 anos de Riberalves: o bacalhau que cresceu com as fam\u00edlias Portuguesas"}]},{"@type":"WebSite","@id":"https:\/\/www.atelierdocaractere.pt\/brevemente\/#website","url":"https:\/\/www.atelierdocaractere.pt\/brevemente\/","name":"Atelier do Caractere","description":"","potentialAction":[{"@type":"SearchAction","target":{"@type":"EntryPoint","urlTemplate":"https:\/\/www.atelierdocaractere.pt\/brevemente\/?s={search_term_string}"},"query-input":"required name=search_term_string"}],"inLanguage":"pt-PT"},{"@type":"Person","@id":"https:\/\/www.atelierdocaractere.pt\/brevemente\/#\/schema\/person\/f2f096eb0f27d9894725af22cb97c0db","name":"Joana Barbosa","image":{"@type":"ImageObject","inLanguage":"pt-PT","@id":"https:\/\/www.atelierdocaractere.pt\/brevemente\/#\/schema\/person\/image\/","url":"https:\/\/secure.gravatar.com\/avatar\/33e8214b45e9d68a3a83008731075979?s=96&d=mm&r=g","contentUrl":"https:\/\/secure.gravatar.com\/avatar\/33e8214b45e9d68a3a83008731075979?s=96&d=mm&r=g","caption":"Joana Barbosa"},"url":"https:\/\/www.atelierdocaractere.pt\/brevemente\/author\/joanabarbosa\/"}]}},"_links":{"self":[{"href":"https:\/\/www.atelierdocaractere.pt\/brevemente\/wp-json\/wp\/v2\/posts\/13801"}],"collection":[{"href":"https:\/\/www.atelierdocaractere.pt\/brevemente\/wp-json\/wp\/v2\/posts"}],"about":[{"href":"https:\/\/www.atelierdocaractere.pt\/brevemente\/wp-json\/wp\/v2\/types\/post"}],"author":[{"embeddable":true,"href":"https:\/\/www.atelierdocaractere.pt\/brevemente\/wp-json\/wp\/v2\/users\/7"}],"replies":[{"embeddable":true,"href":"https:\/\/www.atelierdocaractere.pt\/brevemente\/wp-json\/wp\/v2\/comments?post=13801"}],"version-history":[{"count":1,"href":"https:\/\/www.atelierdocaractere.pt\/brevemente\/wp-json\/wp\/v2\/posts\/13801\/revisions"}],"predecessor-version":[{"id":13804,"href":"https:\/\/www.atelierdocaractere.pt\/brevemente\/wp-json\/wp\/v2\/posts\/13801\/revisions\/13804"}],"wp:featuredmedia":[{"embeddable":true,"href":"https:\/\/www.atelierdocaractere.pt\/brevemente\/wp-json\/wp\/v2\/media\/13803"}],"wp:attachment":[{"href":"https:\/\/www.atelierdocaractere.pt\/brevemente\/wp-json\/wp\/v2\/media?parent=13801"}],"wp:term":[{"taxonomy":"category","embeddable":true,"href":"https:\/\/www.atelierdocaractere.pt\/brevemente\/wp-json\/wp\/v2\/categories?post=13801"},{"taxonomy":"post_tag","embeddable":true,"href":"https:\/\/www.atelierdocaractere.pt\/brevemente\/wp-json\/wp\/v2\/tags?post=13801"}],"curies":[{"name":"wp","href":"https:\/\/api.w.org\/{rel}","templated":true}]}}