{"id":13806,"date":"2025-06-15T09:13:57","date_gmt":"2025-06-15T09:13:57","guid":{"rendered":"https:\/\/www.atelierdocaractere.pt\/brevemente\/?p=13806"},"modified":"2025-06-16T09:18:04","modified_gmt":"2025-06-16T09:18:04","slug":"multisport-weekend-2025-arrancou-em-coimbra-com-milhares-de-participantes-e-percurso-inedito-no-canal-do-metro-mondego","status":"publish","type":"post","link":"https:\/\/www.atelierdocaractere.pt\/brevemente\/multisport-weekend-2025-arrancou-em-coimbra-com-milhares-de-participantes-e-percurso-inedito-no-canal-do-metro-mondego\/","title":{"rendered":"Multisport Weekend 2025 arrancou em Coimbra com milhares de participantes e percurso in\u00e9dito no canal do Metro Mondego"},"content":{"rendered":"\n<p><strong>Mais de 1000 atletas participaram nas provas do primeiro dia, divididos entre corridas de Maratona, Meia-Maratona e 10 Km e uma caminhada solid\u00e1ria. Amanh\u00e3 h\u00e1 ciclismo em contrarrel\u00f3gio.<\/strong><\/p>\n\n\n\n<p>A edi\u00e7\u00e3o deste ano do&nbsp;<strong>MultiSport Weekend Coimbra<\/strong>&nbsp;arrancou hoje em grande estilo com a&nbsp;<strong>Summer Run<\/strong>, prova que reuniu centenas de atletas e milhares de pessoas numa celebra\u00e7\u00e3o do desporto ao ar livre. O cen\u00e1rio foi absolutamente singular: o canal do futuro Metro Mondego.<\/p>\n\n\n\n<p>A transforma\u00e7\u00e3o do antigo ramal de comboios da Lous\u00e3 num percurso desportivo foi um sucesso, com elogios generalizados \u00e0 organiza\u00e7\u00e3o, \u00e0 qualidade e rapidez do tra\u00e7ado e \u00e0 beleza da envolv\u00eancia natural. A iniciativa desportiva, de caracter\u00edsticas irrepet\u00edveis, juntou tr\u00eas concelhos, numa organiza\u00e7\u00e3o da&nbsp;<strong>Multisport Portugal<\/strong>,com o apoio das&nbsp;<strong>C\u00e2maras Municipais de Coimbra<\/strong>,&nbsp;<strong>Lous\u00e3<\/strong>&nbsp;e&nbsp;<strong>Miranda do Corvo&nbsp;<\/strong>edo<strong>&nbsp;Metro Mondego<\/strong>.<\/p>\n\n\n\n<p>No total, foram cerca de 900 atletas em prova nas corridas de Maratona, Meia Maratona e 10 km \u2013 um recorde de participa\u00e7\u00e3o para o evento \u2013, a que se juntaram tr\u00eas centenas de pessoas numa caminhada solid\u00e1ria, cujas receitas reverteram a favor da associa\u00e7\u00e3o Cavalo Azul.<\/p>\n\n\n\n<p>O tra\u00e7ado das provas percorreu o canal dedicado ao futuro Metro Mondego, infraestrutura em constru\u00e7\u00e3o que, ainda este ano, ligar\u00e1 Serpins ao Largo da Portagem, em Coimbra. As partidas foram descentralizadas \u2013 os 10 Km em Vale d&#8217;A\u00e7or (Miranda do Corvo), a Meia-Maratona em Miranda do Corvo e a Maratona na Lous\u00e3 \u2013, com uma meta comum na futura esta\u00e7\u00e3o de Metro da Portagem, no cora\u00e7\u00e3o de Coimbra.<\/p>\n\n\n\n<p>A jornada ficou marcada pelo ambiente familiar, pelo entusiasmo do p\u00fablico ao longo do percurso e pelas declara\u00e7\u00f5es positivas de atletas e respons\u00e1veis, que confirmam o impacto da iniciativa na cidade.<\/p>\n\n\n\n<p><strong>Andr\u00e9 Costa<\/strong>, da Casa do Benfica de Reguengos de Monsaraz,<strong>&nbsp;foi o grande vencedor da Maratona masculina<\/strong>, com o tempo de 02:27:19. Ele, que j\u00e1 tinha vencido a Summer Run no ano passado.&nbsp;<em>\u201cEste ano foi ainda mais espetacular correr aqui. Um piso novo, um percurso em contacto com a natureza, com o Rio Mondego ali ao lado. A organiza\u00e7\u00e3o est\u00e1 de parab\u00e9ns\u201d<\/em>, disse \u00e0 chegada o primeiro atleta a completar os 42 Km.<\/p>\n\n\n\n<p>Na Maratona feminina, a vit\u00f3ria sorriu a&nbsp;<strong>Raquel Pereira (Agualva Runners)<\/strong>, com 03:22:50. J\u00e1 na Meia-Maratona,&nbsp;<strong>Jos\u00e9 Sousa (Macedo de Cavaleiros)<\/strong>&nbsp;venceu com o tempo de 01:04:05 e&nbsp;<strong>C\u00e1tia Rodrigues (Escola de Atletismo de Coimbra \/ JPaiva)<\/strong>&nbsp;foi a mais r\u00e1pida entre as mulheres, com 01:26:08.<\/p>\n\n\n\n<p>Na corrida de 10 km, destaque para&nbsp;<strong>Ricardo Gaspar (Escola de Atletismo de Coimbra \/ JPaiva)<\/strong>, com 00:32:41,e&nbsp;<strong>Andreia Jesus (ACRSD)<\/strong>, com 00:43:45, vencedores nas categorias masculina e feminina.<\/p>\n\n\n\n<p><strong>\u201cUma dupla jornada desportiva fant\u00e1stica para Coimbra\u201d<\/strong><strong><\/strong><\/p>\n\n\n\n<p><strong>Ricardo Lacerda, da Multisport Portugal<\/strong>, coordenador da organiza\u00e7\u00e3o, n\u00e3o esconde o entusiasmo com os resultados do primeiro dia:&nbsp;<em>\u201cEstamos a meio do Multisport Weekend, e esta primeira parte, a Summer Run, correu muito bem. O canal do Metro Mondego revelou-se um palco extraordin\u00e1rio para o desporto. Para quem assistiu foi fant\u00e1stico, com muito p\u00fablico ao longo do percurso a incentivar os atletas. Por parte dos participantes, o feedback foi tamb\u00e9m maravilhoso. Amanh\u00e3 \u00e9 dia das bicicletas, e se correr t\u00e3o bem como hoje, ser\u00e1 a consagra\u00e7\u00e3o de uma dupla jornada desportiva fant\u00e1stica para Coimbra\u201d.<\/em><\/p>\n\n\n\n<p>Tamb\u00e9m&nbsp;<strong>Carlos Lopes<\/strong>,vereador do Desporto da C\u00e2mara Municipal de Coimbra, destaca o sucesso da iniciativa:&nbsp;<em>\u201cO feedback desta Summer Run est\u00e1 a ser muito positivo, com os participantes a elogiarem o percurso. Estamos muito satisfeitos com aquilo que tem acontecido at\u00e9 agora. Quisemos mostrar \u00e0s pessoas o canal do Metro, para terem uma perspetiva que as coisas est\u00e3o a avan\u00e7ar, e as pessoas aderiram. Foi uma atividade fant\u00e1stica, que mobilizou milhares de participantes, e uma aposta ganha por Coimbra\u201d<\/em>.<\/p>\n\n\n\n<p><strong>O Multisport Weekend Coimbra 2025 termina amanh\u00e3, domingo, com as provas de contrarrel\u00f3gio individual em bicicleta<\/strong>, entre Serpins e Coimbra. Est\u00e1 assegurado transporte especial pela Metro Mondego e espera-se nova enchente ao longo do percurso.<\/p>\n","protected":false},"excerpt":{"rendered":"<p>Mais de 1000 atletas participaram nas provas do primeiro dia, divididos entre corridas de Maratona, Meia-Maratona e 10 Km e&#8230;<\/p>\n","protected":false},"author":7,"featured_media":13807,"comment_status":"closed","ping_status":"open","sticky":false,"template":"","format":"standard","meta":[],"categories":[26],"tags":[737,961],"yoast_head":"<!-- This site is optimized with the Yoast SEO plugin v20.12 - https:\/\/yoast.com\/wordpress\/plugins\/seo\/ -->\n<title>Multisport Weekend 2025 arrancou em Coimbra com milhares de participantes e percurso in\u00e9dito no canal do Metro Mondego - Atelier do Caractere<\/title>\n<meta name=\"robots\" content=\"index, follow, max-snippet:-1, max-image-preview:large, max-video-preview:-1\" \/>\n<link rel=\"canonical\" href=\"https:\/\/www.atelierdocaractere.pt\/brevemente\/multisport-weekend-2025-arrancou-em-coimbra-com-milhares-de-participantes-e-percurso-inedito-no-canal-do-metro-mondego\/\" \/>\n<meta property=\"og:locale\" content=\"pt_PT\" \/>\n<meta property=\"og:type\" content=\"article\" \/>\n<meta property=\"og:title\" content=\"Multisport Weekend 2025 arrancou em Coimbra com milhares de participantes e percurso in\u00e9dito no canal do Metro Mondego - Atelier do Caractere\" \/>\n<meta property=\"og:description\" content=\"Mais de 1000 atletas participaram nas provas do primeiro dia, divididos entre corridas de Maratona, Meia-Maratona e 10 Km e...\" \/>\n<meta property=\"og:url\" content=\"https:\/\/www.atelierdocaractere.pt\/brevemente\/multisport-weekend-2025-arrancou-em-coimbra-com-milhares-de-participantes-e-percurso-inedito-no-canal-do-metro-mondego\/\" \/>\n<meta property=\"og:site_name\" content=\"Atelier do Caractere\" \/>\n<meta property=\"article:publisher\" content=\"https:\/\/www.facebook.com\/AtelierdoCaractere\" \/>\n<meta property=\"article:published_time\" content=\"2025-06-15T09:13:57+00:00\" \/>\n<meta property=\"article:modified_time\" content=\"2025-06-16T09:18:04+00:00\" \/>\n<meta property=\"og:image\" content=\"https:\/\/www.atelierdocaractere.pt\/wp-content\/uploads\/2025\/06\/descarregar-1.png\" \/>\n\t<meta property=\"og:image:width\" content=\"943\" \/>\n\t<meta property=\"og:image:height\" content=\"630\" \/>\n\t<meta property=\"og:image:type\" content=\"image\/png\" \/>\n<meta name=\"author\" content=\"Joana Barbosa\" \/>\n<meta name=\"twitter:card\" content=\"summary_large_image\" \/>\n<meta name=\"twitter:label1\" content=\"Escrito por\" \/>\n\t<meta name=\"twitter:data1\" content=\"Joana Barbosa\" \/>\n\t<meta name=\"twitter:label2\" content=\"Tempo estimado de leitura\" \/>\n\t<meta name=\"twitter:data2\" content=\"4 minutos\" \/>\n<script type=\"application\/ld+json\" class=\"yoast-schema-graph\">{\"@context\":\"https:\/\/schema.org\",\"@graph\":[{\"@type\":\"WebPage\",\"@id\":\"https:\/\/www.atelierdocaractere.pt\/brevemente\/multisport-weekend-2025-arrancou-em-coimbra-com-milhares-de-participantes-e-percurso-inedito-no-canal-do-metro-mondego\/\",\"url\":\"https:\/\/www.atelierdocaractere.pt\/brevemente\/multisport-weekend-2025-arrancou-em-coimbra-com-milhares-de-participantes-e-percurso-inedito-no-canal-do-metro-mondego\/\",\"name\":\"Multisport Weekend 2025 arrancou em Coimbra com milhares de participantes e percurso in\u00e9dito no canal do Metro Mondego - Atelier do Caractere\",\"isPartOf\":{\"@id\":\"https:\/\/www.atelierdocaractere.pt\/brevemente\/#website\"},\"datePublished\":\"2025-06-15T09:13:57+00:00\",\"dateModified\":\"2025-06-16T09:18:04+00:00\",\"author\":{\"@id\":\"https:\/\/www.atelierdocaractere.pt\/brevemente\/#\/schema\/person\/f2f096eb0f27d9894725af22cb97c0db\"},\"breadcrumb\":{\"@id\":\"https:\/\/www.atelierdocaractere.pt\/brevemente\/multisport-weekend-2025-arrancou-em-coimbra-com-milhares-de-participantes-e-percurso-inedito-no-canal-do-metro-mondego\/#breadcrumb\"},\"inLanguage\":\"pt-PT\",\"potentialAction\":[{\"@type\":\"ReadAction\",\"target\":[\"https:\/\/www.atelierdocaractere.pt\/brevemente\/multisport-weekend-2025-arrancou-em-coimbra-com-milhares-de-participantes-e-percurso-inedito-no-canal-do-metro-mondego\/\"]}]},{\"@type\":\"BreadcrumbList\",\"@id\":\"https:\/\/www.atelierdocaractere.pt\/brevemente\/multisport-weekend-2025-arrancou-em-coimbra-com-milhares-de-participantes-e-percurso-inedito-no-canal-do-metro-mondego\/#breadcrumb\",\"itemListElement\":[{\"@type\":\"ListItem\",\"position\":1,\"name\":\"In\u00edcio\",\"item\":\"https:\/\/www.atelierdocaractere.pt\/brevemente\/\"},{\"@type\":\"ListItem\",\"position\":2,\"name\":\"Multisport Weekend 2025 arrancou em Coimbra com milhares de participantes e percurso in\u00e9dito no canal do Metro Mondego\"}]},{\"@type\":\"WebSite\",\"@id\":\"https:\/\/www.atelierdocaractere.pt\/brevemente\/#website\",\"url\":\"https:\/\/www.atelierdocaractere.pt\/brevemente\/\",\"name\":\"Atelier do Caractere\",\"description\":\"\",\"potentialAction\":[{\"@type\":\"SearchAction\",\"target\":{\"@type\":\"EntryPoint\",\"urlTemplate\":\"https:\/\/www.atelierdocaractere.pt\/brevemente\/?s={search_term_string}\"},\"query-input\":\"required name=search_term_string\"}],\"inLanguage\":\"pt-PT\"},{\"@type\":\"Person\",\"@id\":\"https:\/\/www.atelierdocaractere.pt\/brevemente\/#\/schema\/person\/f2f096eb0f27d9894725af22cb97c0db\",\"name\":\"Joana Barbosa\",\"image\":{\"@type\":\"ImageObject\",\"inLanguage\":\"pt-PT\",\"@id\":\"https:\/\/www.atelierdocaractere.pt\/brevemente\/#\/schema\/person\/image\/\",\"url\":\"https:\/\/secure.gravatar.com\/avatar\/33e8214b45e9d68a3a83008731075979?s=96&d=mm&r=g\",\"contentUrl\":\"https:\/\/secure.gravatar.com\/avatar\/33e8214b45e9d68a3a83008731075979?s=96&d=mm&r=g\",\"caption\":\"Joana Barbosa\"},\"url\":\"https:\/\/www.atelierdocaractere.pt\/brevemente\/author\/joanabarbosa\/\"}]}<\/script>\n<!-- \/ Yoast SEO plugin. -->","yoast_head_json":{"title":"Multisport Weekend 2025 arrancou em Coimbra com milhares de participantes e percurso in\u00e9dito no canal do Metro Mondego - Atelier do Caractere","robots":{"index":"index","follow":"follow","max-snippet":"max-snippet:-1","max-image-preview":"max-image-preview:large","max-video-preview":"max-video-preview:-1"},"canonical":"https:\/\/www.atelierdocaractere.pt\/brevemente\/multisport-weekend-2025-arrancou-em-coimbra-com-milhares-de-participantes-e-percurso-inedito-no-canal-do-metro-mondego\/","og_locale":"pt_PT","og_type":"article","og_title":"Multisport Weekend 2025 arrancou em Coimbra com milhares de participantes e percurso in\u00e9dito no canal do Metro Mondego - Atelier do Caractere","og_description":"Mais de 1000 atletas participaram nas provas do primeiro dia, divididos entre corridas de Maratona, Meia-Maratona e 10 Km e...","og_url":"https:\/\/www.atelierdocaractere.pt\/brevemente\/multisport-weekend-2025-arrancou-em-coimbra-com-milhares-de-participantes-e-percurso-inedito-no-canal-do-metro-mondego\/","og_site_name":"Atelier do Caractere","article_publisher":"https:\/\/www.facebook.com\/AtelierdoCaractere","article_published_time":"2025-06-15T09:13:57+00:00","article_modified_time":"2025-06-16T09:18:04+00:00","og_image":[{"width":943,"height":630,"url":"https:\/\/www.atelierdocaractere.pt\/wp-content\/uploads\/2025\/06\/descarregar-1.png","type":"image\/png"}],"author":"Joana Barbosa","twitter_card":"summary_large_image","twitter_misc":{"Escrito por":"Joana Barbosa","Tempo estimado de leitura":"4 minutos"},"schema":{"@context":"https:\/\/schema.org","@graph":[{"@type":"WebPage","@id":"https:\/\/www.atelierdocaractere.pt\/brevemente\/multisport-weekend-2025-arrancou-em-coimbra-com-milhares-de-participantes-e-percurso-inedito-no-canal-do-metro-mondego\/","url":"https:\/\/www.atelierdocaractere.pt\/brevemente\/multisport-weekend-2025-arrancou-em-coimbra-com-milhares-de-participantes-e-percurso-inedito-no-canal-do-metro-mondego\/","name":"Multisport Weekend 2025 arrancou em Coimbra com milhares de participantes e percurso in\u00e9dito no canal do Metro Mondego - Atelier do Caractere","isPartOf":{"@id":"https:\/\/www.atelierdocaractere.pt\/brevemente\/#website"},"datePublished":"2025-06-15T09:13:57+00:00","dateModified":"2025-06-16T09:18:04+00:00","author":{"@id":"https:\/\/www.atelierdocaractere.pt\/brevemente\/#\/schema\/person\/f2f096eb0f27d9894725af22cb97c0db"},"breadcrumb":{"@id":"https:\/\/www.atelierdocaractere.pt\/brevemente\/multisport-weekend-2025-arrancou-em-coimbra-com-milhares-de-participantes-e-percurso-inedito-no-canal-do-metro-mondego\/#breadcrumb"},"inLanguage":"pt-PT","potentialAction":[{"@type":"ReadAction","target":["https:\/\/www.atelierdocaractere.pt\/brevemente\/multisport-weekend-2025-arrancou-em-coimbra-com-milhares-de-participantes-e-percurso-inedito-no-canal-do-metro-mondego\/"]}]},{"@type":"BreadcrumbList","@id":"https:\/\/www.atelierdocaractere.pt\/brevemente\/multisport-weekend-2025-arrancou-em-coimbra-com-milhares-de-participantes-e-percurso-inedito-no-canal-do-metro-mondego\/#breadcrumb","itemListElement":[{"@type":"ListItem","position":1,"name":"In\u00edcio","item":"https:\/\/www.atelierdocaractere.pt\/brevemente\/"},{"@type":"ListItem","position":2,"name":"Multisport Weekend 2025 arrancou em Coimbra com milhares de participantes e percurso in\u00e9dito no canal do Metro Mondego"}]},{"@type":"WebSite","@id":"https:\/\/www.atelierdocaractere.pt\/brevemente\/#website","url":"https:\/\/www.atelierdocaractere.pt\/brevemente\/","name":"Atelier do Caractere","description":"","potentialAction":[{"@type":"SearchAction","target":{"@type":"EntryPoint","urlTemplate":"https:\/\/www.atelierdocaractere.pt\/brevemente\/?s={search_term_string}"},"query-input":"required name=search_term_string"}],"inLanguage":"pt-PT"},{"@type":"Person","@id":"https:\/\/www.atelierdocaractere.pt\/brevemente\/#\/schema\/person\/f2f096eb0f27d9894725af22cb97c0db","name":"Joana Barbosa","image":{"@type":"ImageObject","inLanguage":"pt-PT","@id":"https:\/\/www.atelierdocaractere.pt\/brevemente\/#\/schema\/person\/image\/","url":"https:\/\/secure.gravatar.com\/avatar\/33e8214b45e9d68a3a83008731075979?s=96&d=mm&r=g","contentUrl":"https:\/\/secure.gravatar.com\/avatar\/33e8214b45e9d68a3a83008731075979?s=96&d=mm&r=g","caption":"Joana Barbosa"},"url":"https:\/\/www.atelierdocaractere.pt\/brevemente\/author\/joanabarbosa\/"}]}},"_links":{"self":[{"href":"https:\/\/www.atelierdocaractere.pt\/brevemente\/wp-json\/wp\/v2\/posts\/13806"}],"collection":[{"href":"https:\/\/www.atelierdocaractere.pt\/brevemente\/wp-json\/wp\/v2\/posts"}],"about":[{"href":"https:\/\/www.atelierdocaractere.pt\/brevemente\/wp-json\/wp\/v2\/types\/post"}],"author":[{"embeddable":true,"href":"https:\/\/www.atelierdocaractere.pt\/brevemente\/wp-json\/wp\/v2\/users\/7"}],"replies":[{"embeddable":true,"href":"https:\/\/www.atelierdocaractere.pt\/brevemente\/wp-json\/wp\/v2\/comments?post=13806"}],"version-history":[{"count":1,"href":"https:\/\/www.atelierdocaractere.pt\/brevemente\/wp-json\/wp\/v2\/posts\/13806\/revisions"}],"predecessor-version":[{"id":13808,"href":"https:\/\/www.atelierdocaractere.pt\/brevemente\/wp-json\/wp\/v2\/posts\/13806\/revisions\/13808"}],"wp:featuredmedia":[{"embeddable":true,"href":"https:\/\/www.atelierdocaractere.pt\/brevemente\/wp-json\/wp\/v2\/media\/13807"}],"wp:attachment":[{"href":"https:\/\/www.atelierdocaractere.pt\/brevemente\/wp-json\/wp\/v2\/media?parent=13806"}],"wp:term":[{"taxonomy":"category","embeddable":true,"href":"https:\/\/www.atelierdocaractere.pt\/brevemente\/wp-json\/wp\/v2\/categories?post=13806"},{"taxonomy":"post_tag","embeddable":true,"href":"https:\/\/www.atelierdocaractere.pt\/brevemente\/wp-json\/wp\/v2\/tags?post=13806"}],"curies":[{"name":"wp","href":"https:\/\/api.w.org\/{rel}","templated":true}]}}