{"id":13809,"date":"2025-06-15T09:21:04","date_gmt":"2025-06-15T09:21:04","guid":{"rendered":"https:\/\/www.atelierdocaractere.pt\/brevemente\/?p=13809"},"modified":"2025-06-16T10:05:51","modified_gmt":"2025-06-16T10:05:51","slug":"contrarrelogio-multisport-weekend-confirmou-coimbra-como-capital-do-desporto-ao-ar-livre","status":"publish","type":"post","link":"https:\/\/www.atelierdocaractere.pt\/brevemente\/contrarrelogio-multisport-weekend-confirmou-coimbra-como-capital-do-desporto-ao-ar-livre\/","title":{"rendered":"Contrarrel\u00f3gio MultiSport Weekend confirmou Coimbra como capital do desporto ao ar livre"},"content":{"rendered":"\n<p><strong>Prova de encerramento do evento juntou cerca de 300 ciclistas no canal do Metro Mondego. Organiza\u00e7\u00e3o elogia ades\u00e3o e impacto do evento na cidade.<\/strong><\/p>\n\n\n\n<p>O&nbsp;<strong>MultiSport Weekend Coimbra 2025<\/strong>&nbsp;chegou hoje ao fim com mais uma demonstra\u00e7\u00e3o de forte ades\u00e3o popular ao desporto ao ar livre. Tal como no primeiro dia, o canal do futuro Metro Mondego foi o palco principal, desta vez para duas provas de contrarrel\u00f3gio individual em bicicleta, que reuniram 286 participantes e largas centenas de pessoas ao longo dos mais de 35 quil\u00f3metros do percurso.<\/p>\n\n\n\n<p>Disputado entre Serpins (Lous\u00e3) e Coimbra, o tra\u00e7ado teve como cen\u00e1rio o antigo ramal ferrovi\u00e1rio da Lous\u00e3, transformado, por um fim de semana, numa pista aberta a atletas federados e amadores, numa experi\u00eancia considerada \u201cirrepet\u00edvel\u201d e \u201cmemor\u00e1vel\u201d por muitos dos participantes.<\/p>\n\n\n\n<p>A prova destinada a bicicletas especiais de contrarrel\u00f3gio (<strong>TT bikes)<\/strong>&nbsp;foi ganha por&nbsp;<strong>Helder Loureiro<\/strong>&nbsp;(CRP Ribafria), com o tempo de&nbsp;<strong>00:43:09<\/strong>, enquanto na vers\u00e3o feminina o melhor tempo foi de&nbsp;<strong>Patr\u00edcia Rosa<\/strong>&nbsp;(Individual), com&nbsp;<strong>00:53:43<\/strong>. J\u00e1 na vertente de bicicletas de estrada (<strong>road bikes)<\/strong>, os vencedores do contrarrel\u00f3gio foram&nbsp;<strong>Bernardo Gon\u00e7alves<\/strong>&nbsp;(Aeroedge), com&nbsp;<strong>00:45:35<\/strong>, e&nbsp;<strong>Ana Barata<\/strong>&nbsp;(Individual), com&nbsp;<strong>00:57:44<\/strong>.<\/p>\n\n\n\n<p>No total dos dois dias, o MultiSport Weekend Coimbra 2025 mobilizou cerca de 1.200 atletas nas v\u00e1rias provas de corrida e ciclismo, al\u00e9m de centenas de participantes na caminhada solid\u00e1ria e milhares de pessoas ao longo do percurso, a incentivar os atletas e a dar corpo \u00e0 dimens\u00e3o popular do evento.<\/p>\n\n\n\n<p><strong>\u201cUm enorme sucesso para Coimbra\u201d<\/strong><\/p>\n\n\n\n<p>Para&nbsp;<strong>Ricardo Lacerda<\/strong>, da Multisport Portugal, empresa organizadora do evento,&nbsp;<em>\u201ceste fim de semana foi um enorme sucesso para Coimbra<\/em>.&nbsp;<em>O balan\u00e7o n\u00e3o podia ser mais positivo: provas esgotadas, log\u00edstica cumprida \u00e0 risca, envolvimento do p\u00fablico e feedback entusi\u00e1stico dos atletas, muitos dos quais j\u00e1 garantiram o regresso em futuras edi\u00e7\u00f5es<\/em>\u201d.&nbsp;<em>\u201cCoimbra consegue, com muita facilidade, equiparar-se ao que de melhor se faz na Europa ao n\u00edvel de eventos desportivos ao ar livre. H\u00e1 que aproveitar estas infraestruturas que a cidade tem e que muitas vezes nem os conimbricenses conhecem. Esse \u00e9 o nosso desafio: tirar as pessoas dos gin\u00e1sios, das rotinas tradicionais, e mostrar que Coimbra tem tudo para ser palco de grandes eventos desportivos de rua\u201d<\/em>, acrescenta.<\/p>\n\n\n\n<p>O&nbsp;<strong>canal do Metro Mondego<\/strong>, ainda em fase final de obras, revelou-se um tra\u00e7ado ideal para este tipo de iniciativas, que unem o desporto e a mobilidade. A organiza\u00e7\u00e3o real\u00e7a tamb\u00e9m o papel fundamental das autarquias envolvidas no evento \u2013&nbsp;<strong>Coimbra<\/strong>,&nbsp;<strong>Lous\u00e3<\/strong>&nbsp;e&nbsp;<strong>Miranda do Corvo<\/strong>&nbsp;\u2013, assim como da&nbsp;<strong>Metro Mondego<\/strong>, dos volunt\u00e1rios e de todos os que tornaram poss\u00edvel esta edi\u00e7\u00e3o especial do MultiSport Weekend Coimbra.<\/p>\n\n\n\n<p>Com os olhos postos no futuro \u2013 e na capta\u00e7\u00e3o de grandes eventos internacionais j\u00e1 em 2026 \u2013 Coimbra refor\u00e7a a sua posi\u00e7\u00e3o como capital do desporto ao ar livre em Portugal.<\/p>\n","protected":false},"excerpt":{"rendered":"<p>Prova de encerramento do evento juntou cerca de 300 ciclistas no canal do Metro Mondego. Organiza\u00e7\u00e3o elogia ades\u00e3o e impacto&#8230;<\/p>\n","protected":false},"author":7,"featured_media":13810,"comment_status":"closed","ping_status":"open","sticky":false,"template":"","format":"standard","meta":[],"categories":[26],"tags":[737,962,961,963],"yoast_head":"<!-- This site is optimized with the Yoast SEO plugin v20.12 - https:\/\/yoast.com\/wordpress\/plugins\/seo\/ -->\n<title>Contrarrel\u00f3gio MultiSport Weekend confirmou Coimbra como capital do desporto ao ar livre - Atelier do Caractere<\/title>\n<meta name=\"robots\" content=\"index, follow, max-snippet:-1, max-image-preview:large, max-video-preview:-1\" \/>\n<link rel=\"canonical\" href=\"https:\/\/www.atelierdocaractere.pt\/brevemente\/contrarrelogio-multisport-weekend-confirmou-coimbra-como-capital-do-desporto-ao-ar-livre\/\" \/>\n<meta property=\"og:locale\" content=\"pt_PT\" \/>\n<meta property=\"og:type\" content=\"article\" \/>\n<meta property=\"og:title\" content=\"Contrarrel\u00f3gio MultiSport Weekend confirmou Coimbra como capital do desporto ao ar livre - Atelier do Caractere\" \/>\n<meta property=\"og:description\" content=\"Prova de encerramento do evento juntou cerca de 300 ciclistas no canal do Metro Mondego. Organiza\u00e7\u00e3o elogia ades\u00e3o e impacto...\" \/>\n<meta property=\"og:url\" content=\"https:\/\/www.atelierdocaractere.pt\/brevemente\/contrarrelogio-multisport-weekend-confirmou-coimbra-como-capital-do-desporto-ao-ar-livre\/\" \/>\n<meta property=\"og:site_name\" content=\"Atelier do Caractere\" \/>\n<meta property=\"article:publisher\" content=\"https:\/\/www.facebook.com\/AtelierdoCaractere\" \/>\n<meta property=\"article:published_time\" content=\"2025-06-15T09:21:04+00:00\" \/>\n<meta property=\"article:modified_time\" content=\"2025-06-16T10:05:51+00:00\" \/>\n<meta property=\"og:image\" content=\"https:\/\/www.atelierdocaractere.pt\/wp-content\/uploads\/2025\/06\/descarregar-2.png\" \/>\n\t<meta property=\"og:image:width\" content=\"944\" \/>\n\t<meta property=\"og:image:height\" content=\"628\" \/>\n\t<meta property=\"og:image:type\" content=\"image\/png\" \/>\n<meta name=\"author\" content=\"Joana Barbosa\" \/>\n<meta name=\"twitter:card\" content=\"summary_large_image\" \/>\n<meta name=\"twitter:label1\" content=\"Escrito por\" \/>\n\t<meta name=\"twitter:data1\" content=\"Joana Barbosa\" \/>\n\t<meta name=\"twitter:label2\" content=\"Tempo estimado de leitura\" \/>\n\t<meta name=\"twitter:data2\" content=\"3 minutos\" \/>\n<script type=\"application\/ld+json\" class=\"yoast-schema-graph\">{\"@context\":\"https:\/\/schema.org\",\"@graph\":[{\"@type\":\"WebPage\",\"@id\":\"https:\/\/www.atelierdocaractere.pt\/brevemente\/contrarrelogio-multisport-weekend-confirmou-coimbra-como-capital-do-desporto-ao-ar-livre\/\",\"url\":\"https:\/\/www.atelierdocaractere.pt\/brevemente\/contrarrelogio-multisport-weekend-confirmou-coimbra-como-capital-do-desporto-ao-ar-livre\/\",\"name\":\"Contrarrel\u00f3gio MultiSport Weekend confirmou Coimbra como capital do desporto ao ar livre - Atelier do Caractere\",\"isPartOf\":{\"@id\":\"https:\/\/www.atelierdocaractere.pt\/brevemente\/#website\"},\"datePublished\":\"2025-06-15T09:21:04+00:00\",\"dateModified\":\"2025-06-16T10:05:51+00:00\",\"author\":{\"@id\":\"https:\/\/www.atelierdocaractere.pt\/brevemente\/#\/schema\/person\/f2f096eb0f27d9894725af22cb97c0db\"},\"breadcrumb\":{\"@id\":\"https:\/\/www.atelierdocaractere.pt\/brevemente\/contrarrelogio-multisport-weekend-confirmou-coimbra-como-capital-do-desporto-ao-ar-livre\/#breadcrumb\"},\"inLanguage\":\"pt-PT\",\"potentialAction\":[{\"@type\":\"ReadAction\",\"target\":[\"https:\/\/www.atelierdocaractere.pt\/brevemente\/contrarrelogio-multisport-weekend-confirmou-coimbra-como-capital-do-desporto-ao-ar-livre\/\"]}]},{\"@type\":\"BreadcrumbList\",\"@id\":\"https:\/\/www.atelierdocaractere.pt\/brevemente\/contrarrelogio-multisport-weekend-confirmou-coimbra-como-capital-do-desporto-ao-ar-livre\/#breadcrumb\",\"itemListElement\":[{\"@type\":\"ListItem\",\"position\":1,\"name\":\"In\u00edcio\",\"item\":\"https:\/\/www.atelierdocaractere.pt\/brevemente\/\"},{\"@type\":\"ListItem\",\"position\":2,\"name\":\"Contrarrel\u00f3gio MultiSport Weekend confirmou Coimbra como capital do desporto ao ar livre\"}]},{\"@type\":\"WebSite\",\"@id\":\"https:\/\/www.atelierdocaractere.pt\/brevemente\/#website\",\"url\":\"https:\/\/www.atelierdocaractere.pt\/brevemente\/\",\"name\":\"Atelier do Caractere\",\"description\":\"\",\"potentialAction\":[{\"@type\":\"SearchAction\",\"target\":{\"@type\":\"EntryPoint\",\"urlTemplate\":\"https:\/\/www.atelierdocaractere.pt\/brevemente\/?s={search_term_string}\"},\"query-input\":\"required name=search_term_string\"}],\"inLanguage\":\"pt-PT\"},{\"@type\":\"Person\",\"@id\":\"https:\/\/www.atelierdocaractere.pt\/brevemente\/#\/schema\/person\/f2f096eb0f27d9894725af22cb97c0db\",\"name\":\"Joana Barbosa\",\"image\":{\"@type\":\"ImageObject\",\"inLanguage\":\"pt-PT\",\"@id\":\"https:\/\/www.atelierdocaractere.pt\/brevemente\/#\/schema\/person\/image\/\",\"url\":\"https:\/\/secure.gravatar.com\/avatar\/33e8214b45e9d68a3a83008731075979?s=96&d=mm&r=g\",\"contentUrl\":\"https:\/\/secure.gravatar.com\/avatar\/33e8214b45e9d68a3a83008731075979?s=96&d=mm&r=g\",\"caption\":\"Joana Barbosa\"},\"url\":\"https:\/\/www.atelierdocaractere.pt\/brevemente\/author\/joanabarbosa\/\"}]}<\/script>\n<!-- \/ Yoast SEO plugin. -->","yoast_head_json":{"title":"Contrarrel\u00f3gio MultiSport Weekend confirmou Coimbra como capital do desporto ao ar livre - Atelier do Caractere","robots":{"index":"index","follow":"follow","max-snippet":"max-snippet:-1","max-image-preview":"max-image-preview:large","max-video-preview":"max-video-preview:-1"},"canonical":"https:\/\/www.atelierdocaractere.pt\/brevemente\/contrarrelogio-multisport-weekend-confirmou-coimbra-como-capital-do-desporto-ao-ar-livre\/","og_locale":"pt_PT","og_type":"article","og_title":"Contrarrel\u00f3gio MultiSport Weekend confirmou Coimbra como capital do desporto ao ar livre - Atelier do Caractere","og_description":"Prova de encerramento do evento juntou cerca de 300 ciclistas no canal do Metro Mondego. Organiza\u00e7\u00e3o elogia ades\u00e3o e impacto...","og_url":"https:\/\/www.atelierdocaractere.pt\/brevemente\/contrarrelogio-multisport-weekend-confirmou-coimbra-como-capital-do-desporto-ao-ar-livre\/","og_site_name":"Atelier do Caractere","article_publisher":"https:\/\/www.facebook.com\/AtelierdoCaractere","article_published_time":"2025-06-15T09:21:04+00:00","article_modified_time":"2025-06-16T10:05:51+00:00","og_image":[{"width":944,"height":628,"url":"https:\/\/www.atelierdocaractere.pt\/wp-content\/uploads\/2025\/06\/descarregar-2.png","type":"image\/png"}],"author":"Joana Barbosa","twitter_card":"summary_large_image","twitter_misc":{"Escrito por":"Joana Barbosa","Tempo estimado de leitura":"3 minutos"},"schema":{"@context":"https:\/\/schema.org","@graph":[{"@type":"WebPage","@id":"https:\/\/www.atelierdocaractere.pt\/brevemente\/contrarrelogio-multisport-weekend-confirmou-coimbra-como-capital-do-desporto-ao-ar-livre\/","url":"https:\/\/www.atelierdocaractere.pt\/brevemente\/contrarrelogio-multisport-weekend-confirmou-coimbra-como-capital-do-desporto-ao-ar-livre\/","name":"Contrarrel\u00f3gio MultiSport Weekend confirmou Coimbra como capital do desporto ao ar livre - Atelier do Caractere","isPartOf":{"@id":"https:\/\/www.atelierdocaractere.pt\/brevemente\/#website"},"datePublished":"2025-06-15T09:21:04+00:00","dateModified":"2025-06-16T10:05:51+00:00","author":{"@id":"https:\/\/www.atelierdocaractere.pt\/brevemente\/#\/schema\/person\/f2f096eb0f27d9894725af22cb97c0db"},"breadcrumb":{"@id":"https:\/\/www.atelierdocaractere.pt\/brevemente\/contrarrelogio-multisport-weekend-confirmou-coimbra-como-capital-do-desporto-ao-ar-livre\/#breadcrumb"},"inLanguage":"pt-PT","potentialAction":[{"@type":"ReadAction","target":["https:\/\/www.atelierdocaractere.pt\/brevemente\/contrarrelogio-multisport-weekend-confirmou-coimbra-como-capital-do-desporto-ao-ar-livre\/"]}]},{"@type":"BreadcrumbList","@id":"https:\/\/www.atelierdocaractere.pt\/brevemente\/contrarrelogio-multisport-weekend-confirmou-coimbra-como-capital-do-desporto-ao-ar-livre\/#breadcrumb","itemListElement":[{"@type":"ListItem","position":1,"name":"In\u00edcio","item":"https:\/\/www.atelierdocaractere.pt\/brevemente\/"},{"@type":"ListItem","position":2,"name":"Contrarrel\u00f3gio MultiSport Weekend confirmou Coimbra como capital do desporto ao ar livre"}]},{"@type":"WebSite","@id":"https:\/\/www.atelierdocaractere.pt\/brevemente\/#website","url":"https:\/\/www.atelierdocaractere.pt\/brevemente\/","name":"Atelier do Caractere","description":"","potentialAction":[{"@type":"SearchAction","target":{"@type":"EntryPoint","urlTemplate":"https:\/\/www.atelierdocaractere.pt\/brevemente\/?s={search_term_string}"},"query-input":"required name=search_term_string"}],"inLanguage":"pt-PT"},{"@type":"Person","@id":"https:\/\/www.atelierdocaractere.pt\/brevemente\/#\/schema\/person\/f2f096eb0f27d9894725af22cb97c0db","name":"Joana Barbosa","image":{"@type":"ImageObject","inLanguage":"pt-PT","@id":"https:\/\/www.atelierdocaractere.pt\/brevemente\/#\/schema\/person\/image\/","url":"https:\/\/secure.gravatar.com\/avatar\/33e8214b45e9d68a3a83008731075979?s=96&d=mm&r=g","contentUrl":"https:\/\/secure.gravatar.com\/avatar\/33e8214b45e9d68a3a83008731075979?s=96&d=mm&r=g","caption":"Joana Barbosa"},"url":"https:\/\/www.atelierdocaractere.pt\/brevemente\/author\/joanabarbosa\/"}]}},"_links":{"self":[{"href":"https:\/\/www.atelierdocaractere.pt\/brevemente\/wp-json\/wp\/v2\/posts\/13809"}],"collection":[{"href":"https:\/\/www.atelierdocaractere.pt\/brevemente\/wp-json\/wp\/v2\/posts"}],"about":[{"href":"https:\/\/www.atelierdocaractere.pt\/brevemente\/wp-json\/wp\/v2\/types\/post"}],"author":[{"embeddable":true,"href":"https:\/\/www.atelierdocaractere.pt\/brevemente\/wp-json\/wp\/v2\/users\/7"}],"replies":[{"embeddable":true,"href":"https:\/\/www.atelierdocaractere.pt\/brevemente\/wp-json\/wp\/v2\/comments?post=13809"}],"version-history":[{"count":1,"href":"https:\/\/www.atelierdocaractere.pt\/brevemente\/wp-json\/wp\/v2\/posts\/13809\/revisions"}],"predecessor-version":[{"id":13811,"href":"https:\/\/www.atelierdocaractere.pt\/brevemente\/wp-json\/wp\/v2\/posts\/13809\/revisions\/13811"}],"wp:featuredmedia":[{"embeddable":true,"href":"https:\/\/www.atelierdocaractere.pt\/brevemente\/wp-json\/wp\/v2\/media\/13810"}],"wp:attachment":[{"href":"https:\/\/www.atelierdocaractere.pt\/brevemente\/wp-json\/wp\/v2\/media?parent=13809"}],"wp:term":[{"taxonomy":"category","embeddable":true,"href":"https:\/\/www.atelierdocaractere.pt\/brevemente\/wp-json\/wp\/v2\/categories?post=13809"},{"taxonomy":"post_tag","embeddable":true,"href":"https:\/\/www.atelierdocaractere.pt\/brevemente\/wp-json\/wp\/v2\/tags?post=13809"}],"curies":[{"name":"wp","href":"https:\/\/api.w.org\/{rel}","templated":true}]}}