{"id":13812,"date":"2025-06-15T09:21:26","date_gmt":"2025-06-15T09:21:26","guid":{"rendered":"https:\/\/www.atelierdocaractere.pt\/brevemente\/?p=13812"},"modified":"2025-06-16T09:24:50","modified_gmt":"2025-06-16T09:24:50","slug":"estreante-joao-rodrigues-impoe-se-com-autoridade-na-prova-de-abertura-do-clio-trophy-portugal","status":"publish","type":"post","link":"https:\/\/www.atelierdocaractere.pt\/brevemente\/estreante-joao-rodrigues-impoe-se-com-autoridade-na-prova-de-abertura-do-clio-trophy-portugal\/","title":{"rendered":"Estreante Jo\u00e3o Rodrigues imp\u00f5e-se com autoridade na prova de abertura do Clio Trophy Portugal"},"content":{"rendered":"\n<p><strong>A dupla Jo\u00e3o Rodrigues\/Bruno Carvalho foi a brilhante vencedora da prova de abertura da segunda temporada do Clio Trophy Portugal. No Rali de Castelo Branco e Vila Velha de R\u00f3d\u00e3o 2025, a forma\u00e7\u00e3o de Mafra s\u00f3 n\u00e3o foi a mais r\u00e1pida numa \u00fanica classificativa, mas a concorr\u00eancia j\u00e1 prometeu dar resposta nas pr\u00f3ximas rondas.<\/strong><\/p>\n\n\n\n<p>Com um historial de duas d\u00e9cadas de participa\u00e7\u00f5es pontuais em ralis regionais, Jo\u00e3o Rodrigues n\u00e3o era um completo desconhecido. As atua\u00e7\u00f5es em provas como o Rali das Cam\u00e9lias ou o Rally de Lisboa j\u00e1 deixavam antever o seu talento. Contudo, faltava-lhe a consagra\u00e7\u00e3o no Campeonato de Portugal de Ralis. E esta chegou logo na primeira participa\u00e7\u00e3o: vit\u00f3ria categ\u00f3rica na abertura da \u00e9poca do Clio Trophy. Um triunfo indiscut\u00edvel, comprovado pelas vit\u00f3rias em 11 das 12 classificativas.<\/p>\n\n\n\n<p><strong><em>&#8220;Quando parti para o rali, estava confiante de que podia lutar pela vit\u00f3ria, mas nunca imaginei vencer com uma vantagem t\u00e3o grande. O segredo do sucesso? Um excelente carro e, talvez, a forma como eu e o Bruno (navegador) prepar\u00e1mos a prova \u2014 com notas muito bem tiradas e um enorme foco no rali. No fundo, acho que fomos muito profissionais&#8221;<\/em><\/strong><strong>,&nbsp;<\/strong>resumiu Jo\u00e3o Rodrigues. Para as provas que se seguem, o objetivo est\u00e1 bem definido:<strong>&nbsp;&#8220;O desafio \u00e9 manter-nos na luta pelas vit\u00f3rias. Tenho a certeza de que os nossos advers\u00e1rios v\u00e3o reagir, por isso, vamos ter de trabalhar para continuar competitivos.&#8221;<\/strong><\/p>\n\n\n\n<p>O jovem Lu\u00eds Caetano, que terminou a \u00e9poca de 2024 com um p\u00f3dio, foi o segundo classificado, a 1m45,7s da dupla de Mafra. Com David Monteiro como navegador, o piloto de Leiria admitiu dificuldades no arranque:&nbsp;<strong><em>&#8220;N\u00e3o comecei o rali com o ritmo desejado. S\u00f3 \u00e0 tarde, no s\u00e1bado, \u00e9 que ganhei confian\u00e7a e consolidei o segundo lugar. O Jo\u00e3o esteve muito forte e est\u00e1 de parab\u00e9ns. Agora, vou trabalhar para andar ao seu n\u00edvel.&#8221;<\/em><\/strong><\/p>\n\n\n\n<p>O p\u00f3dio ficou completo com a estreia de Paulo Santos no trof\u00e9u, acompanhado por Gon\u00e7alo Palmeira.<strong>&nbsp;<em>&#8220;Estou aqui para ganhar. Desta vez n\u00e3o consegui, mas vou trabalhar para isso. Os primeiros quil\u00f3metros com o carro foram s\u00f3 no rali, e no s\u00e1bado tive um grande susto que me fez refrear o andamento. Ainda assim, foi um resultado positivo.&#8221;<\/em><\/strong><\/p>\n\n\n\n<p>Na quarta posi\u00e7\u00e3o, ficou o \u201cveterano\u201d do trof\u00e9u, Miguel Abrantes, que destacou as dificuldades iniciais:<strong>&nbsp;<em>&#8220;Tive muita falta de confian\u00e7a nas primeiras classificativas. Ainda h\u00e1 pouco tempo sofri um acidente grave e foi dif\u00edcil encontrar o ritmo. Mas fui evoluindo e espero ser mais competitivo na pr\u00f3xima prova. Um enorme obrigado \u00e0 In\u00eas (Veiga), que foi inexced\u00edvel a ajudar-me e a ditar notas.&#8221;<\/em><\/strong><\/p>\n\n\n\n<p>Em quinto lugar, ficaram as irm\u00e3s Filipa e Mariana Tintim.&nbsp;<strong><em>&#8220;Foi uma grande experi\u00eancia, com um carro incr\u00edvel. S\u00f3 foi pena termos feito os primeiros quil\u00f3metros no shakedown. Mesmo assim, divertimo-nos imenso e queremos continuar a evoluir para as pr\u00f3ximas provas&#8221;,<\/em><\/strong><strong>&nbsp;<\/strong>disse Filipa, com evidente entusiasmo.<\/p>\n\n\n\n<p>Ap\u00f3s uma sa\u00edda de estrada no dia inaugural, de que resultou um furo, Carlos Marreiros Jr., com Ricardo Barreto como navegador, terminou em sexto. Apesar do rev\u00e9s, a evolu\u00e7\u00e3o face \u00e0 temporada passada ficou evidente:<strong>&nbsp;<em>&#8220;N\u00e3o foi o resultado que quer\u00edamos. Depois do despiste, perdi confian\u00e7a, mas sa\u00edmos de Castelo Branco convictos de que podemos lutar pelo top3 nas pr\u00f3ximas provas.&#8221;<\/em><\/strong><\/p>\n\n\n\n<p>Tamb\u00e9m v\u00edtima de uma sa\u00edda de estrada \u2014 logo nas primeiras curvas da prova \u2014, Tiago Pereira (navegado por Fernando Pereira) regressou \u00e0 a\u00e7\u00e3o em modo \u201cSuper Rally\u201d no s\u00e1bado.<strong>&nbsp;<em>&#8220;O erro de sexta-feira foi grave, mas faz parte das corridas. Ainda bem que voltei, pois acumulei quil\u00f3metros importantes e consegui fazer tempos bastante competitivos. O carro foi fant\u00e1stico e at\u00e9 no despiste mostrou uma robustez incr\u00edvel.&#8221;<\/em><\/strong><\/p>\n\n\n\n<p>O Clio Trophy Portugal regressa nos dias 6 e 7 de setembro, com a disputa do Const\u00e1lica Rallye Vouzela e Viseu.<\/p>\n\n\n\n<p><\/p>\n\n\n\n<p><strong>Classifica\u00e7\u00e3o final:<\/strong><br>1\u00ba Jo\u00e3o RODRIGUES\/Bruno CARVALHO, 1h06m13.6s<br>2\u00ba Lu\u00eds CAETANO\/David MONTEIRO, +1m45.7s<br>3\u00ba Paulo SANTOS\/Gon\u00e7alo PALMEIRA, +2m25.8s<br>4\u00ba Miguel ABRANTES\/In\u00eas VEIGA, +3m10.6s<br>5\u00ba Filipa TINTIM\/Mariana TINTIM, +6m28.9s<br>6\u00ba Carlos MARREIROS\/Ricardo BARRETO, +10m49.7s<br>7\u00ba Tiago PEREIRA\/Fernando PEREIRA, +21m34.8s<\/p>\n\n\n\n<p><\/p>\n\n\n\n<p><strong>Classifica\u00e7\u00e3o do Clio Trophy Portugal<\/strong><br>1\u00ba Jo\u00e3o RODRIGUES, 28 pontos<br>2\u00ba Lu\u00eds CAETANO, 18<br>3\u00ba Paulo SANTOS, 15<br>4\u00ba Miguel ABRANTES, 12<br>5\u00ba Filipa TINTIM, 10<br>6\u00ba Carlos MARREIROS, 8<br>7\u00ba Tiago PEREIRA, 6<\/p>\n","protected":false},"excerpt":{"rendered":"<p>A dupla Jo\u00e3o Rodrigues\/Bruno Carvalho foi a brilhante vencedora da prova de abertura da segunda temporada do Clio Trophy Portugal&#8230;.<\/p>\n","protected":false},"author":7,"featured_media":13813,"comment_status":"closed","ping_status":"open","sticky":false,"template":"","format":"standard","meta":[],"categories":[24],"tags":[852,242,751,964,217],"yoast_head":"<!-- This site is optimized with the Yoast SEO plugin v20.12 - https:\/\/yoast.com\/wordpress\/plugins\/seo\/ -->\n<title>Estreante Jo\u00e3o Rodrigues imp\u00f5e-se com autoridade na prova de abertura do Clio Trophy Portugal - Atelier do Caractere<\/title>\n<meta name=\"robots\" content=\"index, follow, max-snippet:-1, max-image-preview:large, max-video-preview:-1\" \/>\n<link rel=\"canonical\" href=\"https:\/\/www.atelierdocaractere.pt\/brevemente\/estreante-joao-rodrigues-impoe-se-com-autoridade-na-prova-de-abertura-do-clio-trophy-portugal\/\" \/>\n<meta property=\"og:locale\" content=\"pt_PT\" \/>\n<meta property=\"og:type\" content=\"article\" \/>\n<meta property=\"og:title\" content=\"Estreante Jo\u00e3o Rodrigues imp\u00f5e-se com autoridade na prova de abertura do Clio Trophy Portugal - Atelier do Caractere\" \/>\n<meta property=\"og:description\" content=\"A dupla Jo\u00e3o Rodrigues\/Bruno Carvalho foi a brilhante vencedora da prova de abertura da segunda temporada do Clio Trophy Portugal....\" \/>\n<meta property=\"og:url\" content=\"https:\/\/www.atelierdocaractere.pt\/brevemente\/estreante-joao-rodrigues-impoe-se-com-autoridade-na-prova-de-abertura-do-clio-trophy-portugal\/\" \/>\n<meta property=\"og:site_name\" content=\"Atelier do Caractere\" \/>\n<meta property=\"article:publisher\" content=\"https:\/\/www.facebook.com\/AtelierdoCaractere\" \/>\n<meta property=\"article:published_time\" content=\"2025-06-15T09:21:26+00:00\" \/>\n<meta property=\"article:modified_time\" content=\"2025-06-16T09:24:50+00:00\" \/>\n<meta property=\"og:image\" content=\"https:\/\/www.atelierdocaractere.pt\/wp-content\/uploads\/2025\/06\/7afa444c7b1e48ccaa1a16017a460bd6-l.webp\" \/>\n\t<meta property=\"og:image:width\" content=\"2000\" \/>\n\t<meta property=\"og:image:height\" content=\"1331\" \/>\n\t<meta property=\"og:image:type\" content=\"image\/webp\" \/>\n<meta name=\"author\" content=\"Joana Barbosa\" \/>\n<meta name=\"twitter:card\" content=\"summary_large_image\" \/>\n<meta name=\"twitter:label1\" content=\"Escrito por\" \/>\n\t<meta name=\"twitter:data1\" content=\"Joana Barbosa\" \/>\n\t<meta name=\"twitter:label2\" content=\"Tempo estimado de leitura\" \/>\n\t<meta name=\"twitter:data2\" content=\"4 minutos\" \/>\n<script type=\"application\/ld+json\" class=\"yoast-schema-graph\">{\"@context\":\"https:\/\/schema.org\",\"@graph\":[{\"@type\":\"WebPage\",\"@id\":\"https:\/\/www.atelierdocaractere.pt\/brevemente\/estreante-joao-rodrigues-impoe-se-com-autoridade-na-prova-de-abertura-do-clio-trophy-portugal\/\",\"url\":\"https:\/\/www.atelierdocaractere.pt\/brevemente\/estreante-joao-rodrigues-impoe-se-com-autoridade-na-prova-de-abertura-do-clio-trophy-portugal\/\",\"name\":\"Estreante Jo\u00e3o Rodrigues imp\u00f5e-se com autoridade na prova de abertura do Clio Trophy Portugal - Atelier do Caractere\",\"isPartOf\":{\"@id\":\"https:\/\/www.atelierdocaractere.pt\/brevemente\/#website\"},\"datePublished\":\"2025-06-15T09:21:26+00:00\",\"dateModified\":\"2025-06-16T09:24:50+00:00\",\"author\":{\"@id\":\"https:\/\/www.atelierdocaractere.pt\/brevemente\/#\/schema\/person\/f2f096eb0f27d9894725af22cb97c0db\"},\"breadcrumb\":{\"@id\":\"https:\/\/www.atelierdocaractere.pt\/brevemente\/estreante-joao-rodrigues-impoe-se-com-autoridade-na-prova-de-abertura-do-clio-trophy-portugal\/#breadcrumb\"},\"inLanguage\":\"pt-PT\",\"potentialAction\":[{\"@type\":\"ReadAction\",\"target\":[\"https:\/\/www.atelierdocaractere.pt\/brevemente\/estreante-joao-rodrigues-impoe-se-com-autoridade-na-prova-de-abertura-do-clio-trophy-portugal\/\"]}]},{\"@type\":\"BreadcrumbList\",\"@id\":\"https:\/\/www.atelierdocaractere.pt\/brevemente\/estreante-joao-rodrigues-impoe-se-com-autoridade-na-prova-de-abertura-do-clio-trophy-portugal\/#breadcrumb\",\"itemListElement\":[{\"@type\":\"ListItem\",\"position\":1,\"name\":\"In\u00edcio\",\"item\":\"https:\/\/www.atelierdocaractere.pt\/brevemente\/\"},{\"@type\":\"ListItem\",\"position\":2,\"name\":\"Estreante Jo\u00e3o Rodrigues imp\u00f5e-se com autoridade na prova de abertura do Clio Trophy Portugal\"}]},{\"@type\":\"WebSite\",\"@id\":\"https:\/\/www.atelierdocaractere.pt\/brevemente\/#website\",\"url\":\"https:\/\/www.atelierdocaractere.pt\/brevemente\/\",\"name\":\"Atelier do Caractere\",\"description\":\"\",\"potentialAction\":[{\"@type\":\"SearchAction\",\"target\":{\"@type\":\"EntryPoint\",\"urlTemplate\":\"https:\/\/www.atelierdocaractere.pt\/brevemente\/?s={search_term_string}\"},\"query-input\":\"required name=search_term_string\"}],\"inLanguage\":\"pt-PT\"},{\"@type\":\"Person\",\"@id\":\"https:\/\/www.atelierdocaractere.pt\/brevemente\/#\/schema\/person\/f2f096eb0f27d9894725af22cb97c0db\",\"name\":\"Joana Barbosa\",\"image\":{\"@type\":\"ImageObject\",\"inLanguage\":\"pt-PT\",\"@id\":\"https:\/\/www.atelierdocaractere.pt\/brevemente\/#\/schema\/person\/image\/\",\"url\":\"https:\/\/secure.gravatar.com\/avatar\/33e8214b45e9d68a3a83008731075979?s=96&d=mm&r=g\",\"contentUrl\":\"https:\/\/secure.gravatar.com\/avatar\/33e8214b45e9d68a3a83008731075979?s=96&d=mm&r=g\",\"caption\":\"Joana Barbosa\"},\"url\":\"https:\/\/www.atelierdocaractere.pt\/brevemente\/author\/joanabarbosa\/\"}]}<\/script>\n<!-- \/ Yoast SEO plugin. -->","yoast_head_json":{"title":"Estreante Jo\u00e3o Rodrigues imp\u00f5e-se com autoridade na prova de abertura do Clio Trophy Portugal - Atelier do Caractere","robots":{"index":"index","follow":"follow","max-snippet":"max-snippet:-1","max-image-preview":"max-image-preview:large","max-video-preview":"max-video-preview:-1"},"canonical":"https:\/\/www.atelierdocaractere.pt\/brevemente\/estreante-joao-rodrigues-impoe-se-com-autoridade-na-prova-de-abertura-do-clio-trophy-portugal\/","og_locale":"pt_PT","og_type":"article","og_title":"Estreante Jo\u00e3o Rodrigues imp\u00f5e-se com autoridade na prova de abertura do Clio Trophy Portugal - Atelier do Caractere","og_description":"A dupla Jo\u00e3o Rodrigues\/Bruno Carvalho foi a brilhante vencedora da prova de abertura da segunda temporada do Clio Trophy Portugal....","og_url":"https:\/\/www.atelierdocaractere.pt\/brevemente\/estreante-joao-rodrigues-impoe-se-com-autoridade-na-prova-de-abertura-do-clio-trophy-portugal\/","og_site_name":"Atelier do Caractere","article_publisher":"https:\/\/www.facebook.com\/AtelierdoCaractere","article_published_time":"2025-06-15T09:21:26+00:00","article_modified_time":"2025-06-16T09:24:50+00:00","og_image":[{"width":2000,"height":1331,"url":"https:\/\/www.atelierdocaractere.pt\/wp-content\/uploads\/2025\/06\/7afa444c7b1e48ccaa1a16017a460bd6-l.webp","type":"image\/webp"}],"author":"Joana Barbosa","twitter_card":"summary_large_image","twitter_misc":{"Escrito por":"Joana Barbosa","Tempo estimado de leitura":"4 minutos"},"schema":{"@context":"https:\/\/schema.org","@graph":[{"@type":"WebPage","@id":"https:\/\/www.atelierdocaractere.pt\/brevemente\/estreante-joao-rodrigues-impoe-se-com-autoridade-na-prova-de-abertura-do-clio-trophy-portugal\/","url":"https:\/\/www.atelierdocaractere.pt\/brevemente\/estreante-joao-rodrigues-impoe-se-com-autoridade-na-prova-de-abertura-do-clio-trophy-portugal\/","name":"Estreante Jo\u00e3o Rodrigues imp\u00f5e-se com autoridade na prova de abertura do Clio Trophy Portugal - Atelier do Caractere","isPartOf":{"@id":"https:\/\/www.atelierdocaractere.pt\/brevemente\/#website"},"datePublished":"2025-06-15T09:21:26+00:00","dateModified":"2025-06-16T09:24:50+00:00","author":{"@id":"https:\/\/www.atelierdocaractere.pt\/brevemente\/#\/schema\/person\/f2f096eb0f27d9894725af22cb97c0db"},"breadcrumb":{"@id":"https:\/\/www.atelierdocaractere.pt\/brevemente\/estreante-joao-rodrigues-impoe-se-com-autoridade-na-prova-de-abertura-do-clio-trophy-portugal\/#breadcrumb"},"inLanguage":"pt-PT","potentialAction":[{"@type":"ReadAction","target":["https:\/\/www.atelierdocaractere.pt\/brevemente\/estreante-joao-rodrigues-impoe-se-com-autoridade-na-prova-de-abertura-do-clio-trophy-portugal\/"]}]},{"@type":"BreadcrumbList","@id":"https:\/\/www.atelierdocaractere.pt\/brevemente\/estreante-joao-rodrigues-impoe-se-com-autoridade-na-prova-de-abertura-do-clio-trophy-portugal\/#breadcrumb","itemListElement":[{"@type":"ListItem","position":1,"name":"In\u00edcio","item":"https:\/\/www.atelierdocaractere.pt\/brevemente\/"},{"@type":"ListItem","position":2,"name":"Estreante Jo\u00e3o Rodrigues imp\u00f5e-se com autoridade na prova de abertura do Clio Trophy Portugal"}]},{"@type":"WebSite","@id":"https:\/\/www.atelierdocaractere.pt\/brevemente\/#website","url":"https:\/\/www.atelierdocaractere.pt\/brevemente\/","name":"Atelier do Caractere","description":"","potentialAction":[{"@type":"SearchAction","target":{"@type":"EntryPoint","urlTemplate":"https:\/\/www.atelierdocaractere.pt\/brevemente\/?s={search_term_string}"},"query-input":"required name=search_term_string"}],"inLanguage":"pt-PT"},{"@type":"Person","@id":"https:\/\/www.atelierdocaractere.pt\/brevemente\/#\/schema\/person\/f2f096eb0f27d9894725af22cb97c0db","name":"Joana Barbosa","image":{"@type":"ImageObject","inLanguage":"pt-PT","@id":"https:\/\/www.atelierdocaractere.pt\/brevemente\/#\/schema\/person\/image\/","url":"https:\/\/secure.gravatar.com\/avatar\/33e8214b45e9d68a3a83008731075979?s=96&d=mm&r=g","contentUrl":"https:\/\/secure.gravatar.com\/avatar\/33e8214b45e9d68a3a83008731075979?s=96&d=mm&r=g","caption":"Joana Barbosa"},"url":"https:\/\/www.atelierdocaractere.pt\/brevemente\/author\/joanabarbosa\/"}]}},"_links":{"self":[{"href":"https:\/\/www.atelierdocaractere.pt\/brevemente\/wp-json\/wp\/v2\/posts\/13812"}],"collection":[{"href":"https:\/\/www.atelierdocaractere.pt\/brevemente\/wp-json\/wp\/v2\/posts"}],"about":[{"href":"https:\/\/www.atelierdocaractere.pt\/brevemente\/wp-json\/wp\/v2\/types\/post"}],"author":[{"embeddable":true,"href":"https:\/\/www.atelierdocaractere.pt\/brevemente\/wp-json\/wp\/v2\/users\/7"}],"replies":[{"embeddable":true,"href":"https:\/\/www.atelierdocaractere.pt\/brevemente\/wp-json\/wp\/v2\/comments?post=13812"}],"version-history":[{"count":1,"href":"https:\/\/www.atelierdocaractere.pt\/brevemente\/wp-json\/wp\/v2\/posts\/13812\/revisions"}],"predecessor-version":[{"id":13814,"href":"https:\/\/www.atelierdocaractere.pt\/brevemente\/wp-json\/wp\/v2\/posts\/13812\/revisions\/13814"}],"wp:featuredmedia":[{"embeddable":true,"href":"https:\/\/www.atelierdocaractere.pt\/brevemente\/wp-json\/wp\/v2\/media\/13813"}],"wp:attachment":[{"href":"https:\/\/www.atelierdocaractere.pt\/brevemente\/wp-json\/wp\/v2\/media?parent=13812"}],"wp:term":[{"taxonomy":"category","embeddable":true,"href":"https:\/\/www.atelierdocaractere.pt\/brevemente\/wp-json\/wp\/v2\/categories?post=13812"},{"taxonomy":"post_tag","embeddable":true,"href":"https:\/\/www.atelierdocaractere.pt\/brevemente\/wp-json\/wp\/v2\/tags?post=13812"}],"curies":[{"name":"wp","href":"https:\/\/api.w.org\/{rel}","templated":true}]}}