{"id":13815,"date":"2025-06-14T09:25:16","date_gmt":"2025-06-14T09:25:16","guid":{"rendered":"https:\/\/www.atelierdocaractere.pt\/brevemente\/?p=13815"},"modified":"2025-06-16T09:28:45","modified_gmt":"2025-06-16T09:28:45","slug":"hugo-lopes-e-magda-oliveira-dao-excelentes-indicacoes-no-regresso-ao-hyundai-junior-team-fpak","status":"publish","type":"post","link":"https:\/\/www.atelierdocaractere.pt\/brevemente\/hugo-lopes-e-magda-oliveira-dao-excelentes-indicacoes-no-regresso-ao-hyundai-junior-team-fpak\/","title":{"rendered":"Hugo Lopes e Magda Oliveira d\u00e3o excelentes indica\u00e7\u00f5es no regresso ao Hyundai Junior Team FPAK"},"content":{"rendered":"\n<p><strong>No rali mais disputado da temporada, a dupla Hugo Lopes\/Magda Oliveira esteve sempre entre as equipas portuguesas mais r\u00e1pidas, terminando o Rali de Castelo Branco e Vila Velha de R\u00f3d\u00e3o na s\u00e9tima posi\u00e7\u00e3o da geral. Um resultado bastante positivo para os jovens de Viseu, que completaram o seu primeiro rali, em pisos de asfalto, ao volante do Hyundai i20 N Rally2.<\/strong><\/p>\n\n\n\n<p>A quinta prova do Campeonato de Portugal de Ralis foi, at\u00e9 agora, a mais emocionante do calend\u00e1rio, com lutas ao segundo em todas as classificativas. Entre as equipas portuguesas, Hugo Lopes e Magda Oliveira chegaram a estabelecer dois segundos melhores tempos, tendo terminado o rali a escassos 24 segundos da forma\u00e7\u00e3o mais r\u00e1pida. Um feito ainda mais relevante, tendo em conta que foi a estreia da dupla com o Hyundai i20 N Rally2 em asfalto \u2014 e que enfrentaram advers\u00e1rios com d\u00e9cadas de experi\u00eancia e profundo conhecimento das classificativas da regi\u00e3o.<\/p>\n\n\n\n<p><strong><em>&#8220;O balan\u00e7o \u00e9 muito positivo. S\u00f3 tenho pena que o rali n\u00e3o comece agora&#8221;,<\/em><\/strong><strong>&nbsp;<\/strong>desabafou Hugo Lopes no controlo final, em Castelo Branco.&nbsp;<strong><em>&#8220;And\u00e1mos depressa, conseguimos tempos sistematicamente entre os mais r\u00e1pidos e, sobretudo nas segundas passagens das classificativas, alcan\u00e7\u00e1mos registos que nos d\u00e3o boas indica\u00e7\u00f5es para o futuro. Tudo isto sem sustos ou sobressaltos. Obrigado \u00e0 equipa da Sports &amp; You pelo excelente carro que nos proporcionaram. Agora \u00e9 tempo de analisar onde podemos evoluir. Estou convicto de que preciso ser mais assertivo e confiante nas travagens, sobretudo nas zonas mais lentas \u2014 mas isso s\u00f3 se conquista com quil\u00f3metros. A margem de progress\u00e3o \u00e9 grande e, por isso, estou seguro de que os pr\u00f3ximos ralis v\u00e3o correr ainda melhor.\u201d<\/em><\/strong><\/p>\n\n\n\n<p>Na hora de fazer o balan\u00e7o, Hugo Lopes fez ainda quest\u00e3o de deixar um agradecimento:&nbsp;<strong><em>&#8220;Muito obrigado \u00e0 Hyundai, \u00e0 FPAK e aos nossos patrocinadores pela oportunidade. \u00c9 um sonho que eu e a Magda estamos a concretizar, e tudo faremos para continuar a merecer a confian\u00e7a que t\u00eam depositado em n\u00f3s.&#8221;<\/em><\/strong><\/p>\n","protected":false},"excerpt":{"rendered":"<p>No rali mais disputado da temporada, a dupla Hugo Lopes\/Magda Oliveira esteve sempre entre as equipas portuguesas mais r\u00e1pidas, terminando&#8230;<\/p>\n","protected":false},"author":7,"featured_media":13816,"comment_status":"closed","ping_status":"open","sticky":false,"template":"","format":"standard","meta":[],"categories":[24],"tags":[931,966,965],"yoast_head":"<!-- This site is optimized with the Yoast SEO plugin v20.12 - https:\/\/yoast.com\/wordpress\/plugins\/seo\/ -->\n<title>Hugo Lopes e Magda Oliveira d\u00e3o excelentes indica\u00e7\u00f5es no regresso ao Hyundai Junior Team FPAK - Atelier do Caractere<\/title>\n<meta name=\"robots\" content=\"index, follow, max-snippet:-1, max-image-preview:large, max-video-preview:-1\" \/>\n<link rel=\"canonical\" href=\"https:\/\/www.atelierdocaractere.pt\/brevemente\/hugo-lopes-e-magda-oliveira-dao-excelentes-indicacoes-no-regresso-ao-hyundai-junior-team-fpak\/\" \/>\n<meta property=\"og:locale\" content=\"pt_PT\" \/>\n<meta property=\"og:type\" content=\"article\" \/>\n<meta property=\"og:title\" content=\"Hugo Lopes e Magda Oliveira d\u00e3o excelentes indica\u00e7\u00f5es no regresso ao Hyundai Junior Team FPAK - Atelier do Caractere\" \/>\n<meta property=\"og:description\" content=\"No rali mais disputado da temporada, a dupla Hugo Lopes\/Magda Oliveira esteve sempre entre as equipas portuguesas mais r\u00e1pidas, terminando...\" \/>\n<meta property=\"og:url\" content=\"https:\/\/www.atelierdocaractere.pt\/brevemente\/hugo-lopes-e-magda-oliveira-dao-excelentes-indicacoes-no-regresso-ao-hyundai-junior-team-fpak\/\" \/>\n<meta property=\"og:site_name\" content=\"Atelier do Caractere\" \/>\n<meta property=\"article:publisher\" content=\"https:\/\/www.facebook.com\/AtelierdoCaractere\" \/>\n<meta property=\"article:published_time\" content=\"2025-06-14T09:25:16+00:00\" \/>\n<meta property=\"article:modified_time\" content=\"2025-06-16T09:28:45+00:00\" \/>\n<meta property=\"og:image\" content=\"https:\/\/www.atelierdocaractere.pt\/wp-content\/uploads\/2025\/06\/hugo-lopes-magda-oliveira-rali-de-castelo-branco-e-vila-velha-de-rodao1.jpg\" \/>\n\t<meta property=\"og:image:width\" content=\"1920\" \/>\n\t<meta property=\"og:image:height\" content=\"1280\" \/>\n\t<meta property=\"og:image:type\" content=\"image\/jpeg\" \/>\n<meta name=\"author\" content=\"Joana Barbosa\" \/>\n<meta name=\"twitter:card\" content=\"summary_large_image\" \/>\n<meta name=\"twitter:label1\" content=\"Escrito por\" \/>\n\t<meta name=\"twitter:data1\" content=\"Joana Barbosa\" \/>\n\t<meta name=\"twitter:label2\" content=\"Tempo estimado de leitura\" \/>\n\t<meta name=\"twitter:data2\" content=\"2 minutos\" \/>\n<script type=\"application\/ld+json\" class=\"yoast-schema-graph\">{\"@context\":\"https:\/\/schema.org\",\"@graph\":[{\"@type\":\"WebPage\",\"@id\":\"https:\/\/www.atelierdocaractere.pt\/brevemente\/hugo-lopes-e-magda-oliveira-dao-excelentes-indicacoes-no-regresso-ao-hyundai-junior-team-fpak\/\",\"url\":\"https:\/\/www.atelierdocaractere.pt\/brevemente\/hugo-lopes-e-magda-oliveira-dao-excelentes-indicacoes-no-regresso-ao-hyundai-junior-team-fpak\/\",\"name\":\"Hugo Lopes e Magda Oliveira d\u00e3o excelentes indica\u00e7\u00f5es no regresso ao Hyundai Junior Team FPAK - Atelier do Caractere\",\"isPartOf\":{\"@id\":\"https:\/\/www.atelierdocaractere.pt\/brevemente\/#website\"},\"datePublished\":\"2025-06-14T09:25:16+00:00\",\"dateModified\":\"2025-06-16T09:28:45+00:00\",\"author\":{\"@id\":\"https:\/\/www.atelierdocaractere.pt\/brevemente\/#\/schema\/person\/f2f096eb0f27d9894725af22cb97c0db\"},\"breadcrumb\":{\"@id\":\"https:\/\/www.atelierdocaractere.pt\/brevemente\/hugo-lopes-e-magda-oliveira-dao-excelentes-indicacoes-no-regresso-ao-hyundai-junior-team-fpak\/#breadcrumb\"},\"inLanguage\":\"pt-PT\",\"potentialAction\":[{\"@type\":\"ReadAction\",\"target\":[\"https:\/\/www.atelierdocaractere.pt\/brevemente\/hugo-lopes-e-magda-oliveira-dao-excelentes-indicacoes-no-regresso-ao-hyundai-junior-team-fpak\/\"]}]},{\"@type\":\"BreadcrumbList\",\"@id\":\"https:\/\/www.atelierdocaractere.pt\/brevemente\/hugo-lopes-e-magda-oliveira-dao-excelentes-indicacoes-no-regresso-ao-hyundai-junior-team-fpak\/#breadcrumb\",\"itemListElement\":[{\"@type\":\"ListItem\",\"position\":1,\"name\":\"In\u00edcio\",\"item\":\"https:\/\/www.atelierdocaractere.pt\/brevemente\/\"},{\"@type\":\"ListItem\",\"position\":2,\"name\":\"Hugo Lopes e Magda Oliveira d\u00e3o excelentes indica\u00e7\u00f5es no regresso ao Hyundai Junior Team FPAK\"}]},{\"@type\":\"WebSite\",\"@id\":\"https:\/\/www.atelierdocaractere.pt\/brevemente\/#website\",\"url\":\"https:\/\/www.atelierdocaractere.pt\/brevemente\/\",\"name\":\"Atelier do Caractere\",\"description\":\"\",\"potentialAction\":[{\"@type\":\"SearchAction\",\"target\":{\"@type\":\"EntryPoint\",\"urlTemplate\":\"https:\/\/www.atelierdocaractere.pt\/brevemente\/?s={search_term_string}\"},\"query-input\":\"required name=search_term_string\"}],\"inLanguage\":\"pt-PT\"},{\"@type\":\"Person\",\"@id\":\"https:\/\/www.atelierdocaractere.pt\/brevemente\/#\/schema\/person\/f2f096eb0f27d9894725af22cb97c0db\",\"name\":\"Joana Barbosa\",\"image\":{\"@type\":\"ImageObject\",\"inLanguage\":\"pt-PT\",\"@id\":\"https:\/\/www.atelierdocaractere.pt\/brevemente\/#\/schema\/person\/image\/\",\"url\":\"https:\/\/secure.gravatar.com\/avatar\/33e8214b45e9d68a3a83008731075979?s=96&d=mm&r=g\",\"contentUrl\":\"https:\/\/secure.gravatar.com\/avatar\/33e8214b45e9d68a3a83008731075979?s=96&d=mm&r=g\",\"caption\":\"Joana Barbosa\"},\"url\":\"https:\/\/www.atelierdocaractere.pt\/brevemente\/author\/joanabarbosa\/\"}]}<\/script>\n<!-- \/ Yoast SEO plugin. -->","yoast_head_json":{"title":"Hugo Lopes e Magda Oliveira d\u00e3o excelentes indica\u00e7\u00f5es no regresso ao Hyundai Junior Team FPAK - Atelier do Caractere","robots":{"index":"index","follow":"follow","max-snippet":"max-snippet:-1","max-image-preview":"max-image-preview:large","max-video-preview":"max-video-preview:-1"},"canonical":"https:\/\/www.atelierdocaractere.pt\/brevemente\/hugo-lopes-e-magda-oliveira-dao-excelentes-indicacoes-no-regresso-ao-hyundai-junior-team-fpak\/","og_locale":"pt_PT","og_type":"article","og_title":"Hugo Lopes e Magda Oliveira d\u00e3o excelentes indica\u00e7\u00f5es no regresso ao Hyundai Junior Team FPAK - Atelier do Caractere","og_description":"No rali mais disputado da temporada, a dupla Hugo Lopes\/Magda Oliveira esteve sempre entre as equipas portuguesas mais r\u00e1pidas, terminando...","og_url":"https:\/\/www.atelierdocaractere.pt\/brevemente\/hugo-lopes-e-magda-oliveira-dao-excelentes-indicacoes-no-regresso-ao-hyundai-junior-team-fpak\/","og_site_name":"Atelier do Caractere","article_publisher":"https:\/\/www.facebook.com\/AtelierdoCaractere","article_published_time":"2025-06-14T09:25:16+00:00","article_modified_time":"2025-06-16T09:28:45+00:00","og_image":[{"width":1920,"height":1280,"url":"https:\/\/www.atelierdocaractere.pt\/wp-content\/uploads\/2025\/06\/hugo-lopes-magda-oliveira-rali-de-castelo-branco-e-vila-velha-de-rodao1.jpg","type":"image\/jpeg"}],"author":"Joana Barbosa","twitter_card":"summary_large_image","twitter_misc":{"Escrito por":"Joana Barbosa","Tempo estimado de leitura":"2 minutos"},"schema":{"@context":"https:\/\/schema.org","@graph":[{"@type":"WebPage","@id":"https:\/\/www.atelierdocaractere.pt\/brevemente\/hugo-lopes-e-magda-oliveira-dao-excelentes-indicacoes-no-regresso-ao-hyundai-junior-team-fpak\/","url":"https:\/\/www.atelierdocaractere.pt\/brevemente\/hugo-lopes-e-magda-oliveira-dao-excelentes-indicacoes-no-regresso-ao-hyundai-junior-team-fpak\/","name":"Hugo Lopes e Magda Oliveira d\u00e3o excelentes indica\u00e7\u00f5es no regresso ao Hyundai Junior Team FPAK - Atelier do Caractere","isPartOf":{"@id":"https:\/\/www.atelierdocaractere.pt\/brevemente\/#website"},"datePublished":"2025-06-14T09:25:16+00:00","dateModified":"2025-06-16T09:28:45+00:00","author":{"@id":"https:\/\/www.atelierdocaractere.pt\/brevemente\/#\/schema\/person\/f2f096eb0f27d9894725af22cb97c0db"},"breadcrumb":{"@id":"https:\/\/www.atelierdocaractere.pt\/brevemente\/hugo-lopes-e-magda-oliveira-dao-excelentes-indicacoes-no-regresso-ao-hyundai-junior-team-fpak\/#breadcrumb"},"inLanguage":"pt-PT","potentialAction":[{"@type":"ReadAction","target":["https:\/\/www.atelierdocaractere.pt\/brevemente\/hugo-lopes-e-magda-oliveira-dao-excelentes-indicacoes-no-regresso-ao-hyundai-junior-team-fpak\/"]}]},{"@type":"BreadcrumbList","@id":"https:\/\/www.atelierdocaractere.pt\/brevemente\/hugo-lopes-e-magda-oliveira-dao-excelentes-indicacoes-no-regresso-ao-hyundai-junior-team-fpak\/#breadcrumb","itemListElement":[{"@type":"ListItem","position":1,"name":"In\u00edcio","item":"https:\/\/www.atelierdocaractere.pt\/brevemente\/"},{"@type":"ListItem","position":2,"name":"Hugo Lopes e Magda Oliveira d\u00e3o excelentes indica\u00e7\u00f5es no regresso ao Hyundai Junior Team FPAK"}]},{"@type":"WebSite","@id":"https:\/\/www.atelierdocaractere.pt\/brevemente\/#website","url":"https:\/\/www.atelierdocaractere.pt\/brevemente\/","name":"Atelier do Caractere","description":"","potentialAction":[{"@type":"SearchAction","target":{"@type":"EntryPoint","urlTemplate":"https:\/\/www.atelierdocaractere.pt\/brevemente\/?s={search_term_string}"},"query-input":"required name=search_term_string"}],"inLanguage":"pt-PT"},{"@type":"Person","@id":"https:\/\/www.atelierdocaractere.pt\/brevemente\/#\/schema\/person\/f2f096eb0f27d9894725af22cb97c0db","name":"Joana Barbosa","image":{"@type":"ImageObject","inLanguage":"pt-PT","@id":"https:\/\/www.atelierdocaractere.pt\/brevemente\/#\/schema\/person\/image\/","url":"https:\/\/secure.gravatar.com\/avatar\/33e8214b45e9d68a3a83008731075979?s=96&d=mm&r=g","contentUrl":"https:\/\/secure.gravatar.com\/avatar\/33e8214b45e9d68a3a83008731075979?s=96&d=mm&r=g","caption":"Joana Barbosa"},"url":"https:\/\/www.atelierdocaractere.pt\/brevemente\/author\/joanabarbosa\/"}]}},"_links":{"self":[{"href":"https:\/\/www.atelierdocaractere.pt\/brevemente\/wp-json\/wp\/v2\/posts\/13815"}],"collection":[{"href":"https:\/\/www.atelierdocaractere.pt\/brevemente\/wp-json\/wp\/v2\/posts"}],"about":[{"href":"https:\/\/www.atelierdocaractere.pt\/brevemente\/wp-json\/wp\/v2\/types\/post"}],"author":[{"embeddable":true,"href":"https:\/\/www.atelierdocaractere.pt\/brevemente\/wp-json\/wp\/v2\/users\/7"}],"replies":[{"embeddable":true,"href":"https:\/\/www.atelierdocaractere.pt\/brevemente\/wp-json\/wp\/v2\/comments?post=13815"}],"version-history":[{"count":1,"href":"https:\/\/www.atelierdocaractere.pt\/brevemente\/wp-json\/wp\/v2\/posts\/13815\/revisions"}],"predecessor-version":[{"id":13817,"href":"https:\/\/www.atelierdocaractere.pt\/brevemente\/wp-json\/wp\/v2\/posts\/13815\/revisions\/13817"}],"wp:featuredmedia":[{"embeddable":true,"href":"https:\/\/www.atelierdocaractere.pt\/brevemente\/wp-json\/wp\/v2\/media\/13816"}],"wp:attachment":[{"href":"https:\/\/www.atelierdocaractere.pt\/brevemente\/wp-json\/wp\/v2\/media?parent=13815"}],"wp:term":[{"taxonomy":"category","embeddable":true,"href":"https:\/\/www.atelierdocaractere.pt\/brevemente\/wp-json\/wp\/v2\/categories?post=13815"},{"taxonomy":"post_tag","embeddable":true,"href":"https:\/\/www.atelierdocaractere.pt\/brevemente\/wp-json\/wp\/v2\/tags?post=13815"}],"curies":[{"name":"wp","href":"https:\/\/api.w.org\/{rel}","templated":true}]}}