{"id":13818,"date":"2025-06-12T09:31:02","date_gmt":"2025-06-12T09:31:02","guid":{"rendered":"https:\/\/www.atelierdocaractere.pt\/brevemente\/?p=13818"},"modified":"2025-06-16T09:37:24","modified_gmt":"2025-06-16T09:37:24","slug":"segunda-epoca-do-clio-trophy-portugal-promete-emocao","status":"publish","type":"post","link":"https:\/\/www.atelierdocaractere.pt\/brevemente\/segunda-epoca-do-clio-trophy-portugal-promete-emocao\/","title":{"rendered":"Segunda \u00e9poca do Clio Trophy Portugal promete emo\u00e7\u00e3o"},"content":{"rendered":"\n<p><strong>A segunda \u00e9poca do Clio Trophy Portugal arranca amanh\u00e3 (sexta-feira), com a disputa do Rali Castelo Branco e Vila Velha de R\u00f3d\u00e3o 2025. A emblem\u00e1tica prova do Campeonato de Portugal de Ralis promete dois dias intensos de competi\u00e7\u00e3o, com um percurso de 108,88 quil\u00f3metros cronometrados, repartido por 12 Provas Especiais de Classifica\u00e7\u00e3o (PEC) \u2013 quatro disputadas na sexta-feira e oito no s\u00e1bado. Esta ser\u00e1 a primeira das cinco provas de um calend\u00e1rio totalmente disputado em pisos de asfalto. Depois da vit\u00f3ria de Danny Carreira no ano de estreia do trof\u00e9u, quem ser\u00e1 o campe\u00e3o?<\/strong><\/p>\n\n\n\n<p>O Clio Trophy Portugal volta a animar os ralis nacionais e com argumentos que o consolidam como uma proposta diferenciadora: \u00e9 o mais acess\u00edvel trof\u00e9u organizado no pa\u00eds, a imbat\u00edvel rela\u00e7\u00e3o competitividade\/pre\u00e7o do Clio Rally 5 \u2013 que, em 2024, n\u00e3o registou uma \u00fanica desist\u00eancia por problemas t\u00e9cnicos \u2013 e o valor de 40.000\u20ac em pr\u00e9mios.<\/p>\n\n\n\n<p>A Michelin \u00e9 o novo fornecedor de pneus, juntando-se assim \u00e0 Mobilize Financial Services e \u00e0 MOTRIO como parceiros da iniciativa promovida pela Renault Portugal.<\/p>\n\n\n\n<h3 class=\"wp-block-heading\"><strong>Novos nomes, mesmos sonhos<\/strong><\/h3>\n\n\n\n<p>Ap\u00f3s a vit\u00f3ria de Danny Carreira em 2024, a expetativa renova-se: quem ser\u00e1 o novo campe\u00e3o? O Clio Trophy Portugal 2025 apresenta-se com um lote de pilotos, onde a juventude se cruza com a experi\u00eancia e entre os inscritos para a primeira prova da temporada, destaque para o facto de tr\u00eas terem menos de 30 anos de idade e de outros tantos serem naturais do Algarve.<\/p>\n\n\n\n<p>Com apenas 19 anos (completados em abril) e oriundo de uma fam\u00edlia com tradi\u00e7\u00e3o na competi\u00e7\u00e3o&nbsp;<strong>Carlos Marreiros Jr.<\/strong>&nbsp;\u00e9 o \u201cbenjamim\u201d do Clio Trophy Portugal \u2013 e um dos mais jovens do panorama nacional. Natural de Portim\u00e3o, fez o seu primeiro rali, em 2022, quando tinha apenas 16 anos! Com mais de duas dezenas de ralis disputados, muitos deles no Algarve, o jovem algarvio cumpre a segunda \u00e9poca no Clio Trophy Portugal e \u00e9 um nome a seguir com aten\u00e7\u00e3o ao longo da \u00e9poca. O algarvio inicia a \u00e9poca com Ricardo Barreto como navegador.<\/p>\n\n\n\n<p>Com 28 anos,&nbsp;<strong>Filipa Tintim<\/strong>&nbsp;assume o legado do pai, Vasco Tintim, que foi um dos animadores da edi\u00e7\u00e3o de estreia do Clio Trophy Portugal. Entusiasta por ralis, a algarvia estreou-se ao volante em 2019, seguindo-se participa\u00e7\u00f5es pontuais em provas disputadas no sul do pa\u00eds e quase sempre com a irm\u00e3 Mariana a ditar notas. J\u00e1 com alguma experi\u00eancia aos comandos do Clio Rally5, Filipa \u00e9 a primeira mulher a aceitar o desafio do trof\u00e9u promovido pela Renault Portugal e com a irm\u00e3 como navegadora.<\/p>\n\n\n\n<p>Aos 44 anos e depois de duas d\u00e9cadas de participa\u00e7\u00f5es pontuais em ralis regionais,&nbsp;<strong>Jo\u00e3o Rodrigues<\/strong>&nbsp;concretiza finalmente o sonho de disputar uma \u00e9poca completa nos ralis. A vit\u00f3ria entre os 2RM na edi\u00e7\u00e3o 2023 do Rally de Lisboa e algumas brilhantes atua\u00e7\u00f5es no Rali das Cam\u00e9lias criam alguma expetativa em rela\u00e7\u00e3o ao que poder\u00e1 fazer o piloto de Mafra na temporada de estreia do Clio Trophy Portugal, com Bruno Carvalho como navegador.<\/p>\n\n\n\n<p>Com 23 anos,&nbsp;<strong>Lu\u00eds Caetano<\/strong>&nbsp;\u00e9 uma das jovens promessas dos ralis nacionais, para onde virou a sua carreira ap\u00f3s ter come\u00e7ado no karting e depois de se sagrar campe\u00e3o nacional de todo-o-terreno, em 2023, na categoria T2. Em 2024, o piloto de Leiria acumulou experi\u00eancia ao volante do Clio Rally5, tendo terminado a \u00e9poca de estreia no Clio Trophy Portugal com um lugar no p\u00f3dio na \u00faltima prova do calend\u00e1rio. Este ano repete a aposta e com ainda mais ambi\u00e7\u00f5es. David Monteiro vai ditar as notas.<\/p>\n\n\n\n<p>Com 52 anos festejados a 6 de junho, desde 1999 que&nbsp;<strong>Miguel Abrantes<\/strong>&nbsp;conta com mais de meia centena de participa\u00e7\u00f5es em ralis e, em 2021, foi mesmo o vencedor do KIA Rally Cup. Um capital de experi\u00eancia que vai ser \u00fatil na \u00e9poca de estreia no Clio Trophy Portugal, at\u00e9 pelo facto de j\u00e1 contar com algumas provas realizadas aos comandos do Clio Rally5. Grande entusiasta da modalidade, o piloto de \u00c1gueda parte determinado em contrariar o favoritismo dos mais novos, com In\u00eas Veiga como navegadora.<\/p>\n\n\n\n<p>Com 48 anos,&nbsp;<strong>Paulo Santos<\/strong>&nbsp;estreou-se em ralis em 1998 e desde a\u00ed que tem competido com alguma regularidade, sobretudo em ralis disputados no Algarve, mas tamb\u00e9m nos A\u00e7ores. Com diversos t\u00edtulos e vit\u00f3rias conquistadas, em diferentes categorias, ao longo dos anos, o piloto de Faro cumpre agora o sonho de participar numa competi\u00e7\u00e3o de \u00e2mbito nacional, com a sua experi\u00eancia a poder ser um triunfo importante na estreia no Clio Trophy Portugal. Gon\u00e7alo Palmeira vai sentar-se no lugar reservado ao co-piloto.<\/p>\n\n\n\n<p>Com 28 anos,&nbsp;<strong>Tiago Pereira<\/strong>&nbsp;estreou-se em ralis em 2020 e desde a\u00ed que as suas exibi\u00e7\u00f5es n\u00e3o t\u00eam passado despercebidas a quem segue a modalidade. Depois de algumas vit\u00f3rias e at\u00e9 t\u00edtulos na sua categoria, o piloto da regi\u00e3o Centro procura agora dar mais um importante passo na sua carreira, com a estreia no Clio Trophy Portugal e com Fernando Pereira como navegador.<\/p>\n\n\n\n<p>Equipado com um motor que reivindica 180 cavalos de pot\u00eancia, caixa sequencial Sadev, diferencial autoblocante, suspens\u00f5es e trav\u00f5es espec\u00edficos e, claro, todos os equipamentos de seguran\u00e7a exigidos pelos regulamentos internacionais, o Clio Rally5 beneficia de uma homologa\u00e7\u00e3o FIA. Uma proposta que alia performance, fiabilidade e uma extraordin\u00e1ria rela\u00e7\u00e3o pre\u00e7o-competitividade. A base perfeita para os jovens que sonham com uma carreira nos ralis, sem esquecer os pilotos mais experientes que procuram competir com or\u00e7amentos moderados.<\/p>\n\n\n\n<p>A segunda temporada do Clio Trophy Portugal arranca j\u00e1 este fim de semana, na cidade de Castelo Branco. A n\u00e3o perder!<\/p>\n\n\n\n<h4 class=\"wp-block-heading\"><strong>Sobre o Clio Trophy Portugal<\/strong><\/h4>\n\n\n\n<p>O Clio Trophy Portugal \u00e9 um trof\u00e9u monomarca promovido pela Renault Portugal, baseado no Renault Clio Rally5, um modelo homologado pela FIA. Com um calend\u00e1rio competitivo e acess\u00edvel, o trof\u00e9u \u00e9 ideal para pilotos em in\u00edcio de carreira que desejam destacar-se no desporto autom\u00f3vel.<\/p>\n","protected":false},"excerpt":{"rendered":"<p>A segunda \u00e9poca do Clio Trophy Portugal arranca amanh\u00e3 (sexta-feira), com a disputa do Rali Castelo Branco e Vila Velha&#8230;<\/p>\n","protected":false},"author":7,"featured_media":13819,"comment_status":"closed","ping_status":"open","sticky":false,"template":"","format":"standard","meta":[],"categories":[24],"tags":[852,242,751,964],"yoast_head":"<!-- This site is optimized with the Yoast SEO plugin v20.12 - https:\/\/yoast.com\/wordpress\/plugins\/seo\/ -->\n<title>Segunda \u00e9poca do Clio Trophy Portugal promete emo\u00e7\u00e3o - Atelier do Caractere<\/title>\n<meta name=\"robots\" content=\"index, follow, max-snippet:-1, max-image-preview:large, max-video-preview:-1\" \/>\n<link rel=\"canonical\" href=\"https:\/\/www.atelierdocaractere.pt\/brevemente\/segunda-epoca-do-clio-trophy-portugal-promete-emocao\/\" \/>\n<meta property=\"og:locale\" content=\"pt_PT\" \/>\n<meta property=\"og:type\" content=\"article\" \/>\n<meta property=\"og:title\" content=\"Segunda \u00e9poca do Clio Trophy Portugal promete emo\u00e7\u00e3o - Atelier do Caractere\" \/>\n<meta property=\"og:description\" content=\"A segunda \u00e9poca do Clio Trophy Portugal arranca amanh\u00e3 (sexta-feira), com a disputa do Rali Castelo Branco e Vila Velha...\" \/>\n<meta property=\"og:url\" content=\"https:\/\/www.atelierdocaractere.pt\/brevemente\/segunda-epoca-do-clio-trophy-portugal-promete-emocao\/\" \/>\n<meta property=\"og:site_name\" content=\"Atelier do Caractere\" \/>\n<meta property=\"article:publisher\" content=\"https:\/\/www.facebook.com\/AtelierdoCaractere\" \/>\n<meta property=\"article:published_time\" content=\"2025-06-12T09:31:02+00:00\" \/>\n<meta property=\"article:modified_time\" content=\"2025-06-16T09:37:24+00:00\" \/>\n<meta property=\"og:image\" content=\"https:\/\/www.atelierdocaractere.pt\/wp-content\/uploads\/2025\/06\/74bd3e082bf85e76fc60aa0f94a428df-l.png-1.webp\" \/>\n\t<meta property=\"og:image:width\" content=\"2000\" \/>\n\t<meta property=\"og:image:height\" content=\"1128\" \/>\n\t<meta property=\"og:image:type\" content=\"image\/webp\" \/>\n<meta name=\"author\" content=\"Joana Barbosa\" \/>\n<meta name=\"twitter:card\" content=\"summary_large_image\" \/>\n<meta name=\"twitter:label1\" content=\"Escrito por\" \/>\n\t<meta name=\"twitter:data1\" content=\"Joana Barbosa\" \/>\n\t<meta name=\"twitter:label2\" content=\"Tempo estimado de leitura\" \/>\n\t<meta name=\"twitter:data2\" content=\"6 minutos\" \/>\n<script type=\"application\/ld+json\" class=\"yoast-schema-graph\">{\"@context\":\"https:\/\/schema.org\",\"@graph\":[{\"@type\":\"WebPage\",\"@id\":\"https:\/\/www.atelierdocaractere.pt\/brevemente\/segunda-epoca-do-clio-trophy-portugal-promete-emocao\/\",\"url\":\"https:\/\/www.atelierdocaractere.pt\/brevemente\/segunda-epoca-do-clio-trophy-portugal-promete-emocao\/\",\"name\":\"Segunda \u00e9poca do Clio Trophy Portugal promete emo\u00e7\u00e3o - Atelier do Caractere\",\"isPartOf\":{\"@id\":\"https:\/\/www.atelierdocaractere.pt\/brevemente\/#website\"},\"datePublished\":\"2025-06-12T09:31:02+00:00\",\"dateModified\":\"2025-06-16T09:37:24+00:00\",\"author\":{\"@id\":\"https:\/\/www.atelierdocaractere.pt\/brevemente\/#\/schema\/person\/f2f096eb0f27d9894725af22cb97c0db\"},\"breadcrumb\":{\"@id\":\"https:\/\/www.atelierdocaractere.pt\/brevemente\/segunda-epoca-do-clio-trophy-portugal-promete-emocao\/#breadcrumb\"},\"inLanguage\":\"pt-PT\",\"potentialAction\":[{\"@type\":\"ReadAction\",\"target\":[\"https:\/\/www.atelierdocaractere.pt\/brevemente\/segunda-epoca-do-clio-trophy-portugal-promete-emocao\/\"]}]},{\"@type\":\"BreadcrumbList\",\"@id\":\"https:\/\/www.atelierdocaractere.pt\/brevemente\/segunda-epoca-do-clio-trophy-portugal-promete-emocao\/#breadcrumb\",\"itemListElement\":[{\"@type\":\"ListItem\",\"position\":1,\"name\":\"In\u00edcio\",\"item\":\"https:\/\/www.atelierdocaractere.pt\/brevemente\/\"},{\"@type\":\"ListItem\",\"position\":2,\"name\":\"Segunda \u00e9poca do Clio Trophy Portugal promete emo\u00e7\u00e3o\"}]},{\"@type\":\"WebSite\",\"@id\":\"https:\/\/www.atelierdocaractere.pt\/brevemente\/#website\",\"url\":\"https:\/\/www.atelierdocaractere.pt\/brevemente\/\",\"name\":\"Atelier do Caractere\",\"description\":\"\",\"potentialAction\":[{\"@type\":\"SearchAction\",\"target\":{\"@type\":\"EntryPoint\",\"urlTemplate\":\"https:\/\/www.atelierdocaractere.pt\/brevemente\/?s={search_term_string}\"},\"query-input\":\"required name=search_term_string\"}],\"inLanguage\":\"pt-PT\"},{\"@type\":\"Person\",\"@id\":\"https:\/\/www.atelierdocaractere.pt\/brevemente\/#\/schema\/person\/f2f096eb0f27d9894725af22cb97c0db\",\"name\":\"Joana Barbosa\",\"image\":{\"@type\":\"ImageObject\",\"inLanguage\":\"pt-PT\",\"@id\":\"https:\/\/www.atelierdocaractere.pt\/brevemente\/#\/schema\/person\/image\/\",\"url\":\"https:\/\/secure.gravatar.com\/avatar\/33e8214b45e9d68a3a83008731075979?s=96&d=mm&r=g\",\"contentUrl\":\"https:\/\/secure.gravatar.com\/avatar\/33e8214b45e9d68a3a83008731075979?s=96&d=mm&r=g\",\"caption\":\"Joana Barbosa\"},\"url\":\"https:\/\/www.atelierdocaractere.pt\/brevemente\/author\/joanabarbosa\/\"}]}<\/script>\n<!-- \/ Yoast SEO plugin. -->","yoast_head_json":{"title":"Segunda \u00e9poca do Clio Trophy Portugal promete emo\u00e7\u00e3o - Atelier do Caractere","robots":{"index":"index","follow":"follow","max-snippet":"max-snippet:-1","max-image-preview":"max-image-preview:large","max-video-preview":"max-video-preview:-1"},"canonical":"https:\/\/www.atelierdocaractere.pt\/brevemente\/segunda-epoca-do-clio-trophy-portugal-promete-emocao\/","og_locale":"pt_PT","og_type":"article","og_title":"Segunda \u00e9poca do Clio Trophy Portugal promete emo\u00e7\u00e3o - Atelier do Caractere","og_description":"A segunda \u00e9poca do Clio Trophy Portugal arranca amanh\u00e3 (sexta-feira), com a disputa do Rali Castelo Branco e Vila Velha...","og_url":"https:\/\/www.atelierdocaractere.pt\/brevemente\/segunda-epoca-do-clio-trophy-portugal-promete-emocao\/","og_site_name":"Atelier do Caractere","article_publisher":"https:\/\/www.facebook.com\/AtelierdoCaractere","article_published_time":"2025-06-12T09:31:02+00:00","article_modified_time":"2025-06-16T09:37:24+00:00","og_image":[{"width":2000,"height":1128,"url":"https:\/\/www.atelierdocaractere.pt\/wp-content\/uploads\/2025\/06\/74bd3e082bf85e76fc60aa0f94a428df-l.png-1.webp","type":"image\/webp"}],"author":"Joana Barbosa","twitter_card":"summary_large_image","twitter_misc":{"Escrito por":"Joana Barbosa","Tempo estimado de leitura":"6 minutos"},"schema":{"@context":"https:\/\/schema.org","@graph":[{"@type":"WebPage","@id":"https:\/\/www.atelierdocaractere.pt\/brevemente\/segunda-epoca-do-clio-trophy-portugal-promete-emocao\/","url":"https:\/\/www.atelierdocaractere.pt\/brevemente\/segunda-epoca-do-clio-trophy-portugal-promete-emocao\/","name":"Segunda \u00e9poca do Clio Trophy Portugal promete emo\u00e7\u00e3o - Atelier do Caractere","isPartOf":{"@id":"https:\/\/www.atelierdocaractere.pt\/brevemente\/#website"},"datePublished":"2025-06-12T09:31:02+00:00","dateModified":"2025-06-16T09:37:24+00:00","author":{"@id":"https:\/\/www.atelierdocaractere.pt\/brevemente\/#\/schema\/person\/f2f096eb0f27d9894725af22cb97c0db"},"breadcrumb":{"@id":"https:\/\/www.atelierdocaractere.pt\/brevemente\/segunda-epoca-do-clio-trophy-portugal-promete-emocao\/#breadcrumb"},"inLanguage":"pt-PT","potentialAction":[{"@type":"ReadAction","target":["https:\/\/www.atelierdocaractere.pt\/brevemente\/segunda-epoca-do-clio-trophy-portugal-promete-emocao\/"]}]},{"@type":"BreadcrumbList","@id":"https:\/\/www.atelierdocaractere.pt\/brevemente\/segunda-epoca-do-clio-trophy-portugal-promete-emocao\/#breadcrumb","itemListElement":[{"@type":"ListItem","position":1,"name":"In\u00edcio","item":"https:\/\/www.atelierdocaractere.pt\/brevemente\/"},{"@type":"ListItem","position":2,"name":"Segunda \u00e9poca do Clio Trophy Portugal promete emo\u00e7\u00e3o"}]},{"@type":"WebSite","@id":"https:\/\/www.atelierdocaractere.pt\/brevemente\/#website","url":"https:\/\/www.atelierdocaractere.pt\/brevemente\/","name":"Atelier do Caractere","description":"","potentialAction":[{"@type":"SearchAction","target":{"@type":"EntryPoint","urlTemplate":"https:\/\/www.atelierdocaractere.pt\/brevemente\/?s={search_term_string}"},"query-input":"required name=search_term_string"}],"inLanguage":"pt-PT"},{"@type":"Person","@id":"https:\/\/www.atelierdocaractere.pt\/brevemente\/#\/schema\/person\/f2f096eb0f27d9894725af22cb97c0db","name":"Joana Barbosa","image":{"@type":"ImageObject","inLanguage":"pt-PT","@id":"https:\/\/www.atelierdocaractere.pt\/brevemente\/#\/schema\/person\/image\/","url":"https:\/\/secure.gravatar.com\/avatar\/33e8214b45e9d68a3a83008731075979?s=96&d=mm&r=g","contentUrl":"https:\/\/secure.gravatar.com\/avatar\/33e8214b45e9d68a3a83008731075979?s=96&d=mm&r=g","caption":"Joana Barbosa"},"url":"https:\/\/www.atelierdocaractere.pt\/brevemente\/author\/joanabarbosa\/"}]}},"_links":{"self":[{"href":"https:\/\/www.atelierdocaractere.pt\/brevemente\/wp-json\/wp\/v2\/posts\/13818"}],"collection":[{"href":"https:\/\/www.atelierdocaractere.pt\/brevemente\/wp-json\/wp\/v2\/posts"}],"about":[{"href":"https:\/\/www.atelierdocaractere.pt\/brevemente\/wp-json\/wp\/v2\/types\/post"}],"author":[{"embeddable":true,"href":"https:\/\/www.atelierdocaractere.pt\/brevemente\/wp-json\/wp\/v2\/users\/7"}],"replies":[{"embeddable":true,"href":"https:\/\/www.atelierdocaractere.pt\/brevemente\/wp-json\/wp\/v2\/comments?post=13818"}],"version-history":[{"count":1,"href":"https:\/\/www.atelierdocaractere.pt\/brevemente\/wp-json\/wp\/v2\/posts\/13818\/revisions"}],"predecessor-version":[{"id":13820,"href":"https:\/\/www.atelierdocaractere.pt\/brevemente\/wp-json\/wp\/v2\/posts\/13818\/revisions\/13820"}],"wp:featuredmedia":[{"embeddable":true,"href":"https:\/\/www.atelierdocaractere.pt\/brevemente\/wp-json\/wp\/v2\/media\/13819"}],"wp:attachment":[{"href":"https:\/\/www.atelierdocaractere.pt\/brevemente\/wp-json\/wp\/v2\/media?parent=13818"}],"wp:term":[{"taxonomy":"category","embeddable":true,"href":"https:\/\/www.atelierdocaractere.pt\/brevemente\/wp-json\/wp\/v2\/categories?post=13818"},{"taxonomy":"post_tag","embeddable":true,"href":"https:\/\/www.atelierdocaractere.pt\/brevemente\/wp-json\/wp\/v2\/tags?post=13818"}],"curies":[{"name":"wp","href":"https:\/\/api.w.org\/{rel}","templated":true}]}}