{"id":13824,"date":"2025-06-06T09:39:29","date_gmt":"2025-06-06T09:39:29","guid":{"rendered":"https:\/\/www.atelierdocaractere.pt\/brevemente\/?p=13824"},"modified":"2025-06-16T09:41:40","modified_gmt":"2025-06-16T09:41:40","slug":"monumentos-megaliticos-de-viseu-dao-lafoes-asseguram-classificacao-e-protecao-nacional","status":"publish","type":"post","link":"https:\/\/www.atelierdocaractere.pt\/brevemente\/monumentos-megaliticos-de-viseu-dao-lafoes-asseguram-classificacao-e-protecao-nacional\/","title":{"rendered":"Monumentos megal\u00edticos de Viseu D\u00e3o Laf\u00f5es asseguram classifica\u00e7\u00e3o e prote\u00e7\u00e3o nacional"},"content":{"rendered":"\n<p><strong>&#8220;Grupo de Viseu D\u00e3o Laf\u00f5es\u201d, uma das mais relevantes manifesta\u00e7\u00f5es de arte megal\u00edtica da Europa ocidental, ganha prote\u00e7\u00e3o de \u00c2mbito Nacional.<\/strong><\/p>\n\n\n\n<p>Com a abertura de procedimento de classifica\u00e7\u00e3o de \u00e2mbito nacional do Conjunto de Monumentos Megal\u00edticos do Grupo de Viseu D\u00e3o Laf\u00f5es, este conjunto de 18 monumentos megal\u00edticos de Viseu D\u00e3o Laf\u00f5es d\u00e1 um passo importante na sua prote\u00e7\u00e3o e no seu reconhecimento oficial pelo Estado portugu\u00eas. Esta \u00e9 mais uma etapa no processo de valoriza\u00e7\u00e3o deste patrim\u00f3nio da regi\u00e3o, \u00fanico no pa\u00eds, que tem sido desenvolvido pela\u00a0<strong>Comunidade Intermunicipal (CIM) Viseu D\u00e3o Laf\u00f5es<\/strong>.<br><br>Os monumentos de Viseu D\u00e3o Laf\u00f5es s\u00e3o considerados por especialistas uma das mais relevantes manifesta\u00e7\u00f5es de arte megal\u00edtica pintada da Pen\u00ednsula Ib\u00e9rica e da Europa Ocidental. Com mais de seis mil anos, estes testemunhos arqueol\u00f3gicos conservam pinturas e gravuras extraordin\u00e1rias, fundamentais para o estudo das primeiras express\u00f5es art\u00edsticas e arquitet\u00f3nicas de matriz europeia.<br><br>O despacho que abre o procedimento para a Classifica\u00e7\u00e3o Nacional do Conjunto dos Monumentos Megal\u00edticos do Grupo de Viseu D\u00e3o Laf\u00f5es foi publicado em Di\u00e1rio da Rep\u00fablica, no An\u00fancio n.\u00ba 159\/2025, de 21 de maio<strong>. A decis\u00e3o garante desde j\u00e1 a prote\u00e7\u00e3o legal deste patrim\u00f3nio<\/strong>, nos termos da Lei de Bases do Patrim\u00f3nio Cultural, enquanto se desenvolve o processo formal de classifica\u00e7\u00e3o.<br><br>O conjunto inclui 11 monumentos que n\u00e3o tinham ainda qualquer classifica\u00e7\u00e3o e sete com prote\u00e7\u00f5es antigas, mas sem delimita\u00e7\u00e3o espacial adequada. A concentra\u00e7\u00e3o de antas com pinturas e gravuras, a monumentalidade das suas arquiteturas, o seu excelente estado de conserva\u00e7\u00e3o e a riqueza figurativa das manifesta\u00e7\u00f5es art\u00edsticas fazem deste conjunto uma das mais relevantes manifesta\u00e7\u00f5es de arte megal\u00edtica a n\u00edvel internacional.<br><br>Al\u00e9m destes, o territ\u00f3rio de Viseu D\u00e3o Laf\u00f5es conserva dezenas de outros monumentos que seguem c\u00e2nones arquitet\u00f3nicos, estilos art\u00edsticos e pr\u00e1ticas rituais do Megalitismo, as primeiras arquiteturas de matriz europeia.<br><br>Referenciados em documentos desde o s\u00e9culo XII e alvo de investiga\u00e7\u00e3o cient\u00edfica a partir do s\u00e9culo XIX, estes monumentos acabaram por dar origem ao termo arqueol\u00f3gico\u00a0<strong>\u201cGrupo de Viseu\u201d<\/strong>, amplamente reconhecido no contexto internacional.<br>\u00a0<br>\u00a0<br><strong>Um momento hist\u00f3rico para a regi\u00e3o<\/strong><br><br><em>\u201cEste \u00e9 um momento hist\u00f3rico para Viseu D\u00e3o Laf\u00f5es. Estamos a assegurar a mem\u00f3ria coletiva da regi\u00e3o e, n\u00e3o menos importante, a heran\u00e7a de toda a Humanidade. A partir de agora, garantimos a devida prote\u00e7\u00e3o e criamos bases s\u00f3lidas para que estas mem\u00f3rias milenares sejam preservadas e conhecidas pelas gera\u00e7\u00f5es futuras\u201d<\/em>, afirma o\u00a0<strong>Presidente da CIM Viseu D\u00e3o Laf\u00f5es, Fernando Ruas<\/strong>.<br><br><strong>Nuno Martinho, Secret\u00e1rio Executivo da CIM Viseu D\u00e3o Laf\u00f5es<\/strong>, acrescenta:\u00a0<em>\u201cEste passo no caminho da classifica\u00e7\u00e3o nacional confere-nos ainda mais responsabilidade para continuar a trabalhar num turismo cultural de excel\u00eancia, assente na sustentabilidade e na valoriza\u00e7\u00e3o do nosso territ\u00f3rio\u201d<\/em>.<br><br>Desde 2018, a\u00a0<strong>CIM Viseu D\u00e3o Laf\u00f5es<\/strong>\u00a0tem promovido, em parceria com os munic\u00edpios da regi\u00e3o, m\u00faltiplas a\u00e7\u00f5es de valoriza\u00e7\u00e3o e divulga\u00e7\u00e3o deste patrim\u00f3nio, incluindo uma rota tur\u00edstica que liga os principais s\u00edtios megal\u00edticos (a MEG &#8211; Rota de Megalitismo), e um document\u00e1rio, j\u00e1 premiado a n\u00edvel internacional (dispon\u00edvel em\u00a0<a href=\"https:\/\/mixlife.us21.list-manage.com\/track\/click?u=6fa784dd5dedbb105dedc3702&amp;id=ac64b97bd2&amp;e=a88eb34a0e\">www.youtube.com\/watch?v=YCFkbVW5gPc<\/a>). \u00a0<br><br>A classifica\u00e7\u00e3o nacional resulta de um trabalho profundo e rigoroso da\u00a0<strong>CIM Viseu D\u00e3o Laf\u00f5es<\/strong>, desenvolvido em colabora\u00e7\u00e3o t\u00e9cnico-cient\u00edfica com a\u00a0<strong>Universidade do Algarve<\/strong>\u00a0e em estreita articula\u00e7\u00e3o com o\u00a0<strong>Patrim\u00f3nio Cultural, I.P<\/strong>.<\/p>\n\n\n\n<p><strong>Sobre a CIM Viseu D\u00e3o Laf\u00f5es:<\/strong><br>A CIM Viseu D\u00e3o Laf\u00f5es \u00e9 uma associa\u00e7\u00e3o de munic\u00edpios, denominada como Comunidade Intermunicipal, sendo constitu\u00edda pelos munic\u00edpios de\u00a0Aguiar da Beira, Carregal do Sal, Castro Daire, Mangualde, Nelas, Oliveira de Frades, Penalva do Castelo, Santa Comba D\u00e3o, S\u00e3o Pedro do Sul, S\u00e1t\u00e3o, Tondela, Vila Nova de Paiva, Viseu e Vouzela.<\/p>\n","protected":false},"excerpt":{"rendered":"<p>&#8220;Grupo de Viseu D\u00e3o Laf\u00f5es\u201d, uma das mais relevantes manifesta\u00e7\u00f5es de arte megal\u00edtica da Europa ocidental, ganha prote\u00e7\u00e3o de \u00c2mbito&#8230;<\/p>\n","protected":false},"author":7,"featured_media":13825,"comment_status":"closed","ping_status":"open","sticky":false,"template":"","format":"standard","meta":[],"categories":[39],"tags":[636],"yoast_head":"<!-- This site is optimized with the Yoast SEO plugin v20.12 - https:\/\/yoast.com\/wordpress\/plugins\/seo\/ -->\n<title>Monumentos megal\u00edticos de Viseu D\u00e3o Laf\u00f5es asseguram classifica\u00e7\u00e3o e prote\u00e7\u00e3o nacional - Atelier do Caractere<\/title>\n<meta name=\"robots\" content=\"index, follow, max-snippet:-1, max-image-preview:large, max-video-preview:-1\" \/>\n<link rel=\"canonical\" href=\"https:\/\/www.atelierdocaractere.pt\/brevemente\/monumentos-megaliticos-de-viseu-dao-lafoes-asseguram-classificacao-e-protecao-nacional\/\" \/>\n<meta property=\"og:locale\" content=\"pt_PT\" \/>\n<meta property=\"og:type\" content=\"article\" \/>\n<meta property=\"og:title\" content=\"Monumentos megal\u00edticos de Viseu D\u00e3o Laf\u00f5es asseguram classifica\u00e7\u00e3o e prote\u00e7\u00e3o nacional - Atelier do Caractere\" \/>\n<meta property=\"og:description\" content=\"&#8220;Grupo de Viseu D\u00e3o Laf\u00f5es\u201d, uma das mais relevantes manifesta\u00e7\u00f5es de arte megal\u00edtica da Europa ocidental, ganha prote\u00e7\u00e3o de \u00c2mbito...\" \/>\n<meta property=\"og:url\" content=\"https:\/\/www.atelierdocaractere.pt\/brevemente\/monumentos-megaliticos-de-viseu-dao-lafoes-asseguram-classificacao-e-protecao-nacional\/\" \/>\n<meta property=\"og:site_name\" content=\"Atelier do Caractere\" \/>\n<meta property=\"article:publisher\" content=\"https:\/\/www.facebook.com\/AtelierdoCaractere\" \/>\n<meta property=\"article:published_time\" content=\"2025-06-06T09:39:29+00:00\" \/>\n<meta property=\"article:modified_time\" content=\"2025-06-16T09:41:40+00:00\" \/>\n<meta property=\"og:image\" content=\"https:\/\/www.atelierdocaractere.pt\/wp-content\/uploads\/2025\/06\/37babc55-f09c-3f56-1372-1b8efd88af34.png\" \/>\n\t<meta property=\"og:image:width\" content=\"1200\" \/>\n\t<meta property=\"og:image:height\" content=\"900\" \/>\n\t<meta property=\"og:image:type\" content=\"image\/png\" \/>\n<meta name=\"author\" content=\"Joana Barbosa\" \/>\n<meta name=\"twitter:card\" content=\"summary_large_image\" \/>\n<meta name=\"twitter:label1\" content=\"Escrito por\" \/>\n\t<meta name=\"twitter:data1\" content=\"Joana Barbosa\" \/>\n\t<meta name=\"twitter:label2\" content=\"Tempo estimado de leitura\" \/>\n\t<meta name=\"twitter:data2\" content=\"4 minutos\" \/>\n<script type=\"application\/ld+json\" class=\"yoast-schema-graph\">{\"@context\":\"https:\/\/schema.org\",\"@graph\":[{\"@type\":\"WebPage\",\"@id\":\"https:\/\/www.atelierdocaractere.pt\/brevemente\/monumentos-megaliticos-de-viseu-dao-lafoes-asseguram-classificacao-e-protecao-nacional\/\",\"url\":\"https:\/\/www.atelierdocaractere.pt\/brevemente\/monumentos-megaliticos-de-viseu-dao-lafoes-asseguram-classificacao-e-protecao-nacional\/\",\"name\":\"Monumentos megal\u00edticos de Viseu D\u00e3o Laf\u00f5es asseguram classifica\u00e7\u00e3o e prote\u00e7\u00e3o nacional - Atelier do Caractere\",\"isPartOf\":{\"@id\":\"https:\/\/www.atelierdocaractere.pt\/brevemente\/#website\"},\"datePublished\":\"2025-06-06T09:39:29+00:00\",\"dateModified\":\"2025-06-16T09:41:40+00:00\",\"author\":{\"@id\":\"https:\/\/www.atelierdocaractere.pt\/brevemente\/#\/schema\/person\/f2f096eb0f27d9894725af22cb97c0db\"},\"breadcrumb\":{\"@id\":\"https:\/\/www.atelierdocaractere.pt\/brevemente\/monumentos-megaliticos-de-viseu-dao-lafoes-asseguram-classificacao-e-protecao-nacional\/#breadcrumb\"},\"inLanguage\":\"pt-PT\",\"potentialAction\":[{\"@type\":\"ReadAction\",\"target\":[\"https:\/\/www.atelierdocaractere.pt\/brevemente\/monumentos-megaliticos-de-viseu-dao-lafoes-asseguram-classificacao-e-protecao-nacional\/\"]}]},{\"@type\":\"BreadcrumbList\",\"@id\":\"https:\/\/www.atelierdocaractere.pt\/brevemente\/monumentos-megaliticos-de-viseu-dao-lafoes-asseguram-classificacao-e-protecao-nacional\/#breadcrumb\",\"itemListElement\":[{\"@type\":\"ListItem\",\"position\":1,\"name\":\"In\u00edcio\",\"item\":\"https:\/\/www.atelierdocaractere.pt\/brevemente\/\"},{\"@type\":\"ListItem\",\"position\":2,\"name\":\"Monumentos megal\u00edticos de Viseu D\u00e3o Laf\u00f5es asseguram classifica\u00e7\u00e3o e prote\u00e7\u00e3o nacional\"}]},{\"@type\":\"WebSite\",\"@id\":\"https:\/\/www.atelierdocaractere.pt\/brevemente\/#website\",\"url\":\"https:\/\/www.atelierdocaractere.pt\/brevemente\/\",\"name\":\"Atelier do Caractere\",\"description\":\"\",\"potentialAction\":[{\"@type\":\"SearchAction\",\"target\":{\"@type\":\"EntryPoint\",\"urlTemplate\":\"https:\/\/www.atelierdocaractere.pt\/brevemente\/?s={search_term_string}\"},\"query-input\":\"required name=search_term_string\"}],\"inLanguage\":\"pt-PT\"},{\"@type\":\"Person\",\"@id\":\"https:\/\/www.atelierdocaractere.pt\/brevemente\/#\/schema\/person\/f2f096eb0f27d9894725af22cb97c0db\",\"name\":\"Joana Barbosa\",\"image\":{\"@type\":\"ImageObject\",\"inLanguage\":\"pt-PT\",\"@id\":\"https:\/\/www.atelierdocaractere.pt\/brevemente\/#\/schema\/person\/image\/\",\"url\":\"https:\/\/secure.gravatar.com\/avatar\/33e8214b45e9d68a3a83008731075979?s=96&d=mm&r=g\",\"contentUrl\":\"https:\/\/secure.gravatar.com\/avatar\/33e8214b45e9d68a3a83008731075979?s=96&d=mm&r=g\",\"caption\":\"Joana Barbosa\"},\"url\":\"https:\/\/www.atelierdocaractere.pt\/brevemente\/author\/joanabarbosa\/\"}]}<\/script>\n<!-- \/ Yoast SEO plugin. -->","yoast_head_json":{"title":"Monumentos megal\u00edticos de Viseu D\u00e3o Laf\u00f5es asseguram classifica\u00e7\u00e3o e prote\u00e7\u00e3o nacional - Atelier do Caractere","robots":{"index":"index","follow":"follow","max-snippet":"max-snippet:-1","max-image-preview":"max-image-preview:large","max-video-preview":"max-video-preview:-1"},"canonical":"https:\/\/www.atelierdocaractere.pt\/brevemente\/monumentos-megaliticos-de-viseu-dao-lafoes-asseguram-classificacao-e-protecao-nacional\/","og_locale":"pt_PT","og_type":"article","og_title":"Monumentos megal\u00edticos de Viseu D\u00e3o Laf\u00f5es asseguram classifica\u00e7\u00e3o e prote\u00e7\u00e3o nacional - Atelier do Caractere","og_description":"&#8220;Grupo de Viseu D\u00e3o Laf\u00f5es\u201d, uma das mais relevantes manifesta\u00e7\u00f5es de arte megal\u00edtica da Europa ocidental, ganha prote\u00e7\u00e3o de \u00c2mbito...","og_url":"https:\/\/www.atelierdocaractere.pt\/brevemente\/monumentos-megaliticos-de-viseu-dao-lafoes-asseguram-classificacao-e-protecao-nacional\/","og_site_name":"Atelier do Caractere","article_publisher":"https:\/\/www.facebook.com\/AtelierdoCaractere","article_published_time":"2025-06-06T09:39:29+00:00","article_modified_time":"2025-06-16T09:41:40+00:00","og_image":[{"width":1200,"height":900,"url":"https:\/\/www.atelierdocaractere.pt\/wp-content\/uploads\/2025\/06\/37babc55-f09c-3f56-1372-1b8efd88af34.png","type":"image\/png"}],"author":"Joana Barbosa","twitter_card":"summary_large_image","twitter_misc":{"Escrito por":"Joana Barbosa","Tempo estimado de leitura":"4 minutos"},"schema":{"@context":"https:\/\/schema.org","@graph":[{"@type":"WebPage","@id":"https:\/\/www.atelierdocaractere.pt\/brevemente\/monumentos-megaliticos-de-viseu-dao-lafoes-asseguram-classificacao-e-protecao-nacional\/","url":"https:\/\/www.atelierdocaractere.pt\/brevemente\/monumentos-megaliticos-de-viseu-dao-lafoes-asseguram-classificacao-e-protecao-nacional\/","name":"Monumentos megal\u00edticos de Viseu D\u00e3o Laf\u00f5es asseguram classifica\u00e7\u00e3o e prote\u00e7\u00e3o nacional - Atelier do Caractere","isPartOf":{"@id":"https:\/\/www.atelierdocaractere.pt\/brevemente\/#website"},"datePublished":"2025-06-06T09:39:29+00:00","dateModified":"2025-06-16T09:41:40+00:00","author":{"@id":"https:\/\/www.atelierdocaractere.pt\/brevemente\/#\/schema\/person\/f2f096eb0f27d9894725af22cb97c0db"},"breadcrumb":{"@id":"https:\/\/www.atelierdocaractere.pt\/brevemente\/monumentos-megaliticos-de-viseu-dao-lafoes-asseguram-classificacao-e-protecao-nacional\/#breadcrumb"},"inLanguage":"pt-PT","potentialAction":[{"@type":"ReadAction","target":["https:\/\/www.atelierdocaractere.pt\/brevemente\/monumentos-megaliticos-de-viseu-dao-lafoes-asseguram-classificacao-e-protecao-nacional\/"]}]},{"@type":"BreadcrumbList","@id":"https:\/\/www.atelierdocaractere.pt\/brevemente\/monumentos-megaliticos-de-viseu-dao-lafoes-asseguram-classificacao-e-protecao-nacional\/#breadcrumb","itemListElement":[{"@type":"ListItem","position":1,"name":"In\u00edcio","item":"https:\/\/www.atelierdocaractere.pt\/brevemente\/"},{"@type":"ListItem","position":2,"name":"Monumentos megal\u00edticos de Viseu D\u00e3o Laf\u00f5es asseguram classifica\u00e7\u00e3o e prote\u00e7\u00e3o nacional"}]},{"@type":"WebSite","@id":"https:\/\/www.atelierdocaractere.pt\/brevemente\/#website","url":"https:\/\/www.atelierdocaractere.pt\/brevemente\/","name":"Atelier do Caractere","description":"","potentialAction":[{"@type":"SearchAction","target":{"@type":"EntryPoint","urlTemplate":"https:\/\/www.atelierdocaractere.pt\/brevemente\/?s={search_term_string}"},"query-input":"required name=search_term_string"}],"inLanguage":"pt-PT"},{"@type":"Person","@id":"https:\/\/www.atelierdocaractere.pt\/brevemente\/#\/schema\/person\/f2f096eb0f27d9894725af22cb97c0db","name":"Joana Barbosa","image":{"@type":"ImageObject","inLanguage":"pt-PT","@id":"https:\/\/www.atelierdocaractere.pt\/brevemente\/#\/schema\/person\/image\/","url":"https:\/\/secure.gravatar.com\/avatar\/33e8214b45e9d68a3a83008731075979?s=96&d=mm&r=g","contentUrl":"https:\/\/secure.gravatar.com\/avatar\/33e8214b45e9d68a3a83008731075979?s=96&d=mm&r=g","caption":"Joana Barbosa"},"url":"https:\/\/www.atelierdocaractere.pt\/brevemente\/author\/joanabarbosa\/"}]}},"_links":{"self":[{"href":"https:\/\/www.atelierdocaractere.pt\/brevemente\/wp-json\/wp\/v2\/posts\/13824"}],"collection":[{"href":"https:\/\/www.atelierdocaractere.pt\/brevemente\/wp-json\/wp\/v2\/posts"}],"about":[{"href":"https:\/\/www.atelierdocaractere.pt\/brevemente\/wp-json\/wp\/v2\/types\/post"}],"author":[{"embeddable":true,"href":"https:\/\/www.atelierdocaractere.pt\/brevemente\/wp-json\/wp\/v2\/users\/7"}],"replies":[{"embeddable":true,"href":"https:\/\/www.atelierdocaractere.pt\/brevemente\/wp-json\/wp\/v2\/comments?post=13824"}],"version-history":[{"count":1,"href":"https:\/\/www.atelierdocaractere.pt\/brevemente\/wp-json\/wp\/v2\/posts\/13824\/revisions"}],"predecessor-version":[{"id":13826,"href":"https:\/\/www.atelierdocaractere.pt\/brevemente\/wp-json\/wp\/v2\/posts\/13824\/revisions\/13826"}],"wp:featuredmedia":[{"embeddable":true,"href":"https:\/\/www.atelierdocaractere.pt\/brevemente\/wp-json\/wp\/v2\/media\/13825"}],"wp:attachment":[{"href":"https:\/\/www.atelierdocaractere.pt\/brevemente\/wp-json\/wp\/v2\/media?parent=13824"}],"wp:term":[{"taxonomy":"category","embeddable":true,"href":"https:\/\/www.atelierdocaractere.pt\/brevemente\/wp-json\/wp\/v2\/categories?post=13824"},{"taxonomy":"post_tag","embeddable":true,"href":"https:\/\/www.atelierdocaractere.pt\/brevemente\/wp-json\/wp\/v2\/tags?post=13824"}],"curies":[{"name":"wp","href":"https:\/\/api.w.org\/{rel}","templated":true}]}}