{"id":13827,"date":"2025-06-04T09:44:10","date_gmt":"2025-06-04T09:44:10","guid":{"rendered":"https:\/\/www.atelierdocaractere.pt\/brevemente\/?p=13827"},"modified":"2025-06-16T09:46:43","modified_gmt":"2025-06-16T09:46:43","slug":"projeto-da-cim-viseu-dao-lafoes-entre-os-melhores-dos-premios-europeus-life-awards-2025","status":"publish","type":"post","link":"https:\/\/www.atelierdocaractere.pt\/brevemente\/projeto-da-cim-viseu-dao-lafoes-entre-os-melhores-dos-premios-europeus-life-awards-2025\/","title":{"rendered":"Projeto da CIM Viseu D\u00e3o Laf\u00f5es entre os melhores dos Pr\u00e9mios Europeus LIFE Awards 2025"},"content":{"rendered":"\n<p><strong>LIFE Landscape Fire foi o \u00fanico projeto com coordena\u00e7\u00e3o portuguesa entre os nove finalistas, representando um reconhecimento europeu para a regi\u00e3o Viseu D\u00e3o Laf\u00f5es e para Portugal.<\/strong><\/p>\n\n\n\n<p>O projeto europeu&nbsp;<strong>LIFE Landscape Fire<\/strong>, desenhado, coordenado e implementado pela Comunidade Intermunicipal (CIM) Viseu D\u00e3o Laf\u00f5es, foi uma das nove iniciativas finalistas distinguidas nos&nbsp;<strong>Pr\u00e9mios LIFE Awards 2025<\/strong>, promovidos pela Uni\u00e3o Europeia. A final decorreu ontem, ter\u00e7a-feira, 3 de junho, em Bruxelas, destacando os projetos mais inovadores e impactantes no campo da a\u00e7\u00e3o clim\u00e1tica e ambiental.<br><br>Entre cerca de 150 projetos LIFE conclu\u00eddos em 2024, apenas nove chegaram \u00e0 final nas categorias \u201cEconomia Circular e Qualidade de Vida\u201d e \u201cLIFE Citizens\u2019 Prize \u2013 Pr\u00e9mio dos Cidad\u00e3os\u201d. O&nbsp;<strong>LIFE Landscape Fire<\/strong>&nbsp;foi o \u00fanico com lideran\u00e7a portuguesa, sublinhando a relev\u00e2ncia e o m\u00e9rito do trabalho desenvolvido em Viseu D\u00e3o Laf\u00f5es.<br><br><strong>Reconhecimento europeu por pr\u00e1ticas inovadoras<\/strong><\/p>\n\n\n\n<p>O projeto promove pr\u00e1ticas sustent\u00e1veis de preven\u00e7\u00e3o de inc\u00eandios florestais, como o fogo controlado, a pastor\u00edcia e o controlo de esp\u00e9cies invasoras, solu\u00e7\u00f5es que t\u00eam demonstrado ser eficazes para proteger a biodiversidade e aumentar a resili\u00eancia dos ecossistemas.<br><br>Ao longo da sua execu\u00e7\u00e3o, o\u00a0<strong>LIFE Landscape Fire<\/strong>\u00a0capacitou cerca de 75 operacionais de queima e 25 t\u00e9cnicos de fogo controlado, intervencionando 250 hectares com a\u00e7\u00f5es pr\u00e1ticas de fogo controlado. Al\u00e9m disso, envolveu 30 t\u00e9cnicos no uso de simuladores de propaga\u00e7\u00e3o de inc\u00eandios rurais, refor\u00e7ando a prepara\u00e7\u00e3o e o conhecimento t\u00e9cnico na regi\u00e3o.<br><br>Com um or\u00e7amento total de 2,2 milh\u00f5es de euros, cofinanciado em 55% por fundos comunit\u00e1rios, o projeto tem sido um exemplo de como a colabora\u00e7\u00e3o entre parceiros portugueses e espanh\u00f3is pode gerar impacto real nas comunidades.<br><br>Para\u00a0<strong>Fernando Ruas<\/strong>,\u00a0<strong>Presidente da CIM Viseu D\u00e3o Laf\u00f5es<\/strong>, \u201c<em>\u00e9 um orgulho imenso vermos o nosso trabalho reconhecido entre os nove melhores projetos LIFE da Europa. Esta nomea\u00e7\u00e3o reflete o esfor\u00e7o coletivo de todos os parceiros, t\u00e9cnicos e comunidades locais, que acreditaram que era poss\u00edvel fazer diferente e melhorar a qualidade de vida das popula\u00e7\u00f5es. Com este reconhecimento elev\u00e1mos o nome de Portugal no panorama europeu das boas pr\u00e1ticas ambientais<\/em>\u201d.<br><br>\u201c<em>O projeto LIFE Landscape Fire demonstra que a preven\u00e7\u00e3o de inc\u00eandios pode ser eficaz com m\u00e9todos ancestrais, como o fogo controlado e a pastor\u00edcia. Ser a \u00fanica iniciativa portuguesa na final dos LIFE Awards refor\u00e7a a lideran\u00e7a da CIM Viseu D\u00e3o Laf\u00f5es no campo da sustentabilidade<\/em>\u201d, sublinha\u00a0<strong>Nuno Martinho<\/strong>,\u00a0<strong>Secret\u00e1rio Executivo da CIM<\/strong>. \u201c<em>Estar entre os melhores \u00e9 motivo de orgulho e coloca-nos na linha da frente das boas pr\u00e1ticas europeias para o combate \u00e0s altera\u00e7\u00f5es clim\u00e1ticas e a defesa da biodiversidade<\/em>\u201d, acrescenta.<br><br>Al\u00e9m da CIM, o projeto contou com a parceria do Instituto Polit\u00e9cnico de Viseu e, em Espanha, da Universidade da Extremadura, da Junta da Extremadura e da Mancomunidade Integral Sierra de San Pedro. Entre os momentos mais marcantes, destaca-se a visita do Comiss\u00e1rio Europeu do Ambiente, Virginius Sinkevi\u010dius, \u00e0 Aldeia da Coelheira (S\u00e3o Pedro do Sul).<\/p>\n\n\n\n<p><strong>Sobre a CIM Viseu D\u00e3o Laf\u00f5es:<\/strong><br>A CIM Viseu D\u00e3o Laf\u00f5es \u00e9 uma associa\u00e7\u00e3o de munic\u00edpios, denominada como Comunidade Intermunicipal, sendo constitu\u00edda pelos munic\u00edpios de\u00a0Aguiar da Beira, Carregal do Sal, Castro Daire, Mangualde, Nelas, Oliveira de Frades, Penalva do Castelo, Santa Comba D\u00e3o, S\u00e3o Pedro do Sul, S\u00e1t\u00e3o, Tondela, Vila Nova de Paiva, Viseu e Vouzela.<\/p>\n","protected":false},"excerpt":{"rendered":"<p>LIFE Landscape Fire foi o \u00fanico projeto com coordena\u00e7\u00e3o portuguesa entre os nove finalistas, representando um reconhecimento europeu para a&#8230;<\/p>\n","protected":false},"author":7,"featured_media":13828,"comment_status":"closed","ping_status":"open","sticky":false,"template":"","format":"standard","meta":[],"categories":[39],"tags":[448,785,636],"yoast_head":"<!-- This site is optimized with the Yoast SEO plugin v20.12 - https:\/\/yoast.com\/wordpress\/plugins\/seo\/ -->\n<title>Projeto da CIM Viseu D\u00e3o Laf\u00f5es entre os melhores dos Pr\u00e9mios Europeus LIFE Awards 2025 - Atelier do Caractere<\/title>\n<meta name=\"robots\" content=\"index, follow, max-snippet:-1, max-image-preview:large, max-video-preview:-1\" \/>\n<link rel=\"canonical\" href=\"https:\/\/www.atelierdocaractere.pt\/brevemente\/projeto-da-cim-viseu-dao-lafoes-entre-os-melhores-dos-premios-europeus-life-awards-2025\/\" \/>\n<meta property=\"og:locale\" content=\"pt_PT\" \/>\n<meta property=\"og:type\" content=\"article\" \/>\n<meta property=\"og:title\" content=\"Projeto da CIM Viseu D\u00e3o Laf\u00f5es entre os melhores dos Pr\u00e9mios Europeus LIFE Awards 2025 - Atelier do Caractere\" \/>\n<meta property=\"og:description\" content=\"LIFE Landscape Fire foi o \u00fanico projeto com coordena\u00e7\u00e3o portuguesa entre os nove finalistas, representando um reconhecimento europeu para a...\" \/>\n<meta property=\"og:url\" content=\"https:\/\/www.atelierdocaractere.pt\/brevemente\/projeto-da-cim-viseu-dao-lafoes-entre-os-melhores-dos-premios-europeus-life-awards-2025\/\" \/>\n<meta property=\"og:site_name\" content=\"Atelier do Caractere\" \/>\n<meta property=\"article:publisher\" content=\"https:\/\/www.facebook.com\/AtelierdoCaractere\" \/>\n<meta property=\"article:published_time\" content=\"2025-06-04T09:44:10+00:00\" \/>\n<meta property=\"article:modified_time\" content=\"2025-06-16T09:46:43+00:00\" \/>\n<meta property=\"og:image\" content=\"https:\/\/www.atelierdocaractere.pt\/wp-content\/uploads\/2025\/06\/43bba0c3-0e53-e75f-506c-ce184022403c.jpg\" \/>\n\t<meta property=\"og:image:width\" content=\"888\" \/>\n\t<meta property=\"og:image:height\" content=\"666\" \/>\n\t<meta property=\"og:image:type\" content=\"image\/jpeg\" \/>\n<meta name=\"author\" content=\"Joana Barbosa\" \/>\n<meta name=\"twitter:card\" content=\"summary_large_image\" \/>\n<meta name=\"twitter:label1\" content=\"Escrito por\" \/>\n\t<meta name=\"twitter:data1\" content=\"Joana Barbosa\" \/>\n\t<meta name=\"twitter:label2\" content=\"Tempo estimado de leitura\" \/>\n\t<meta name=\"twitter:data2\" content=\"3 minutos\" \/>\n<script type=\"application\/ld+json\" class=\"yoast-schema-graph\">{\"@context\":\"https:\/\/schema.org\",\"@graph\":[{\"@type\":\"WebPage\",\"@id\":\"https:\/\/www.atelierdocaractere.pt\/brevemente\/projeto-da-cim-viseu-dao-lafoes-entre-os-melhores-dos-premios-europeus-life-awards-2025\/\",\"url\":\"https:\/\/www.atelierdocaractere.pt\/brevemente\/projeto-da-cim-viseu-dao-lafoes-entre-os-melhores-dos-premios-europeus-life-awards-2025\/\",\"name\":\"Projeto da CIM Viseu D\u00e3o Laf\u00f5es entre os melhores dos Pr\u00e9mios Europeus LIFE Awards 2025 - Atelier do Caractere\",\"isPartOf\":{\"@id\":\"https:\/\/www.atelierdocaractere.pt\/brevemente\/#website\"},\"datePublished\":\"2025-06-04T09:44:10+00:00\",\"dateModified\":\"2025-06-16T09:46:43+00:00\",\"author\":{\"@id\":\"https:\/\/www.atelierdocaractere.pt\/brevemente\/#\/schema\/person\/f2f096eb0f27d9894725af22cb97c0db\"},\"breadcrumb\":{\"@id\":\"https:\/\/www.atelierdocaractere.pt\/brevemente\/projeto-da-cim-viseu-dao-lafoes-entre-os-melhores-dos-premios-europeus-life-awards-2025\/#breadcrumb\"},\"inLanguage\":\"pt-PT\",\"potentialAction\":[{\"@type\":\"ReadAction\",\"target\":[\"https:\/\/www.atelierdocaractere.pt\/brevemente\/projeto-da-cim-viseu-dao-lafoes-entre-os-melhores-dos-premios-europeus-life-awards-2025\/\"]}]},{\"@type\":\"BreadcrumbList\",\"@id\":\"https:\/\/www.atelierdocaractere.pt\/brevemente\/projeto-da-cim-viseu-dao-lafoes-entre-os-melhores-dos-premios-europeus-life-awards-2025\/#breadcrumb\",\"itemListElement\":[{\"@type\":\"ListItem\",\"position\":1,\"name\":\"In\u00edcio\",\"item\":\"https:\/\/www.atelierdocaractere.pt\/brevemente\/\"},{\"@type\":\"ListItem\",\"position\":2,\"name\":\"Projeto da CIM Viseu D\u00e3o Laf\u00f5es entre os melhores dos Pr\u00e9mios Europeus LIFE Awards 2025\"}]},{\"@type\":\"WebSite\",\"@id\":\"https:\/\/www.atelierdocaractere.pt\/brevemente\/#website\",\"url\":\"https:\/\/www.atelierdocaractere.pt\/brevemente\/\",\"name\":\"Atelier do Caractere\",\"description\":\"\",\"potentialAction\":[{\"@type\":\"SearchAction\",\"target\":{\"@type\":\"EntryPoint\",\"urlTemplate\":\"https:\/\/www.atelierdocaractere.pt\/brevemente\/?s={search_term_string}\"},\"query-input\":\"required name=search_term_string\"}],\"inLanguage\":\"pt-PT\"},{\"@type\":\"Person\",\"@id\":\"https:\/\/www.atelierdocaractere.pt\/brevemente\/#\/schema\/person\/f2f096eb0f27d9894725af22cb97c0db\",\"name\":\"Joana Barbosa\",\"image\":{\"@type\":\"ImageObject\",\"inLanguage\":\"pt-PT\",\"@id\":\"https:\/\/www.atelierdocaractere.pt\/brevemente\/#\/schema\/person\/image\/\",\"url\":\"https:\/\/secure.gravatar.com\/avatar\/33e8214b45e9d68a3a83008731075979?s=96&d=mm&r=g\",\"contentUrl\":\"https:\/\/secure.gravatar.com\/avatar\/33e8214b45e9d68a3a83008731075979?s=96&d=mm&r=g\",\"caption\":\"Joana Barbosa\"},\"url\":\"https:\/\/www.atelierdocaractere.pt\/brevemente\/author\/joanabarbosa\/\"}]}<\/script>\n<!-- \/ Yoast SEO plugin. -->","yoast_head_json":{"title":"Projeto da CIM Viseu D\u00e3o Laf\u00f5es entre os melhores dos Pr\u00e9mios Europeus LIFE Awards 2025 - Atelier do Caractere","robots":{"index":"index","follow":"follow","max-snippet":"max-snippet:-1","max-image-preview":"max-image-preview:large","max-video-preview":"max-video-preview:-1"},"canonical":"https:\/\/www.atelierdocaractere.pt\/brevemente\/projeto-da-cim-viseu-dao-lafoes-entre-os-melhores-dos-premios-europeus-life-awards-2025\/","og_locale":"pt_PT","og_type":"article","og_title":"Projeto da CIM Viseu D\u00e3o Laf\u00f5es entre os melhores dos Pr\u00e9mios Europeus LIFE Awards 2025 - Atelier do Caractere","og_description":"LIFE Landscape Fire foi o \u00fanico projeto com coordena\u00e7\u00e3o portuguesa entre os nove finalistas, representando um reconhecimento europeu para a...","og_url":"https:\/\/www.atelierdocaractere.pt\/brevemente\/projeto-da-cim-viseu-dao-lafoes-entre-os-melhores-dos-premios-europeus-life-awards-2025\/","og_site_name":"Atelier do Caractere","article_publisher":"https:\/\/www.facebook.com\/AtelierdoCaractere","article_published_time":"2025-06-04T09:44:10+00:00","article_modified_time":"2025-06-16T09:46:43+00:00","og_image":[{"width":888,"height":666,"url":"https:\/\/www.atelierdocaractere.pt\/wp-content\/uploads\/2025\/06\/43bba0c3-0e53-e75f-506c-ce184022403c.jpg","type":"image\/jpeg"}],"author":"Joana Barbosa","twitter_card":"summary_large_image","twitter_misc":{"Escrito por":"Joana Barbosa","Tempo estimado de leitura":"3 minutos"},"schema":{"@context":"https:\/\/schema.org","@graph":[{"@type":"WebPage","@id":"https:\/\/www.atelierdocaractere.pt\/brevemente\/projeto-da-cim-viseu-dao-lafoes-entre-os-melhores-dos-premios-europeus-life-awards-2025\/","url":"https:\/\/www.atelierdocaractere.pt\/brevemente\/projeto-da-cim-viseu-dao-lafoes-entre-os-melhores-dos-premios-europeus-life-awards-2025\/","name":"Projeto da CIM Viseu D\u00e3o Laf\u00f5es entre os melhores dos Pr\u00e9mios Europeus LIFE Awards 2025 - Atelier do Caractere","isPartOf":{"@id":"https:\/\/www.atelierdocaractere.pt\/brevemente\/#website"},"datePublished":"2025-06-04T09:44:10+00:00","dateModified":"2025-06-16T09:46:43+00:00","author":{"@id":"https:\/\/www.atelierdocaractere.pt\/brevemente\/#\/schema\/person\/f2f096eb0f27d9894725af22cb97c0db"},"breadcrumb":{"@id":"https:\/\/www.atelierdocaractere.pt\/brevemente\/projeto-da-cim-viseu-dao-lafoes-entre-os-melhores-dos-premios-europeus-life-awards-2025\/#breadcrumb"},"inLanguage":"pt-PT","potentialAction":[{"@type":"ReadAction","target":["https:\/\/www.atelierdocaractere.pt\/brevemente\/projeto-da-cim-viseu-dao-lafoes-entre-os-melhores-dos-premios-europeus-life-awards-2025\/"]}]},{"@type":"BreadcrumbList","@id":"https:\/\/www.atelierdocaractere.pt\/brevemente\/projeto-da-cim-viseu-dao-lafoes-entre-os-melhores-dos-premios-europeus-life-awards-2025\/#breadcrumb","itemListElement":[{"@type":"ListItem","position":1,"name":"In\u00edcio","item":"https:\/\/www.atelierdocaractere.pt\/brevemente\/"},{"@type":"ListItem","position":2,"name":"Projeto da CIM Viseu D\u00e3o Laf\u00f5es entre os melhores dos Pr\u00e9mios Europeus LIFE Awards 2025"}]},{"@type":"WebSite","@id":"https:\/\/www.atelierdocaractere.pt\/brevemente\/#website","url":"https:\/\/www.atelierdocaractere.pt\/brevemente\/","name":"Atelier do Caractere","description":"","potentialAction":[{"@type":"SearchAction","target":{"@type":"EntryPoint","urlTemplate":"https:\/\/www.atelierdocaractere.pt\/brevemente\/?s={search_term_string}"},"query-input":"required name=search_term_string"}],"inLanguage":"pt-PT"},{"@type":"Person","@id":"https:\/\/www.atelierdocaractere.pt\/brevemente\/#\/schema\/person\/f2f096eb0f27d9894725af22cb97c0db","name":"Joana Barbosa","image":{"@type":"ImageObject","inLanguage":"pt-PT","@id":"https:\/\/www.atelierdocaractere.pt\/brevemente\/#\/schema\/person\/image\/","url":"https:\/\/secure.gravatar.com\/avatar\/33e8214b45e9d68a3a83008731075979?s=96&d=mm&r=g","contentUrl":"https:\/\/secure.gravatar.com\/avatar\/33e8214b45e9d68a3a83008731075979?s=96&d=mm&r=g","caption":"Joana Barbosa"},"url":"https:\/\/www.atelierdocaractere.pt\/brevemente\/author\/joanabarbosa\/"}]}},"_links":{"self":[{"href":"https:\/\/www.atelierdocaractere.pt\/brevemente\/wp-json\/wp\/v2\/posts\/13827"}],"collection":[{"href":"https:\/\/www.atelierdocaractere.pt\/brevemente\/wp-json\/wp\/v2\/posts"}],"about":[{"href":"https:\/\/www.atelierdocaractere.pt\/brevemente\/wp-json\/wp\/v2\/types\/post"}],"author":[{"embeddable":true,"href":"https:\/\/www.atelierdocaractere.pt\/brevemente\/wp-json\/wp\/v2\/users\/7"}],"replies":[{"embeddable":true,"href":"https:\/\/www.atelierdocaractere.pt\/brevemente\/wp-json\/wp\/v2\/comments?post=13827"}],"version-history":[{"count":1,"href":"https:\/\/www.atelierdocaractere.pt\/brevemente\/wp-json\/wp\/v2\/posts\/13827\/revisions"}],"predecessor-version":[{"id":13829,"href":"https:\/\/www.atelierdocaractere.pt\/brevemente\/wp-json\/wp\/v2\/posts\/13827\/revisions\/13829"}],"wp:featuredmedia":[{"embeddable":true,"href":"https:\/\/www.atelierdocaractere.pt\/brevemente\/wp-json\/wp\/v2\/media\/13828"}],"wp:attachment":[{"href":"https:\/\/www.atelierdocaractere.pt\/brevemente\/wp-json\/wp\/v2\/media?parent=13827"}],"wp:term":[{"taxonomy":"category","embeddable":true,"href":"https:\/\/www.atelierdocaractere.pt\/brevemente\/wp-json\/wp\/v2\/categories?post=13827"},{"taxonomy":"post_tag","embeddable":true,"href":"https:\/\/www.atelierdocaractere.pt\/brevemente\/wp-json\/wp\/v2\/tags?post=13827"}],"curies":[{"name":"wp","href":"https:\/\/api.w.org\/{rel}","templated":true}]}}