{"id":13830,"date":"2025-05-31T09:47:24","date_gmt":"2025-05-31T09:47:24","guid":{"rendered":"https:\/\/www.atelierdocaractere.pt\/brevemente\/?p=13830"},"modified":"2025-06-16T09:49:43","modified_gmt":"2025-06-16T09:49:43","slug":"mundial-de-ralicross-ao-rubro-em-lousada","status":"publish","type":"post","link":"https:\/\/www.atelierdocaractere.pt\/brevemente\/mundial-de-ralicross-ao-rubro-em-lousada\/","title":{"rendered":"Mundial de Ralicross ao rubro em Lousada"},"content":{"rendered":"\n<p><strong>O Circuito Internacional de Lousada viveu um dia memor\u00e1vel no primeiro dia competitivo do World RX of Portugal, com a pista a aquecer tanto quanto a temperatura exterior, superior aos 30 graus. A intensidade das corridas resultou num emocionante empate triplo na lideran\u00e7a do Mundial de Ralicross (WRX), com os pilotos a envolverem-se em lutas ao mil\u00edmetro que empolgaram o muito p\u00fablico. Um excelente espet\u00e1culo em perspetiva para o dia de amanh\u00e3, com um programa que compreende um total de 25 corridas.<\/strong><\/p>\n\n\n\n<p>Desde muito cedo, milhares de pessoas foram em romaria at\u00e9 ao renovado Circuito Internacional de Lousada para assistir a uma competi\u00e7\u00e3o \u00fanica: a Batalha das Tecnologias, que op\u00f5e ve\u00edculos el\u00e9tricos a ve\u00edculos com motor de combust\u00e3o interna.<\/p>\n\n\n\n<p>As duas primeiras qualifica\u00e7\u00f5es foram dominadas pelos pilotos n\u00f3rdicos e pelos carros el\u00e9tricos. Timmy Hansen (Peugeot 208 WRXe) ganhou a primeira corrida e Niclas Gr\u00f6nholm PWR RX1e foi o melhor na segunda. Na classifica\u00e7\u00e3o geral, Niclas Gr\u00f6nholm, Timmy Hansen e Ole Veiby (VW Polo WRX) terminaram o dia na lideran\u00e7a, com 90 pontos. O heptacampe\u00e3o do mundo Johan Kristoffersson (VW Polo WRX) ocupa o modesto 6\u00ba lugar, com 77 pontos. Amanh\u00e3 realizam-se mais duas qualifica\u00e7\u00f5es que d\u00e3o acesso \u00e0s meias-finais.<\/p>\n\n\n\n<p>Um dos destaques do dia foi a vit\u00f3ria de Klara Andersson numa das mangas da segunda qualifica\u00e7\u00e3o.&nbsp;<strong><em>\u201cTenho um excelente carro e posso fazer uma boa prova. O circuito \u00e9 fant\u00e1stico, \u00e9 incr\u00edvel fazer a curva inclinada\u201d<\/em><\/strong>, disse a sueca, que conduz o PWR R1e, com dois motores el\u00e9tricos que t\u00eam uma pot\u00eancia combinada de 680 cv e uns incr\u00edveis 880 Nm de bin\u00e1rio.<\/p>\n\n\n\n<p>Lousada faz igualmente parte do Campeonato da Europa de ralicross nas categorias RX1 e RX3, onde participam pilotos portugueses. Yury Belevskiy (Audi S1) venceu as duas corridas na categoria RX1 e lidera com 100 pontos, seguido por Nils Volland (Audi S1) com 87 pontos, mas ainda h\u00e1 muito para correr at\u00e9 chegar \u00e0 final. Ant\u00f3nio Sousa (Peugeot 208 WRX) e Jos\u00e9 Oliveira (Peugeot 208 WRX) est\u00e3o empatados no 7\u00ba lugar com 73 pontos, e s\u00e3o os melhores pilotos nacionais nesta categoria.<\/p>\n\n\n\n<p>Os pilotos portugueses estiveram em destaque na categoria RX3, classe de entrada no Europeu reservado a carros com motor a gasolina 1.6 e tra\u00e7\u00e3o dianteira. O atual vice-campe\u00e3o, Jo\u00e3o Ribeiro (Audi A1), venceu as duas qualifica\u00e7\u00f5es e segue na frente com 100 pontos, seguido por Joaquim Machado (Peugeot 208) e Liber Tejes (Audi A1), com 85 pontos. Jorge Machado (Peugeot 208) e Tiago Ferreira (Peugeot 208) n\u00e3o participaram na prova, uma vez que os seus carros n\u00e3o passaram nas verifica\u00e7\u00f5es t\u00e9cnicas.<\/p>\n\n\n\n<p>O Kartcross faz parte do programa deste fim de semana. S\u00e9rgio Castro (ASK XC R) venceu as duas mangas de qualifica\u00e7\u00e3o e est\u00e1 na frente da classifica\u00e7\u00e3o com 100 pontos, seguido por Pedro Marques (LBS Motor RX01) e Tiago Costa (LifeLive TN11), com 84 pontos.<\/p>\n\n\n\n<p>Para os f\u00e3s que n\u00e3o puderem estar presentes, a Sport TV6 vai transmitir as corridas de qualifica\u00e7\u00e3o, semifinais e finais das diversas categorias a partir das 10h30 de amanh\u00e3, 1 de junho.<\/p>\n\n\n\n<p><\/p>\n\n\n\n<p><strong>Programa<\/strong><\/p>\n\n\n\n<p>Domingo, 1 junho<br>09h30 \u00e0s 09h36 \u2013 Warm up Kartcross<br>09h38 \u00e0s 10h08 \u2013 Warm up Euro RX3\/Euro RX1\/World RX<br>10h21 \u00e0s 10h31 \u2013 Qualifica\u00e7\u00e3o 3 Kartcross<br>10h33 \u00e0s 11h25 \u2013 Qualifica\u00e7\u00e3o 3 Euro RX3\/Euro RX1\/World RX<br>12h21 \u00e0s 12h31 \u2013 Qualifica\u00e7\u00e3o 4 Kartcross<br>12h33 \u00e0s 13h25 \u2013 Qualifica\u00e7\u00e3o 4 Euro RX3\/Euro RX1\/World RX<br>13h27 \u00e0s 13h39 \u2013 Semifinais Kartcross (5 voltas)<br>14h06 \u00e0s 14h18 \u2013 Semifinais Euro RX3 (5 voltas)<br>14h23 \u00e0s 14h38 \u2013 Semifinais Euro RX1 (5 voltas)<br>14h45 \u00e0s 14h57 \u2013 Semifinais World RX (5 voltas)<br>15h04 \u2013 Final Kartcross (6 voltas)<br>15h12 \u2013 Final Euro RX3 (6 voltas)<br>15h22 \u2013 Final Euro RX1 (6 voltas)<br>15h32 \u2013 Final World RX (6 voltas)<\/p>\n","protected":false},"excerpt":{"rendered":"<p>O Circuito Internacional de Lousada viveu um dia memor\u00e1vel no primeiro dia competitivo do World RX of Portugal, com a&#8230;<\/p>\n","protected":false},"author":7,"featured_media":13831,"comment_status":"closed","ping_status":"open","sticky":false,"template":"","format":"standard","meta":[],"categories":[24],"tags":[954,967,955,956,957],"yoast_head":"<!-- This site is optimized with the Yoast SEO plugin v20.12 - https:\/\/yoast.com\/wordpress\/plugins\/seo\/ -->\n<title>Mundial de Ralicross ao rubro em Lousada - Atelier do Caractere<\/title>\n<meta name=\"robots\" content=\"index, follow, max-snippet:-1, max-image-preview:large, max-video-preview:-1\" \/>\n<link rel=\"canonical\" href=\"https:\/\/www.atelierdocaractere.pt\/brevemente\/mundial-de-ralicross-ao-rubro-em-lousada\/\" \/>\n<meta property=\"og:locale\" content=\"pt_PT\" \/>\n<meta property=\"og:type\" content=\"article\" \/>\n<meta property=\"og:title\" content=\"Mundial de Ralicross ao rubro em Lousada - Atelier do Caractere\" \/>\n<meta property=\"og:description\" content=\"O Circuito Internacional de Lousada viveu um dia memor\u00e1vel no primeiro dia competitivo do World RX of Portugal, com a...\" \/>\n<meta property=\"og:url\" content=\"https:\/\/www.atelierdocaractere.pt\/brevemente\/mundial-de-ralicross-ao-rubro-em-lousada\/\" \/>\n<meta property=\"og:site_name\" content=\"Atelier do Caractere\" \/>\n<meta property=\"article:publisher\" content=\"https:\/\/www.facebook.com\/AtelierdoCaractere\" \/>\n<meta property=\"article:published_time\" content=\"2025-05-31T09:47:24+00:00\" \/>\n<meta property=\"article:modified_time\" content=\"2025-06-16T09:49:43+00:00\" \/>\n<meta property=\"og:image\" content=\"https:\/\/www.atelierdocaractere.pt\/wp-content\/uploads\/2025\/06\/thumbnail-image-2.png\" \/>\n\t<meta property=\"og:image:width\" content=\"1238\" \/>\n\t<meta property=\"og:image:height\" content=\"477\" \/>\n\t<meta property=\"og:image:type\" content=\"image\/png\" \/>\n<meta name=\"author\" content=\"Joana Barbosa\" \/>\n<meta name=\"twitter:card\" content=\"summary_large_image\" \/>\n<meta name=\"twitter:label1\" content=\"Escrito por\" \/>\n\t<meta name=\"twitter:data1\" content=\"Joana Barbosa\" \/>\n\t<meta name=\"twitter:label2\" content=\"Tempo estimado de leitura\" \/>\n\t<meta name=\"twitter:data2\" content=\"4 minutos\" \/>\n<script type=\"application\/ld+json\" class=\"yoast-schema-graph\">{\"@context\":\"https:\/\/schema.org\",\"@graph\":[{\"@type\":\"WebPage\",\"@id\":\"https:\/\/www.atelierdocaractere.pt\/brevemente\/mundial-de-ralicross-ao-rubro-em-lousada\/\",\"url\":\"https:\/\/www.atelierdocaractere.pt\/brevemente\/mundial-de-ralicross-ao-rubro-em-lousada\/\",\"name\":\"Mundial de Ralicross ao rubro em Lousada - Atelier do Caractere\",\"isPartOf\":{\"@id\":\"https:\/\/www.atelierdocaractere.pt\/brevemente\/#website\"},\"datePublished\":\"2025-05-31T09:47:24+00:00\",\"dateModified\":\"2025-06-16T09:49:43+00:00\",\"author\":{\"@id\":\"https:\/\/www.atelierdocaractere.pt\/brevemente\/#\/schema\/person\/f2f096eb0f27d9894725af22cb97c0db\"},\"breadcrumb\":{\"@id\":\"https:\/\/www.atelierdocaractere.pt\/brevemente\/mundial-de-ralicross-ao-rubro-em-lousada\/#breadcrumb\"},\"inLanguage\":\"pt-PT\",\"potentialAction\":[{\"@type\":\"ReadAction\",\"target\":[\"https:\/\/www.atelierdocaractere.pt\/brevemente\/mundial-de-ralicross-ao-rubro-em-lousada\/\"]}]},{\"@type\":\"BreadcrumbList\",\"@id\":\"https:\/\/www.atelierdocaractere.pt\/brevemente\/mundial-de-ralicross-ao-rubro-em-lousada\/#breadcrumb\",\"itemListElement\":[{\"@type\":\"ListItem\",\"position\":1,\"name\":\"In\u00edcio\",\"item\":\"https:\/\/www.atelierdocaractere.pt\/brevemente\/\"},{\"@type\":\"ListItem\",\"position\":2,\"name\":\"Mundial de Ralicross ao rubro em Lousada\"}]},{\"@type\":\"WebSite\",\"@id\":\"https:\/\/www.atelierdocaractere.pt\/brevemente\/#website\",\"url\":\"https:\/\/www.atelierdocaractere.pt\/brevemente\/\",\"name\":\"Atelier do Caractere\",\"description\":\"\",\"potentialAction\":[{\"@type\":\"SearchAction\",\"target\":{\"@type\":\"EntryPoint\",\"urlTemplate\":\"https:\/\/www.atelierdocaractere.pt\/brevemente\/?s={search_term_string}\"},\"query-input\":\"required name=search_term_string\"}],\"inLanguage\":\"pt-PT\"},{\"@type\":\"Person\",\"@id\":\"https:\/\/www.atelierdocaractere.pt\/brevemente\/#\/schema\/person\/f2f096eb0f27d9894725af22cb97c0db\",\"name\":\"Joana Barbosa\",\"image\":{\"@type\":\"ImageObject\",\"inLanguage\":\"pt-PT\",\"@id\":\"https:\/\/www.atelierdocaractere.pt\/brevemente\/#\/schema\/person\/image\/\",\"url\":\"https:\/\/secure.gravatar.com\/avatar\/33e8214b45e9d68a3a83008731075979?s=96&d=mm&r=g\",\"contentUrl\":\"https:\/\/secure.gravatar.com\/avatar\/33e8214b45e9d68a3a83008731075979?s=96&d=mm&r=g\",\"caption\":\"Joana Barbosa\"},\"url\":\"https:\/\/www.atelierdocaractere.pt\/brevemente\/author\/joanabarbosa\/\"}]}<\/script>\n<!-- \/ Yoast SEO plugin. -->","yoast_head_json":{"title":"Mundial de Ralicross ao rubro em Lousada - Atelier do Caractere","robots":{"index":"index","follow":"follow","max-snippet":"max-snippet:-1","max-image-preview":"max-image-preview:large","max-video-preview":"max-video-preview:-1"},"canonical":"https:\/\/www.atelierdocaractere.pt\/brevemente\/mundial-de-ralicross-ao-rubro-em-lousada\/","og_locale":"pt_PT","og_type":"article","og_title":"Mundial de Ralicross ao rubro em Lousada - Atelier do Caractere","og_description":"O Circuito Internacional de Lousada viveu um dia memor\u00e1vel no primeiro dia competitivo do World RX of Portugal, com a...","og_url":"https:\/\/www.atelierdocaractere.pt\/brevemente\/mundial-de-ralicross-ao-rubro-em-lousada\/","og_site_name":"Atelier do Caractere","article_publisher":"https:\/\/www.facebook.com\/AtelierdoCaractere","article_published_time":"2025-05-31T09:47:24+00:00","article_modified_time":"2025-06-16T09:49:43+00:00","og_image":[{"width":1238,"height":477,"url":"https:\/\/www.atelierdocaractere.pt\/wp-content\/uploads\/2025\/06\/thumbnail-image-2.png","type":"image\/png"}],"author":"Joana Barbosa","twitter_card":"summary_large_image","twitter_misc":{"Escrito por":"Joana Barbosa","Tempo estimado de leitura":"4 minutos"},"schema":{"@context":"https:\/\/schema.org","@graph":[{"@type":"WebPage","@id":"https:\/\/www.atelierdocaractere.pt\/brevemente\/mundial-de-ralicross-ao-rubro-em-lousada\/","url":"https:\/\/www.atelierdocaractere.pt\/brevemente\/mundial-de-ralicross-ao-rubro-em-lousada\/","name":"Mundial de Ralicross ao rubro em Lousada - Atelier do Caractere","isPartOf":{"@id":"https:\/\/www.atelierdocaractere.pt\/brevemente\/#website"},"datePublished":"2025-05-31T09:47:24+00:00","dateModified":"2025-06-16T09:49:43+00:00","author":{"@id":"https:\/\/www.atelierdocaractere.pt\/brevemente\/#\/schema\/person\/f2f096eb0f27d9894725af22cb97c0db"},"breadcrumb":{"@id":"https:\/\/www.atelierdocaractere.pt\/brevemente\/mundial-de-ralicross-ao-rubro-em-lousada\/#breadcrumb"},"inLanguage":"pt-PT","potentialAction":[{"@type":"ReadAction","target":["https:\/\/www.atelierdocaractere.pt\/brevemente\/mundial-de-ralicross-ao-rubro-em-lousada\/"]}]},{"@type":"BreadcrumbList","@id":"https:\/\/www.atelierdocaractere.pt\/brevemente\/mundial-de-ralicross-ao-rubro-em-lousada\/#breadcrumb","itemListElement":[{"@type":"ListItem","position":1,"name":"In\u00edcio","item":"https:\/\/www.atelierdocaractere.pt\/brevemente\/"},{"@type":"ListItem","position":2,"name":"Mundial de Ralicross ao rubro em Lousada"}]},{"@type":"WebSite","@id":"https:\/\/www.atelierdocaractere.pt\/brevemente\/#website","url":"https:\/\/www.atelierdocaractere.pt\/brevemente\/","name":"Atelier do Caractere","description":"","potentialAction":[{"@type":"SearchAction","target":{"@type":"EntryPoint","urlTemplate":"https:\/\/www.atelierdocaractere.pt\/brevemente\/?s={search_term_string}"},"query-input":"required name=search_term_string"}],"inLanguage":"pt-PT"},{"@type":"Person","@id":"https:\/\/www.atelierdocaractere.pt\/brevemente\/#\/schema\/person\/f2f096eb0f27d9894725af22cb97c0db","name":"Joana Barbosa","image":{"@type":"ImageObject","inLanguage":"pt-PT","@id":"https:\/\/www.atelierdocaractere.pt\/brevemente\/#\/schema\/person\/image\/","url":"https:\/\/secure.gravatar.com\/avatar\/33e8214b45e9d68a3a83008731075979?s=96&d=mm&r=g","contentUrl":"https:\/\/secure.gravatar.com\/avatar\/33e8214b45e9d68a3a83008731075979?s=96&d=mm&r=g","caption":"Joana Barbosa"},"url":"https:\/\/www.atelierdocaractere.pt\/brevemente\/author\/joanabarbosa\/"}]}},"_links":{"self":[{"href":"https:\/\/www.atelierdocaractere.pt\/brevemente\/wp-json\/wp\/v2\/posts\/13830"}],"collection":[{"href":"https:\/\/www.atelierdocaractere.pt\/brevemente\/wp-json\/wp\/v2\/posts"}],"about":[{"href":"https:\/\/www.atelierdocaractere.pt\/brevemente\/wp-json\/wp\/v2\/types\/post"}],"author":[{"embeddable":true,"href":"https:\/\/www.atelierdocaractere.pt\/brevemente\/wp-json\/wp\/v2\/users\/7"}],"replies":[{"embeddable":true,"href":"https:\/\/www.atelierdocaractere.pt\/brevemente\/wp-json\/wp\/v2\/comments?post=13830"}],"version-history":[{"count":1,"href":"https:\/\/www.atelierdocaractere.pt\/brevemente\/wp-json\/wp\/v2\/posts\/13830\/revisions"}],"predecessor-version":[{"id":13832,"href":"https:\/\/www.atelierdocaractere.pt\/brevemente\/wp-json\/wp\/v2\/posts\/13830\/revisions\/13832"}],"wp:featuredmedia":[{"embeddable":true,"href":"https:\/\/www.atelierdocaractere.pt\/brevemente\/wp-json\/wp\/v2\/media\/13831"}],"wp:attachment":[{"href":"https:\/\/www.atelierdocaractere.pt\/brevemente\/wp-json\/wp\/v2\/media?parent=13830"}],"wp:term":[{"taxonomy":"category","embeddable":true,"href":"https:\/\/www.atelierdocaractere.pt\/brevemente\/wp-json\/wp\/v2\/categories?post=13830"},{"taxonomy":"post_tag","embeddable":true,"href":"https:\/\/www.atelierdocaractere.pt\/brevemente\/wp-json\/wp\/v2\/tags?post=13830"}],"curies":[{"name":"wp","href":"https:\/\/api.w.org\/{rel}","templated":true}]}}