{"id":13833,"date":"2025-06-17T15:46:54","date_gmt":"2025-06-17T15:46:54","guid":{"rendered":"https:\/\/www.atelierdocaractere.pt\/brevemente\/?p=13833"},"modified":"2025-06-18T15:52:08","modified_gmt":"2025-06-18T15:52:08","slug":"mais-de-10-mil-alunos-da-regiao-participaram-no-laboratorio-movel-das-ciencias-promovido-pela-cim-viseu-dao-lafoes","status":"publish","type":"post","link":"https:\/\/www.atelierdocaractere.pt\/brevemente\/mais-de-10-mil-alunos-da-regiao-participaram-no-laboratorio-movel-das-ciencias-promovido-pela-cim-viseu-dao-lafoes\/","title":{"rendered":"Mais de 10 mil alunos da regi\u00e3o participaram no Laborat\u00f3rio M\u00f3vel das Ci\u00eancias promovido pela CIM Viseu D\u00e3o Laf\u00f5es"},"content":{"rendered":"\n<p><strong>Projeto percorreu todos os Agrupamentos de Escolas da regi\u00e3o.<\/strong><\/p>\n\n\n\n<p>Mais de\u00a0<strong>10 mil alunos<\/strong>\u00a0e\u00a0<strong>quase 600 professores e educadores de inf\u00e2ncia<\/strong>, dos 14 munic\u00edpios da regi\u00e3o, participaram, ao longo do ano letivo 2024\/25, nas atividades itinerantes. \u00a0<br>\u00a0<br>Os projetos \u201cLaborat\u00f3rio M\u00f3vel das Ci\u00eancias\u201d, \u201cExplorast\u00f3rias\u201d e \u201cAltera\u00e7\u00f5es Clim\u00e1ticas\u201d refor\u00e7aram, mais uma vez, o seu papel de promotores do sucesso educativo e na sensibiliza\u00e7\u00e3o para a sustentabilidade, o conhecimento cient\u00edfico e as compet\u00eancias do futuro.<br>\u00a0<br>A iniciativa\u00a0<strong>Explorast\u00f3rias<\/strong>, que alia a literatura infantil \u00e0 literacia cient\u00edfica e se dirige ao p\u00fablico do pr\u00e9-escolar, contou com\u00a0<strong>96 a\u00e7\u00f5es<\/strong>, que abrangeram\u00a0<strong>1811 crian\u00e7as<\/strong>\u00a0e\u00a0<strong>156 educadores<\/strong>.\u00a0As crian\u00e7as exploraram a ci\u00eancia, p\u00e1gina a p\u00e1gina, tendo como ponto\u00a0de\u00a0partida uma hist\u00f3ria\u00a0de\u00a0um livro infantil. Com hist\u00f3rias que abordaram v\u00e1rios temas, esta sinergia entre literatura e ci\u00eancia\u00a0despertou a curiosidade e introduziu conceitos cient\u00edficos\u00a0desde cedo, num ambiente l\u00fadico e envolvente.\u00a0<br>\u00a0<br>J\u00e1 o\u00a0<strong>Laborat\u00f3rio M\u00f3vel das Ci\u00eancias<\/strong>, dirigido aos alunos do 1.\u00ba Ciclo do Ensino B\u00e1sico (do 1.\u00ba ao 4.\u00ba ano), realizou 175 a\u00e7\u00f5es ao longo do ano letivo, envolvendo\u00a0<strong>3580 alunos<\/strong>\u00a0e\u00a0<strong>198 professores<\/strong>\u00a0em atividades pr\u00e1ticas que abordaram temas como a rob\u00f3tica, o mundo digital, a criatividade e inova\u00e7\u00e3o, a colabora\u00e7\u00e3o e a resolu\u00e7\u00e3o de problemas.<br>\u00a0<br>Por sua vez, o projeto\u00a0<strong>O Futuro \u00e9 Amanh\u00e3<\/strong>, dirigido para o 3.\u00ba Ciclo do Ensino B\u00e1sico, realizou\u00a0<strong>149 sess\u00f5es<\/strong>\u00a0em que participaram\u00a0<strong>2860 alunos<\/strong>\u00a0e\u00a0<strong>234 professores<\/strong>\u00a0do 7.\u00ba ao 9.\u00ba ano. Esta iniciativa visou sensibilizar os jovens para quest\u00f5es do ambiente, das altera\u00e7\u00f5es clim\u00e1ticas e da sustentabilidade, recorrendo \u00e0 \u201cBancada M\u00f3vel das Ci\u00eancias\u201d, ao jogo educativo \u201cApanhados pelo Clima\u201d e ainda \u00e0 atividade \u201cEconomia Circular\u201d.<br>\u00a0<br>Durante o m\u00eas de julho o Laborat\u00f3rio M\u00f3vel das Ci\u00eancias far\u00e1 a sua itiner\u00e2ncia de ver\u00e3o assegurando que tamb\u00e9m nas f\u00e9rias as crian\u00e7as possam continuar a viver estas experi\u00eancias educativas enriquecedoras.<br>\u00a0<br>Para\u00a0<strong>Fernando Ruas<\/strong>, Presidente da CIM Viseu D\u00e3o Laf\u00f5es,\u00a0<em>\u201ca consolida\u00e7\u00e3o destes projetos demonstra o impacto positivo que t\u00eam na motiva\u00e7\u00e3o e nos resultados dos nossos alunos. S\u00e3o ferramentas pedag\u00f3gicas que fazem a diferen\u00e7a\u201d<\/em>.<br>\u00a0<br>J\u00e1\u00a0<strong>Nuno Martinho<\/strong>, Secret\u00e1rio Executivo da CIM, sublinha que\u00a0<em>\u201ca itiner\u00e2ncia do conhecimento e da ci\u00eancia est\u00e1 hoje plenamente integrada na estrat\u00e9gia educativa da regi\u00e3o. O n\u00famero de alunos envolvidos e a recetividade das escolas mostram que estamos no percurso certo: um caminho de proximidade, inova\u00e7\u00e3o e compromisso com o futuro\u201d<\/em>.<\/p>\n\n\n\n<p><strong>Sobre a CIM Viseu D\u00e3o Laf\u00f5es:<\/strong><br>A CIM Viseu D\u00e3o Laf\u00f5es \u00e9 uma associa\u00e7\u00e3o de munic\u00edpios, denominada como Comunidade Intermunicipal, sendo constitu\u00edda pelos munic\u00edpios de\u00a0Aguiar da Beira, Carregal do Sal, Castro Daire, Mangualde, Nelas, Oliveira de Frades, Penalva do Castelo, Santa Comba D\u00e3o, S\u00e3o Pedro do Sul, S\u00e1t\u00e3o, Tondela, Vila Nova de Paiva, Viseu e Vouzela.<\/p>\n","protected":false},"excerpt":{"rendered":"<p>Projeto percorreu todos os Agrupamentos de Escolas da regi\u00e3o. Mais de\u00a010 mil alunos\u00a0e\u00a0quase 600 professores e educadores de inf\u00e2ncia, dos&#8230;<\/p>\n","protected":false},"author":7,"featured_media":13834,"comment_status":"closed","ping_status":"open","sticky":false,"template":"","format":"standard","meta":[],"categories":[779],"tags":[448,744,745],"yoast_head":"<!-- This site is optimized with the Yoast SEO plugin v20.12 - https:\/\/yoast.com\/wordpress\/plugins\/seo\/ -->\n<title>Mais de 10 mil alunos da regi\u00e3o participaram no Laborat\u00f3rio M\u00f3vel das Ci\u00eancias promovido pela CIM Viseu D\u00e3o Laf\u00f5es - Atelier do Caractere<\/title>\n<meta name=\"robots\" content=\"index, follow, max-snippet:-1, max-image-preview:large, max-video-preview:-1\" \/>\n<link rel=\"canonical\" href=\"https:\/\/www.atelierdocaractere.pt\/brevemente\/mais-de-10-mil-alunos-da-regiao-participaram-no-laboratorio-movel-das-ciencias-promovido-pela-cim-viseu-dao-lafoes\/\" \/>\n<meta property=\"og:locale\" content=\"pt_PT\" \/>\n<meta property=\"og:type\" content=\"article\" \/>\n<meta property=\"og:title\" content=\"Mais de 10 mil alunos da regi\u00e3o participaram no Laborat\u00f3rio M\u00f3vel das Ci\u00eancias promovido pela CIM Viseu D\u00e3o Laf\u00f5es - Atelier do Caractere\" \/>\n<meta property=\"og:description\" content=\"Projeto percorreu todos os Agrupamentos de Escolas da regi\u00e3o. Mais de\u00a010 mil alunos\u00a0e\u00a0quase 600 professores e educadores de inf\u00e2ncia, dos...\" \/>\n<meta property=\"og:url\" content=\"https:\/\/www.atelierdocaractere.pt\/brevemente\/mais-de-10-mil-alunos-da-regiao-participaram-no-laboratorio-movel-das-ciencias-promovido-pela-cim-viseu-dao-lafoes\/\" \/>\n<meta property=\"og:site_name\" content=\"Atelier do Caractere\" \/>\n<meta property=\"article:publisher\" content=\"https:\/\/www.facebook.com\/AtelierdoCaractere\" \/>\n<meta property=\"article:published_time\" content=\"2025-06-17T15:46:54+00:00\" \/>\n<meta property=\"article:modified_time\" content=\"2025-06-18T15:52:08+00:00\" \/>\n<meta property=\"og:image\" content=\"https:\/\/www.atelierdocaractere.pt\/wp-content\/uploads\/2025\/06\/4cdde90d-dcf5-55c5-8601-d1404feb9a5c.png\" \/>\n\t<meta property=\"og:image:width\" content=\"1200\" \/>\n\t<meta property=\"og:image:height\" content=\"800\" \/>\n\t<meta property=\"og:image:type\" content=\"image\/png\" \/>\n<meta name=\"author\" content=\"Joana Barbosa\" \/>\n<meta name=\"twitter:card\" content=\"summary_large_image\" \/>\n<meta name=\"twitter:label1\" content=\"Escrito por\" \/>\n\t<meta name=\"twitter:data1\" content=\"Joana Barbosa\" \/>\n\t<meta name=\"twitter:label2\" content=\"Tempo estimado de leitura\" \/>\n\t<meta name=\"twitter:data2\" content=\"3 minutos\" \/>\n<script type=\"application\/ld+json\" class=\"yoast-schema-graph\">{\"@context\":\"https:\/\/schema.org\",\"@graph\":[{\"@type\":\"WebPage\",\"@id\":\"https:\/\/www.atelierdocaractere.pt\/brevemente\/mais-de-10-mil-alunos-da-regiao-participaram-no-laboratorio-movel-das-ciencias-promovido-pela-cim-viseu-dao-lafoes\/\",\"url\":\"https:\/\/www.atelierdocaractere.pt\/brevemente\/mais-de-10-mil-alunos-da-regiao-participaram-no-laboratorio-movel-das-ciencias-promovido-pela-cim-viseu-dao-lafoes\/\",\"name\":\"Mais de 10 mil alunos da regi\u00e3o participaram no Laborat\u00f3rio M\u00f3vel das Ci\u00eancias promovido pela CIM Viseu D\u00e3o Laf\u00f5es - Atelier do Caractere\",\"isPartOf\":{\"@id\":\"https:\/\/www.atelierdocaractere.pt\/brevemente\/#website\"},\"datePublished\":\"2025-06-17T15:46:54+00:00\",\"dateModified\":\"2025-06-18T15:52:08+00:00\",\"author\":{\"@id\":\"https:\/\/www.atelierdocaractere.pt\/brevemente\/#\/schema\/person\/f2f096eb0f27d9894725af22cb97c0db\"},\"breadcrumb\":{\"@id\":\"https:\/\/www.atelierdocaractere.pt\/brevemente\/mais-de-10-mil-alunos-da-regiao-participaram-no-laboratorio-movel-das-ciencias-promovido-pela-cim-viseu-dao-lafoes\/#breadcrumb\"},\"inLanguage\":\"pt-PT\",\"potentialAction\":[{\"@type\":\"ReadAction\",\"target\":[\"https:\/\/www.atelierdocaractere.pt\/brevemente\/mais-de-10-mil-alunos-da-regiao-participaram-no-laboratorio-movel-das-ciencias-promovido-pela-cim-viseu-dao-lafoes\/\"]}]},{\"@type\":\"BreadcrumbList\",\"@id\":\"https:\/\/www.atelierdocaractere.pt\/brevemente\/mais-de-10-mil-alunos-da-regiao-participaram-no-laboratorio-movel-das-ciencias-promovido-pela-cim-viseu-dao-lafoes\/#breadcrumb\",\"itemListElement\":[{\"@type\":\"ListItem\",\"position\":1,\"name\":\"In\u00edcio\",\"item\":\"https:\/\/www.atelierdocaractere.pt\/brevemente\/\"},{\"@type\":\"ListItem\",\"position\":2,\"name\":\"Mais de 10 mil alunos da regi\u00e3o participaram no Laborat\u00f3rio M\u00f3vel das Ci\u00eancias promovido pela CIM Viseu D\u00e3o Laf\u00f5es\"}]},{\"@type\":\"WebSite\",\"@id\":\"https:\/\/www.atelierdocaractere.pt\/brevemente\/#website\",\"url\":\"https:\/\/www.atelierdocaractere.pt\/brevemente\/\",\"name\":\"Atelier do Caractere\",\"description\":\"\",\"potentialAction\":[{\"@type\":\"SearchAction\",\"target\":{\"@type\":\"EntryPoint\",\"urlTemplate\":\"https:\/\/www.atelierdocaractere.pt\/brevemente\/?s={search_term_string}\"},\"query-input\":\"required name=search_term_string\"}],\"inLanguage\":\"pt-PT\"},{\"@type\":\"Person\",\"@id\":\"https:\/\/www.atelierdocaractere.pt\/brevemente\/#\/schema\/person\/f2f096eb0f27d9894725af22cb97c0db\",\"name\":\"Joana Barbosa\",\"image\":{\"@type\":\"ImageObject\",\"inLanguage\":\"pt-PT\",\"@id\":\"https:\/\/www.atelierdocaractere.pt\/brevemente\/#\/schema\/person\/image\/\",\"url\":\"https:\/\/secure.gravatar.com\/avatar\/33e8214b45e9d68a3a83008731075979?s=96&d=mm&r=g\",\"contentUrl\":\"https:\/\/secure.gravatar.com\/avatar\/33e8214b45e9d68a3a83008731075979?s=96&d=mm&r=g\",\"caption\":\"Joana Barbosa\"},\"url\":\"https:\/\/www.atelierdocaractere.pt\/brevemente\/author\/joanabarbosa\/\"}]}<\/script>\n<!-- \/ Yoast SEO plugin. -->","yoast_head_json":{"title":"Mais de 10 mil alunos da regi\u00e3o participaram no Laborat\u00f3rio M\u00f3vel das Ci\u00eancias promovido pela CIM Viseu D\u00e3o Laf\u00f5es - Atelier do Caractere","robots":{"index":"index","follow":"follow","max-snippet":"max-snippet:-1","max-image-preview":"max-image-preview:large","max-video-preview":"max-video-preview:-1"},"canonical":"https:\/\/www.atelierdocaractere.pt\/brevemente\/mais-de-10-mil-alunos-da-regiao-participaram-no-laboratorio-movel-das-ciencias-promovido-pela-cim-viseu-dao-lafoes\/","og_locale":"pt_PT","og_type":"article","og_title":"Mais de 10 mil alunos da regi\u00e3o participaram no Laborat\u00f3rio M\u00f3vel das Ci\u00eancias promovido pela CIM Viseu D\u00e3o Laf\u00f5es - Atelier do Caractere","og_description":"Projeto percorreu todos os Agrupamentos de Escolas da regi\u00e3o. Mais de\u00a010 mil alunos\u00a0e\u00a0quase 600 professores e educadores de inf\u00e2ncia, dos...","og_url":"https:\/\/www.atelierdocaractere.pt\/brevemente\/mais-de-10-mil-alunos-da-regiao-participaram-no-laboratorio-movel-das-ciencias-promovido-pela-cim-viseu-dao-lafoes\/","og_site_name":"Atelier do Caractere","article_publisher":"https:\/\/www.facebook.com\/AtelierdoCaractere","article_published_time":"2025-06-17T15:46:54+00:00","article_modified_time":"2025-06-18T15:52:08+00:00","og_image":[{"width":1200,"height":800,"url":"https:\/\/www.atelierdocaractere.pt\/wp-content\/uploads\/2025\/06\/4cdde90d-dcf5-55c5-8601-d1404feb9a5c.png","type":"image\/png"}],"author":"Joana Barbosa","twitter_card":"summary_large_image","twitter_misc":{"Escrito por":"Joana Barbosa","Tempo estimado de leitura":"3 minutos"},"schema":{"@context":"https:\/\/schema.org","@graph":[{"@type":"WebPage","@id":"https:\/\/www.atelierdocaractere.pt\/brevemente\/mais-de-10-mil-alunos-da-regiao-participaram-no-laboratorio-movel-das-ciencias-promovido-pela-cim-viseu-dao-lafoes\/","url":"https:\/\/www.atelierdocaractere.pt\/brevemente\/mais-de-10-mil-alunos-da-regiao-participaram-no-laboratorio-movel-das-ciencias-promovido-pela-cim-viseu-dao-lafoes\/","name":"Mais de 10 mil alunos da regi\u00e3o participaram no Laborat\u00f3rio M\u00f3vel das Ci\u00eancias promovido pela CIM Viseu D\u00e3o Laf\u00f5es - Atelier do Caractere","isPartOf":{"@id":"https:\/\/www.atelierdocaractere.pt\/brevemente\/#website"},"datePublished":"2025-06-17T15:46:54+00:00","dateModified":"2025-06-18T15:52:08+00:00","author":{"@id":"https:\/\/www.atelierdocaractere.pt\/brevemente\/#\/schema\/person\/f2f096eb0f27d9894725af22cb97c0db"},"breadcrumb":{"@id":"https:\/\/www.atelierdocaractere.pt\/brevemente\/mais-de-10-mil-alunos-da-regiao-participaram-no-laboratorio-movel-das-ciencias-promovido-pela-cim-viseu-dao-lafoes\/#breadcrumb"},"inLanguage":"pt-PT","potentialAction":[{"@type":"ReadAction","target":["https:\/\/www.atelierdocaractere.pt\/brevemente\/mais-de-10-mil-alunos-da-regiao-participaram-no-laboratorio-movel-das-ciencias-promovido-pela-cim-viseu-dao-lafoes\/"]}]},{"@type":"BreadcrumbList","@id":"https:\/\/www.atelierdocaractere.pt\/brevemente\/mais-de-10-mil-alunos-da-regiao-participaram-no-laboratorio-movel-das-ciencias-promovido-pela-cim-viseu-dao-lafoes\/#breadcrumb","itemListElement":[{"@type":"ListItem","position":1,"name":"In\u00edcio","item":"https:\/\/www.atelierdocaractere.pt\/brevemente\/"},{"@type":"ListItem","position":2,"name":"Mais de 10 mil alunos da regi\u00e3o participaram no Laborat\u00f3rio M\u00f3vel das Ci\u00eancias promovido pela CIM Viseu D\u00e3o Laf\u00f5es"}]},{"@type":"WebSite","@id":"https:\/\/www.atelierdocaractere.pt\/brevemente\/#website","url":"https:\/\/www.atelierdocaractere.pt\/brevemente\/","name":"Atelier do Caractere","description":"","potentialAction":[{"@type":"SearchAction","target":{"@type":"EntryPoint","urlTemplate":"https:\/\/www.atelierdocaractere.pt\/brevemente\/?s={search_term_string}"},"query-input":"required name=search_term_string"}],"inLanguage":"pt-PT"},{"@type":"Person","@id":"https:\/\/www.atelierdocaractere.pt\/brevemente\/#\/schema\/person\/f2f096eb0f27d9894725af22cb97c0db","name":"Joana Barbosa","image":{"@type":"ImageObject","inLanguage":"pt-PT","@id":"https:\/\/www.atelierdocaractere.pt\/brevemente\/#\/schema\/person\/image\/","url":"https:\/\/secure.gravatar.com\/avatar\/33e8214b45e9d68a3a83008731075979?s=96&d=mm&r=g","contentUrl":"https:\/\/secure.gravatar.com\/avatar\/33e8214b45e9d68a3a83008731075979?s=96&d=mm&r=g","caption":"Joana Barbosa"},"url":"https:\/\/www.atelierdocaractere.pt\/brevemente\/author\/joanabarbosa\/"}]}},"_links":{"self":[{"href":"https:\/\/www.atelierdocaractere.pt\/brevemente\/wp-json\/wp\/v2\/posts\/13833"}],"collection":[{"href":"https:\/\/www.atelierdocaractere.pt\/brevemente\/wp-json\/wp\/v2\/posts"}],"about":[{"href":"https:\/\/www.atelierdocaractere.pt\/brevemente\/wp-json\/wp\/v2\/types\/post"}],"author":[{"embeddable":true,"href":"https:\/\/www.atelierdocaractere.pt\/brevemente\/wp-json\/wp\/v2\/users\/7"}],"replies":[{"embeddable":true,"href":"https:\/\/www.atelierdocaractere.pt\/brevemente\/wp-json\/wp\/v2\/comments?post=13833"}],"version-history":[{"count":1,"href":"https:\/\/www.atelierdocaractere.pt\/brevemente\/wp-json\/wp\/v2\/posts\/13833\/revisions"}],"predecessor-version":[{"id":13835,"href":"https:\/\/www.atelierdocaractere.pt\/brevemente\/wp-json\/wp\/v2\/posts\/13833\/revisions\/13835"}],"wp:featuredmedia":[{"embeddable":true,"href":"https:\/\/www.atelierdocaractere.pt\/brevemente\/wp-json\/wp\/v2\/media\/13834"}],"wp:attachment":[{"href":"https:\/\/www.atelierdocaractere.pt\/brevemente\/wp-json\/wp\/v2\/media?parent=13833"}],"wp:term":[{"taxonomy":"category","embeddable":true,"href":"https:\/\/www.atelierdocaractere.pt\/brevemente\/wp-json\/wp\/v2\/categories?post=13833"},{"taxonomy":"post_tag","embeddable":true,"href":"https:\/\/www.atelierdocaractere.pt\/brevemente\/wp-json\/wp\/v2\/tags?post=13833"}],"curies":[{"name":"wp","href":"https:\/\/api.w.org\/{rel}","templated":true}]}}