{"id":13836,"date":"2025-06-16T15:53:04","date_gmt":"2025-06-16T15:53:04","guid":{"rendered":"https:\/\/www.atelierdocaractere.pt\/brevemente\/?p=13836"},"modified":"2025-06-18T15:54:58","modified_gmt":"2025-06-18T15:54:58","slug":"rede-mobi-viseu-dao-lafoes-vai-proporcionar-mais-e-melhor-mobilidade-regional","status":"publish","type":"post","link":"https:\/\/www.atelierdocaractere.pt\/brevemente\/rede-mobi-viseu-dao-lafoes-vai-proporcionar-mais-e-melhor-mobilidade-regional\/","title":{"rendered":"Rede Mobi Viseu D\u00e3o Laf\u00f5es vai proporcionar mais e melhor mobilidade regional"},"content":{"rendered":"\n<p><strong>A partir de 1 de julho, os 14 concelhos da regi\u00e3o v\u00e3o contar com autocarros mais modernos, mais confort\u00e1veis e equipados com WiFi gratuito. Os passes mensais custam apenas 20\u20ac.<\/strong><\/p>\n\n\n\n<p>O&nbsp;<strong>Mobi Viseu D\u00e3o Laf\u00f5es<\/strong>, a nova rede intermunicipal de transportes p\u00fablicos da&nbsp;<strong>Comunidade Intermunicipal (CIM) Viseu D\u00e3o Laf\u00f5es<\/strong>, entra em funcionamento no dia 1 de julho e vai proporcionar mais e melhor mobilidade regional. Al\u00e9m dos pre\u00e7os muito acess\u00edveis, a nova rede apresenta&nbsp;<strong>autocarros mais modernos&nbsp;<\/strong>e&nbsp;<strong>confort\u00e1veis<\/strong>, ao servi\u00e7o de todos os cidad\u00e3os dos 14 concelhos da regi\u00e3o.<br><br>Operada pela&nbsp;<strong>Transdev<\/strong>, a nova frota destaca-se pelas funcionalidades avan\u00e7adas ao servi\u00e7o dos passageiros. Os autocarros ter\u00e3o&nbsp;<strong>WiFi gratuito<\/strong>,&nbsp;<strong>ar condicionado<\/strong>, um&nbsp;<strong>sistema de bilh\u00e9tica<\/strong>&nbsp;mais&nbsp;<strong>moderno<\/strong>&nbsp;e&nbsp;<strong>intuitivo<\/strong>, e uma&nbsp;<strong>m\u00e9dia de idade da frota mais baixa que a atual<\/strong>. Com esta renova\u00e7\u00e3o, Viseu D\u00e3o Laf\u00f5es d\u00e1 um passo decisivo no caminho para uma mobilidade mais eficiente e atrativa para todos os p\u00fablicos.<br><br><strong>Para Nuno Martinho, Secret\u00e1rio Executivo da CIM Viseu D\u00e3o Laf\u00f5es<\/strong>,&nbsp;<em>\u201ca entrada em funcionamento da rede Mobi Viseu D\u00e3o Laf\u00f5es representa muito mais do que uma simples mudan\u00e7a de operadores ou de autocarros. \u00c9 uma transforma\u00e7\u00e3o estrutural na mobilidade regional, que melhora a forma como os cidad\u00e3os se deslocam. Esta nova rede traduz-se em mais conforto, mais inova\u00e7\u00e3o e um servi\u00e7o de maior qualidade ao dispor de todos\u201d.<\/em><br><br><em>&#8220;Com esta proposta de mobilidade, a CIM Viseu D\u00e3o Laf\u00f5es reafirma o seu compromisso com um territ\u00f3rio mais coeso e sustent\u00e1vel, promovendo um sistema de transportes p\u00fablicos que se afirma, cada vez mais, como uma alternativa real ao uso do autom\u00f3vel particular, contribuindo ativamente para uma mobilidade mais eficiente e para uma melhor qualidade de vida na regi\u00e3o\u201d<\/em>, acrescenta.<\/p>\n\n\n\n<p><strong>Pre\u00e7os que cabem nos or\u00e7amentos de todos<\/strong><br><br>O sistema tarif\u00e1rio foi pensado para ser muito acess\u00edvel, com\u00a0<strong>passes mensais a 20\u20ac<\/strong>, que permitem circular em todos os 14 munic\u00edpios da rede.<br><br>A CIM Viseu D\u00e3o Laf\u00f5es recorda que o processo de substitui\u00e7\u00e3o dos passes atuais para os t\u00edtulos de transporte do\u00a0<strong>Mobi Viseu D\u00e3o Laf\u00f5es<\/strong>\u00a0j\u00e1 est\u00e1 a decorrer. Os cidad\u00e3os podem obter toda a informa\u00e7\u00e3o necess\u00e1ria atrav\u00e9s dos canais oficiais da CIM Viseu D\u00e3o Laf\u00f5es, das respetivas autarquias e da Transdev.<\/p>\n\n\n\n<p><strong>Sobre a CIM Viseu D\u00e3o Laf\u00f5es:<\/strong><br>A CIM Viseu D\u00e3o Laf\u00f5es \u00e9 uma associa\u00e7\u00e3o de munic\u00edpios, denominada como Comunidade Intermunicipal, sendo constitu\u00edda pelos munic\u00edpios de\u00a0Aguiar da Beira, Carregal do Sal, Castro Daire, Mangualde, Nelas, Oliveira de Frades, Penalva do Castelo, Santa Comba D\u00e3o, S\u00e3o Pedro do Sul, S\u00e1t\u00e3o, Tondela, Vila Nova de Paiva, Viseu e Vouzela.<\/p>\n","protected":false},"excerpt":{"rendered":"<p>A partir de 1 de julho, os 14 concelhos da regi\u00e3o v\u00e3o contar com autocarros mais modernos, mais confort\u00e1veis e&#8230;<\/p>\n","protected":false},"author":7,"featured_media":13837,"comment_status":"closed","ping_status":"open","sticky":false,"template":"","format":"standard","meta":[],"categories":[67],"tags":[448,968,969,636],"yoast_head":"<!-- This site is optimized with the Yoast SEO plugin v20.12 - https:\/\/yoast.com\/wordpress\/plugins\/seo\/ -->\n<title>Rede Mobi Viseu D\u00e3o Laf\u00f5es vai proporcionar mais e melhor mobilidade regional - Atelier do Caractere<\/title>\n<meta name=\"robots\" content=\"index, follow, max-snippet:-1, max-image-preview:large, max-video-preview:-1\" \/>\n<link rel=\"canonical\" href=\"https:\/\/www.atelierdocaractere.pt\/brevemente\/rede-mobi-viseu-dao-lafoes-vai-proporcionar-mais-e-melhor-mobilidade-regional\/\" \/>\n<meta property=\"og:locale\" content=\"pt_PT\" \/>\n<meta property=\"og:type\" content=\"article\" \/>\n<meta property=\"og:title\" content=\"Rede Mobi Viseu D\u00e3o Laf\u00f5es vai proporcionar mais e melhor mobilidade regional - Atelier do Caractere\" \/>\n<meta property=\"og:description\" content=\"A partir de 1 de julho, os 14 concelhos da regi\u00e3o v\u00e3o contar com autocarros mais modernos, mais confort\u00e1veis e...\" \/>\n<meta property=\"og:url\" content=\"https:\/\/www.atelierdocaractere.pt\/brevemente\/rede-mobi-viseu-dao-lafoes-vai-proporcionar-mais-e-melhor-mobilidade-regional\/\" \/>\n<meta property=\"og:site_name\" content=\"Atelier do Caractere\" \/>\n<meta property=\"article:publisher\" content=\"https:\/\/www.facebook.com\/AtelierdoCaractere\" \/>\n<meta property=\"article:published_time\" content=\"2025-06-16T15:53:04+00:00\" \/>\n<meta property=\"article:modified_time\" content=\"2025-06-18T15:54:58+00:00\" \/>\n<meta property=\"og:image\" content=\"https:\/\/www.atelierdocaractere.pt\/wp-content\/uploads\/2025\/06\/542ff019-9029-cae3-ae3d-afe21059a3f1.png\" \/>\n\t<meta property=\"og:image:width\" content=\"1200\" \/>\n\t<meta property=\"og:image:height\" content=\"848\" \/>\n\t<meta property=\"og:image:type\" content=\"image\/png\" \/>\n<meta name=\"author\" content=\"Joana Barbosa\" \/>\n<meta name=\"twitter:card\" content=\"summary_large_image\" \/>\n<meta name=\"twitter:label1\" content=\"Escrito por\" \/>\n\t<meta name=\"twitter:data1\" content=\"Joana Barbosa\" \/>\n\t<meta name=\"twitter:label2\" content=\"Tempo estimado de leitura\" \/>\n\t<meta name=\"twitter:data2\" content=\"3 minutos\" \/>\n<script type=\"application\/ld+json\" class=\"yoast-schema-graph\">{\"@context\":\"https:\/\/schema.org\",\"@graph\":[{\"@type\":\"WebPage\",\"@id\":\"https:\/\/www.atelierdocaractere.pt\/brevemente\/rede-mobi-viseu-dao-lafoes-vai-proporcionar-mais-e-melhor-mobilidade-regional\/\",\"url\":\"https:\/\/www.atelierdocaractere.pt\/brevemente\/rede-mobi-viseu-dao-lafoes-vai-proporcionar-mais-e-melhor-mobilidade-regional\/\",\"name\":\"Rede Mobi Viseu D\u00e3o Laf\u00f5es vai proporcionar mais e melhor mobilidade regional - Atelier do Caractere\",\"isPartOf\":{\"@id\":\"https:\/\/www.atelierdocaractere.pt\/brevemente\/#website\"},\"datePublished\":\"2025-06-16T15:53:04+00:00\",\"dateModified\":\"2025-06-18T15:54:58+00:00\",\"author\":{\"@id\":\"https:\/\/www.atelierdocaractere.pt\/brevemente\/#\/schema\/person\/f2f096eb0f27d9894725af22cb97c0db\"},\"breadcrumb\":{\"@id\":\"https:\/\/www.atelierdocaractere.pt\/brevemente\/rede-mobi-viseu-dao-lafoes-vai-proporcionar-mais-e-melhor-mobilidade-regional\/#breadcrumb\"},\"inLanguage\":\"pt-PT\",\"potentialAction\":[{\"@type\":\"ReadAction\",\"target\":[\"https:\/\/www.atelierdocaractere.pt\/brevemente\/rede-mobi-viseu-dao-lafoes-vai-proporcionar-mais-e-melhor-mobilidade-regional\/\"]}]},{\"@type\":\"BreadcrumbList\",\"@id\":\"https:\/\/www.atelierdocaractere.pt\/brevemente\/rede-mobi-viseu-dao-lafoes-vai-proporcionar-mais-e-melhor-mobilidade-regional\/#breadcrumb\",\"itemListElement\":[{\"@type\":\"ListItem\",\"position\":1,\"name\":\"In\u00edcio\",\"item\":\"https:\/\/www.atelierdocaractere.pt\/brevemente\/\"},{\"@type\":\"ListItem\",\"position\":2,\"name\":\"Rede Mobi Viseu D\u00e3o Laf\u00f5es vai proporcionar mais e melhor mobilidade regional\"}]},{\"@type\":\"WebSite\",\"@id\":\"https:\/\/www.atelierdocaractere.pt\/brevemente\/#website\",\"url\":\"https:\/\/www.atelierdocaractere.pt\/brevemente\/\",\"name\":\"Atelier do Caractere\",\"description\":\"\",\"potentialAction\":[{\"@type\":\"SearchAction\",\"target\":{\"@type\":\"EntryPoint\",\"urlTemplate\":\"https:\/\/www.atelierdocaractere.pt\/brevemente\/?s={search_term_string}\"},\"query-input\":\"required name=search_term_string\"}],\"inLanguage\":\"pt-PT\"},{\"@type\":\"Person\",\"@id\":\"https:\/\/www.atelierdocaractere.pt\/brevemente\/#\/schema\/person\/f2f096eb0f27d9894725af22cb97c0db\",\"name\":\"Joana Barbosa\",\"image\":{\"@type\":\"ImageObject\",\"inLanguage\":\"pt-PT\",\"@id\":\"https:\/\/www.atelierdocaractere.pt\/brevemente\/#\/schema\/person\/image\/\",\"url\":\"https:\/\/secure.gravatar.com\/avatar\/33e8214b45e9d68a3a83008731075979?s=96&d=mm&r=g\",\"contentUrl\":\"https:\/\/secure.gravatar.com\/avatar\/33e8214b45e9d68a3a83008731075979?s=96&d=mm&r=g\",\"caption\":\"Joana Barbosa\"},\"url\":\"https:\/\/www.atelierdocaractere.pt\/brevemente\/author\/joanabarbosa\/\"}]}<\/script>\n<!-- \/ Yoast SEO plugin. -->","yoast_head_json":{"title":"Rede Mobi Viseu D\u00e3o Laf\u00f5es vai proporcionar mais e melhor mobilidade regional - Atelier do Caractere","robots":{"index":"index","follow":"follow","max-snippet":"max-snippet:-1","max-image-preview":"max-image-preview:large","max-video-preview":"max-video-preview:-1"},"canonical":"https:\/\/www.atelierdocaractere.pt\/brevemente\/rede-mobi-viseu-dao-lafoes-vai-proporcionar-mais-e-melhor-mobilidade-regional\/","og_locale":"pt_PT","og_type":"article","og_title":"Rede Mobi Viseu D\u00e3o Laf\u00f5es vai proporcionar mais e melhor mobilidade regional - Atelier do Caractere","og_description":"A partir de 1 de julho, os 14 concelhos da regi\u00e3o v\u00e3o contar com autocarros mais modernos, mais confort\u00e1veis e...","og_url":"https:\/\/www.atelierdocaractere.pt\/brevemente\/rede-mobi-viseu-dao-lafoes-vai-proporcionar-mais-e-melhor-mobilidade-regional\/","og_site_name":"Atelier do Caractere","article_publisher":"https:\/\/www.facebook.com\/AtelierdoCaractere","article_published_time":"2025-06-16T15:53:04+00:00","article_modified_time":"2025-06-18T15:54:58+00:00","og_image":[{"width":1200,"height":848,"url":"https:\/\/www.atelierdocaractere.pt\/wp-content\/uploads\/2025\/06\/542ff019-9029-cae3-ae3d-afe21059a3f1.png","type":"image\/png"}],"author":"Joana Barbosa","twitter_card":"summary_large_image","twitter_misc":{"Escrito por":"Joana Barbosa","Tempo estimado de leitura":"3 minutos"},"schema":{"@context":"https:\/\/schema.org","@graph":[{"@type":"WebPage","@id":"https:\/\/www.atelierdocaractere.pt\/brevemente\/rede-mobi-viseu-dao-lafoes-vai-proporcionar-mais-e-melhor-mobilidade-regional\/","url":"https:\/\/www.atelierdocaractere.pt\/brevemente\/rede-mobi-viseu-dao-lafoes-vai-proporcionar-mais-e-melhor-mobilidade-regional\/","name":"Rede Mobi Viseu D\u00e3o Laf\u00f5es vai proporcionar mais e melhor mobilidade regional - Atelier do Caractere","isPartOf":{"@id":"https:\/\/www.atelierdocaractere.pt\/brevemente\/#website"},"datePublished":"2025-06-16T15:53:04+00:00","dateModified":"2025-06-18T15:54:58+00:00","author":{"@id":"https:\/\/www.atelierdocaractere.pt\/brevemente\/#\/schema\/person\/f2f096eb0f27d9894725af22cb97c0db"},"breadcrumb":{"@id":"https:\/\/www.atelierdocaractere.pt\/brevemente\/rede-mobi-viseu-dao-lafoes-vai-proporcionar-mais-e-melhor-mobilidade-regional\/#breadcrumb"},"inLanguage":"pt-PT","potentialAction":[{"@type":"ReadAction","target":["https:\/\/www.atelierdocaractere.pt\/brevemente\/rede-mobi-viseu-dao-lafoes-vai-proporcionar-mais-e-melhor-mobilidade-regional\/"]}]},{"@type":"BreadcrumbList","@id":"https:\/\/www.atelierdocaractere.pt\/brevemente\/rede-mobi-viseu-dao-lafoes-vai-proporcionar-mais-e-melhor-mobilidade-regional\/#breadcrumb","itemListElement":[{"@type":"ListItem","position":1,"name":"In\u00edcio","item":"https:\/\/www.atelierdocaractere.pt\/brevemente\/"},{"@type":"ListItem","position":2,"name":"Rede Mobi Viseu D\u00e3o Laf\u00f5es vai proporcionar mais e melhor mobilidade regional"}]},{"@type":"WebSite","@id":"https:\/\/www.atelierdocaractere.pt\/brevemente\/#website","url":"https:\/\/www.atelierdocaractere.pt\/brevemente\/","name":"Atelier do Caractere","description":"","potentialAction":[{"@type":"SearchAction","target":{"@type":"EntryPoint","urlTemplate":"https:\/\/www.atelierdocaractere.pt\/brevemente\/?s={search_term_string}"},"query-input":"required name=search_term_string"}],"inLanguage":"pt-PT"},{"@type":"Person","@id":"https:\/\/www.atelierdocaractere.pt\/brevemente\/#\/schema\/person\/f2f096eb0f27d9894725af22cb97c0db","name":"Joana Barbosa","image":{"@type":"ImageObject","inLanguage":"pt-PT","@id":"https:\/\/www.atelierdocaractere.pt\/brevemente\/#\/schema\/person\/image\/","url":"https:\/\/secure.gravatar.com\/avatar\/33e8214b45e9d68a3a83008731075979?s=96&d=mm&r=g","contentUrl":"https:\/\/secure.gravatar.com\/avatar\/33e8214b45e9d68a3a83008731075979?s=96&d=mm&r=g","caption":"Joana Barbosa"},"url":"https:\/\/www.atelierdocaractere.pt\/brevemente\/author\/joanabarbosa\/"}]}},"_links":{"self":[{"href":"https:\/\/www.atelierdocaractere.pt\/brevemente\/wp-json\/wp\/v2\/posts\/13836"}],"collection":[{"href":"https:\/\/www.atelierdocaractere.pt\/brevemente\/wp-json\/wp\/v2\/posts"}],"about":[{"href":"https:\/\/www.atelierdocaractere.pt\/brevemente\/wp-json\/wp\/v2\/types\/post"}],"author":[{"embeddable":true,"href":"https:\/\/www.atelierdocaractere.pt\/brevemente\/wp-json\/wp\/v2\/users\/7"}],"replies":[{"embeddable":true,"href":"https:\/\/www.atelierdocaractere.pt\/brevemente\/wp-json\/wp\/v2\/comments?post=13836"}],"version-history":[{"count":1,"href":"https:\/\/www.atelierdocaractere.pt\/brevemente\/wp-json\/wp\/v2\/posts\/13836\/revisions"}],"predecessor-version":[{"id":13838,"href":"https:\/\/www.atelierdocaractere.pt\/brevemente\/wp-json\/wp\/v2\/posts\/13836\/revisions\/13838"}],"wp:featuredmedia":[{"embeddable":true,"href":"https:\/\/www.atelierdocaractere.pt\/brevemente\/wp-json\/wp\/v2\/media\/13837"}],"wp:attachment":[{"href":"https:\/\/www.atelierdocaractere.pt\/brevemente\/wp-json\/wp\/v2\/media?parent=13836"}],"wp:term":[{"taxonomy":"category","embeddable":true,"href":"https:\/\/www.atelierdocaractere.pt\/brevemente\/wp-json\/wp\/v2\/categories?post=13836"},{"taxonomy":"post_tag","embeddable":true,"href":"https:\/\/www.atelierdocaractere.pt\/brevemente\/wp-json\/wp\/v2\/tags?post=13836"}],"curies":[{"name":"wp","href":"https:\/\/api.w.org\/{rel}","templated":true}]}}