{"id":13839,"date":"2025-06-16T15:55:22","date_gmt":"2025-06-16T15:55:22","guid":{"rendered":"https:\/\/www.atelierdocaractere.pt\/brevemente\/?p=13839"},"modified":"2025-06-18T15:58:05","modified_gmt":"2025-06-18T15:58:05","slug":"vinhos-naldeia-o-melhor-de-20-produtores-numa-viagem-ao-coracao-dos-vinhos-de-lisboa","status":"publish","type":"post","link":"https:\/\/www.atelierdocaractere.pt\/brevemente\/vinhos-naldeia-o-melhor-de-20-produtores-numa-viagem-ao-coracao-dos-vinhos-de-lisboa\/","title":{"rendered":"Vinhos\u00a0N\u2019Aldeia:\u00a0o\u00a0melhor\u00a0de\u00a020\u00a0produtores numa viagem ao cora\u00e7\u00e3o dos Vinhos de Lisboa"},"content":{"rendered":"\n<p><strong>A um passo da Capital, a pitoresca Aldeia Galega da Merceana recebe a terceira edi\u00e7\u00e3o do festival que partilha os segredos de uma das mais excitantes regi\u00f5es de vinho do pa\u00eds. O evento, que celebra a tradi\u00e7\u00e3o e a inova\u00e7\u00e3o em torno dos Vinhos de Lisboa, apresenta mais de 80 refer\u00eancias v\u00ednicas, incluindo novidades exclusivas, entre provas e degusta\u00e7\u00f5es, gastronomia, tert\u00falias, m\u00fasica e muita anima\u00e7\u00e3o. Joaquim Arnaud e amigos surge como produtor convidado<\/strong>.<\/p>\n\n\n\n<p>A&nbsp;Aldeia&nbsp;Galega&nbsp;da&nbsp;Merceana, em Alenquer, no cora\u00e7\u00e3o da Regi\u00e3o de Vinhos de&nbsp;Lisboa, volta a receber o&nbsp;Festival&nbsp;Vinhos&nbsp;N\u2019Aldeia, que avan\u00e7a para a terceira edi\u00e7\u00e3o&nbsp;j\u00e1 no&nbsp;pr\u00f3ximo&nbsp;s\u00e1bado,&nbsp;dia&nbsp;21&nbsp;de&nbsp;junho. Este evento \u00e9 uma celebra\u00e7\u00e3o da ruralidade,&nbsp;da cultura e da inova\u00e7\u00e3o vitivin\u00edcola, reunindo produtores, en\u00f3logos e amantes do&nbsp;vinho no cen\u00e1rio tradicional e acolhedor da pitoresca localidade.&nbsp;<\/p>\n\n\n\n<p>Ao longo do dia de s\u00e1bado, mais de&nbsp;20&nbsp;produtores&nbsp;da Regi\u00e3o dos Vinhos de Lisboa&nbsp;v\u00e3o apresentar&nbsp;mais&nbsp;de&nbsp;80&nbsp;refer\u00eancias&nbsp;v\u00ednicas, incluindo lan\u00e7amentos exclusivos de&nbsp;novos vinhos; propondo uma viagem ao que de melhor se produz numa das mais&nbsp;excitantes regi\u00f5es do pa\u00eds, marcada pelos vinhos de inspira\u00e7\u00e3o atl\u00e2ntica, com um&nbsp;car\u00e1cter de grande frescura e eleg\u00e2ncia. Tudo a um passo da capital que d\u00e1 nome \u00e0&nbsp;denomina\u00e7\u00e3o de origem.<\/p>\n\n\n\n<p>Com o vinho a justificar todo o destaque, e ainda com Joaquim Arnaud como produtor&nbsp;convidado, o programa imperd\u00edvel faz-se de experi\u00eancias de prova e degusta\u00e7\u00e3o,&nbsp;tamb\u00e9m entre gastronomia, tert\u00falias e conversas tem\u00e1ticas com os protagonistas do&nbsp;setor. Isto e muita m\u00fasica e anima\u00e7\u00e3o, sempre num ambiente de autenticidade, em&nbsp;plena Pra\u00e7a do Pelourinho, na ic\u00f3nica Aldeia Galega da Merceana.<\/p>\n\n\n\n<p>A entrada \u00e9 livre, mas o acesso \u00e0s provas de vinho e tert\u00falias faz-se mediante bilhete&nbsp;(12\u20ac bilhete individual na compra antecipada;&nbsp;20\u20ac para bilhete duplo na compra antecipada;&nbsp;17\u20ac bilhete individual no pr\u00f3prio dia).<\/p>\n\n\n\n<p><strong>PRODUTORES<\/strong><strong>&nbsp;<\/strong><strong>DA<\/strong><strong>&nbsp;<\/strong><strong>REGI\u00c3O<\/strong><strong>&nbsp;<\/strong><strong>VITIVIN\u00cdCOLA<\/strong><strong>&nbsp;<\/strong><strong>DE<\/strong><strong>&nbsp;<\/strong><strong>LISBOA PRESENTES:<\/strong><\/p>\n\n\n\n<p>Quinta Vale Benfeito, Quinta dos Pl\u00e1tanos, Casa Santos Lima, Quinta de Chocapalha,&nbsp;Quinta de Vale Mourisco, Adega Cooperativa da Labrugeira, F\u00e9lix Rocha, Adega Moor,&nbsp;Quinta do Pinto, Hugo Mendes, Quinta do Cerrado da Porta, Casal da Carrasqueira,&nbsp;Casa do&nbsp;Remoinhal, Devaneio Wines, Quinta V\u00e1rzea da Pedra, Vinhas Nunes Mata,&nbsp;Fam\u00edlia Aguiar Wines, Lindeborg Wines: Quinta da Folgorosa e Vinhos Cort\u00e9m, Adega&nbsp;Bel\u00e9m Urban Winery, Vinhos&nbsp;Desviso, Sop\u00e9 do Monte, Vinhos Ti Nuno, Cas\u2019Amaro,&nbsp;Adega Regional de Colares.<\/p>\n\n\n\n<p>Produtores&nbsp;Convidados:&nbsp;Joaquim Arnaud e amigos.<\/p>\n\n\n\n<p><strong>PROGRAMA<\/strong><strong>&nbsp;<\/strong><strong>FESTIVAL<\/strong><strong>&nbsp;<\/strong><strong>VINHOS<\/strong><strong>&nbsp;<\/strong><strong>N\u2019ALDEIA:<\/strong><\/p>\n\n\n\n<p>21&nbsp;de&nbsp;junho&nbsp;I&nbsp;s\u00e1bado<\/p>\n\n\n\n<p>15h30&nbsp;&#8211;&nbsp;01h00&nbsp;&#8211; Abertura do festival Vinhos N\u2019Aldeia<\/p>\n\n\n\n<p>15h30&nbsp;&#8211;&nbsp;20h30&nbsp;&#8211; Abertura dos espa\u00e7os N\u2019Aldeia com provas e vendas<\/p>\n\n\n\n<p>15h30&nbsp;&#8211;&nbsp;20h30&nbsp;&#8211; Anima\u00e7\u00e3o de rua com o grupo Vira Vadio<\/p>\n\n\n\n<p>16h00&nbsp;&#8211;&nbsp;17h00&nbsp;&#8211; Lan\u00e7amento dos vinhos novos (produtores)<\/p>\n\n\n\n<p>17h00&nbsp;&#8211;&nbsp;01h00&nbsp;&#8211; Abertura do bar de vinhos e Petiscos N\u2019Aldeia<\/p>\n\n\n\n<p>17h00&nbsp;&#8211;&nbsp;18h00&nbsp;&#8211; Tert\u00falia \u201cEn\u00f3logo, o Desafio\u201d na regi\u00e3o de Lisboa (en\u00f3logo Ricardo<\/p>\n\n\n\n<p>Noronha e convidados)<\/p>\n\n\n\n<p>18h00&nbsp;&#8211;&nbsp;19h00&nbsp;&#8211; Tert\u00falias N\u2019Aldeia \u201cConversas no P\u00e1teo \u2013 A Casta mais antiga da<\/p>\n\n\n\n<p>regi\u00e3o\u201d<\/p>\n\n\n\n<p>19h00&nbsp;&#8211;&nbsp;20h00&nbsp;&#8211; Tert\u00falia \u201cViagem pelas nove sub-regi\u00f5es de Lisboa\u201d<\/p>\n\n\n\n<p>20h00&nbsp;&#8211;&nbsp;21h00&nbsp;&#8211; Tert\u00falia \u201cLisboa, o Futuro\u201d<\/p>\n\n\n\n<p>21h30&nbsp;&#8211;&nbsp;23h00&nbsp;&#8211; Palco N\u2019Aldeia com Marco Matias \u2013 Narrador<\/p>\n\n\n\n<p>23h00&nbsp;&#8211;&nbsp;01h00&nbsp;&#8211; DJ Tiago F.<\/p>\n\n\n\n<p><strong>PETISCOS&nbsp;N\u2019ALDEIA:<\/strong><\/p>\n\n\n\n<p>A Pra\u00e7a do Pelourinho \u00e9 o ponto de partida e de chegada, o local de encontro para<\/p>\n\n\n\n<p>conversas e partilha, com petiscos tradicionais a acompanhar os vinhos da regi\u00e3o:<\/p>\n\n\n\n<p>Time&nbsp;Grill&nbsp;&#8211; Com os seus chefs, com cozinha ao vivo em fogo<\/p>\n\n\n\n<p>Taberna&nbsp;do&nbsp;Areal&nbsp;&#8211; Com a sua deliciosa Paelha<\/p>\n\n\n\n<p>Presunto&nbsp;\u00e0&nbsp;Mesa&nbsp;&#8211; O melhor Presunto, com o mestre do corte de presunto<\/p>\n\n\n\n<p>Doces&nbsp;&#8211; Comunidade Vida e Paz<\/p>\n\n\n\n<p><strong>ACESSOS:<\/strong><\/p>\n\n\n\n<p>Entrada gratuita. Bilhete de acesso \u00e0s provas e tert\u00falias: 12\u20ac at\u00e9 ao dia anterior \/ 17\u20ac no pr\u00f3prio dia.<\/p>\n\n\n\n<p>Bilhete duplo especial: 20\u20ac (v\u00e1lido para duas pessoas).<\/p>\n\n\n\n<p><a href=\"https:\/\/ticketline.sapo.pt\/evento\/festival-vinhos-n-aldeiagalega-da-merceana-94878\">https:\/\/ticketline.sapo.pt\/evento\/festival-vinhos-n-aldeiagalega-da-merceana-94878<\/a><\/p>\n\n\n\n<p>Oferta&nbsp;especial:<\/p>\n\n\n\n<p>Bilhete duplo com um pre\u00e7o especial de 20\u20ac (oportunidade imperd\u00edvel para partilhar a&nbsp;experi\u00eancia com algu\u00e9m especial).<\/p>\n\n\n\n<p>Mais informa\u00e7\u00f5es e o programa completo em&nbsp;<a href=\"http:\/\/www.vinhosnaldeia.pt\/\">www.vinhosnaldeia.pt<\/a><\/p>\n","protected":false},"excerpt":{"rendered":"<p>A um passo da Capital, a pitoresca Aldeia Galega da Merceana recebe a terceira edi\u00e7\u00e3o do festival que partilha os&#8230;<\/p>\n","protected":false},"author":7,"featured_media":13840,"comment_status":"closed","ping_status":"open","sticky":false,"template":"","format":"standard","meta":[],"categories":[41],"tags":[131,887],"yoast_head":"<!-- This site is optimized with the Yoast SEO plugin v20.12 - https:\/\/yoast.com\/wordpress\/plugins\/seo\/ -->\n<title>Vinhos\u00a0N\u2019Aldeia:\u00a0o\u00a0melhor\u00a0de\u00a020\u00a0produtores numa viagem ao cora\u00e7\u00e3o dos Vinhos de Lisboa - Atelier do Caractere<\/title>\n<meta name=\"robots\" content=\"index, follow, max-snippet:-1, max-image-preview:large, max-video-preview:-1\" \/>\n<link rel=\"canonical\" href=\"https:\/\/www.atelierdocaractere.pt\/brevemente\/vinhos-naldeia-o-melhor-de-20-produtores-numa-viagem-ao-coracao-dos-vinhos-de-lisboa\/\" \/>\n<meta property=\"og:locale\" content=\"pt_PT\" \/>\n<meta property=\"og:type\" content=\"article\" \/>\n<meta property=\"og:title\" content=\"Vinhos\u00a0N\u2019Aldeia:\u00a0o\u00a0melhor\u00a0de\u00a020\u00a0produtores numa viagem ao cora\u00e7\u00e3o dos Vinhos de Lisboa - Atelier do Caractere\" \/>\n<meta property=\"og:description\" content=\"A um passo da Capital, a pitoresca Aldeia Galega da Merceana recebe a terceira edi\u00e7\u00e3o do festival que partilha os...\" \/>\n<meta property=\"og:url\" content=\"https:\/\/www.atelierdocaractere.pt\/brevemente\/vinhos-naldeia-o-melhor-de-20-produtores-numa-viagem-ao-coracao-dos-vinhos-de-lisboa\/\" \/>\n<meta property=\"og:site_name\" content=\"Atelier do Caractere\" \/>\n<meta property=\"article:publisher\" content=\"https:\/\/www.facebook.com\/AtelierdoCaractere\" \/>\n<meta property=\"article:published_time\" content=\"2025-06-16T15:55:22+00:00\" \/>\n<meta property=\"article:modified_time\" content=\"2025-06-18T15:58:05+00:00\" \/>\n<meta property=\"og:image\" content=\"https:\/\/www.atelierdocaractere.pt\/wp-content\/uploads\/2025\/06\/thumbnail-screenshot-2025-06-14-at-180249.png\" \/>\n\t<meta property=\"og:image:width\" content=\"1920\" \/>\n\t<meta property=\"og:image:height\" content=\"578\" \/>\n\t<meta property=\"og:image:type\" content=\"image\/png\" \/>\n<meta name=\"author\" content=\"Joana Barbosa\" \/>\n<meta name=\"twitter:card\" content=\"summary_large_image\" \/>\n<meta name=\"twitter:label1\" content=\"Escrito por\" \/>\n\t<meta name=\"twitter:data1\" content=\"Joana Barbosa\" \/>\n\t<meta name=\"twitter:label2\" content=\"Tempo estimado de leitura\" \/>\n\t<meta name=\"twitter:data2\" content=\"4 minutos\" \/>\n<script type=\"application\/ld+json\" class=\"yoast-schema-graph\">{\"@context\":\"https:\/\/schema.org\",\"@graph\":[{\"@type\":\"WebPage\",\"@id\":\"https:\/\/www.atelierdocaractere.pt\/brevemente\/vinhos-naldeia-o-melhor-de-20-produtores-numa-viagem-ao-coracao-dos-vinhos-de-lisboa\/\",\"url\":\"https:\/\/www.atelierdocaractere.pt\/brevemente\/vinhos-naldeia-o-melhor-de-20-produtores-numa-viagem-ao-coracao-dos-vinhos-de-lisboa\/\",\"name\":\"Vinhos\u00a0N\u2019Aldeia:\u00a0o\u00a0melhor\u00a0de\u00a020\u00a0produtores numa viagem ao cora\u00e7\u00e3o dos Vinhos de Lisboa - Atelier do Caractere\",\"isPartOf\":{\"@id\":\"https:\/\/www.atelierdocaractere.pt\/brevemente\/#website\"},\"datePublished\":\"2025-06-16T15:55:22+00:00\",\"dateModified\":\"2025-06-18T15:58:05+00:00\",\"author\":{\"@id\":\"https:\/\/www.atelierdocaractere.pt\/brevemente\/#\/schema\/person\/f2f096eb0f27d9894725af22cb97c0db\"},\"breadcrumb\":{\"@id\":\"https:\/\/www.atelierdocaractere.pt\/brevemente\/vinhos-naldeia-o-melhor-de-20-produtores-numa-viagem-ao-coracao-dos-vinhos-de-lisboa\/#breadcrumb\"},\"inLanguage\":\"pt-PT\",\"potentialAction\":[{\"@type\":\"ReadAction\",\"target\":[\"https:\/\/www.atelierdocaractere.pt\/brevemente\/vinhos-naldeia-o-melhor-de-20-produtores-numa-viagem-ao-coracao-dos-vinhos-de-lisboa\/\"]}]},{\"@type\":\"BreadcrumbList\",\"@id\":\"https:\/\/www.atelierdocaractere.pt\/brevemente\/vinhos-naldeia-o-melhor-de-20-produtores-numa-viagem-ao-coracao-dos-vinhos-de-lisboa\/#breadcrumb\",\"itemListElement\":[{\"@type\":\"ListItem\",\"position\":1,\"name\":\"In\u00edcio\",\"item\":\"https:\/\/www.atelierdocaractere.pt\/brevemente\/\"},{\"@type\":\"ListItem\",\"position\":2,\"name\":\"Vinhos\u00a0N\u2019Aldeia:\u00a0o\u00a0melhor\u00a0de\u00a020\u00a0produtores numa viagem ao cora\u00e7\u00e3o dos Vinhos de Lisboa\"}]},{\"@type\":\"WebSite\",\"@id\":\"https:\/\/www.atelierdocaractere.pt\/brevemente\/#website\",\"url\":\"https:\/\/www.atelierdocaractere.pt\/brevemente\/\",\"name\":\"Atelier do Caractere\",\"description\":\"\",\"potentialAction\":[{\"@type\":\"SearchAction\",\"target\":{\"@type\":\"EntryPoint\",\"urlTemplate\":\"https:\/\/www.atelierdocaractere.pt\/brevemente\/?s={search_term_string}\"},\"query-input\":\"required name=search_term_string\"}],\"inLanguage\":\"pt-PT\"},{\"@type\":\"Person\",\"@id\":\"https:\/\/www.atelierdocaractere.pt\/brevemente\/#\/schema\/person\/f2f096eb0f27d9894725af22cb97c0db\",\"name\":\"Joana Barbosa\",\"image\":{\"@type\":\"ImageObject\",\"inLanguage\":\"pt-PT\",\"@id\":\"https:\/\/www.atelierdocaractere.pt\/brevemente\/#\/schema\/person\/image\/\",\"url\":\"https:\/\/secure.gravatar.com\/avatar\/33e8214b45e9d68a3a83008731075979?s=96&d=mm&r=g\",\"contentUrl\":\"https:\/\/secure.gravatar.com\/avatar\/33e8214b45e9d68a3a83008731075979?s=96&d=mm&r=g\",\"caption\":\"Joana Barbosa\"},\"url\":\"https:\/\/www.atelierdocaractere.pt\/brevemente\/author\/joanabarbosa\/\"}]}<\/script>\n<!-- \/ Yoast SEO plugin. -->","yoast_head_json":{"title":"Vinhos\u00a0N\u2019Aldeia:\u00a0o\u00a0melhor\u00a0de\u00a020\u00a0produtores numa viagem ao cora\u00e7\u00e3o dos Vinhos de Lisboa - Atelier do Caractere","robots":{"index":"index","follow":"follow","max-snippet":"max-snippet:-1","max-image-preview":"max-image-preview:large","max-video-preview":"max-video-preview:-1"},"canonical":"https:\/\/www.atelierdocaractere.pt\/brevemente\/vinhos-naldeia-o-melhor-de-20-produtores-numa-viagem-ao-coracao-dos-vinhos-de-lisboa\/","og_locale":"pt_PT","og_type":"article","og_title":"Vinhos\u00a0N\u2019Aldeia:\u00a0o\u00a0melhor\u00a0de\u00a020\u00a0produtores numa viagem ao cora\u00e7\u00e3o dos Vinhos de Lisboa - Atelier do Caractere","og_description":"A um passo da Capital, a pitoresca Aldeia Galega da Merceana recebe a terceira edi\u00e7\u00e3o do festival que partilha os...","og_url":"https:\/\/www.atelierdocaractere.pt\/brevemente\/vinhos-naldeia-o-melhor-de-20-produtores-numa-viagem-ao-coracao-dos-vinhos-de-lisboa\/","og_site_name":"Atelier do Caractere","article_publisher":"https:\/\/www.facebook.com\/AtelierdoCaractere","article_published_time":"2025-06-16T15:55:22+00:00","article_modified_time":"2025-06-18T15:58:05+00:00","og_image":[{"width":1920,"height":578,"url":"https:\/\/www.atelierdocaractere.pt\/wp-content\/uploads\/2025\/06\/thumbnail-screenshot-2025-06-14-at-180249.png","type":"image\/png"}],"author":"Joana Barbosa","twitter_card":"summary_large_image","twitter_misc":{"Escrito por":"Joana Barbosa","Tempo estimado de leitura":"4 minutos"},"schema":{"@context":"https:\/\/schema.org","@graph":[{"@type":"WebPage","@id":"https:\/\/www.atelierdocaractere.pt\/brevemente\/vinhos-naldeia-o-melhor-de-20-produtores-numa-viagem-ao-coracao-dos-vinhos-de-lisboa\/","url":"https:\/\/www.atelierdocaractere.pt\/brevemente\/vinhos-naldeia-o-melhor-de-20-produtores-numa-viagem-ao-coracao-dos-vinhos-de-lisboa\/","name":"Vinhos\u00a0N\u2019Aldeia:\u00a0o\u00a0melhor\u00a0de\u00a020\u00a0produtores numa viagem ao cora\u00e7\u00e3o dos Vinhos de Lisboa - Atelier do Caractere","isPartOf":{"@id":"https:\/\/www.atelierdocaractere.pt\/brevemente\/#website"},"datePublished":"2025-06-16T15:55:22+00:00","dateModified":"2025-06-18T15:58:05+00:00","author":{"@id":"https:\/\/www.atelierdocaractere.pt\/brevemente\/#\/schema\/person\/f2f096eb0f27d9894725af22cb97c0db"},"breadcrumb":{"@id":"https:\/\/www.atelierdocaractere.pt\/brevemente\/vinhos-naldeia-o-melhor-de-20-produtores-numa-viagem-ao-coracao-dos-vinhos-de-lisboa\/#breadcrumb"},"inLanguage":"pt-PT","potentialAction":[{"@type":"ReadAction","target":["https:\/\/www.atelierdocaractere.pt\/brevemente\/vinhos-naldeia-o-melhor-de-20-produtores-numa-viagem-ao-coracao-dos-vinhos-de-lisboa\/"]}]},{"@type":"BreadcrumbList","@id":"https:\/\/www.atelierdocaractere.pt\/brevemente\/vinhos-naldeia-o-melhor-de-20-produtores-numa-viagem-ao-coracao-dos-vinhos-de-lisboa\/#breadcrumb","itemListElement":[{"@type":"ListItem","position":1,"name":"In\u00edcio","item":"https:\/\/www.atelierdocaractere.pt\/brevemente\/"},{"@type":"ListItem","position":2,"name":"Vinhos\u00a0N\u2019Aldeia:\u00a0o\u00a0melhor\u00a0de\u00a020\u00a0produtores numa viagem ao cora\u00e7\u00e3o dos Vinhos de Lisboa"}]},{"@type":"WebSite","@id":"https:\/\/www.atelierdocaractere.pt\/brevemente\/#website","url":"https:\/\/www.atelierdocaractere.pt\/brevemente\/","name":"Atelier do Caractere","description":"","potentialAction":[{"@type":"SearchAction","target":{"@type":"EntryPoint","urlTemplate":"https:\/\/www.atelierdocaractere.pt\/brevemente\/?s={search_term_string}"},"query-input":"required name=search_term_string"}],"inLanguage":"pt-PT"},{"@type":"Person","@id":"https:\/\/www.atelierdocaractere.pt\/brevemente\/#\/schema\/person\/f2f096eb0f27d9894725af22cb97c0db","name":"Joana Barbosa","image":{"@type":"ImageObject","inLanguage":"pt-PT","@id":"https:\/\/www.atelierdocaractere.pt\/brevemente\/#\/schema\/person\/image\/","url":"https:\/\/secure.gravatar.com\/avatar\/33e8214b45e9d68a3a83008731075979?s=96&d=mm&r=g","contentUrl":"https:\/\/secure.gravatar.com\/avatar\/33e8214b45e9d68a3a83008731075979?s=96&d=mm&r=g","caption":"Joana Barbosa"},"url":"https:\/\/www.atelierdocaractere.pt\/brevemente\/author\/joanabarbosa\/"}]}},"_links":{"self":[{"href":"https:\/\/www.atelierdocaractere.pt\/brevemente\/wp-json\/wp\/v2\/posts\/13839"}],"collection":[{"href":"https:\/\/www.atelierdocaractere.pt\/brevemente\/wp-json\/wp\/v2\/posts"}],"about":[{"href":"https:\/\/www.atelierdocaractere.pt\/brevemente\/wp-json\/wp\/v2\/types\/post"}],"author":[{"embeddable":true,"href":"https:\/\/www.atelierdocaractere.pt\/brevemente\/wp-json\/wp\/v2\/users\/7"}],"replies":[{"embeddable":true,"href":"https:\/\/www.atelierdocaractere.pt\/brevemente\/wp-json\/wp\/v2\/comments?post=13839"}],"version-history":[{"count":1,"href":"https:\/\/www.atelierdocaractere.pt\/brevemente\/wp-json\/wp\/v2\/posts\/13839\/revisions"}],"predecessor-version":[{"id":13841,"href":"https:\/\/www.atelierdocaractere.pt\/brevemente\/wp-json\/wp\/v2\/posts\/13839\/revisions\/13841"}],"wp:featuredmedia":[{"embeddable":true,"href":"https:\/\/www.atelierdocaractere.pt\/brevemente\/wp-json\/wp\/v2\/media\/13840"}],"wp:attachment":[{"href":"https:\/\/www.atelierdocaractere.pt\/brevemente\/wp-json\/wp\/v2\/media?parent=13839"}],"wp:term":[{"taxonomy":"category","embeddable":true,"href":"https:\/\/www.atelierdocaractere.pt\/brevemente\/wp-json\/wp\/v2\/categories?post=13839"},{"taxonomy":"post_tag","embeddable":true,"href":"https:\/\/www.atelierdocaractere.pt\/brevemente\/wp-json\/wp\/v2\/tags?post=13839"}],"curies":[{"name":"wp","href":"https:\/\/api.w.org\/{rel}","templated":true}]}}