{"id":13849,"date":"2025-06-26T13:07:08","date_gmt":"2025-06-26T13:07:08","guid":{"rendered":"https:\/\/www.atelierdocaractere.pt\/brevemente\/?p=13849"},"modified":"2025-06-30T15:17:09","modified_gmt":"2025-06-30T15:17:09","slug":"viseu-dao-lafoes-lanca-a-maior-operacao-de-mobilidade-publica-de-sempre-na-regiao","status":"publish","type":"post","link":"https:\/\/www.atelierdocaractere.pt\/brevemente\/viseu-dao-lafoes-lanca-a-maior-operacao-de-mobilidade-publica-de-sempre-na-regiao\/","title":{"rendered":"Viseu D\u00e3o Laf\u00f5es lan\u00e7a a maior opera\u00e7\u00e3o de mobilidade p\u00fablica de sempre na regi\u00e3o"},"content":{"rendered":"\n<ul>\n<li>Nova rede MobiViseuD\u00e3oLaf\u00f5es entra em funcionamento a 1 de julho, com 167 linhas, cerca de 140 autocarros mais confort\u00e1veis, pre\u00e7os acess\u00edveis e cobertura de todos os 14 munic\u00edpios. \u201cEste \u00e9 um dos maiores projetos de coes\u00e3o territorial lan\u00e7ados na regi\u00e3o\u201d, afirma Fernando Ruas.&nbsp;<br>&nbsp;<\/li>\n\n\n\n<li>Sistema vai criar duas linhas urbanas, em Mangualde e em Tondela.<\/li>\n<\/ul>\n\n\n\n<p>A&nbsp;<strong>Comunidade Intermunicipal (CIM) Viseu D\u00e3o Laf\u00f5es<\/strong>&nbsp;apresentou hoje, em Castro Daire, a nova rede de transportes p\u00fablicos intermunicipais da regi\u00e3o. Com arranque marcado para 1 de julho, o&nbsp;<strong>MobiViseuD\u00e3oLaf\u00f5es<\/strong>&nbsp;abrange os 14 munic\u00edpios do territ\u00f3rio e representa&nbsp;<strong>a maior opera\u00e7\u00e3o de mobilidade p\u00fablica alguma vez implementada na regi\u00e3o<\/strong>, integrando cerca de 140 autocarros, pre\u00e7os muito acess\u00edveis e uma aposta clara na moderniza\u00e7\u00e3o e conforto.<br><br>Com esta opera\u00e7\u00e3o, a CIM Viseu D\u00e3o Laf\u00f5es refor\u00e7a o seu papel enquanto autoridade de transportes regional, assumindo a gest\u00e3o integrada de todo o servi\u00e7o p\u00fablico de transporte de passageiros no territ\u00f3rio, atrav\u00e9s de um \u00fanico operador, em todas as linhas municipais (\u00e0 exce\u00e7\u00e3o da cidade de Viseu), intermunicipais e inter-regionais.<br><br>A nova rede resulta de um concurso p\u00fablico internacional lan\u00e7ado pela CIM em 2023. A proposta vencedora foi apresentada pela Transdev, com um valor contratual de 43 milh\u00f5es de euros para cinco anos.<\/p>\n\n\n\n<p><strong>Mais conforto, mais mobilidade, mais inova\u00e7\u00e3o<\/strong><br><br>A nova frota de autocarros, com uma m\u00e9dia de idade inferior \u00e0 atual, est\u00e1 equipada com&nbsp;<strong>WiFi gratuito, ar condicionado e bilh\u00e9tica&nbsp;<em>contactless<\/em><\/strong>, o que garante uma experi\u00eancia a bordo mais confort\u00e1vel e funcional e representa um salto qualitativo para quem utiliza o transporte p\u00fablico.<\/p>\n\n\n\n<p>Todos os ve\u00edculos apresentam&nbsp;<strong>uma imagem visual comum<\/strong>, de forma a refor\u00e7ar a identidade da rede e a perce\u00e7\u00e3o de um servi\u00e7o p\u00fablico coeso e transversal a todo o territ\u00f3rio.<br><br><strong>O sistema tarif\u00e1rio \u00e9 simples e acess\u00edvel:<\/strong>&nbsp;o passe mensal custa apenas 20 euros, v\u00e1lido para toda a rede intermunicipal, enquanto o bilhete simples tem o valor fixo de 1,50\u20ac.&nbsp;<br><br>De destacar ainda a cria\u00e7\u00e3o de&nbsp;<strong>duas novas linhas urbanas, uma em Mangualde outra em Tondela<\/strong>. Estas linhas v\u00e3o ligar as zonas urbanas mais movimentadas destes munic\u00edpios, como zonas industriais e comerciais, servi\u00e7os de sa\u00fade e centros de transportes, assegurando a conex\u00e3o com outras linhas da rede ou com a Rede Expressos. Nestes casos, os passes urbanos t\u00eam o valor de 12,5\u20ac e os bilhetes simples custam apenas 0,50\u20ac.<br><br>A rede passa a contar com postos de venda em todos os munic\u00edpios e a possibilidade de carregamento de passes via multibanco \u2013 duas importantes inova\u00e7\u00f5es face ao modelo anterior.<\/p>\n\n\n\n<p><strong>Tecnologia ao servi\u00e7o do utilizador<\/strong><br><br>O sistema&nbsp;<strong>MobiViseuD\u00e3oLaf\u00f5es<\/strong>&nbsp;ser\u00e1 acompanhado por um novo website (j\u00e1 online em&nbsp;<a href=\"https:\/\/mixlife.us21.list-manage.com\/track\/click?u=6fa784dd5dedbb105dedc3702&amp;id=50f194f672&amp;e=eab9b5d8c1\">https:\/\/mobiviseudaolafoes.pt<\/a>) e uma&nbsp;<strong>aplica\u00e7\u00e3o m\u00f3vel<\/strong>, que disponibilizam&nbsp;<strong>informa\u00e7\u00e3o em tempo real sobre hor\u00e1rios, percursos e localiza\u00e7\u00e3o dos autocarros<\/strong>. &nbsp;<br><br>Pela primeira vez, a regi\u00e3o vai dispor de dados ao segundo sobre a utiliza\u00e7\u00e3o da rede, essenciais para uma gest\u00e3o mais eficaz e transparente. Esta evolu\u00e7\u00e3o \u00e9 poss\u00edvel porque os autocarros disp\u00f5em de um sistema de GPS integrado, que permite a conex\u00e3o com as plataformas digitais.<\/p>\n\n\n\n<p>Uma linha de apoio ao cliente est\u00e1 dispon\u00edvel todos os dias \u00fateis, das 9h \u00e0s 17h, atrav\u00e9s do n\u00famero 232 811 175.<\/p>\n\n\n\n<p><strong>Rede estruturante e complementar<\/strong><br><br>A rede, em toda a sua extens\u00e3o, totaliza&nbsp;<strong>167 linhas e 4400 paragens<\/strong>. Durante o per\u00edodo escolar, quando a procura \u00e9 mais elevada, a frota estar\u00e1 a circular em pleno, com cerca de&nbsp;<strong>140 autocarros<\/strong>. J\u00e1 nas f\u00e9rias escolares, a opera\u00e7\u00e3o ajusta-se a&nbsp;<strong>65 ve\u00edculos<\/strong>, garantindo uma resposta adequada \u00e0 procura e uma gest\u00e3o eficiente dos recursos. Como o arranque ocorre fora do per\u00edodo letivo, a opera\u00e7\u00e3o ser\u00e1 iniciada com esta configura\u00e7\u00e3o adaptada.<br><br>Recorde-se que este novo sistema \u00e9 complementar a outra solu\u00e7\u00e3o de mobilidade j\u00e1 implementada pela CIM Viseu D\u00e3o Laf\u00f5es no territ\u00f3rio: o Sistema de Transporte Flex\u00edvel a Pedido \u201c<strong>Ir e Vir<\/strong>\u201d.<br><br>Em conjunto, estes servi\u00e7os constituem uma&nbsp;<strong>oferta integrada de mobilidade p\u00fablica acess\u00edvel, moderna e sustent\u00e1vel<\/strong>, geridos pela Comunidade Intermunicipal e que est\u00e3o ao servi\u00e7o de todo o territ\u00f3rio.<\/p>\n\n\n\n<p><strong>Apresenta\u00e7\u00e3o juntou respons\u00e1veis regionais<\/strong><br><br>A apresenta\u00e7\u00e3o do sistema, realizada, nesta quinta-feira dia 26 de julho, no&nbsp;<strong>Parque do Calv\u00e1rio<\/strong>, em&nbsp;<strong>Castro Daire<\/strong>, reuniu os principais respons\u00e1veis da CIM Viseu D\u00e3o Laf\u00f5es, autarcas dos 14 munic\u00edpios, representantes da Transdev e diversas entidades da regi\u00e3o, como a presidente da CCDRC, num momento simb\u00f3lico que assinalou o arranque da nova era da mobilidade p\u00fablica em Viseu D\u00e3o Laf\u00f5es.<\/p>\n\n\n\n<p><strong>Declara\u00e7\u00f5es:<\/strong><\/p>\n\n\n\n<p><strong>Fernando Ruas, Presidente da CIM Viseu D\u00e3o Laf\u00f5es<\/strong>:&nbsp;<em>\u201cO MobiViseuD\u00e3oLaf\u00f5es representa uma mudan\u00e7a de paradigma. Mais do que autocarros recentes, confort\u00e1veis, estamos a falar de um modelo de mobilidade integrado, mais justo e mais pr\u00f3ximo das necessidades reais da popula\u00e7\u00e3o. Queremos que usar transporte p\u00fablico nos 14 munic\u00edpios seja f\u00e1cil, confort\u00e1vel e vantajoso para todos\u201d<\/em>.<br><br><strong>Nuno Martinho, Secret\u00e1rio Executivo da CIM Viseu D\u00e3o Laf\u00f5es<\/strong>:&nbsp;<em>\u201cEste \u00e9 um marco na hist\u00f3ria da mobilidade de Viseu D\u00e3o Laf\u00f5es. Pela primeira vez, temos um sistema verdadeiramente intermunicipal, pensado \u00e0 escala de todo o territ\u00f3rio e com os cidad\u00e3os no centro das pol\u00edticas p\u00fablicas. \u00c9 um dos maiores projetos de coes\u00e3o territorial lan\u00e7ados na regi\u00e3o e um investimento ambicioso em mais e melhor mobilidade e na qualidade de vida dos nossos mun\u00edcipes e que se vem associar ao servi\u00e7o de transporte flex\u00edvel \u201cIr e Vir\u201d, garantindo-se desta forma uma grande oferta de servi\u00e7o p\u00fablico de transporte de passageiros em todo o territ\u00f3rio\u201d.<\/em><br><br><strong>Paulo Almeida, Presidente da C\u00e2mara Municipal de Castro Daire<\/strong>:&nbsp;<em>\u201cHoje \u00e9 um dia muito importante para a nossa regi\u00e3o. A mobilidade \u00e9 uma \u00e1rea complexa. At\u00e9 h\u00e1 alguns anos, cada munic\u00edpio tinha uma estrat\u00e9gia individualizada na mobilidade; transpor estas compet\u00eancias para a CIM revelou ser uma decis\u00e3o acertada, que culmina hoje neste momento t\u00e3o importante. Quem sai mais bem servido deste processo s\u00e3o os nossos cidad\u00e3os\u201d.<\/em><br><br><strong>Isabel Damasceno, Presidente da CCDR Centro (Comiss\u00e3o de Coordena\u00e7\u00e3o e Desenvolvimento Regional do Centro)<\/strong>:&nbsp;<em>\u201cSou uma adepta incondicional do papel das CIMs no territ\u00f3rio, pelo seu pensamento estrat\u00e9gico e por conseguirem implementar projetos que t\u00eam muito mais efic\u00e1cia se forem partilhados por v\u00e1rios munic\u00edpios. Viseu D\u00e3o Laf\u00f5es \u00e9 um exemplo paradigm\u00e1tico dentro da nossa regi\u00e3o, evidenciado at\u00e9 em outros territ\u00f3rios. Os projetos hoje aqui apresentados fazem parte de uma estrat\u00e9gia maior para o territ\u00f3rio, pelo que a CIM Viseu D\u00e3o Laf\u00f5es est\u00e1 de parab\u00e9ns\u201d.<\/em><br><br><strong>Jos\u00e9 Portelada, Administrador e Diretor Nacional de Opera\u00e7\u00f5es da Transdev<\/strong>:&nbsp;<em>\u201cO alargamento da oferta de transportes p\u00fablicos \u00e9 uma das principais formas de responder aos desafios de coes\u00e3o e desenvolvimento dos territ\u00f3rios, bem como uma das principais formas de responder ao imperativo da mobilidade sustent\u00e1vel, pelo que \u00e9 com muito agrado que vemos a autoridade de transportes da CIM Viseu D\u00e3o Laf\u00f5es a apostar nesta opera\u00e7\u00e3o que traz \u00e0s pessoas da regi\u00e3o mais vantagens, mais comodidade e mais liberdade em mat\u00e9ria de mobilidade\u201d<\/em>.<\/p>\n\n\n\n<p><strong>Sobre a CIM Viseu D\u00e3o Laf\u00f5es:<\/strong><br>A CIM Viseu D\u00e3o Laf\u00f5es \u00e9 uma associa\u00e7\u00e3o de munic\u00edpios, denominada como Comunidade Intermunicipal, sendo constitu\u00edda pelos munic\u00edpios de&nbsp;Aguiar da Beira, Carregal do Sal, Castro Daire, Mangualde, Nelas, Oliveira de Frades, Penalva do Castelo, Santa Comba D\u00e3o, S\u00e3o Pedro do Sul, S\u00e1t\u00e3o, Tondela, Vila Nova de Paiva, Viseu e Vouzela.<\/p>\n","protected":false},"excerpt":{"rendered":"<p>A&nbsp;Comunidade Intermunicipal (CIM) Viseu D\u00e3o Laf\u00f5es&nbsp;apresentou hoje, em Castro Daire, a nova rede de transportes p\u00fablicos intermunicipais da regi\u00e3o. Com&#8230;<\/p>\n","protected":false},"author":7,"featured_media":13861,"comment_status":"closed","ping_status":"open","sticky":false,"template":"","format":"standard","meta":[],"categories":[33],"tags":[448,561,975,636],"yoast_head":"<!-- This site is optimized with the Yoast SEO plugin v20.12 - https:\/\/yoast.com\/wordpress\/plugins\/seo\/ -->\n<title>Viseu D\u00e3o Laf\u00f5es lan\u00e7a a maior opera\u00e7\u00e3o de mobilidade p\u00fablica de sempre na regi\u00e3o - Atelier do Caractere<\/title>\n<meta name=\"robots\" content=\"index, follow, max-snippet:-1, max-image-preview:large, max-video-preview:-1\" \/>\n<link rel=\"canonical\" href=\"https:\/\/www.atelierdocaractere.pt\/brevemente\/viseu-dao-lafoes-lanca-a-maior-operacao-de-mobilidade-publica-de-sempre-na-regiao\/\" \/>\n<meta property=\"og:locale\" content=\"pt_PT\" \/>\n<meta property=\"og:type\" content=\"article\" \/>\n<meta property=\"og:title\" content=\"Viseu D\u00e3o Laf\u00f5es lan\u00e7a a maior opera\u00e7\u00e3o de mobilidade p\u00fablica de sempre na regi\u00e3o - Atelier do Caractere\" \/>\n<meta property=\"og:description\" content=\"A&nbsp;Comunidade Intermunicipal (CIM) Viseu D\u00e3o Laf\u00f5es&nbsp;apresentou hoje, em Castro Daire, a nova rede de transportes p\u00fablicos intermunicipais da regi\u00e3o. Com...\" \/>\n<meta property=\"og:url\" content=\"https:\/\/www.atelierdocaractere.pt\/brevemente\/viseu-dao-lafoes-lanca-a-maior-operacao-de-mobilidade-publica-de-sempre-na-regiao\/\" \/>\n<meta property=\"og:site_name\" content=\"Atelier do Caractere\" \/>\n<meta property=\"article:publisher\" content=\"https:\/\/www.facebook.com\/AtelierdoCaractere\" \/>\n<meta property=\"article:published_time\" content=\"2025-06-26T13:07:08+00:00\" \/>\n<meta property=\"article:modified_time\" content=\"2025-06-30T15:17:09+00:00\" \/>\n<meta property=\"og:image\" content=\"https:\/\/www.atelierdocaractere.pt\/wp-content\/uploads\/2025\/06\/3e465bf4-1e2d-a8e9-bf7b-a9cb597276e4-1.jpg\" \/>\n\t<meta property=\"og:image:width\" content=\"1200\" \/>\n\t<meta property=\"og:image:height\" content=\"900\" \/>\n\t<meta property=\"og:image:type\" content=\"image\/jpeg\" \/>\n<meta name=\"author\" content=\"Joana Barbosa\" \/>\n<meta name=\"twitter:card\" content=\"summary_large_image\" \/>\n<meta name=\"twitter:label1\" content=\"Escrito por\" \/>\n\t<meta name=\"twitter:data1\" content=\"Joana Barbosa\" \/>\n\t<meta name=\"twitter:label2\" content=\"Tempo estimado de leitura\" \/>\n\t<meta name=\"twitter:data2\" content=\"7 minutos\" \/>\n<script type=\"application\/ld+json\" class=\"yoast-schema-graph\">{\"@context\":\"https:\/\/schema.org\",\"@graph\":[{\"@type\":\"WebPage\",\"@id\":\"https:\/\/www.atelierdocaractere.pt\/brevemente\/viseu-dao-lafoes-lanca-a-maior-operacao-de-mobilidade-publica-de-sempre-na-regiao\/\",\"url\":\"https:\/\/www.atelierdocaractere.pt\/brevemente\/viseu-dao-lafoes-lanca-a-maior-operacao-de-mobilidade-publica-de-sempre-na-regiao\/\",\"name\":\"Viseu D\u00e3o Laf\u00f5es lan\u00e7a a maior opera\u00e7\u00e3o de mobilidade p\u00fablica de sempre na regi\u00e3o - Atelier do Caractere\",\"isPartOf\":{\"@id\":\"https:\/\/www.atelierdocaractere.pt\/brevemente\/#website\"},\"datePublished\":\"2025-06-26T13:07:08+00:00\",\"dateModified\":\"2025-06-30T15:17:09+00:00\",\"author\":{\"@id\":\"https:\/\/www.atelierdocaractere.pt\/brevemente\/#\/schema\/person\/f2f096eb0f27d9894725af22cb97c0db\"},\"breadcrumb\":{\"@id\":\"https:\/\/www.atelierdocaractere.pt\/brevemente\/viseu-dao-lafoes-lanca-a-maior-operacao-de-mobilidade-publica-de-sempre-na-regiao\/#breadcrumb\"},\"inLanguage\":\"pt-PT\",\"potentialAction\":[{\"@type\":\"ReadAction\",\"target\":[\"https:\/\/www.atelierdocaractere.pt\/brevemente\/viseu-dao-lafoes-lanca-a-maior-operacao-de-mobilidade-publica-de-sempre-na-regiao\/\"]}]},{\"@type\":\"BreadcrumbList\",\"@id\":\"https:\/\/www.atelierdocaractere.pt\/brevemente\/viseu-dao-lafoes-lanca-a-maior-operacao-de-mobilidade-publica-de-sempre-na-regiao\/#breadcrumb\",\"itemListElement\":[{\"@type\":\"ListItem\",\"position\":1,\"name\":\"In\u00edcio\",\"item\":\"https:\/\/www.atelierdocaractere.pt\/brevemente\/\"},{\"@type\":\"ListItem\",\"position\":2,\"name\":\"Viseu D\u00e3o Laf\u00f5es lan\u00e7a a maior opera\u00e7\u00e3o de mobilidade p\u00fablica de sempre na regi\u00e3o\"}]},{\"@type\":\"WebSite\",\"@id\":\"https:\/\/www.atelierdocaractere.pt\/brevemente\/#website\",\"url\":\"https:\/\/www.atelierdocaractere.pt\/brevemente\/\",\"name\":\"Atelier do Caractere\",\"description\":\"\",\"potentialAction\":[{\"@type\":\"SearchAction\",\"target\":{\"@type\":\"EntryPoint\",\"urlTemplate\":\"https:\/\/www.atelierdocaractere.pt\/brevemente\/?s={search_term_string}\"},\"query-input\":\"required name=search_term_string\"}],\"inLanguage\":\"pt-PT\"},{\"@type\":\"Person\",\"@id\":\"https:\/\/www.atelierdocaractere.pt\/brevemente\/#\/schema\/person\/f2f096eb0f27d9894725af22cb97c0db\",\"name\":\"Joana Barbosa\",\"image\":{\"@type\":\"ImageObject\",\"inLanguage\":\"pt-PT\",\"@id\":\"https:\/\/www.atelierdocaractere.pt\/brevemente\/#\/schema\/person\/image\/\",\"url\":\"https:\/\/secure.gravatar.com\/avatar\/33e8214b45e9d68a3a83008731075979?s=96&d=mm&r=g\",\"contentUrl\":\"https:\/\/secure.gravatar.com\/avatar\/33e8214b45e9d68a3a83008731075979?s=96&d=mm&r=g\",\"caption\":\"Joana Barbosa\"},\"url\":\"https:\/\/www.atelierdocaractere.pt\/brevemente\/author\/joanabarbosa\/\"}]}<\/script>\n<!-- \/ Yoast SEO plugin. -->","yoast_head_json":{"title":"Viseu D\u00e3o Laf\u00f5es lan\u00e7a a maior opera\u00e7\u00e3o de mobilidade p\u00fablica de sempre na regi\u00e3o - Atelier do Caractere","robots":{"index":"index","follow":"follow","max-snippet":"max-snippet:-1","max-image-preview":"max-image-preview:large","max-video-preview":"max-video-preview:-1"},"canonical":"https:\/\/www.atelierdocaractere.pt\/brevemente\/viseu-dao-lafoes-lanca-a-maior-operacao-de-mobilidade-publica-de-sempre-na-regiao\/","og_locale":"pt_PT","og_type":"article","og_title":"Viseu D\u00e3o Laf\u00f5es lan\u00e7a a maior opera\u00e7\u00e3o de mobilidade p\u00fablica de sempre na regi\u00e3o - Atelier do Caractere","og_description":"A&nbsp;Comunidade Intermunicipal (CIM) Viseu D\u00e3o Laf\u00f5es&nbsp;apresentou hoje, em Castro Daire, a nova rede de transportes p\u00fablicos intermunicipais da regi\u00e3o. Com...","og_url":"https:\/\/www.atelierdocaractere.pt\/brevemente\/viseu-dao-lafoes-lanca-a-maior-operacao-de-mobilidade-publica-de-sempre-na-regiao\/","og_site_name":"Atelier do Caractere","article_publisher":"https:\/\/www.facebook.com\/AtelierdoCaractere","article_published_time":"2025-06-26T13:07:08+00:00","article_modified_time":"2025-06-30T15:17:09+00:00","og_image":[{"width":1200,"height":900,"url":"https:\/\/www.atelierdocaractere.pt\/wp-content\/uploads\/2025\/06\/3e465bf4-1e2d-a8e9-bf7b-a9cb597276e4-1.jpg","type":"image\/jpeg"}],"author":"Joana Barbosa","twitter_card":"summary_large_image","twitter_misc":{"Escrito por":"Joana Barbosa","Tempo estimado de leitura":"7 minutos"},"schema":{"@context":"https:\/\/schema.org","@graph":[{"@type":"WebPage","@id":"https:\/\/www.atelierdocaractere.pt\/brevemente\/viseu-dao-lafoes-lanca-a-maior-operacao-de-mobilidade-publica-de-sempre-na-regiao\/","url":"https:\/\/www.atelierdocaractere.pt\/brevemente\/viseu-dao-lafoes-lanca-a-maior-operacao-de-mobilidade-publica-de-sempre-na-regiao\/","name":"Viseu D\u00e3o Laf\u00f5es lan\u00e7a a maior opera\u00e7\u00e3o de mobilidade p\u00fablica de sempre na regi\u00e3o - Atelier do Caractere","isPartOf":{"@id":"https:\/\/www.atelierdocaractere.pt\/brevemente\/#website"},"datePublished":"2025-06-26T13:07:08+00:00","dateModified":"2025-06-30T15:17:09+00:00","author":{"@id":"https:\/\/www.atelierdocaractere.pt\/brevemente\/#\/schema\/person\/f2f096eb0f27d9894725af22cb97c0db"},"breadcrumb":{"@id":"https:\/\/www.atelierdocaractere.pt\/brevemente\/viseu-dao-lafoes-lanca-a-maior-operacao-de-mobilidade-publica-de-sempre-na-regiao\/#breadcrumb"},"inLanguage":"pt-PT","potentialAction":[{"@type":"ReadAction","target":["https:\/\/www.atelierdocaractere.pt\/brevemente\/viseu-dao-lafoes-lanca-a-maior-operacao-de-mobilidade-publica-de-sempre-na-regiao\/"]}]},{"@type":"BreadcrumbList","@id":"https:\/\/www.atelierdocaractere.pt\/brevemente\/viseu-dao-lafoes-lanca-a-maior-operacao-de-mobilidade-publica-de-sempre-na-regiao\/#breadcrumb","itemListElement":[{"@type":"ListItem","position":1,"name":"In\u00edcio","item":"https:\/\/www.atelierdocaractere.pt\/brevemente\/"},{"@type":"ListItem","position":2,"name":"Viseu D\u00e3o Laf\u00f5es lan\u00e7a a maior opera\u00e7\u00e3o de mobilidade p\u00fablica de sempre na regi\u00e3o"}]},{"@type":"WebSite","@id":"https:\/\/www.atelierdocaractere.pt\/brevemente\/#website","url":"https:\/\/www.atelierdocaractere.pt\/brevemente\/","name":"Atelier do Caractere","description":"","potentialAction":[{"@type":"SearchAction","target":{"@type":"EntryPoint","urlTemplate":"https:\/\/www.atelierdocaractere.pt\/brevemente\/?s={search_term_string}"},"query-input":"required name=search_term_string"}],"inLanguage":"pt-PT"},{"@type":"Person","@id":"https:\/\/www.atelierdocaractere.pt\/brevemente\/#\/schema\/person\/f2f096eb0f27d9894725af22cb97c0db","name":"Joana Barbosa","image":{"@type":"ImageObject","inLanguage":"pt-PT","@id":"https:\/\/www.atelierdocaractere.pt\/brevemente\/#\/schema\/person\/image\/","url":"https:\/\/secure.gravatar.com\/avatar\/33e8214b45e9d68a3a83008731075979?s=96&d=mm&r=g","contentUrl":"https:\/\/secure.gravatar.com\/avatar\/33e8214b45e9d68a3a83008731075979?s=96&d=mm&r=g","caption":"Joana Barbosa"},"url":"https:\/\/www.atelierdocaractere.pt\/brevemente\/author\/joanabarbosa\/"}]}},"_links":{"self":[{"href":"https:\/\/www.atelierdocaractere.pt\/brevemente\/wp-json\/wp\/v2\/posts\/13849"}],"collection":[{"href":"https:\/\/www.atelierdocaractere.pt\/brevemente\/wp-json\/wp\/v2\/posts"}],"about":[{"href":"https:\/\/www.atelierdocaractere.pt\/brevemente\/wp-json\/wp\/v2\/types\/post"}],"author":[{"embeddable":true,"href":"https:\/\/www.atelierdocaractere.pt\/brevemente\/wp-json\/wp\/v2\/users\/7"}],"replies":[{"embeddable":true,"href":"https:\/\/www.atelierdocaractere.pt\/brevemente\/wp-json\/wp\/v2\/comments?post=13849"}],"version-history":[{"count":2,"href":"https:\/\/www.atelierdocaractere.pt\/brevemente\/wp-json\/wp\/v2\/posts\/13849\/revisions"}],"predecessor-version":[{"id":13862,"href":"https:\/\/www.atelierdocaractere.pt\/brevemente\/wp-json\/wp\/v2\/posts\/13849\/revisions\/13862"}],"wp:featuredmedia":[{"embeddable":true,"href":"https:\/\/www.atelierdocaractere.pt\/brevemente\/wp-json\/wp\/v2\/media\/13861"}],"wp:attachment":[{"href":"https:\/\/www.atelierdocaractere.pt\/brevemente\/wp-json\/wp\/v2\/media?parent=13849"}],"wp:term":[{"taxonomy":"category","embeddable":true,"href":"https:\/\/www.atelierdocaractere.pt\/brevemente\/wp-json\/wp\/v2\/categories?post=13849"},{"taxonomy":"post_tag","embeddable":true,"href":"https:\/\/www.atelierdocaractere.pt\/brevemente\/wp-json\/wp\/v2\/tags?post=13849"}],"curies":[{"name":"wp","href":"https:\/\/api.w.org\/{rel}","templated":true}]}}