{"id":13851,"date":"2025-06-27T15:04:21","date_gmt":"2025-06-27T15:04:21","guid":{"rendered":"https:\/\/www.atelierdocaractere.pt\/brevemente\/?p=13851"},"modified":"2025-06-30T15:08:04","modified_gmt":"2025-06-30T15:08:04","slug":"tem-um-dacia-com-mais-de-3-anos-a-garantia-pode-estender-se-ate-7-anos-sem-pagar-mais-por-isso","status":"publish","type":"post","link":"https:\/\/www.atelierdocaractere.pt\/brevemente\/tem-um-dacia-com-mais-de-3-anos-a-garantia-pode-estender-se-ate-7-anos-sem-pagar-mais-por-isso\/","title":{"rendered":"Tem um Dacia com mais de 3 anos? A garantia pode estender-se at\u00e9 7 anos sem pagar mais por isso!"},"content":{"rendered":"\n<ul>\n<li><strong>Se \u00e9 propriet\u00e1rio de um Dacia com mais de tr\u00eas anos, a marca tem um produto que lhe oferece a tranquilidade que merece e a seguran\u00e7a que o seu autom\u00f3vel exige: o Dacia Zen<\/strong><strong>*.<\/strong><\/li>\n\n\n\n<li><strong>Em que \u00e9 que consiste? Simples! S\u00e3o at\u00e9 7 anos de garantia ou 150.000 km, sem custos adicionais, sem ades\u00f5es complicadas e sem surpresas.<\/strong><\/li>\n\n\n\n<li><strong>O que \u00e9 que precisa de fazer? Apenas tem de realizar a pr\u00f3xima manuten\u00e7\u00e3o do seu Dacia numa oficina da Rede de Concession\u00e1rios Dacia, e o resto\u2026 \u00e9 mais um ano de garantia e confian\u00e7a renovada!<\/strong><\/li>\n<\/ul>\n\n\n\n<p>\u00c9 verdade. Proteger e cuidar do seu Dacia pode ser t\u00e3o simples quanto conduzi-lo.&nbsp;<\/p>\n\n\n\n<p>A cada manuten\u00e7\u00e3o feita na Rede de Concession\u00e1rios Dacia, recebe automaticamente mais um ano de garantia ou 30.000 km \u2014 o que acontecer primeiro. E pode continuar assim, ano ap\u00f3s ano, at\u00e9 atingir o m\u00e1ximo de 7 anos de matr\u00edcula ou os 150.000 km percorridos.<\/p>\n\n\n\n<p>N\u00e3o precisa de aderir a nenhum plano e n\u00e3o paga nada a mais por este servi\u00e7o. Apenas seguir o plano de manuten\u00e7\u00e3o recomendado para o seu Dacia, nas oficinas Dacia.<\/p>\n\n\n\n<p>Mesmo que tenha j\u00e1 feito manuten\u00e7\u00f5es fora da Rede de Concession\u00e1rios Dacia, pode voltar \u2014 e ser (muito) bem-vindo como sempre! Porque o Dacia Zen foi pensado tamb\u00e9m para aqueles que, por qualquer raz\u00e3o, interromperam a manuten\u00e7\u00e3o nas oficinas da Rede de Concession\u00e1rios Dacia. Se cumpriram com o plano recomendado, podem regressar e beneficiar da garantia.<\/p>\n\n\n\n<p>Mais de 4.500 propriet\u00e1rios Dacia, em Portugal, j\u00e1 aderiram ao programa Dacia Zen e est\u00e3o a beneficiar de:<\/p>\n\n\n\n<ul>\n<li>Mais tranquilidade na utiliza\u00e7\u00e3o di\u00e1ria;<\/li>\n\n\n\n<li>Mais valor de revenda com a manuten\u00e7\u00e3o comprovada na marca;<\/li>\n\n\n\n<li>Uma garantia ativa que cobre componentes mec\u00e2nicos e el\u00e9tricos;<\/li>\n\n\n\n<li>A confian\u00e7a de estar em oficinas com t\u00e9cnicos que conhecem o seu Dacia como ningu\u00e9m.<\/li>\n<\/ul>\n\n\n\n<h4 class=\"wp-block-heading\">Mais que uma garantia, \u00e9 um gesto de reconhecimento.<\/h4>\n\n\n\n<p>A Dacia Zen n\u00e3o \u00e9 uma campanha promocional. \u00c9 um compromisso com quem escolheu a marca. \u00c9 a nossa forma de lhe dizer: valorizamos a sua escolha, confiamos no seu autom\u00f3vel e queremos continuar ao seu lado.<\/p>\n","protected":false},"excerpt":{"rendered":"<p>\u00c9 verdade. Proteger e cuidar do seu Dacia pode ser t\u00e3o simples quanto conduzi-lo.&nbsp; A cada manuten\u00e7\u00e3o feita na Rede&#8230;<\/p>\n","protected":false},"author":7,"featured_media":13852,"comment_status":"closed","ping_status":"open","sticky":false,"template":"","format":"standard","meta":[],"categories":[28],"tags":[161],"yoast_head":"<!-- This site is optimized with the Yoast SEO plugin v20.12 - https:\/\/yoast.com\/wordpress\/plugins\/seo\/ -->\n<title>Tem um Dacia com mais de 3 anos? A garantia pode estender-se at\u00e9 7 anos sem pagar mais por isso! - Atelier do Caractere<\/title>\n<meta name=\"robots\" content=\"index, follow, max-snippet:-1, max-image-preview:large, max-video-preview:-1\" \/>\n<link rel=\"canonical\" href=\"https:\/\/www.atelierdocaractere.pt\/brevemente\/tem-um-dacia-com-mais-de-3-anos-a-garantia-pode-estender-se-ate-7-anos-sem-pagar-mais-por-isso\/\" \/>\n<meta property=\"og:locale\" content=\"pt_PT\" \/>\n<meta property=\"og:type\" content=\"article\" \/>\n<meta property=\"og:title\" content=\"Tem um Dacia com mais de 3 anos? A garantia pode estender-se at\u00e9 7 anos sem pagar mais por isso! - Atelier do Caractere\" \/>\n<meta property=\"og:description\" content=\"\u00c9 verdade. Proteger e cuidar do seu Dacia pode ser t\u00e3o simples quanto conduzi-lo.&nbsp; A cada manuten\u00e7\u00e3o feita na Rede...\" \/>\n<meta property=\"og:url\" content=\"https:\/\/www.atelierdocaractere.pt\/brevemente\/tem-um-dacia-com-mais-de-3-anos-a-garantia-pode-estender-se-ate-7-anos-sem-pagar-mais-por-isso\/\" \/>\n<meta property=\"og:site_name\" content=\"Atelier do Caractere\" \/>\n<meta property=\"article:publisher\" content=\"https:\/\/www.facebook.com\/AtelierdoCaractere\" \/>\n<meta property=\"article:published_time\" content=\"2025-06-27T15:04:21+00:00\" \/>\n<meta property=\"article:modified_time\" content=\"2025-06-30T15:08:04+00:00\" \/>\n<meta property=\"og:image\" content=\"https:\/\/www.atelierdocaractere.pt\/wp-content\/uploads\/2025\/06\/12d700e3e4e4ccd5da001eca670b4e9e-l.jpg.webp\" \/>\n\t<meta property=\"og:image:width\" content=\"1200\" \/>\n\t<meta property=\"og:image:height\" content=\"627\" \/>\n\t<meta property=\"og:image:type\" content=\"image\/webp\" \/>\n<meta name=\"author\" content=\"Joana Barbosa\" \/>\n<meta name=\"twitter:card\" content=\"summary_large_image\" \/>\n<meta name=\"twitter:label1\" content=\"Escrito por\" \/>\n\t<meta name=\"twitter:data1\" content=\"Joana Barbosa\" \/>\n\t<meta name=\"twitter:label2\" content=\"Tempo estimado de leitura\" \/>\n\t<meta name=\"twitter:data2\" content=\"2 minutos\" \/>\n<script type=\"application\/ld+json\" class=\"yoast-schema-graph\">{\"@context\":\"https:\/\/schema.org\",\"@graph\":[{\"@type\":\"WebPage\",\"@id\":\"https:\/\/www.atelierdocaractere.pt\/brevemente\/tem-um-dacia-com-mais-de-3-anos-a-garantia-pode-estender-se-ate-7-anos-sem-pagar-mais-por-isso\/\",\"url\":\"https:\/\/www.atelierdocaractere.pt\/brevemente\/tem-um-dacia-com-mais-de-3-anos-a-garantia-pode-estender-se-ate-7-anos-sem-pagar-mais-por-isso\/\",\"name\":\"Tem um Dacia com mais de 3 anos? A garantia pode estender-se at\u00e9 7 anos sem pagar mais por isso! - Atelier do Caractere\",\"isPartOf\":{\"@id\":\"https:\/\/www.atelierdocaractere.pt\/brevemente\/#website\"},\"datePublished\":\"2025-06-27T15:04:21+00:00\",\"dateModified\":\"2025-06-30T15:08:04+00:00\",\"author\":{\"@id\":\"https:\/\/www.atelierdocaractere.pt\/brevemente\/#\/schema\/person\/f2f096eb0f27d9894725af22cb97c0db\"},\"breadcrumb\":{\"@id\":\"https:\/\/www.atelierdocaractere.pt\/brevemente\/tem-um-dacia-com-mais-de-3-anos-a-garantia-pode-estender-se-ate-7-anos-sem-pagar-mais-por-isso\/#breadcrumb\"},\"inLanguage\":\"pt-PT\",\"potentialAction\":[{\"@type\":\"ReadAction\",\"target\":[\"https:\/\/www.atelierdocaractere.pt\/brevemente\/tem-um-dacia-com-mais-de-3-anos-a-garantia-pode-estender-se-ate-7-anos-sem-pagar-mais-por-isso\/\"]}]},{\"@type\":\"BreadcrumbList\",\"@id\":\"https:\/\/www.atelierdocaractere.pt\/brevemente\/tem-um-dacia-com-mais-de-3-anos-a-garantia-pode-estender-se-ate-7-anos-sem-pagar-mais-por-isso\/#breadcrumb\",\"itemListElement\":[{\"@type\":\"ListItem\",\"position\":1,\"name\":\"In\u00edcio\",\"item\":\"https:\/\/www.atelierdocaractere.pt\/brevemente\/\"},{\"@type\":\"ListItem\",\"position\":2,\"name\":\"Tem um Dacia com mais de 3 anos? A garantia pode estender-se at\u00e9 7 anos sem pagar mais por isso!\"}]},{\"@type\":\"WebSite\",\"@id\":\"https:\/\/www.atelierdocaractere.pt\/brevemente\/#website\",\"url\":\"https:\/\/www.atelierdocaractere.pt\/brevemente\/\",\"name\":\"Atelier do Caractere\",\"description\":\"\",\"potentialAction\":[{\"@type\":\"SearchAction\",\"target\":{\"@type\":\"EntryPoint\",\"urlTemplate\":\"https:\/\/www.atelierdocaractere.pt\/brevemente\/?s={search_term_string}\"},\"query-input\":\"required name=search_term_string\"}],\"inLanguage\":\"pt-PT\"},{\"@type\":\"Person\",\"@id\":\"https:\/\/www.atelierdocaractere.pt\/brevemente\/#\/schema\/person\/f2f096eb0f27d9894725af22cb97c0db\",\"name\":\"Joana Barbosa\",\"image\":{\"@type\":\"ImageObject\",\"inLanguage\":\"pt-PT\",\"@id\":\"https:\/\/www.atelierdocaractere.pt\/brevemente\/#\/schema\/person\/image\/\",\"url\":\"https:\/\/secure.gravatar.com\/avatar\/33e8214b45e9d68a3a83008731075979?s=96&d=mm&r=g\",\"contentUrl\":\"https:\/\/secure.gravatar.com\/avatar\/33e8214b45e9d68a3a83008731075979?s=96&d=mm&r=g\",\"caption\":\"Joana Barbosa\"},\"url\":\"https:\/\/www.atelierdocaractere.pt\/brevemente\/author\/joanabarbosa\/\"}]}<\/script>\n<!-- \/ Yoast SEO plugin. -->","yoast_head_json":{"title":"Tem um Dacia com mais de 3 anos? A garantia pode estender-se at\u00e9 7 anos sem pagar mais por isso! - Atelier do Caractere","robots":{"index":"index","follow":"follow","max-snippet":"max-snippet:-1","max-image-preview":"max-image-preview:large","max-video-preview":"max-video-preview:-1"},"canonical":"https:\/\/www.atelierdocaractere.pt\/brevemente\/tem-um-dacia-com-mais-de-3-anos-a-garantia-pode-estender-se-ate-7-anos-sem-pagar-mais-por-isso\/","og_locale":"pt_PT","og_type":"article","og_title":"Tem um Dacia com mais de 3 anos? A garantia pode estender-se at\u00e9 7 anos sem pagar mais por isso! - Atelier do Caractere","og_description":"\u00c9 verdade. Proteger e cuidar do seu Dacia pode ser t\u00e3o simples quanto conduzi-lo.&nbsp; A cada manuten\u00e7\u00e3o feita na Rede...","og_url":"https:\/\/www.atelierdocaractere.pt\/brevemente\/tem-um-dacia-com-mais-de-3-anos-a-garantia-pode-estender-se-ate-7-anos-sem-pagar-mais-por-isso\/","og_site_name":"Atelier do Caractere","article_publisher":"https:\/\/www.facebook.com\/AtelierdoCaractere","article_published_time":"2025-06-27T15:04:21+00:00","article_modified_time":"2025-06-30T15:08:04+00:00","og_image":[{"width":1200,"height":627,"url":"https:\/\/www.atelierdocaractere.pt\/wp-content\/uploads\/2025\/06\/12d700e3e4e4ccd5da001eca670b4e9e-l.jpg.webp","type":"image\/webp"}],"author":"Joana Barbosa","twitter_card":"summary_large_image","twitter_misc":{"Escrito por":"Joana Barbosa","Tempo estimado de leitura":"2 minutos"},"schema":{"@context":"https:\/\/schema.org","@graph":[{"@type":"WebPage","@id":"https:\/\/www.atelierdocaractere.pt\/brevemente\/tem-um-dacia-com-mais-de-3-anos-a-garantia-pode-estender-se-ate-7-anos-sem-pagar-mais-por-isso\/","url":"https:\/\/www.atelierdocaractere.pt\/brevemente\/tem-um-dacia-com-mais-de-3-anos-a-garantia-pode-estender-se-ate-7-anos-sem-pagar-mais-por-isso\/","name":"Tem um Dacia com mais de 3 anos? A garantia pode estender-se at\u00e9 7 anos sem pagar mais por isso! - Atelier do Caractere","isPartOf":{"@id":"https:\/\/www.atelierdocaractere.pt\/brevemente\/#website"},"datePublished":"2025-06-27T15:04:21+00:00","dateModified":"2025-06-30T15:08:04+00:00","author":{"@id":"https:\/\/www.atelierdocaractere.pt\/brevemente\/#\/schema\/person\/f2f096eb0f27d9894725af22cb97c0db"},"breadcrumb":{"@id":"https:\/\/www.atelierdocaractere.pt\/brevemente\/tem-um-dacia-com-mais-de-3-anos-a-garantia-pode-estender-se-ate-7-anos-sem-pagar-mais-por-isso\/#breadcrumb"},"inLanguage":"pt-PT","potentialAction":[{"@type":"ReadAction","target":["https:\/\/www.atelierdocaractere.pt\/brevemente\/tem-um-dacia-com-mais-de-3-anos-a-garantia-pode-estender-se-ate-7-anos-sem-pagar-mais-por-isso\/"]}]},{"@type":"BreadcrumbList","@id":"https:\/\/www.atelierdocaractere.pt\/brevemente\/tem-um-dacia-com-mais-de-3-anos-a-garantia-pode-estender-se-ate-7-anos-sem-pagar-mais-por-isso\/#breadcrumb","itemListElement":[{"@type":"ListItem","position":1,"name":"In\u00edcio","item":"https:\/\/www.atelierdocaractere.pt\/brevemente\/"},{"@type":"ListItem","position":2,"name":"Tem um Dacia com mais de 3 anos? A garantia pode estender-se at\u00e9 7 anos sem pagar mais por isso!"}]},{"@type":"WebSite","@id":"https:\/\/www.atelierdocaractere.pt\/brevemente\/#website","url":"https:\/\/www.atelierdocaractere.pt\/brevemente\/","name":"Atelier do Caractere","description":"","potentialAction":[{"@type":"SearchAction","target":{"@type":"EntryPoint","urlTemplate":"https:\/\/www.atelierdocaractere.pt\/brevemente\/?s={search_term_string}"},"query-input":"required name=search_term_string"}],"inLanguage":"pt-PT"},{"@type":"Person","@id":"https:\/\/www.atelierdocaractere.pt\/brevemente\/#\/schema\/person\/f2f096eb0f27d9894725af22cb97c0db","name":"Joana Barbosa","image":{"@type":"ImageObject","inLanguage":"pt-PT","@id":"https:\/\/www.atelierdocaractere.pt\/brevemente\/#\/schema\/person\/image\/","url":"https:\/\/secure.gravatar.com\/avatar\/33e8214b45e9d68a3a83008731075979?s=96&d=mm&r=g","contentUrl":"https:\/\/secure.gravatar.com\/avatar\/33e8214b45e9d68a3a83008731075979?s=96&d=mm&r=g","caption":"Joana Barbosa"},"url":"https:\/\/www.atelierdocaractere.pt\/brevemente\/author\/joanabarbosa\/"}]}},"_links":{"self":[{"href":"https:\/\/www.atelierdocaractere.pt\/brevemente\/wp-json\/wp\/v2\/posts\/13851"}],"collection":[{"href":"https:\/\/www.atelierdocaractere.pt\/brevemente\/wp-json\/wp\/v2\/posts"}],"about":[{"href":"https:\/\/www.atelierdocaractere.pt\/brevemente\/wp-json\/wp\/v2\/types\/post"}],"author":[{"embeddable":true,"href":"https:\/\/www.atelierdocaractere.pt\/brevemente\/wp-json\/wp\/v2\/users\/7"}],"replies":[{"embeddable":true,"href":"https:\/\/www.atelierdocaractere.pt\/brevemente\/wp-json\/wp\/v2\/comments?post=13851"}],"version-history":[{"count":1,"href":"https:\/\/www.atelierdocaractere.pt\/brevemente\/wp-json\/wp\/v2\/posts\/13851\/revisions"}],"predecessor-version":[{"id":13853,"href":"https:\/\/www.atelierdocaractere.pt\/brevemente\/wp-json\/wp\/v2\/posts\/13851\/revisions\/13853"}],"wp:featuredmedia":[{"embeddable":true,"href":"https:\/\/www.atelierdocaractere.pt\/brevemente\/wp-json\/wp\/v2\/media\/13852"}],"wp:attachment":[{"href":"https:\/\/www.atelierdocaractere.pt\/brevemente\/wp-json\/wp\/v2\/media?parent=13851"}],"wp:term":[{"taxonomy":"category","embeddable":true,"href":"https:\/\/www.atelierdocaractere.pt\/brevemente\/wp-json\/wp\/v2\/categories?post=13851"},{"taxonomy":"post_tag","embeddable":true,"href":"https:\/\/www.atelierdocaractere.pt\/brevemente\/wp-json\/wp\/v2\/tags?post=13851"}],"curies":[{"name":"wp","href":"https:\/\/api.w.org\/{rel}","templated":true}]}}