{"id":13854,"date":"2025-06-26T15:08:34","date_gmt":"2025-06-26T15:08:34","guid":{"rendered":"https:\/\/www.atelierdocaractere.pt\/brevemente\/?p=13854"},"modified":"2025-06-30T15:09:59","modified_gmt":"2025-06-30T15:09:59","slug":"quinta-dos-frades-lanca-novo-vinha-dos-deuses-reserva-branco-2023","status":"publish","type":"post","link":"https:\/\/www.atelierdocaractere.pt\/brevemente\/quinta-dos-frades-lanca-novo-vinha-dos-deuses-reserva-branco-2023\/","title":{"rendered":"Quinta dos Frades lan\u00e7a novo\u00a0Vinha dos Deuses Reserva Branco 2023"},"content":{"rendered":"\n<p><strong>O trabalho do en\u00f3logo Diogo Lopes na Quinta dos Frades resulta no nascimento de um novo vinho branco no portef\u00f3lio do produtor. Desta vez, um lote de castas tradicionais \u2013 Rabigato, Viosinho, Donzelinho e Malvasia Fina \u2013 provenientes de vinhas de altitude, com 40 anos de idade, que evoluem no terroir da segunda propriedade da fam\u00edlia: a Quinta do Castelo, em Santa Marta de Penagui\u00e3o, no Cima Corgo.<\/strong><\/p>\n\n\n\n<p>Chegado \u00e0 Quinta dos Frades em 2023, e depois da apresenta\u00e7\u00e3o de um primeiro Branco entrada de gama em outubro \u00faltimo (Vinha dos Santos 2023), o trabalho do en\u00f3logo Diogo Lopes na Quinta dos Frades resulta no lan\u00e7amento de um novo vinho Branco. Desta feita, um lote de castas tradicionais com fermenta\u00e7\u00e3o em barrica de carvalho franc\u00eas de 400L, nascido tamb\u00e9m da sua primeira vindima no projeto. O novo Vinha dos Deuses Reserva Branco 2023 chega agora ao mercado, ocupando um posicionamento superior na gama e propondo uma express\u00e3o de eleg\u00e2ncia, frescura e complexidade \u2013 potenciada gra\u00e7as a um est\u00e1gio de 10 meses sobre borras totais.<\/p>\n\n\n\n<p><a>\u201cTem sido um privil\u00e9gio poder interpretar o&nbsp;<em>terroir<\/em>&nbsp;da Quinta dos Frades. E para al\u00e9m das vinhas velhas centen\u00e1rias que caracterizam a principal propriedade, em Armamar, exploramos tamb\u00e9m o potencial da Quinta do Castelo, em Santa Marta de Penagui\u00e3o, onde a altitude e as castas brancas tradicionais, em parcelas com cerca de 40 anos, proporcionam mat\u00e9ria-prima de excel\u00eancia\u201d, come\u00e7a por explicar o en\u00f3logo Diogo Lopes. \u201c\u00c9 a\u00ed que nasce este Vinha dos Deuses Branco 2023. Um branco com personalidade, fresco e j\u00e1 muito sedutor, e a sugerir um bom potencial de evolu\u00e7\u00e3o. \u00c9 um branco que pede mesa, muito vers\u00e1til em termos gastron\u00f3micos, preparado para os peixes e mariscos de ver\u00e3o, ou mesmo para as carnes brancas\u201d, termina.<\/a><\/p>\n\n\n\n<p>A Quinta do Castelo foi a segunda propriedade adquirida pelo Comendador Delfim Ferreira, em 1941. Nesse ano, o industrial portugu\u00eas lan\u00e7ou os investimentos que est\u00e3o na g\u00e9nese da atual Quinta dos Frades, uma das mais antigas do Douro, e avan\u00e7ou igualmente para a compra, em Santa Marta de Penagui\u00e3o, de uma quinta com 43 hectares (35 de vinha). \u00c9 precisamente a\u00ed que evolui o patrim\u00f3nio de castas que d\u00e1 origem aos vinhos brancos da casa e onde nasce a mais recente novidade.<\/p>\n\n\n\n<p><strong>Vinha dos Deuses Branco 2023 | Nota de Prova:<\/strong><\/p>\n\n\n\n<p>Cor amarelo citrino; aroma a frutos brancos de caro\u00e7o, notas minerais e tosta ligeira; rico na boca, untuoso e com grande frescura final.<\/p>\n\n\n\n<p><strong>PVP: 15.25\u20ac<\/strong><\/p>\n\n\n\n<p><strong>Sobre a Quinta dos Frades<\/strong><\/p>\n\n\n\n<p>A Quinta dos Frades tem cerca de 200 hectares e \u00e9 uma das mais antigas propriedades durienses. No S\u00e9c. XIII foi doada a monges de Ordem de Cister, ent\u00e3o amplamente implementada no Douro, integrando o Mosteiro de Santa Maria de Salzedas e ficando desde a\u00ed sempre ligada \u00e0 vinha e ao vinho. Depois da extin\u00e7\u00e3o das ordens religiosas, a Quinta dos Frades foi arrematada, em 1841, pelo 1\u00ba bar\u00e3o da Folgosa. Em 1941 foi adquirida pelo industrial portugu\u00eas Delfim Ferreira, mantendo-se na fam\u00edlia at\u00e9 hoje. A enologia da Quinta dos Frades est\u00e1 a cargo do en\u00f3logo Diogo Lopes.<\/p>\n","protected":false},"excerpt":{"rendered":"<p>O trabalho do en\u00f3logo Diogo Lopes na Quinta dos Frades resulta no nascimento de um novo vinho branco no portef\u00f3lio&#8230;<\/p>\n","protected":false},"author":7,"featured_media":13855,"comment_status":"closed","ping_status":"open","sticky":false,"template":"","format":"standard","meta":[],"categories":[41],"tags":[597,131],"yoast_head":"<!-- This site is optimized with the Yoast SEO plugin v20.12 - https:\/\/yoast.com\/wordpress\/plugins\/seo\/ -->\n<title>Quinta dos Frades lan\u00e7a novo\u00a0Vinha dos Deuses Reserva Branco 2023 - Atelier do Caractere<\/title>\n<meta name=\"robots\" content=\"index, follow, max-snippet:-1, max-image-preview:large, max-video-preview:-1\" \/>\n<link rel=\"canonical\" href=\"https:\/\/www.atelierdocaractere.pt\/brevemente\/quinta-dos-frades-lanca-novo-vinha-dos-deuses-reserva-branco-2023\/\" \/>\n<meta property=\"og:locale\" content=\"pt_PT\" \/>\n<meta property=\"og:type\" content=\"article\" \/>\n<meta property=\"og:title\" content=\"Quinta dos Frades lan\u00e7a novo\u00a0Vinha dos Deuses Reserva Branco 2023 - Atelier do Caractere\" \/>\n<meta property=\"og:description\" content=\"O trabalho do en\u00f3logo Diogo Lopes na Quinta dos Frades resulta no nascimento de um novo vinho branco no portef\u00f3lio...\" \/>\n<meta property=\"og:url\" content=\"https:\/\/www.atelierdocaractere.pt\/brevemente\/quinta-dos-frades-lanca-novo-vinha-dos-deuses-reserva-branco-2023\/\" \/>\n<meta property=\"og:site_name\" content=\"Atelier do Caractere\" \/>\n<meta property=\"article:publisher\" content=\"https:\/\/www.facebook.com\/AtelierdoCaractere\" \/>\n<meta property=\"article:published_time\" content=\"2025-06-26T15:08:34+00:00\" \/>\n<meta property=\"article:modified_time\" content=\"2025-06-30T15:09:59+00:00\" \/>\n<meta property=\"og:image\" content=\"https:\/\/www.atelierdocaractere.pt\/wp-content\/uploads\/2025\/06\/02-f1-vdrb2023.jpg\" \/>\n\t<meta property=\"og:image:width\" content=\"1920\" \/>\n\t<meta property=\"og:image:height\" content=\"1280\" \/>\n\t<meta property=\"og:image:type\" content=\"image\/jpeg\" \/>\n<meta name=\"author\" content=\"Joana Barbosa\" \/>\n<meta name=\"twitter:card\" content=\"summary_large_image\" \/>\n<meta name=\"twitter:label1\" content=\"Escrito por\" \/>\n\t<meta name=\"twitter:data1\" content=\"Joana Barbosa\" \/>\n\t<meta name=\"twitter:label2\" content=\"Tempo estimado de leitura\" \/>\n\t<meta name=\"twitter:data2\" content=\"3 minutos\" \/>\n<script type=\"application\/ld+json\" class=\"yoast-schema-graph\">{\"@context\":\"https:\/\/schema.org\",\"@graph\":[{\"@type\":\"WebPage\",\"@id\":\"https:\/\/www.atelierdocaractere.pt\/brevemente\/quinta-dos-frades-lanca-novo-vinha-dos-deuses-reserva-branco-2023\/\",\"url\":\"https:\/\/www.atelierdocaractere.pt\/brevemente\/quinta-dos-frades-lanca-novo-vinha-dos-deuses-reserva-branco-2023\/\",\"name\":\"Quinta dos Frades lan\u00e7a novo\u00a0Vinha dos Deuses Reserva Branco 2023 - Atelier do Caractere\",\"isPartOf\":{\"@id\":\"https:\/\/www.atelierdocaractere.pt\/brevemente\/#website\"},\"datePublished\":\"2025-06-26T15:08:34+00:00\",\"dateModified\":\"2025-06-30T15:09:59+00:00\",\"author\":{\"@id\":\"https:\/\/www.atelierdocaractere.pt\/brevemente\/#\/schema\/person\/f2f096eb0f27d9894725af22cb97c0db\"},\"breadcrumb\":{\"@id\":\"https:\/\/www.atelierdocaractere.pt\/brevemente\/quinta-dos-frades-lanca-novo-vinha-dos-deuses-reserva-branco-2023\/#breadcrumb\"},\"inLanguage\":\"pt-PT\",\"potentialAction\":[{\"@type\":\"ReadAction\",\"target\":[\"https:\/\/www.atelierdocaractere.pt\/brevemente\/quinta-dos-frades-lanca-novo-vinha-dos-deuses-reserva-branco-2023\/\"]}]},{\"@type\":\"BreadcrumbList\",\"@id\":\"https:\/\/www.atelierdocaractere.pt\/brevemente\/quinta-dos-frades-lanca-novo-vinha-dos-deuses-reserva-branco-2023\/#breadcrumb\",\"itemListElement\":[{\"@type\":\"ListItem\",\"position\":1,\"name\":\"In\u00edcio\",\"item\":\"https:\/\/www.atelierdocaractere.pt\/brevemente\/\"},{\"@type\":\"ListItem\",\"position\":2,\"name\":\"Quinta dos Frades lan\u00e7a novo\u00a0Vinha dos Deuses Reserva Branco 2023\"}]},{\"@type\":\"WebSite\",\"@id\":\"https:\/\/www.atelierdocaractere.pt\/brevemente\/#website\",\"url\":\"https:\/\/www.atelierdocaractere.pt\/brevemente\/\",\"name\":\"Atelier do Caractere\",\"description\":\"\",\"potentialAction\":[{\"@type\":\"SearchAction\",\"target\":{\"@type\":\"EntryPoint\",\"urlTemplate\":\"https:\/\/www.atelierdocaractere.pt\/brevemente\/?s={search_term_string}\"},\"query-input\":\"required name=search_term_string\"}],\"inLanguage\":\"pt-PT\"},{\"@type\":\"Person\",\"@id\":\"https:\/\/www.atelierdocaractere.pt\/brevemente\/#\/schema\/person\/f2f096eb0f27d9894725af22cb97c0db\",\"name\":\"Joana Barbosa\",\"image\":{\"@type\":\"ImageObject\",\"inLanguage\":\"pt-PT\",\"@id\":\"https:\/\/www.atelierdocaractere.pt\/brevemente\/#\/schema\/person\/image\/\",\"url\":\"https:\/\/secure.gravatar.com\/avatar\/33e8214b45e9d68a3a83008731075979?s=96&d=mm&r=g\",\"contentUrl\":\"https:\/\/secure.gravatar.com\/avatar\/33e8214b45e9d68a3a83008731075979?s=96&d=mm&r=g\",\"caption\":\"Joana Barbosa\"},\"url\":\"https:\/\/www.atelierdocaractere.pt\/brevemente\/author\/joanabarbosa\/\"}]}<\/script>\n<!-- \/ Yoast SEO plugin. -->","yoast_head_json":{"title":"Quinta dos Frades lan\u00e7a novo\u00a0Vinha dos Deuses Reserva Branco 2023 - Atelier do Caractere","robots":{"index":"index","follow":"follow","max-snippet":"max-snippet:-1","max-image-preview":"max-image-preview:large","max-video-preview":"max-video-preview:-1"},"canonical":"https:\/\/www.atelierdocaractere.pt\/brevemente\/quinta-dos-frades-lanca-novo-vinha-dos-deuses-reserva-branco-2023\/","og_locale":"pt_PT","og_type":"article","og_title":"Quinta dos Frades lan\u00e7a novo\u00a0Vinha dos Deuses Reserva Branco 2023 - Atelier do Caractere","og_description":"O trabalho do en\u00f3logo Diogo Lopes na Quinta dos Frades resulta no nascimento de um novo vinho branco no portef\u00f3lio...","og_url":"https:\/\/www.atelierdocaractere.pt\/brevemente\/quinta-dos-frades-lanca-novo-vinha-dos-deuses-reserva-branco-2023\/","og_site_name":"Atelier do Caractere","article_publisher":"https:\/\/www.facebook.com\/AtelierdoCaractere","article_published_time":"2025-06-26T15:08:34+00:00","article_modified_time":"2025-06-30T15:09:59+00:00","og_image":[{"width":1920,"height":1280,"url":"https:\/\/www.atelierdocaractere.pt\/wp-content\/uploads\/2025\/06\/02-f1-vdrb2023.jpg","type":"image\/jpeg"}],"author":"Joana Barbosa","twitter_card":"summary_large_image","twitter_misc":{"Escrito por":"Joana Barbosa","Tempo estimado de leitura":"3 minutos"},"schema":{"@context":"https:\/\/schema.org","@graph":[{"@type":"WebPage","@id":"https:\/\/www.atelierdocaractere.pt\/brevemente\/quinta-dos-frades-lanca-novo-vinha-dos-deuses-reserva-branco-2023\/","url":"https:\/\/www.atelierdocaractere.pt\/brevemente\/quinta-dos-frades-lanca-novo-vinha-dos-deuses-reserva-branco-2023\/","name":"Quinta dos Frades lan\u00e7a novo\u00a0Vinha dos Deuses Reserva Branco 2023 - Atelier do Caractere","isPartOf":{"@id":"https:\/\/www.atelierdocaractere.pt\/brevemente\/#website"},"datePublished":"2025-06-26T15:08:34+00:00","dateModified":"2025-06-30T15:09:59+00:00","author":{"@id":"https:\/\/www.atelierdocaractere.pt\/brevemente\/#\/schema\/person\/f2f096eb0f27d9894725af22cb97c0db"},"breadcrumb":{"@id":"https:\/\/www.atelierdocaractere.pt\/brevemente\/quinta-dos-frades-lanca-novo-vinha-dos-deuses-reserva-branco-2023\/#breadcrumb"},"inLanguage":"pt-PT","potentialAction":[{"@type":"ReadAction","target":["https:\/\/www.atelierdocaractere.pt\/brevemente\/quinta-dos-frades-lanca-novo-vinha-dos-deuses-reserva-branco-2023\/"]}]},{"@type":"BreadcrumbList","@id":"https:\/\/www.atelierdocaractere.pt\/brevemente\/quinta-dos-frades-lanca-novo-vinha-dos-deuses-reserva-branco-2023\/#breadcrumb","itemListElement":[{"@type":"ListItem","position":1,"name":"In\u00edcio","item":"https:\/\/www.atelierdocaractere.pt\/brevemente\/"},{"@type":"ListItem","position":2,"name":"Quinta dos Frades lan\u00e7a novo\u00a0Vinha dos Deuses Reserva Branco 2023"}]},{"@type":"WebSite","@id":"https:\/\/www.atelierdocaractere.pt\/brevemente\/#website","url":"https:\/\/www.atelierdocaractere.pt\/brevemente\/","name":"Atelier do Caractere","description":"","potentialAction":[{"@type":"SearchAction","target":{"@type":"EntryPoint","urlTemplate":"https:\/\/www.atelierdocaractere.pt\/brevemente\/?s={search_term_string}"},"query-input":"required name=search_term_string"}],"inLanguage":"pt-PT"},{"@type":"Person","@id":"https:\/\/www.atelierdocaractere.pt\/brevemente\/#\/schema\/person\/f2f096eb0f27d9894725af22cb97c0db","name":"Joana Barbosa","image":{"@type":"ImageObject","inLanguage":"pt-PT","@id":"https:\/\/www.atelierdocaractere.pt\/brevemente\/#\/schema\/person\/image\/","url":"https:\/\/secure.gravatar.com\/avatar\/33e8214b45e9d68a3a83008731075979?s=96&d=mm&r=g","contentUrl":"https:\/\/secure.gravatar.com\/avatar\/33e8214b45e9d68a3a83008731075979?s=96&d=mm&r=g","caption":"Joana Barbosa"},"url":"https:\/\/www.atelierdocaractere.pt\/brevemente\/author\/joanabarbosa\/"}]}},"_links":{"self":[{"href":"https:\/\/www.atelierdocaractere.pt\/brevemente\/wp-json\/wp\/v2\/posts\/13854"}],"collection":[{"href":"https:\/\/www.atelierdocaractere.pt\/brevemente\/wp-json\/wp\/v2\/posts"}],"about":[{"href":"https:\/\/www.atelierdocaractere.pt\/brevemente\/wp-json\/wp\/v2\/types\/post"}],"author":[{"embeddable":true,"href":"https:\/\/www.atelierdocaractere.pt\/brevemente\/wp-json\/wp\/v2\/users\/7"}],"replies":[{"embeddable":true,"href":"https:\/\/www.atelierdocaractere.pt\/brevemente\/wp-json\/wp\/v2\/comments?post=13854"}],"version-history":[{"count":1,"href":"https:\/\/www.atelierdocaractere.pt\/brevemente\/wp-json\/wp\/v2\/posts\/13854\/revisions"}],"predecessor-version":[{"id":13856,"href":"https:\/\/www.atelierdocaractere.pt\/brevemente\/wp-json\/wp\/v2\/posts\/13854\/revisions\/13856"}],"wp:featuredmedia":[{"embeddable":true,"href":"https:\/\/www.atelierdocaractere.pt\/brevemente\/wp-json\/wp\/v2\/media\/13855"}],"wp:attachment":[{"href":"https:\/\/www.atelierdocaractere.pt\/brevemente\/wp-json\/wp\/v2\/media?parent=13854"}],"wp:term":[{"taxonomy":"category","embeddable":true,"href":"https:\/\/www.atelierdocaractere.pt\/brevemente\/wp-json\/wp\/v2\/categories?post=13854"},{"taxonomy":"post_tag","embeddable":true,"href":"https:\/\/www.atelierdocaractere.pt\/brevemente\/wp-json\/wp\/v2\/tags?post=13854"}],"curies":[{"name":"wp","href":"https:\/\/api.w.org\/{rel}","templated":true}]}}