{"id":13857,"date":"2025-06-29T15:10:26","date_gmt":"2025-06-29T15:10:26","guid":{"rendered":"https:\/\/www.atelierdocaractere.pt\/brevemente\/?p=13857"},"modified":"2025-06-30T15:14:02","modified_gmt":"2025-06-30T15:14:02","slug":"guilherme-oliveira-conquista-brilhante-quarto-lugar-nas-lendarias-24-horas-de-spa","status":"publish","type":"post","link":"https:\/\/www.atelierdocaractere.pt\/brevemente\/guilherme-oliveira-conquista-brilhante-quarto-lugar-nas-lendarias-24-horas-de-spa\/","title":{"rendered":"Guilherme Oliveira conquista brilhante quarto lugar nas\u00a0lend\u00e1rias 24 Horas de Spa"},"content":{"rendered":"\n<p><strong>O portugu\u00eas continua na luta pelo t\u00edtulo do GT World Challenge Europe Endurance Cup<\/strong><\/p>\n\n\n\n<p><strong>O jovem Guilherme Oliveira esteve a um passo de subir ao p\u00f3dio numa das mais importantes e prestigiadas provas de resist\u00eancia do automobilismo mundial. Com o quarto lugar conquistado nas 24 Horas de Spa, na categoria Bronze do GT World Challenge Europe Endurance Cup, o piloto nacional manteve intactas as aspira\u00e7\u00f5es ao t\u00edtulo.<\/strong><\/p>\n\n\n\n<p>Na sua terceira participa\u00e7\u00e3o numa corrida de 24 horas, Guilherme Oliveira voltou a demonstrar rapidez, consist\u00eancia e uma rara maturidade para um jovem de apenas 20 anos de idade. Mais uma brilhante exibi\u00e7\u00e3o do portugu\u00eas naquele que \u00e9 considerado o mais competitivo campeonato de GT do mundo e numa das mais emblem\u00e1ticas provas de resist\u00eancia do mundo.<\/p>\n\n\n\n<p><strong><em>\u201cEstou muito contente\u201d<\/em><\/strong>, come\u00e7ou por afirmar Guilherme Oliveira.&nbsp;<strong><em>\u201cFoi um fim de semana muito dif\u00edcil, duro e competitivo. A chuva marcou presen\u00e7a nos treinos e a corrida foi f\u00e9rtil em acidentes graves. Com mais de 70 carros em pista e tanto equil\u00edbrio entre as equipas, n\u00e3o \u00e9 propriamente uma surpresa que tenha sido assim. Por isso, foi extremamente exigente, tanto f\u00edsica como mentalmente. Estivemos sempre na luta pelos primeiros lugares e cheg\u00e1mos mesmo a liderar durante a noite. Faltou-nos um pouco de sorte em alguns detalhes estrat\u00e9gicos, mas a equipa est\u00e1 de parab\u00e9ns: deu-nos um carro perfeito. Fomos o melhor McLaren da categoria Bronze. Parab\u00e9ns, tamb\u00e9m, aos meus colegas de equipa, que fizeram um excelente trabalho, sem erros. Correr durante 24 horas num circuito t\u00e3o exigente como Spa-Francorchamps voltou a ser um enorme desafio \u2014 n\u00e3o s\u00f3 pela quantidade de carros em pista, mas tamb\u00e9m pelas dificuldades da noite.\u201d<\/em><\/strong><\/p>\n\n\n\n<p>Guilherme Oliveira dividiu o volante do McLaren 720S GT3 EVO da equipa brit\u00e2nica Garage 59 com Shaun Balfe, Thomas Fleming e Jack Hawksworth.<\/p>\n\n\n\n<p>A pen\u00faltima prova do calend\u00e1rio do GT World Challenge Europe Endurance Cup disputa-se entre os dias 29 e 31 de agosto, no hist\u00f3rico circuito alem\u00e3o de N\u00fcrburgring.<\/p>\n\n\n\n<p><strong>Quem \u00e9 Guilherme Oliveira<\/strong><\/p>\n\n\n\n<p>Com apenas 20 anos, Guilherme Oliveira \u00e9 um dos mais talentosos jovens do automobilismo. Natural de Vila Nova de Gaia, este jovem piloto tem vindo a construir um percurso s\u00f3lido e impressionante, destacando-se pela rapidez, consist\u00eancia e maturidade em pista. Depois de um percurso de sucesso nos karts, nos prot\u00f3tipos e, mais recentemente, nas corridas de GT, Guilherme Oliveira representa a nova gera\u00e7\u00e3o de pilotos portugueses que est\u00e1 a chegar ao topo do automobilismo mundial.<\/p>\n\n\n\n<p><strong>O GT World Challenge Europe Endurance Cup<\/strong><\/p>\n\n\n\n<p>O GT World Challenge Europe powered by AWS \u00e9 o campeonato GT refer\u00eancia no mundo, com um impressionante plantel de 59 carros na Endurance Cup. Todos os nove fabricantes que competiram no ano passado regressam, com Aston Martin, Audi, BMW, Ferrari, Ford, Lamborghini, McLaren, Mercedes-AMG e Porsche fortemente representados. A grande novidade \u00e9 a Corvette, que marca presen\u00e7a, pela primeira vez, desde 2014, completando assim um total de 10 marcas para a presente temporada.<\/p>\n","protected":false},"excerpt":{"rendered":"<p>O portugu\u00eas continua na luta pelo t\u00edtulo do GT World Challenge Europe Endurance Cup O jovem Guilherme Oliveira esteve a&#8230;<\/p>\n","protected":false},"author":7,"featured_media":13858,"comment_status":"closed","ping_status":"open","sticky":false,"template":"","format":"standard","meta":[],"categories":[24],"tags":[976,775,447],"yoast_head":"<!-- This site is optimized with the Yoast SEO plugin v20.12 - https:\/\/yoast.com\/wordpress\/plugins\/seo\/ -->\n<title>Guilherme Oliveira conquista brilhante quarto lugar nas\u00a0lend\u00e1rias 24 Horas de Spa - Atelier do Caractere<\/title>\n<meta name=\"robots\" content=\"index, follow, max-snippet:-1, max-image-preview:large, max-video-preview:-1\" \/>\n<link rel=\"canonical\" href=\"https:\/\/www.atelierdocaractere.pt\/brevemente\/guilherme-oliveira-conquista-brilhante-quarto-lugar-nas-lendarias-24-horas-de-spa\/\" \/>\n<meta property=\"og:locale\" content=\"pt_PT\" \/>\n<meta property=\"og:type\" content=\"article\" \/>\n<meta property=\"og:title\" content=\"Guilherme Oliveira conquista brilhante quarto lugar nas\u00a0lend\u00e1rias 24 Horas de Spa - Atelier do Caractere\" \/>\n<meta property=\"og:description\" content=\"O portugu\u00eas continua na luta pelo t\u00edtulo do GT World Challenge Europe Endurance Cup O jovem Guilherme Oliveira esteve a...\" \/>\n<meta property=\"og:url\" content=\"https:\/\/www.atelierdocaractere.pt\/brevemente\/guilherme-oliveira-conquista-brilhante-quarto-lugar-nas-lendarias-24-horas-de-spa\/\" \/>\n<meta property=\"og:site_name\" content=\"Atelier do Caractere\" \/>\n<meta property=\"article:publisher\" content=\"https:\/\/www.facebook.com\/AtelierdoCaractere\" \/>\n<meta property=\"article:published_time\" content=\"2025-06-29T15:10:26+00:00\" \/>\n<meta property=\"article:modified_time\" content=\"2025-06-30T15:14:02+00:00\" \/>\n<meta property=\"og:image\" content=\"https:\/\/www.atelierdocaractere.pt\/wp-content\/uploads\/2025\/06\/guilherme-oliveira-24-horas-spa1.jpg\" \/>\n\t<meta property=\"og:image:width\" content=\"1920\" \/>\n\t<meta property=\"og:image:height\" content=\"1281\" \/>\n\t<meta property=\"og:image:type\" content=\"image\/jpeg\" \/>\n<meta name=\"author\" content=\"Joana Barbosa\" \/>\n<meta name=\"twitter:card\" content=\"summary_large_image\" \/>\n<meta name=\"twitter:label1\" content=\"Escrito por\" \/>\n\t<meta name=\"twitter:data1\" content=\"Joana Barbosa\" \/>\n\t<meta name=\"twitter:label2\" content=\"Tempo estimado de leitura\" \/>\n\t<meta name=\"twitter:data2\" content=\"3 minutos\" \/>\n<script type=\"application\/ld+json\" class=\"yoast-schema-graph\">{\"@context\":\"https:\/\/schema.org\",\"@graph\":[{\"@type\":\"WebPage\",\"@id\":\"https:\/\/www.atelierdocaractere.pt\/brevemente\/guilherme-oliveira-conquista-brilhante-quarto-lugar-nas-lendarias-24-horas-de-spa\/\",\"url\":\"https:\/\/www.atelierdocaractere.pt\/brevemente\/guilherme-oliveira-conquista-brilhante-quarto-lugar-nas-lendarias-24-horas-de-spa\/\",\"name\":\"Guilherme Oliveira conquista brilhante quarto lugar nas\u00a0lend\u00e1rias 24 Horas de Spa - Atelier do Caractere\",\"isPartOf\":{\"@id\":\"https:\/\/www.atelierdocaractere.pt\/brevemente\/#website\"},\"datePublished\":\"2025-06-29T15:10:26+00:00\",\"dateModified\":\"2025-06-30T15:14:02+00:00\",\"author\":{\"@id\":\"https:\/\/www.atelierdocaractere.pt\/brevemente\/#\/schema\/person\/f2f096eb0f27d9894725af22cb97c0db\"},\"breadcrumb\":{\"@id\":\"https:\/\/www.atelierdocaractere.pt\/brevemente\/guilherme-oliveira-conquista-brilhante-quarto-lugar-nas-lendarias-24-horas-de-spa\/#breadcrumb\"},\"inLanguage\":\"pt-PT\",\"potentialAction\":[{\"@type\":\"ReadAction\",\"target\":[\"https:\/\/www.atelierdocaractere.pt\/brevemente\/guilherme-oliveira-conquista-brilhante-quarto-lugar-nas-lendarias-24-horas-de-spa\/\"]}]},{\"@type\":\"BreadcrumbList\",\"@id\":\"https:\/\/www.atelierdocaractere.pt\/brevemente\/guilherme-oliveira-conquista-brilhante-quarto-lugar-nas-lendarias-24-horas-de-spa\/#breadcrumb\",\"itemListElement\":[{\"@type\":\"ListItem\",\"position\":1,\"name\":\"In\u00edcio\",\"item\":\"https:\/\/www.atelierdocaractere.pt\/brevemente\/\"},{\"@type\":\"ListItem\",\"position\":2,\"name\":\"Guilherme Oliveira conquista brilhante quarto lugar nas\u00a0lend\u00e1rias 24 Horas de Spa\"}]},{\"@type\":\"WebSite\",\"@id\":\"https:\/\/www.atelierdocaractere.pt\/brevemente\/#website\",\"url\":\"https:\/\/www.atelierdocaractere.pt\/brevemente\/\",\"name\":\"Atelier do Caractere\",\"description\":\"\",\"potentialAction\":[{\"@type\":\"SearchAction\",\"target\":{\"@type\":\"EntryPoint\",\"urlTemplate\":\"https:\/\/www.atelierdocaractere.pt\/brevemente\/?s={search_term_string}\"},\"query-input\":\"required name=search_term_string\"}],\"inLanguage\":\"pt-PT\"},{\"@type\":\"Person\",\"@id\":\"https:\/\/www.atelierdocaractere.pt\/brevemente\/#\/schema\/person\/f2f096eb0f27d9894725af22cb97c0db\",\"name\":\"Joana Barbosa\",\"image\":{\"@type\":\"ImageObject\",\"inLanguage\":\"pt-PT\",\"@id\":\"https:\/\/www.atelierdocaractere.pt\/brevemente\/#\/schema\/person\/image\/\",\"url\":\"https:\/\/secure.gravatar.com\/avatar\/33e8214b45e9d68a3a83008731075979?s=96&d=mm&r=g\",\"contentUrl\":\"https:\/\/secure.gravatar.com\/avatar\/33e8214b45e9d68a3a83008731075979?s=96&d=mm&r=g\",\"caption\":\"Joana Barbosa\"},\"url\":\"https:\/\/www.atelierdocaractere.pt\/brevemente\/author\/joanabarbosa\/\"}]}<\/script>\n<!-- \/ Yoast SEO plugin. -->","yoast_head_json":{"title":"Guilherme Oliveira conquista brilhante quarto lugar nas\u00a0lend\u00e1rias 24 Horas de Spa - Atelier do Caractere","robots":{"index":"index","follow":"follow","max-snippet":"max-snippet:-1","max-image-preview":"max-image-preview:large","max-video-preview":"max-video-preview:-1"},"canonical":"https:\/\/www.atelierdocaractere.pt\/brevemente\/guilherme-oliveira-conquista-brilhante-quarto-lugar-nas-lendarias-24-horas-de-spa\/","og_locale":"pt_PT","og_type":"article","og_title":"Guilherme Oliveira conquista brilhante quarto lugar nas\u00a0lend\u00e1rias 24 Horas de Spa - Atelier do Caractere","og_description":"O portugu\u00eas continua na luta pelo t\u00edtulo do GT World Challenge Europe Endurance Cup O jovem Guilherme Oliveira esteve a...","og_url":"https:\/\/www.atelierdocaractere.pt\/brevemente\/guilherme-oliveira-conquista-brilhante-quarto-lugar-nas-lendarias-24-horas-de-spa\/","og_site_name":"Atelier do Caractere","article_publisher":"https:\/\/www.facebook.com\/AtelierdoCaractere","article_published_time":"2025-06-29T15:10:26+00:00","article_modified_time":"2025-06-30T15:14:02+00:00","og_image":[{"width":1920,"height":1281,"url":"https:\/\/www.atelierdocaractere.pt\/wp-content\/uploads\/2025\/06\/guilherme-oliveira-24-horas-spa1.jpg","type":"image\/jpeg"}],"author":"Joana Barbosa","twitter_card":"summary_large_image","twitter_misc":{"Escrito por":"Joana Barbosa","Tempo estimado de leitura":"3 minutos"},"schema":{"@context":"https:\/\/schema.org","@graph":[{"@type":"WebPage","@id":"https:\/\/www.atelierdocaractere.pt\/brevemente\/guilherme-oliveira-conquista-brilhante-quarto-lugar-nas-lendarias-24-horas-de-spa\/","url":"https:\/\/www.atelierdocaractere.pt\/brevemente\/guilherme-oliveira-conquista-brilhante-quarto-lugar-nas-lendarias-24-horas-de-spa\/","name":"Guilherme Oliveira conquista brilhante quarto lugar nas\u00a0lend\u00e1rias 24 Horas de Spa - Atelier do Caractere","isPartOf":{"@id":"https:\/\/www.atelierdocaractere.pt\/brevemente\/#website"},"datePublished":"2025-06-29T15:10:26+00:00","dateModified":"2025-06-30T15:14:02+00:00","author":{"@id":"https:\/\/www.atelierdocaractere.pt\/brevemente\/#\/schema\/person\/f2f096eb0f27d9894725af22cb97c0db"},"breadcrumb":{"@id":"https:\/\/www.atelierdocaractere.pt\/brevemente\/guilherme-oliveira-conquista-brilhante-quarto-lugar-nas-lendarias-24-horas-de-spa\/#breadcrumb"},"inLanguage":"pt-PT","potentialAction":[{"@type":"ReadAction","target":["https:\/\/www.atelierdocaractere.pt\/brevemente\/guilherme-oliveira-conquista-brilhante-quarto-lugar-nas-lendarias-24-horas-de-spa\/"]}]},{"@type":"BreadcrumbList","@id":"https:\/\/www.atelierdocaractere.pt\/brevemente\/guilherme-oliveira-conquista-brilhante-quarto-lugar-nas-lendarias-24-horas-de-spa\/#breadcrumb","itemListElement":[{"@type":"ListItem","position":1,"name":"In\u00edcio","item":"https:\/\/www.atelierdocaractere.pt\/brevemente\/"},{"@type":"ListItem","position":2,"name":"Guilherme Oliveira conquista brilhante quarto lugar nas\u00a0lend\u00e1rias 24 Horas de Spa"}]},{"@type":"WebSite","@id":"https:\/\/www.atelierdocaractere.pt\/brevemente\/#website","url":"https:\/\/www.atelierdocaractere.pt\/brevemente\/","name":"Atelier do Caractere","description":"","potentialAction":[{"@type":"SearchAction","target":{"@type":"EntryPoint","urlTemplate":"https:\/\/www.atelierdocaractere.pt\/brevemente\/?s={search_term_string}"},"query-input":"required name=search_term_string"}],"inLanguage":"pt-PT"},{"@type":"Person","@id":"https:\/\/www.atelierdocaractere.pt\/brevemente\/#\/schema\/person\/f2f096eb0f27d9894725af22cb97c0db","name":"Joana Barbosa","image":{"@type":"ImageObject","inLanguage":"pt-PT","@id":"https:\/\/www.atelierdocaractere.pt\/brevemente\/#\/schema\/person\/image\/","url":"https:\/\/secure.gravatar.com\/avatar\/33e8214b45e9d68a3a83008731075979?s=96&d=mm&r=g","contentUrl":"https:\/\/secure.gravatar.com\/avatar\/33e8214b45e9d68a3a83008731075979?s=96&d=mm&r=g","caption":"Joana Barbosa"},"url":"https:\/\/www.atelierdocaractere.pt\/brevemente\/author\/joanabarbosa\/"}]}},"_links":{"self":[{"href":"https:\/\/www.atelierdocaractere.pt\/brevemente\/wp-json\/wp\/v2\/posts\/13857"}],"collection":[{"href":"https:\/\/www.atelierdocaractere.pt\/brevemente\/wp-json\/wp\/v2\/posts"}],"about":[{"href":"https:\/\/www.atelierdocaractere.pt\/brevemente\/wp-json\/wp\/v2\/types\/post"}],"author":[{"embeddable":true,"href":"https:\/\/www.atelierdocaractere.pt\/brevemente\/wp-json\/wp\/v2\/users\/7"}],"replies":[{"embeddable":true,"href":"https:\/\/www.atelierdocaractere.pt\/brevemente\/wp-json\/wp\/v2\/comments?post=13857"}],"version-history":[{"count":1,"href":"https:\/\/www.atelierdocaractere.pt\/brevemente\/wp-json\/wp\/v2\/posts\/13857\/revisions"}],"predecessor-version":[{"id":13859,"href":"https:\/\/www.atelierdocaractere.pt\/brevemente\/wp-json\/wp\/v2\/posts\/13857\/revisions\/13859"}],"wp:featuredmedia":[{"embeddable":true,"href":"https:\/\/www.atelierdocaractere.pt\/brevemente\/wp-json\/wp\/v2\/media\/13858"}],"wp:attachment":[{"href":"https:\/\/www.atelierdocaractere.pt\/brevemente\/wp-json\/wp\/v2\/media?parent=13857"}],"wp:term":[{"taxonomy":"category","embeddable":true,"href":"https:\/\/www.atelierdocaractere.pt\/brevemente\/wp-json\/wp\/v2\/categories?post=13857"},{"taxonomy":"post_tag","embeddable":true,"href":"https:\/\/www.atelierdocaractere.pt\/brevemente\/wp-json\/wp\/v2\/tags?post=13857"}],"curies":[{"name":"wp","href":"https:\/\/api.w.org\/{rel}","templated":true}]}}