{"id":13866,"date":"2025-07-04T14:53:05","date_gmt":"2025-07-04T14:53:05","guid":{"rendered":"https:\/\/www.atelierdocaractere.pt\/brevemente\/?p=13866"},"modified":"2025-07-04T14:54:51","modified_gmt":"2025-07-04T14:54:51","slug":"dacia-consolida-a-lideranca-entre-os-clientes-particulares-no-primeiro-semestre","status":"publish","type":"post","link":"https:\/\/www.atelierdocaractere.pt\/brevemente\/dacia-consolida-a-lideranca-entre-os-clientes-particulares-no-primeiro-semestre\/","title":{"rendered":"DACIA CONSOLIDA A LIDERAN\u00c7A ENTRE OS\u00a0CLIENTES PARTICULARES NO PRIMEIRO SEMESTRE"},"content":{"rendered":"\n<p><strong>A Dacia Portugal encerrou o primeiro semestre de 2025 com resultados comerciais excecionais, consolidando a sua lideran\u00e7a no mercado de clientes particulares e alcan\u00e7ando novos marcos no mercado absoluto de autom\u00f3veis de passageiros, mas tamb\u00e9m de el\u00e9tricos.<\/strong><\/p>\n\n\n\n<p>Desde que foi apresentada ao mercado portugu\u00eas, a 24 de abril de 2008, a Dacia tem desafiado todas as expectativas, tornando-se um caso \u00edmpar de sucesso e uma das marcas mais vendidas no pa\u00eds, tend\u00eancia que os resultados do primeiro semestre deste ano v\u00eam confirmar.<\/p>\n\n\n\n<h3 class=\"wp-block-heading\"><strong>Dacia consolida-se como a marca preferida dos portugueses<\/strong><\/h3>\n\n\n\n<p>Entre janeiro e junho de 2025, a Dacia reafirmou a sua posi\u00e7\u00e3o de marca preferida dos clientes particulares, atingindo uma quota de mercado de 21,5%, correspondente \u00e0 venda de 5.232 unidades. Este resultado significa que mais de um em cada cinco portugueses que adquiriu um autom\u00f3vel particular escolheu um Dacia, refletindo um not\u00e1vel crescimento de 35% face ao per\u00edodo hom\u00f3logo, num mercado que cresceu 11,4% (total de 24.309 unidades).<\/p>\n\n\n\n<h3 class=\"wp-block-heading\"><strong>Duster e Sandero foram os modelos preferidos dos portugueses<\/strong><\/h3>\n\n\n\n<p>J\u00e1 os modelos Dacia Duster e Dacia Sandero foram os autom\u00f3veis mais vendidos a particulares, em Portugal. S\u00f3 do Duster foram registadas 2.155 matr\u00edculas, apenas mais 63 do que do Sandero.<\/p>\n\n\n\n<h3 class=\"wp-block-heading\"><strong>Dacia foi a segunda marca mais vendida do mercado<\/strong><\/h3>\n\n\n\n<p>A Dacia conquistou tamb\u00e9m um impressionante segundo lugar no ranking nacional de marcas mais vendidas no segmento de ve\u00edculos de passageiros, com 9.425 ve\u00edculos vendidos, o que representa 7,6% de quota de mercado.<\/p>\n\n\n\n<p>O mercado total de passageiros registou 124.043 matr\u00edculas, com um crescimento de 6,5% face ao primeiro semestre de 2024.<\/p>\n\n\n\n<h3 class=\"wp-block-heading\"><strong>Dacia Spring o el\u00e9trico de elei\u00e7\u00e3o dos particulares<\/strong><\/h3>\n\n\n\n<p>No segmento da mobilidade el\u00e9trica, o Dacia Spring brilhou como o autom\u00f3vel 100% el\u00e9trico mais vendido a particulares, em Portugal, com 348 unidades matriculadas. Este resultado expressa um crescimento superior a 300%, ultrapassando significativamente o crescimento do pr\u00f3prio mercado de el\u00e9tricos, que registou 123% no mesmo per\u00edodo.<\/p>\n\n\n\n<h3 class=\"wp-block-heading\"><strong>Bigster ultrapassa as 500 encomendas em Portugal<\/strong><\/h3>\n\n\n\n<p>O aguardado Dacia Bigster tem gerado um forte entusiasmo junto dos consumidores portugueses, somando j\u00e1 mais de 500 encomendas no nosso pa\u00eds \u2013 um n\u00famero impressionante uma vez que chegou aos Concession\u00e1rios Dacia h\u00e1 poucas semanas \u2013 e totaliza mais de 40.000 encomendas a n\u00edvel internacional. Dispon\u00edvel a partir de 24.550 euros, o novo SUV do segmento C refor\u00e7a o compromisso da Dacia com a melhor rela\u00e7\u00e3o qualidade\/pre\u00e7o do mercado. Com um design robusto e focado no essencial, tecnologia avan\u00e7ada (incluindo grupos propulsores eletrificados, ecr\u00e3 t\u00e1til de 10,1 polegadas e painel de instrumentos digital), conforto otimizado (espa\u00e7o interior excecional, climatiza\u00e7\u00e3o bi-zona, sistema de som Arkamys 3D) e versatilidade (maior capacidade de carga, capacidades todo-o-terreno e op\u00e7\u00e3o 4&#215;4), o Bigster \u00e9 a materializa\u00e7\u00e3o da promessa de &#8220;mais Dacia&#8221;.<\/p>\n\n\n\n<p><\/p>\n","protected":false},"excerpt":{"rendered":"<p>A Dacia Portugal encerrou o primeiro semestre de 2025 com resultados comerciais excecionais, consolidando a sua lideran\u00e7a no mercado de&#8230;<\/p>\n","protected":false},"author":8,"featured_media":13868,"comment_status":"closed","ping_status":"open","sticky":false,"template":"","format":"standard","meta":[],"categories":[28],"tags":[81,161,162,85,87],"yoast_head":"<!-- This site is optimized with the Yoast SEO plugin v20.12 - https:\/\/yoast.com\/wordpress\/plugins\/seo\/ -->\n<title>DACIA CONSOLIDA A LIDERAN\u00c7A ENTRE OS\u00a0CLIENTES PARTICULARES NO PRIMEIRO SEMESTRE - Atelier do Caractere<\/title>\n<meta name=\"robots\" content=\"index, follow, max-snippet:-1, max-image-preview:large, max-video-preview:-1\" \/>\n<link rel=\"canonical\" href=\"https:\/\/www.atelierdocaractere.pt\/brevemente\/dacia-consolida-a-lideranca-entre-os-clientes-particulares-no-primeiro-semestre\/\" \/>\n<meta property=\"og:locale\" content=\"pt_PT\" \/>\n<meta property=\"og:type\" content=\"article\" \/>\n<meta property=\"og:title\" content=\"DACIA CONSOLIDA A LIDERAN\u00c7A ENTRE OS\u00a0CLIENTES PARTICULARES NO PRIMEIRO SEMESTRE - Atelier do Caractere\" \/>\n<meta property=\"og:description\" content=\"A Dacia Portugal encerrou o primeiro semestre de 2025 com resultados comerciais excecionais, consolidando a sua lideran\u00e7a no mercado de...\" \/>\n<meta property=\"og:url\" content=\"https:\/\/www.atelierdocaractere.pt\/brevemente\/dacia-consolida-a-lideranca-entre-os-clientes-particulares-no-primeiro-semestre\/\" \/>\n<meta property=\"og:site_name\" content=\"Atelier do Caractere\" \/>\n<meta property=\"article:publisher\" content=\"https:\/\/www.facebook.com\/AtelierdoCaractere\" \/>\n<meta property=\"article:published_time\" content=\"2025-07-04T14:53:05+00:00\" \/>\n<meta property=\"article:modified_time\" content=\"2025-07-04T14:54:51+00:00\" \/>\n<meta property=\"og:image\" content=\"https:\/\/www.atelierdocaractere.pt\/wp-content\/uploads\/2025\/07\/whatsapp-image-2025-07-04-at-155200.jpeg\" \/>\n\t<meta property=\"og:image:width\" content=\"1280\" \/>\n\t<meta property=\"og:image:height\" content=\"717\" \/>\n\t<meta property=\"og:image:type\" content=\"image\/jpeg\" \/>\n<meta name=\"author\" content=\"Andr\u00e9 Lopes\" \/>\n<meta name=\"twitter:card\" content=\"summary_large_image\" \/>\n<meta name=\"twitter:label1\" content=\"Escrito por\" \/>\n\t<meta name=\"twitter:data1\" content=\"Andr\u00e9 Lopes\" \/>\n\t<meta name=\"twitter:label2\" content=\"Tempo estimado de leitura\" \/>\n\t<meta name=\"twitter:data2\" content=\"3 minutos\" \/>\n<script type=\"application\/ld+json\" class=\"yoast-schema-graph\">{\"@context\":\"https:\/\/schema.org\",\"@graph\":[{\"@type\":\"WebPage\",\"@id\":\"https:\/\/www.atelierdocaractere.pt\/brevemente\/dacia-consolida-a-lideranca-entre-os-clientes-particulares-no-primeiro-semestre\/\",\"url\":\"https:\/\/www.atelierdocaractere.pt\/brevemente\/dacia-consolida-a-lideranca-entre-os-clientes-particulares-no-primeiro-semestre\/\",\"name\":\"DACIA CONSOLIDA A LIDERAN\u00c7A ENTRE OS\u00a0CLIENTES PARTICULARES NO PRIMEIRO SEMESTRE - Atelier do Caractere\",\"isPartOf\":{\"@id\":\"https:\/\/www.atelierdocaractere.pt\/brevemente\/#website\"},\"datePublished\":\"2025-07-04T14:53:05+00:00\",\"dateModified\":\"2025-07-04T14:54:51+00:00\",\"author\":{\"@id\":\"https:\/\/www.atelierdocaractere.pt\/brevemente\/#\/schema\/person\/434214d094c7f8243eba52cce01c3fbf\"},\"breadcrumb\":{\"@id\":\"https:\/\/www.atelierdocaractere.pt\/brevemente\/dacia-consolida-a-lideranca-entre-os-clientes-particulares-no-primeiro-semestre\/#breadcrumb\"},\"inLanguage\":\"pt-PT\",\"potentialAction\":[{\"@type\":\"ReadAction\",\"target\":[\"https:\/\/www.atelierdocaractere.pt\/brevemente\/dacia-consolida-a-lideranca-entre-os-clientes-particulares-no-primeiro-semestre\/\"]}]},{\"@type\":\"BreadcrumbList\",\"@id\":\"https:\/\/www.atelierdocaractere.pt\/brevemente\/dacia-consolida-a-lideranca-entre-os-clientes-particulares-no-primeiro-semestre\/#breadcrumb\",\"itemListElement\":[{\"@type\":\"ListItem\",\"position\":1,\"name\":\"In\u00edcio\",\"item\":\"https:\/\/www.atelierdocaractere.pt\/brevemente\/\"},{\"@type\":\"ListItem\",\"position\":2,\"name\":\"DACIA CONSOLIDA A LIDERAN\u00c7A ENTRE OS\u00a0CLIENTES PARTICULARES NO PRIMEIRO SEMESTRE\"}]},{\"@type\":\"WebSite\",\"@id\":\"https:\/\/www.atelierdocaractere.pt\/brevemente\/#website\",\"url\":\"https:\/\/www.atelierdocaractere.pt\/brevemente\/\",\"name\":\"Atelier do Caractere\",\"description\":\"\",\"potentialAction\":[{\"@type\":\"SearchAction\",\"target\":{\"@type\":\"EntryPoint\",\"urlTemplate\":\"https:\/\/www.atelierdocaractere.pt\/brevemente\/?s={search_term_string}\"},\"query-input\":\"required name=search_term_string\"}],\"inLanguage\":\"pt-PT\"},{\"@type\":\"Person\",\"@id\":\"https:\/\/www.atelierdocaractere.pt\/brevemente\/#\/schema\/person\/434214d094c7f8243eba52cce01c3fbf\",\"name\":\"Andr\u00e9 Lopes\",\"image\":{\"@type\":\"ImageObject\",\"inLanguage\":\"pt-PT\",\"@id\":\"https:\/\/www.atelierdocaractere.pt\/brevemente\/#\/schema\/person\/image\/\",\"url\":\"https:\/\/secure.gravatar.com\/avatar\/76af1c514620ffe1937f018fe03efb73?s=96&d=mm&r=g\",\"contentUrl\":\"https:\/\/secure.gravatar.com\/avatar\/76af1c514620ffe1937f018fe03efb73?s=96&d=mm&r=g\",\"caption\":\"Andr\u00e9 Lopes\"},\"url\":\"https:\/\/www.atelierdocaractere.pt\/brevemente\/author\/andre-lopes\/\"}]}<\/script>\n<!-- \/ Yoast SEO plugin. -->","yoast_head_json":{"title":"DACIA CONSOLIDA A LIDERAN\u00c7A ENTRE OS\u00a0CLIENTES PARTICULARES NO PRIMEIRO SEMESTRE - Atelier do Caractere","robots":{"index":"index","follow":"follow","max-snippet":"max-snippet:-1","max-image-preview":"max-image-preview:large","max-video-preview":"max-video-preview:-1"},"canonical":"https:\/\/www.atelierdocaractere.pt\/brevemente\/dacia-consolida-a-lideranca-entre-os-clientes-particulares-no-primeiro-semestre\/","og_locale":"pt_PT","og_type":"article","og_title":"DACIA CONSOLIDA A LIDERAN\u00c7A ENTRE OS\u00a0CLIENTES PARTICULARES NO PRIMEIRO SEMESTRE - Atelier do Caractere","og_description":"A Dacia Portugal encerrou o primeiro semestre de 2025 com resultados comerciais excecionais, consolidando a sua lideran\u00e7a no mercado de...","og_url":"https:\/\/www.atelierdocaractere.pt\/brevemente\/dacia-consolida-a-lideranca-entre-os-clientes-particulares-no-primeiro-semestre\/","og_site_name":"Atelier do Caractere","article_publisher":"https:\/\/www.facebook.com\/AtelierdoCaractere","article_published_time":"2025-07-04T14:53:05+00:00","article_modified_time":"2025-07-04T14:54:51+00:00","og_image":[{"width":1280,"height":717,"url":"https:\/\/www.atelierdocaractere.pt\/wp-content\/uploads\/2025\/07\/whatsapp-image-2025-07-04-at-155200.jpeg","type":"image\/jpeg"}],"author":"Andr\u00e9 Lopes","twitter_card":"summary_large_image","twitter_misc":{"Escrito por":"Andr\u00e9 Lopes","Tempo estimado de leitura":"3 minutos"},"schema":{"@context":"https:\/\/schema.org","@graph":[{"@type":"WebPage","@id":"https:\/\/www.atelierdocaractere.pt\/brevemente\/dacia-consolida-a-lideranca-entre-os-clientes-particulares-no-primeiro-semestre\/","url":"https:\/\/www.atelierdocaractere.pt\/brevemente\/dacia-consolida-a-lideranca-entre-os-clientes-particulares-no-primeiro-semestre\/","name":"DACIA CONSOLIDA A LIDERAN\u00c7A ENTRE OS\u00a0CLIENTES PARTICULARES NO PRIMEIRO SEMESTRE - Atelier do Caractere","isPartOf":{"@id":"https:\/\/www.atelierdocaractere.pt\/brevemente\/#website"},"datePublished":"2025-07-04T14:53:05+00:00","dateModified":"2025-07-04T14:54:51+00:00","author":{"@id":"https:\/\/www.atelierdocaractere.pt\/brevemente\/#\/schema\/person\/434214d094c7f8243eba52cce01c3fbf"},"breadcrumb":{"@id":"https:\/\/www.atelierdocaractere.pt\/brevemente\/dacia-consolida-a-lideranca-entre-os-clientes-particulares-no-primeiro-semestre\/#breadcrumb"},"inLanguage":"pt-PT","potentialAction":[{"@type":"ReadAction","target":["https:\/\/www.atelierdocaractere.pt\/brevemente\/dacia-consolida-a-lideranca-entre-os-clientes-particulares-no-primeiro-semestre\/"]}]},{"@type":"BreadcrumbList","@id":"https:\/\/www.atelierdocaractere.pt\/brevemente\/dacia-consolida-a-lideranca-entre-os-clientes-particulares-no-primeiro-semestre\/#breadcrumb","itemListElement":[{"@type":"ListItem","position":1,"name":"In\u00edcio","item":"https:\/\/www.atelierdocaractere.pt\/brevemente\/"},{"@type":"ListItem","position":2,"name":"DACIA CONSOLIDA A LIDERAN\u00c7A ENTRE OS\u00a0CLIENTES PARTICULARES NO PRIMEIRO SEMESTRE"}]},{"@type":"WebSite","@id":"https:\/\/www.atelierdocaractere.pt\/brevemente\/#website","url":"https:\/\/www.atelierdocaractere.pt\/brevemente\/","name":"Atelier do Caractere","description":"","potentialAction":[{"@type":"SearchAction","target":{"@type":"EntryPoint","urlTemplate":"https:\/\/www.atelierdocaractere.pt\/brevemente\/?s={search_term_string}"},"query-input":"required name=search_term_string"}],"inLanguage":"pt-PT"},{"@type":"Person","@id":"https:\/\/www.atelierdocaractere.pt\/brevemente\/#\/schema\/person\/434214d094c7f8243eba52cce01c3fbf","name":"Andr\u00e9 Lopes","image":{"@type":"ImageObject","inLanguage":"pt-PT","@id":"https:\/\/www.atelierdocaractere.pt\/brevemente\/#\/schema\/person\/image\/","url":"https:\/\/secure.gravatar.com\/avatar\/76af1c514620ffe1937f018fe03efb73?s=96&d=mm&r=g","contentUrl":"https:\/\/secure.gravatar.com\/avatar\/76af1c514620ffe1937f018fe03efb73?s=96&d=mm&r=g","caption":"Andr\u00e9 Lopes"},"url":"https:\/\/www.atelierdocaractere.pt\/brevemente\/author\/andre-lopes\/"}]}},"_links":{"self":[{"href":"https:\/\/www.atelierdocaractere.pt\/brevemente\/wp-json\/wp\/v2\/posts\/13866"}],"collection":[{"href":"https:\/\/www.atelierdocaractere.pt\/brevemente\/wp-json\/wp\/v2\/posts"}],"about":[{"href":"https:\/\/www.atelierdocaractere.pt\/brevemente\/wp-json\/wp\/v2\/types\/post"}],"author":[{"embeddable":true,"href":"https:\/\/www.atelierdocaractere.pt\/brevemente\/wp-json\/wp\/v2\/users\/8"}],"replies":[{"embeddable":true,"href":"https:\/\/www.atelierdocaractere.pt\/brevemente\/wp-json\/wp\/v2\/comments?post=13866"}],"version-history":[{"count":1,"href":"https:\/\/www.atelierdocaractere.pt\/brevemente\/wp-json\/wp\/v2\/posts\/13866\/revisions"}],"predecessor-version":[{"id":13869,"href":"https:\/\/www.atelierdocaractere.pt\/brevemente\/wp-json\/wp\/v2\/posts\/13866\/revisions\/13869"}],"wp:featuredmedia":[{"embeddable":true,"href":"https:\/\/www.atelierdocaractere.pt\/brevemente\/wp-json\/wp\/v2\/media\/13868"}],"wp:attachment":[{"href":"https:\/\/www.atelierdocaractere.pt\/brevemente\/wp-json\/wp\/v2\/media?parent=13866"}],"wp:term":[{"taxonomy":"category","embeddable":true,"href":"https:\/\/www.atelierdocaractere.pt\/brevemente\/wp-json\/wp\/v2\/categories?post=13866"},{"taxonomy":"post_tag","embeddable":true,"href":"https:\/\/www.atelierdocaractere.pt\/brevemente\/wp-json\/wp\/v2\/tags?post=13866"}],"curies":[{"name":"wp","href":"https:\/\/api.w.org\/{rel}","templated":true}]}}