{"id":13871,"date":"2025-07-09T11:01:32","date_gmt":"2025-07-09T11:01:32","guid":{"rendered":"https:\/\/www.atelierdocaractere.pt\/brevemente\/?p=13871"},"modified":"2025-07-09T11:01:35","modified_gmt":"2025-07-09T11:01:35","slug":"manutencao-automovel-acessivel-a-todos-a-motrio-anuncia-plano-de-expansao-da-sua-rede-de-oficinas-automoveis-em-portugal","status":"publish","type":"post","link":"https:\/\/www.atelierdocaractere.pt\/brevemente\/manutencao-automovel-acessivel-a-todos-a-motrio-anuncia-plano-de-expansao-da-sua-rede-de-oficinas-automoveis-em-portugal\/","title":{"rendered":"MANUTEN\u00c7\u00c3O AUTOM\u00d3VEL ACESS\u00cdVEL A TODOS. A MOTRIO ANUNCIA PLANO DE EXPANS\u00c3O DA SUA REDE DE OFICINAS AUTOM\u00d3VEIS EM PORTUGAL"},"content":{"rendered":"\n<p><strong>A MOTRIO anuncia um plano de expans\u00e3o da sua rede de oficinas de autom\u00f3veis, em Portugal. Atualmente, com 60 estabelecimentos, a marca tem como objetivo alargar o n\u00famero de oficinas em atividade at\u00e9 ao final do ano. A MOTRIO responde \u00e0s necessidades de assist\u00eancia e manuten\u00e7\u00e3o a modelos de todas as marcas, incluindo os que est\u00e3o dentro da garantia, com pre\u00e7os mais competitivos.<\/strong><\/p>\n\n\n\n<p>A&nbsp;<strong>MOTRIO<\/strong>&nbsp;\u00e9 uma rede de oficinas multimarca pertencente ao&nbsp;<strong>Grupo Renault<\/strong>&nbsp;que tem como miss\u00e3o apoiar as oficinas autom\u00f3veis no seu trabalho do dia-a-dia e ajudar a desenvolver oportunidades comerciais. A marca est\u00e1 \u00e0 procura de novos parceiros com o objetivo de expandir a sua rede, em Portugal.<\/p>\n\n\n\n<p>Criada em 1998 e com uma larga experi\u00eancia no setor, \u00e9 um aliado de confian\u00e7a para os seus parceiros de neg\u00f3cio, mas tamb\u00e9m para o cliente final.<\/p>\n\n\n\n<p>A marca sofreu uma reformula\u00e7\u00e3o total, em 2022, quando passou a beneficiar de uma unidade de neg\u00f3cios exclusiva, a MOTRIO BU (MOTRIO Business Unit). Com uma imagem mais moderna e uma mais eficiente oferta de servi\u00e7os, a MOTRIO \u00e9 uma rede de oficinas que se adapta \u00e0s diferentes necessidades e exig\u00eancias, tanto de clientes particulares como profissionais, diferenciando-se por:<\/p>\n\n\n\n<ul>\n<li>Acesso a 40.000 pe\u00e7as Renault, Dacia e multimarca, que cobrem 85% do parque autom\u00f3vel circulante. S\u00e3o refer\u00eancias equivalentes \u00e0s originais, com garantia de qualidade.<\/li>\n\n\n\n<li>Utiliza\u00e7\u00e3o de equipamentos de diagn\u00f3stico avan\u00e7ados, de \u00faltima gera\u00e7\u00e3o, com pre\u00e7os e licen\u00e7as exclusivas para oficinas MOTRIO, com cobertura multimarca.<\/li>\n\n\n\n<li>Benef\u00edcio de um plano de forma\u00e7\u00e3o cont\u00ednua, dispon\u00edvel tamb\u00e9m em formato remoto, focado n\u00e3o s\u00f3 na \u00e1rea t\u00e9cnica, mas tamb\u00e9m na gest\u00e3o e no apoio ao cliente. Toda a equipa t\u00e9cnica fica preparada para diagnosticar e resolver problemas, incluindo em ve\u00edculos eletrificados, com acesso a assist\u00eancia online especializada.<\/li>\n\n\n\n<li>Disponibiliza\u00e7\u00e3o de solu\u00e7\u00f5es digitais relevantes, com destaque para um website com \u00e1rea reservada ao utilizador, onde \u00e9 poss\u00edvel consultar o cat\u00e1logo completo de pe\u00e7as e agendar online a assist\u00eancia ao ve\u00edculo.<\/li>\n\n\n\n<li>Aus\u00eancia de pagamento de franquia por parte das oficinas associadas \u2014 apenas um compromisso contratual ajustado \u00e0 realidade de cada oficina. Inclui ainda uma pol\u00edtica comercial robusta, com bonifica\u00e7\u00f5es e oferta de sinal\u00e9tica exterior.<\/li>\n\n\n\n<li>Solu\u00e7\u00f5es integradas para o DMS, com tabelas de pre\u00e7os e licen\u00e7as exclusivas para oficinas MOTRIO.<\/li>\n<\/ul>\n\n\n\n<p>A MOTRIO conta, atualmente, com 60 oficinas no pa\u00eds, n\u00famero esse que ser\u00e1 alargado at\u00e9 ao final deste ano. Al\u00e9m de Portugal, a MOTRIO est\u00e1 representada em 90 pa\u00edses, com uma rede de 2.500 oficinas.<\/p>\n","protected":false},"excerpt":{"rendered":"<p>A MOTRIO anuncia um plano de expans\u00e3o da sua rede de oficinas de autom\u00f3veis, em Portugal. Atualmente, com 60 estabelecimentos,&#8230;<\/p>\n","protected":false},"author":8,"featured_media":13872,"comment_status":"closed","ping_status":"open","sticky":false,"template":"","format":"standard","meta":[],"categories":[28],"tags":[81,85,87],"yoast_head":"<!-- This site is optimized with the Yoast SEO plugin v20.12 - https:\/\/yoast.com\/wordpress\/plugins\/seo\/ -->\n<title>MANUTEN\u00c7\u00c3O AUTOM\u00d3VEL ACESS\u00cdVEL A TODOS. A MOTRIO ANUNCIA PLANO DE EXPANS\u00c3O DA SUA REDE DE OFICINAS AUTOM\u00d3VEIS EM PORTUGAL - Atelier do Caractere<\/title>\n<meta name=\"robots\" content=\"index, follow, max-snippet:-1, max-image-preview:large, max-video-preview:-1\" \/>\n<link rel=\"canonical\" href=\"https:\/\/www.atelierdocaractere.pt\/brevemente\/manutencao-automovel-acessivel-a-todos-a-motrio-anuncia-plano-de-expansao-da-sua-rede-de-oficinas-automoveis-em-portugal\/\" \/>\n<meta property=\"og:locale\" content=\"pt_PT\" \/>\n<meta property=\"og:type\" content=\"article\" \/>\n<meta property=\"og:title\" content=\"MANUTEN\u00c7\u00c3O AUTOM\u00d3VEL ACESS\u00cdVEL A TODOS. A MOTRIO ANUNCIA PLANO DE EXPANS\u00c3O DA SUA REDE DE OFICINAS AUTOM\u00d3VEIS EM PORTUGAL - Atelier do Caractere\" \/>\n<meta property=\"og:description\" content=\"A MOTRIO anuncia um plano de expans\u00e3o da sua rede de oficinas de autom\u00f3veis, em Portugal. Atualmente, com 60 estabelecimentos,...\" \/>\n<meta property=\"og:url\" content=\"https:\/\/www.atelierdocaractere.pt\/brevemente\/manutencao-automovel-acessivel-a-todos-a-motrio-anuncia-plano-de-expansao-da-sua-rede-de-oficinas-automoveis-em-portugal\/\" \/>\n<meta property=\"og:site_name\" content=\"Atelier do Caractere\" \/>\n<meta property=\"article:publisher\" content=\"https:\/\/www.facebook.com\/AtelierdoCaractere\" \/>\n<meta property=\"article:published_time\" content=\"2025-07-09T11:01:32+00:00\" \/>\n<meta property=\"article:modified_time\" content=\"2025-07-09T11:01:35+00:00\" \/>\n<meta property=\"og:image\" content=\"https:\/\/www.atelierdocaractere.pt\/wp-content\/uploads\/2025\/07\/whatsapp-image-2025-07-09-at-115818.jpeg\" \/>\n\t<meta property=\"og:image:width\" content=\"1280\" \/>\n\t<meta property=\"og:image:height\" content=\"854\" \/>\n\t<meta property=\"og:image:type\" content=\"image\/jpeg\" \/>\n<meta name=\"author\" content=\"Andr\u00e9 Lopes\" \/>\n<meta name=\"twitter:card\" content=\"summary_large_image\" \/>\n<meta name=\"twitter:label1\" content=\"Escrito por\" \/>\n\t<meta name=\"twitter:data1\" content=\"Andr\u00e9 Lopes\" \/>\n\t<meta name=\"twitter:label2\" content=\"Tempo estimado de leitura\" \/>\n\t<meta name=\"twitter:data2\" content=\"3 minutos\" \/>\n<script type=\"application\/ld+json\" class=\"yoast-schema-graph\">{\"@context\":\"https:\/\/schema.org\",\"@graph\":[{\"@type\":\"WebPage\",\"@id\":\"https:\/\/www.atelierdocaractere.pt\/brevemente\/manutencao-automovel-acessivel-a-todos-a-motrio-anuncia-plano-de-expansao-da-sua-rede-de-oficinas-automoveis-em-portugal\/\",\"url\":\"https:\/\/www.atelierdocaractere.pt\/brevemente\/manutencao-automovel-acessivel-a-todos-a-motrio-anuncia-plano-de-expansao-da-sua-rede-de-oficinas-automoveis-em-portugal\/\",\"name\":\"MANUTEN\u00c7\u00c3O AUTOM\u00d3VEL ACESS\u00cdVEL A TODOS. A MOTRIO ANUNCIA PLANO DE EXPANS\u00c3O DA SUA REDE DE OFICINAS AUTOM\u00d3VEIS EM PORTUGAL - Atelier do Caractere\",\"isPartOf\":{\"@id\":\"https:\/\/www.atelierdocaractere.pt\/brevemente\/#website\"},\"datePublished\":\"2025-07-09T11:01:32+00:00\",\"dateModified\":\"2025-07-09T11:01:35+00:00\",\"author\":{\"@id\":\"https:\/\/www.atelierdocaractere.pt\/brevemente\/#\/schema\/person\/434214d094c7f8243eba52cce01c3fbf\"},\"breadcrumb\":{\"@id\":\"https:\/\/www.atelierdocaractere.pt\/brevemente\/manutencao-automovel-acessivel-a-todos-a-motrio-anuncia-plano-de-expansao-da-sua-rede-de-oficinas-automoveis-em-portugal\/#breadcrumb\"},\"inLanguage\":\"pt-PT\",\"potentialAction\":[{\"@type\":\"ReadAction\",\"target\":[\"https:\/\/www.atelierdocaractere.pt\/brevemente\/manutencao-automovel-acessivel-a-todos-a-motrio-anuncia-plano-de-expansao-da-sua-rede-de-oficinas-automoveis-em-portugal\/\"]}]},{\"@type\":\"BreadcrumbList\",\"@id\":\"https:\/\/www.atelierdocaractere.pt\/brevemente\/manutencao-automovel-acessivel-a-todos-a-motrio-anuncia-plano-de-expansao-da-sua-rede-de-oficinas-automoveis-em-portugal\/#breadcrumb\",\"itemListElement\":[{\"@type\":\"ListItem\",\"position\":1,\"name\":\"In\u00edcio\",\"item\":\"https:\/\/www.atelierdocaractere.pt\/brevemente\/\"},{\"@type\":\"ListItem\",\"position\":2,\"name\":\"MANUTEN\u00c7\u00c3O AUTOM\u00d3VEL ACESS\u00cdVEL A TODOS. A MOTRIO ANUNCIA PLANO DE EXPANS\u00c3O DA SUA REDE DE OFICINAS AUTOM\u00d3VEIS EM PORTUGAL\"}]},{\"@type\":\"WebSite\",\"@id\":\"https:\/\/www.atelierdocaractere.pt\/brevemente\/#website\",\"url\":\"https:\/\/www.atelierdocaractere.pt\/brevemente\/\",\"name\":\"Atelier do Caractere\",\"description\":\"\",\"potentialAction\":[{\"@type\":\"SearchAction\",\"target\":{\"@type\":\"EntryPoint\",\"urlTemplate\":\"https:\/\/www.atelierdocaractere.pt\/brevemente\/?s={search_term_string}\"},\"query-input\":\"required name=search_term_string\"}],\"inLanguage\":\"pt-PT\"},{\"@type\":\"Person\",\"@id\":\"https:\/\/www.atelierdocaractere.pt\/brevemente\/#\/schema\/person\/434214d094c7f8243eba52cce01c3fbf\",\"name\":\"Andr\u00e9 Lopes\",\"image\":{\"@type\":\"ImageObject\",\"inLanguage\":\"pt-PT\",\"@id\":\"https:\/\/www.atelierdocaractere.pt\/brevemente\/#\/schema\/person\/image\/\",\"url\":\"https:\/\/secure.gravatar.com\/avatar\/76af1c514620ffe1937f018fe03efb73?s=96&d=mm&r=g\",\"contentUrl\":\"https:\/\/secure.gravatar.com\/avatar\/76af1c514620ffe1937f018fe03efb73?s=96&d=mm&r=g\",\"caption\":\"Andr\u00e9 Lopes\"},\"url\":\"https:\/\/www.atelierdocaractere.pt\/brevemente\/author\/andre-lopes\/\"}]}<\/script>\n<!-- \/ Yoast SEO plugin. -->","yoast_head_json":{"title":"MANUTEN\u00c7\u00c3O AUTOM\u00d3VEL ACESS\u00cdVEL A TODOS. A MOTRIO ANUNCIA PLANO DE EXPANS\u00c3O DA SUA REDE DE OFICINAS AUTOM\u00d3VEIS EM PORTUGAL - Atelier do Caractere","robots":{"index":"index","follow":"follow","max-snippet":"max-snippet:-1","max-image-preview":"max-image-preview:large","max-video-preview":"max-video-preview:-1"},"canonical":"https:\/\/www.atelierdocaractere.pt\/brevemente\/manutencao-automovel-acessivel-a-todos-a-motrio-anuncia-plano-de-expansao-da-sua-rede-de-oficinas-automoveis-em-portugal\/","og_locale":"pt_PT","og_type":"article","og_title":"MANUTEN\u00c7\u00c3O AUTOM\u00d3VEL ACESS\u00cdVEL A TODOS. A MOTRIO ANUNCIA PLANO DE EXPANS\u00c3O DA SUA REDE DE OFICINAS AUTOM\u00d3VEIS EM PORTUGAL - Atelier do Caractere","og_description":"A MOTRIO anuncia um plano de expans\u00e3o da sua rede de oficinas de autom\u00f3veis, em Portugal. Atualmente, com 60 estabelecimentos,...","og_url":"https:\/\/www.atelierdocaractere.pt\/brevemente\/manutencao-automovel-acessivel-a-todos-a-motrio-anuncia-plano-de-expansao-da-sua-rede-de-oficinas-automoveis-em-portugal\/","og_site_name":"Atelier do Caractere","article_publisher":"https:\/\/www.facebook.com\/AtelierdoCaractere","article_published_time":"2025-07-09T11:01:32+00:00","article_modified_time":"2025-07-09T11:01:35+00:00","og_image":[{"width":1280,"height":854,"url":"https:\/\/www.atelierdocaractere.pt\/wp-content\/uploads\/2025\/07\/whatsapp-image-2025-07-09-at-115818.jpeg","type":"image\/jpeg"}],"author":"Andr\u00e9 Lopes","twitter_card":"summary_large_image","twitter_misc":{"Escrito por":"Andr\u00e9 Lopes","Tempo estimado de leitura":"3 minutos"},"schema":{"@context":"https:\/\/schema.org","@graph":[{"@type":"WebPage","@id":"https:\/\/www.atelierdocaractere.pt\/brevemente\/manutencao-automovel-acessivel-a-todos-a-motrio-anuncia-plano-de-expansao-da-sua-rede-de-oficinas-automoveis-em-portugal\/","url":"https:\/\/www.atelierdocaractere.pt\/brevemente\/manutencao-automovel-acessivel-a-todos-a-motrio-anuncia-plano-de-expansao-da-sua-rede-de-oficinas-automoveis-em-portugal\/","name":"MANUTEN\u00c7\u00c3O AUTOM\u00d3VEL ACESS\u00cdVEL A TODOS. A MOTRIO ANUNCIA PLANO DE EXPANS\u00c3O DA SUA REDE DE OFICINAS AUTOM\u00d3VEIS EM PORTUGAL - Atelier do Caractere","isPartOf":{"@id":"https:\/\/www.atelierdocaractere.pt\/brevemente\/#website"},"datePublished":"2025-07-09T11:01:32+00:00","dateModified":"2025-07-09T11:01:35+00:00","author":{"@id":"https:\/\/www.atelierdocaractere.pt\/brevemente\/#\/schema\/person\/434214d094c7f8243eba52cce01c3fbf"},"breadcrumb":{"@id":"https:\/\/www.atelierdocaractere.pt\/brevemente\/manutencao-automovel-acessivel-a-todos-a-motrio-anuncia-plano-de-expansao-da-sua-rede-de-oficinas-automoveis-em-portugal\/#breadcrumb"},"inLanguage":"pt-PT","potentialAction":[{"@type":"ReadAction","target":["https:\/\/www.atelierdocaractere.pt\/brevemente\/manutencao-automovel-acessivel-a-todos-a-motrio-anuncia-plano-de-expansao-da-sua-rede-de-oficinas-automoveis-em-portugal\/"]}]},{"@type":"BreadcrumbList","@id":"https:\/\/www.atelierdocaractere.pt\/brevemente\/manutencao-automovel-acessivel-a-todos-a-motrio-anuncia-plano-de-expansao-da-sua-rede-de-oficinas-automoveis-em-portugal\/#breadcrumb","itemListElement":[{"@type":"ListItem","position":1,"name":"In\u00edcio","item":"https:\/\/www.atelierdocaractere.pt\/brevemente\/"},{"@type":"ListItem","position":2,"name":"MANUTEN\u00c7\u00c3O AUTOM\u00d3VEL ACESS\u00cdVEL A TODOS. A MOTRIO ANUNCIA PLANO DE EXPANS\u00c3O DA SUA REDE DE OFICINAS AUTOM\u00d3VEIS EM PORTUGAL"}]},{"@type":"WebSite","@id":"https:\/\/www.atelierdocaractere.pt\/brevemente\/#website","url":"https:\/\/www.atelierdocaractere.pt\/brevemente\/","name":"Atelier do Caractere","description":"","potentialAction":[{"@type":"SearchAction","target":{"@type":"EntryPoint","urlTemplate":"https:\/\/www.atelierdocaractere.pt\/brevemente\/?s={search_term_string}"},"query-input":"required name=search_term_string"}],"inLanguage":"pt-PT"},{"@type":"Person","@id":"https:\/\/www.atelierdocaractere.pt\/brevemente\/#\/schema\/person\/434214d094c7f8243eba52cce01c3fbf","name":"Andr\u00e9 Lopes","image":{"@type":"ImageObject","inLanguage":"pt-PT","@id":"https:\/\/www.atelierdocaractere.pt\/brevemente\/#\/schema\/person\/image\/","url":"https:\/\/secure.gravatar.com\/avatar\/76af1c514620ffe1937f018fe03efb73?s=96&d=mm&r=g","contentUrl":"https:\/\/secure.gravatar.com\/avatar\/76af1c514620ffe1937f018fe03efb73?s=96&d=mm&r=g","caption":"Andr\u00e9 Lopes"},"url":"https:\/\/www.atelierdocaractere.pt\/brevemente\/author\/andre-lopes\/"}]}},"_links":{"self":[{"href":"https:\/\/www.atelierdocaractere.pt\/brevemente\/wp-json\/wp\/v2\/posts\/13871"}],"collection":[{"href":"https:\/\/www.atelierdocaractere.pt\/brevemente\/wp-json\/wp\/v2\/posts"}],"about":[{"href":"https:\/\/www.atelierdocaractere.pt\/brevemente\/wp-json\/wp\/v2\/types\/post"}],"author":[{"embeddable":true,"href":"https:\/\/www.atelierdocaractere.pt\/brevemente\/wp-json\/wp\/v2\/users\/8"}],"replies":[{"embeddable":true,"href":"https:\/\/www.atelierdocaractere.pt\/brevemente\/wp-json\/wp\/v2\/comments?post=13871"}],"version-history":[{"count":1,"href":"https:\/\/www.atelierdocaractere.pt\/brevemente\/wp-json\/wp\/v2\/posts\/13871\/revisions"}],"predecessor-version":[{"id":13873,"href":"https:\/\/www.atelierdocaractere.pt\/brevemente\/wp-json\/wp\/v2\/posts\/13871\/revisions\/13873"}],"wp:featuredmedia":[{"embeddable":true,"href":"https:\/\/www.atelierdocaractere.pt\/brevemente\/wp-json\/wp\/v2\/media\/13872"}],"wp:attachment":[{"href":"https:\/\/www.atelierdocaractere.pt\/brevemente\/wp-json\/wp\/v2\/media?parent=13871"}],"wp:term":[{"taxonomy":"category","embeddable":true,"href":"https:\/\/www.atelierdocaractere.pt\/brevemente\/wp-json\/wp\/v2\/categories?post=13871"},{"taxonomy":"post_tag","embeddable":true,"href":"https:\/\/www.atelierdocaractere.pt\/brevemente\/wp-json\/wp\/v2\/tags?post=13871"}],"curies":[{"name":"wp","href":"https:\/\/api.w.org\/{rel}","templated":true}]}}