{"id":13877,"date":"2025-07-09T14:16:00","date_gmt":"2025-07-09T14:16:00","guid":{"rendered":"https:\/\/www.atelierdocaractere.pt\/brevemente\/?p=13877"},"modified":"2025-07-14T14:24:05","modified_gmt":"2025-07-14T14:24:05","slug":"multisport-weekend-coimbra-entregou-a-associacao-cavalo-azul-1500-euros-angariados-em-caminhada-solidaria","status":"publish","type":"post","link":"https:\/\/www.atelierdocaractere.pt\/brevemente\/multisport-weekend-coimbra-entregou-a-associacao-cavalo-azul-1500-euros-angariados-em-caminhada-solidaria\/","title":{"rendered":"MultiSport Weekend Coimbra entregou \u00e0 associa\u00e7\u00e3o Cavalo Azul 1500 euros angariados em Caminhada Solid\u00e1ria"},"content":{"rendered":"\n<p>Caminhada Solid\u00e1ria integrou o MultiSport Weekend Coimbra 2025, evento que mobilizou a cidade e a regi\u00e3o de Coimbra durante dois dias de junho<\/p>\n\n\n\n<p>A organiza\u00e7\u00e3o do&nbsp;<a><strong>MultiSport&nbsp;<\/strong><\/a><a><strong>Weekend Coimbra&nbsp;<\/strong><\/a><strong>2025&nbsp;<\/strong><strong>&#8211; LTD Edition<\/strong>&nbsp;entregou hoje o valor angariado com a Caminhada Solid\u00e1ria que integrou o programa do evento, realizado nos dias 14 e 15 de junho. A verba, que totalizou&nbsp;<strong>1500 euros<\/strong>, foi entregue \u00e0&nbsp;<strong>Associa\u00e7\u00e3o Cavalo Azul<\/strong>, institui\u00e7\u00e3o de apoio a pessoas com defici\u00eancia intelectual e multidefici\u00eancia.<\/p>\n\n\n\n<p>A cerim\u00f3nia de entrega, que decorreu no Sal\u00e3o Nobre da C\u00e2mara Municipal de Coimbra, contou com a presen\u00e7a de&nbsp;<strong>Jos\u00e9 Manuel Silva<\/strong>, Presidente da C\u00e2mara Municipal de Coimbra,&nbsp;<strong>Carlos Lopes<\/strong>, vereador do Desporto da mesma autarquia,&nbsp;<strong>Ricardo Lacerda<\/strong>, da Multisport Portugal,&nbsp;<strong>Teresa Jorge&nbsp;<\/strong>e<strong>&nbsp;Eduardo Barata<\/strong>, da Metro Mondego, e ainda&nbsp;<strong>Ana S\u00e1<\/strong>&nbsp;e&nbsp;<strong>Marisa Lopes<\/strong>, da Associa\u00e7\u00e3o Cavalo Azul.<\/p>\n\n\n\n<p>A Caminhada Solid\u00e1ria do MultiSport Weekend Coimbra, com um percurso de 6,5 quil\u00f3metros, decorreu no tra\u00e7ado do canal do Metro Mondego, entre a Quinta da Ponte e o Largo da Portagem, em Coimbra. Os cerca de 300 participantes pagaram 5 euros de inscri\u00e7\u00e3o, que reverteram integralmente para a Cavalo Azul.&nbsp;<\/p>\n\n\n\n<p>A iniciativa integrou um fim de semana de intensa atividade desportiva, em que mais de 1500 atletas participaram em provas de atletismo e ciclismo no canal do Metro Mondego, entre Coimbra, Miranda do Corvo e Lous\u00e3. O sucesso do evento ficou comprovado pela forte ades\u00e3o de participantes e com o apoio popular ao longo dos percursos.&nbsp;<\/p>\n\n\n\n<p><strong>Jos\u00e9 Manuel Silva,<\/strong><em>&nbsp;<\/em>Presidente da C\u00e2mara Municipal de Coimbra,<strong>&nbsp;<\/strong>manifestou o desejo de que esta tenha sido apenas a primeira de muitas provas a realizar no canal do Metro Mondego:<strong>&nbsp;<\/strong><em>\u201cQuando estamos todos juntos, fazem-se grandes realiza\u00e7\u00f5es. Com o Metro Mondego, Coimbra ganhou estruturas novas, \u00e0s quais estamos empenhados em dar um uso multifacetado, porque s\u00e3o outra forma de viver a comunidade, de viver a regi\u00e3o. Acredito que vamos continuar a trabalhar com o Metro Mondego para repetir esta experi\u00eancia, seja quem for que estiver nestes lugares no futuro. Organizar eventos com esta dimens\u00e3o projeta o nome de Coimbra para o exterior e afirma os nossos recursos. Temos c\u00e1 tudo o que \u00e9 necess\u00e1rio para subirmos de dimens\u00e3o. \u00c9 isso que nos move\u201d<\/em>.&nbsp;<\/p>\n\n\n\n<p><strong>Carlos Lopes<\/strong>, vereador do Desporto da C\u00e2mara Municipal de Coimbra, destaca o simbolismo do momento:&nbsp;<em>\u201cH\u00e1 gestos que s\u00f3 o desporto e quem o vive intensamente conseguem transmitir. O Munic\u00edpio de Coimbra associa-se de uma forma muito especial e com muita satisfa\u00e7\u00e3o ao gesto solid\u00e1rio promovido pela Multisport Portugal. Que este singelo gesto se possa replicar por outras iniciativas e entidades. A Cavalo Azul merece toda a nossa amizade e solidariedade. Juntos somos mesmo mais fortes!\u201d.<\/em><\/p>\n\n\n\n<p><strong>Ricardo Lacerda<\/strong>, da Multisport Portugal, respons\u00e1vel pelo evento, sublinha o poder do desporto:<em>&nbsp;\u201cA Caminhada Solid\u00e1ria organizada pela MultiSport em apoio \u00e0 Cavalo Azul refor\u00e7a o poder do desporto como ferramenta de transforma\u00e7\u00e3o social. Ao doar integralmente o valor das inscri\u00e7\u00f5es, incentivamos n\u00e3o apenas a sa\u00fade e o bem-estar dos participantes, mas garantimos tamb\u00e9m recursos essenciais para os projetos de uma institui\u00e7\u00e3o que trabalha incansavelmente por uma causa nobre. Juntos, mostramos que cada passo faz a diferen\u00e7a!\u201d<\/em>.<\/p>\n\n\n\n<p>Pela Metro Mondego, parceira da organiza\u00e7\u00e3o,&nbsp;<strong>Teresa Jorge<\/strong>&nbsp;real\u00e7a a participa\u00e7\u00e3o dos trabalhadores na caminhada:&nbsp;<em>\u201cA Metro Mondego congratula-se pelo sucesso da Caminhada Solid\u00e1ria, sublinhando a import\u00e2ncia da recolha de fundos para Associa\u00e7\u00e3o Cavalo Azul, mas tamb\u00e9m a oportunidade de mobiliza\u00e7\u00e3o de todos pelas causas da inclus\u00e3o e da igualdade. Com a participa\u00e7\u00e3o direta de uma equipa de trabalhadores e familiares, com mais de 50 participantes da Metro Mondego, este evento representou uma oportunidade \u00fanica para promover o esp\u00edrito de uni\u00e3o, refor\u00e7ar os la\u00e7os entre colegas e afirmar o compromisso da empresa com causas sociais. Esta jornada foi mais do que um desafio f\u00edsico \u2013 foi um momento de partilha, gratid\u00e3o e compromisso com valores que a Metro Mondego considera fundamentais: inclus\u00e3o, responsabilidade social e esp\u00edrito coletivo\u201d.<\/em><\/p>\n\n\n\n<p>Por parte da Associa\u00e7\u00e3o Cavalo Azul,&nbsp;<strong>Marisa Lopes<\/strong>, enaltece a solidariedade da comunidade e da organiza\u00e7\u00e3o:&nbsp;<em>\u201cA Cavalo Azul esteve presente na Caminhada Solid\u00e1ria organizada pela Multisport e comprovou a elevada aflu\u00eancia de p\u00fablico, os cuidados tidos pela organiza\u00e7\u00e3o em promover a seguran\u00e7a dos participantes e o bom ambiente durante a prova. Esta iniciativa foi muito mais que uma atividade f\u00edsica e de promo\u00e7\u00e3o da cidade de Coimbra. Foi tamb\u00e9m um evento solid\u00e1rio que permitir\u00e1 \u00e0 Cavalo Azul continuar a fazer a diferen\u00e7a na vida de pessoas com defici\u00eancia intelectual e multidefici\u00eancia. Estamos gratos por conseguirem fazer de um evento desportivo, t\u00e3o importante para a nossa cidade, tamb\u00e9m um evento solid\u00e1rio, que lembrou e deu visibilidade a pessoas que muitas vezes s\u00e3o esquecidas. Bem-hajam pela iniciativa\u201d<\/em>.<\/p>\n","protected":false},"excerpt":{"rendered":"<p>Caminhada Solid\u00e1ria integrou o MultiSport Weekend Coimbra 2025, evento que mobilizou a cidade e a regi\u00e3o de Coimbra durante dois&#8230;<\/p>\n","protected":false},"author":8,"featured_media":13879,"comment_status":"closed","ping_status":"open","sticky":false,"template":"","format":"standard","meta":[],"categories":[26],"tags":[81,737],"yoast_head":"<!-- This site is optimized with the Yoast SEO plugin v20.12 - https:\/\/yoast.com\/wordpress\/plugins\/seo\/ -->\n<title>MultiSport Weekend Coimbra entregou \u00e0 associa\u00e7\u00e3o Cavalo Azul 1500 euros angariados em Caminhada Solid\u00e1ria - Atelier do Caractere<\/title>\n<meta name=\"robots\" content=\"index, follow, max-snippet:-1, max-image-preview:large, max-video-preview:-1\" \/>\n<link rel=\"canonical\" href=\"https:\/\/www.atelierdocaractere.pt\/brevemente\/multisport-weekend-coimbra-entregou-a-associacao-cavalo-azul-1500-euros-angariados-em-caminhada-solidaria\/\" \/>\n<meta property=\"og:locale\" content=\"pt_PT\" \/>\n<meta property=\"og:type\" content=\"article\" \/>\n<meta property=\"og:title\" content=\"MultiSport Weekend Coimbra entregou \u00e0 associa\u00e7\u00e3o Cavalo Azul 1500 euros angariados em Caminhada Solid\u00e1ria - Atelier do Caractere\" \/>\n<meta property=\"og:description\" content=\"Caminhada Solid\u00e1ria integrou o MultiSport Weekend Coimbra 2025, evento que mobilizou a cidade e a regi\u00e3o de Coimbra durante dois...\" \/>\n<meta property=\"og:url\" content=\"https:\/\/www.atelierdocaractere.pt\/brevemente\/multisport-weekend-coimbra-entregou-a-associacao-cavalo-azul-1500-euros-angariados-em-caminhada-solidaria\/\" \/>\n<meta property=\"og:site_name\" content=\"Atelier do Caractere\" \/>\n<meta property=\"article:publisher\" content=\"https:\/\/www.facebook.com\/AtelierdoCaractere\" \/>\n<meta property=\"article:published_time\" content=\"2025-07-09T14:16:00+00:00\" \/>\n<meta property=\"article:modified_time\" content=\"2025-07-14T14:24:05+00:00\" \/>\n<meta property=\"og:image\" content=\"https:\/\/www.atelierdocaractere.pt\/wp-content\/uploads\/2025\/07\/whatsapp-image-2025-07-14-at-151954.jpeg\" \/>\n\t<meta property=\"og:image:width\" content=\"1280\" \/>\n\t<meta property=\"og:image:height\" content=\"960\" \/>\n\t<meta property=\"og:image:type\" content=\"image\/jpeg\" \/>\n<meta name=\"author\" content=\"Andr\u00e9 Lopes\" \/>\n<meta name=\"twitter:card\" content=\"summary_large_image\" \/>\n<meta name=\"twitter:label1\" content=\"Escrito por\" \/>\n\t<meta name=\"twitter:data1\" content=\"Andr\u00e9 Lopes\" \/>\n\t<meta name=\"twitter:label2\" content=\"Tempo estimado de leitura\" \/>\n\t<meta name=\"twitter:data2\" content=\"5 minutos\" \/>\n<script type=\"application\/ld+json\" class=\"yoast-schema-graph\">{\"@context\":\"https:\/\/schema.org\",\"@graph\":[{\"@type\":\"WebPage\",\"@id\":\"https:\/\/www.atelierdocaractere.pt\/brevemente\/multisport-weekend-coimbra-entregou-a-associacao-cavalo-azul-1500-euros-angariados-em-caminhada-solidaria\/\",\"url\":\"https:\/\/www.atelierdocaractere.pt\/brevemente\/multisport-weekend-coimbra-entregou-a-associacao-cavalo-azul-1500-euros-angariados-em-caminhada-solidaria\/\",\"name\":\"MultiSport Weekend Coimbra entregou \u00e0 associa\u00e7\u00e3o Cavalo Azul 1500 euros angariados em Caminhada Solid\u00e1ria - Atelier do Caractere\",\"isPartOf\":{\"@id\":\"https:\/\/www.atelierdocaractere.pt\/brevemente\/#website\"},\"datePublished\":\"2025-07-09T14:16:00+00:00\",\"dateModified\":\"2025-07-14T14:24:05+00:00\",\"author\":{\"@id\":\"https:\/\/www.atelierdocaractere.pt\/brevemente\/#\/schema\/person\/434214d094c7f8243eba52cce01c3fbf\"},\"breadcrumb\":{\"@id\":\"https:\/\/www.atelierdocaractere.pt\/brevemente\/multisport-weekend-coimbra-entregou-a-associacao-cavalo-azul-1500-euros-angariados-em-caminhada-solidaria\/#breadcrumb\"},\"inLanguage\":\"pt-PT\",\"potentialAction\":[{\"@type\":\"ReadAction\",\"target\":[\"https:\/\/www.atelierdocaractere.pt\/brevemente\/multisport-weekend-coimbra-entregou-a-associacao-cavalo-azul-1500-euros-angariados-em-caminhada-solidaria\/\"]}]},{\"@type\":\"BreadcrumbList\",\"@id\":\"https:\/\/www.atelierdocaractere.pt\/brevemente\/multisport-weekend-coimbra-entregou-a-associacao-cavalo-azul-1500-euros-angariados-em-caminhada-solidaria\/#breadcrumb\",\"itemListElement\":[{\"@type\":\"ListItem\",\"position\":1,\"name\":\"In\u00edcio\",\"item\":\"https:\/\/www.atelierdocaractere.pt\/brevemente\/\"},{\"@type\":\"ListItem\",\"position\":2,\"name\":\"MultiSport Weekend Coimbra entregou \u00e0 associa\u00e7\u00e3o Cavalo Azul 1500 euros angariados em Caminhada Solid\u00e1ria\"}]},{\"@type\":\"WebSite\",\"@id\":\"https:\/\/www.atelierdocaractere.pt\/brevemente\/#website\",\"url\":\"https:\/\/www.atelierdocaractere.pt\/brevemente\/\",\"name\":\"Atelier do Caractere\",\"description\":\"\",\"potentialAction\":[{\"@type\":\"SearchAction\",\"target\":{\"@type\":\"EntryPoint\",\"urlTemplate\":\"https:\/\/www.atelierdocaractere.pt\/brevemente\/?s={search_term_string}\"},\"query-input\":\"required name=search_term_string\"}],\"inLanguage\":\"pt-PT\"},{\"@type\":\"Person\",\"@id\":\"https:\/\/www.atelierdocaractere.pt\/brevemente\/#\/schema\/person\/434214d094c7f8243eba52cce01c3fbf\",\"name\":\"Andr\u00e9 Lopes\",\"image\":{\"@type\":\"ImageObject\",\"inLanguage\":\"pt-PT\",\"@id\":\"https:\/\/www.atelierdocaractere.pt\/brevemente\/#\/schema\/person\/image\/\",\"url\":\"https:\/\/secure.gravatar.com\/avatar\/76af1c514620ffe1937f018fe03efb73?s=96&d=mm&r=g\",\"contentUrl\":\"https:\/\/secure.gravatar.com\/avatar\/76af1c514620ffe1937f018fe03efb73?s=96&d=mm&r=g\",\"caption\":\"Andr\u00e9 Lopes\"},\"url\":\"https:\/\/www.atelierdocaractere.pt\/brevemente\/author\/andre-lopes\/\"}]}<\/script>\n<!-- \/ Yoast SEO plugin. -->","yoast_head_json":{"title":"MultiSport Weekend Coimbra entregou \u00e0 associa\u00e7\u00e3o Cavalo Azul 1500 euros angariados em Caminhada Solid\u00e1ria - Atelier do Caractere","robots":{"index":"index","follow":"follow","max-snippet":"max-snippet:-1","max-image-preview":"max-image-preview:large","max-video-preview":"max-video-preview:-1"},"canonical":"https:\/\/www.atelierdocaractere.pt\/brevemente\/multisport-weekend-coimbra-entregou-a-associacao-cavalo-azul-1500-euros-angariados-em-caminhada-solidaria\/","og_locale":"pt_PT","og_type":"article","og_title":"MultiSport Weekend Coimbra entregou \u00e0 associa\u00e7\u00e3o Cavalo Azul 1500 euros angariados em Caminhada Solid\u00e1ria - Atelier do Caractere","og_description":"Caminhada Solid\u00e1ria integrou o MultiSport Weekend Coimbra 2025, evento que mobilizou a cidade e a regi\u00e3o de Coimbra durante dois...","og_url":"https:\/\/www.atelierdocaractere.pt\/brevemente\/multisport-weekend-coimbra-entregou-a-associacao-cavalo-azul-1500-euros-angariados-em-caminhada-solidaria\/","og_site_name":"Atelier do Caractere","article_publisher":"https:\/\/www.facebook.com\/AtelierdoCaractere","article_published_time":"2025-07-09T14:16:00+00:00","article_modified_time":"2025-07-14T14:24:05+00:00","og_image":[{"width":1280,"height":960,"url":"https:\/\/www.atelierdocaractere.pt\/wp-content\/uploads\/2025\/07\/whatsapp-image-2025-07-14-at-151954.jpeg","type":"image\/jpeg"}],"author":"Andr\u00e9 Lopes","twitter_card":"summary_large_image","twitter_misc":{"Escrito por":"Andr\u00e9 Lopes","Tempo estimado de leitura":"5 minutos"},"schema":{"@context":"https:\/\/schema.org","@graph":[{"@type":"WebPage","@id":"https:\/\/www.atelierdocaractere.pt\/brevemente\/multisport-weekend-coimbra-entregou-a-associacao-cavalo-azul-1500-euros-angariados-em-caminhada-solidaria\/","url":"https:\/\/www.atelierdocaractere.pt\/brevemente\/multisport-weekend-coimbra-entregou-a-associacao-cavalo-azul-1500-euros-angariados-em-caminhada-solidaria\/","name":"MultiSport Weekend Coimbra entregou \u00e0 associa\u00e7\u00e3o Cavalo Azul 1500 euros angariados em Caminhada Solid\u00e1ria - Atelier do Caractere","isPartOf":{"@id":"https:\/\/www.atelierdocaractere.pt\/brevemente\/#website"},"datePublished":"2025-07-09T14:16:00+00:00","dateModified":"2025-07-14T14:24:05+00:00","author":{"@id":"https:\/\/www.atelierdocaractere.pt\/brevemente\/#\/schema\/person\/434214d094c7f8243eba52cce01c3fbf"},"breadcrumb":{"@id":"https:\/\/www.atelierdocaractere.pt\/brevemente\/multisport-weekend-coimbra-entregou-a-associacao-cavalo-azul-1500-euros-angariados-em-caminhada-solidaria\/#breadcrumb"},"inLanguage":"pt-PT","potentialAction":[{"@type":"ReadAction","target":["https:\/\/www.atelierdocaractere.pt\/brevemente\/multisport-weekend-coimbra-entregou-a-associacao-cavalo-azul-1500-euros-angariados-em-caminhada-solidaria\/"]}]},{"@type":"BreadcrumbList","@id":"https:\/\/www.atelierdocaractere.pt\/brevemente\/multisport-weekend-coimbra-entregou-a-associacao-cavalo-azul-1500-euros-angariados-em-caminhada-solidaria\/#breadcrumb","itemListElement":[{"@type":"ListItem","position":1,"name":"In\u00edcio","item":"https:\/\/www.atelierdocaractere.pt\/brevemente\/"},{"@type":"ListItem","position":2,"name":"MultiSport Weekend Coimbra entregou \u00e0 associa\u00e7\u00e3o Cavalo Azul 1500 euros angariados em Caminhada Solid\u00e1ria"}]},{"@type":"WebSite","@id":"https:\/\/www.atelierdocaractere.pt\/brevemente\/#website","url":"https:\/\/www.atelierdocaractere.pt\/brevemente\/","name":"Atelier do Caractere","description":"","potentialAction":[{"@type":"SearchAction","target":{"@type":"EntryPoint","urlTemplate":"https:\/\/www.atelierdocaractere.pt\/brevemente\/?s={search_term_string}"},"query-input":"required name=search_term_string"}],"inLanguage":"pt-PT"},{"@type":"Person","@id":"https:\/\/www.atelierdocaractere.pt\/brevemente\/#\/schema\/person\/434214d094c7f8243eba52cce01c3fbf","name":"Andr\u00e9 Lopes","image":{"@type":"ImageObject","inLanguage":"pt-PT","@id":"https:\/\/www.atelierdocaractere.pt\/brevemente\/#\/schema\/person\/image\/","url":"https:\/\/secure.gravatar.com\/avatar\/76af1c514620ffe1937f018fe03efb73?s=96&d=mm&r=g","contentUrl":"https:\/\/secure.gravatar.com\/avatar\/76af1c514620ffe1937f018fe03efb73?s=96&d=mm&r=g","caption":"Andr\u00e9 Lopes"},"url":"https:\/\/www.atelierdocaractere.pt\/brevemente\/author\/andre-lopes\/"}]}},"_links":{"self":[{"href":"https:\/\/www.atelierdocaractere.pt\/brevemente\/wp-json\/wp\/v2\/posts\/13877"}],"collection":[{"href":"https:\/\/www.atelierdocaractere.pt\/brevemente\/wp-json\/wp\/v2\/posts"}],"about":[{"href":"https:\/\/www.atelierdocaractere.pt\/brevemente\/wp-json\/wp\/v2\/types\/post"}],"author":[{"embeddable":true,"href":"https:\/\/www.atelierdocaractere.pt\/brevemente\/wp-json\/wp\/v2\/users\/8"}],"replies":[{"embeddable":true,"href":"https:\/\/www.atelierdocaractere.pt\/brevemente\/wp-json\/wp\/v2\/comments?post=13877"}],"version-history":[{"count":1,"href":"https:\/\/www.atelierdocaractere.pt\/brevemente\/wp-json\/wp\/v2\/posts\/13877\/revisions"}],"predecessor-version":[{"id":13880,"href":"https:\/\/www.atelierdocaractere.pt\/brevemente\/wp-json\/wp\/v2\/posts\/13877\/revisions\/13880"}],"wp:featuredmedia":[{"embeddable":true,"href":"https:\/\/www.atelierdocaractere.pt\/brevemente\/wp-json\/wp\/v2\/media\/13879"}],"wp:attachment":[{"href":"https:\/\/www.atelierdocaractere.pt\/brevemente\/wp-json\/wp\/v2\/media?parent=13877"}],"wp:term":[{"taxonomy":"category","embeddable":true,"href":"https:\/\/www.atelierdocaractere.pt\/brevemente\/wp-json\/wp\/v2\/categories?post=13877"},{"taxonomy":"post_tag","embeddable":true,"href":"https:\/\/www.atelierdocaractere.pt\/brevemente\/wp-json\/wp\/v2\/tags?post=13877"}],"curies":[{"name":"wp","href":"https:\/\/api.w.org\/{rel}","templated":true}]}}