{"id":13882,"date":"2025-07-07T14:25:00","date_gmt":"2025-07-07T14:25:00","guid":{"rendered":"https:\/\/www.atelierdocaractere.pt\/brevemente\/?p=13882"},"modified":"2025-07-14T14:29:22","modified_gmt":"2025-07-14T14:29:22","slug":"cim-viseu-dao-lafoes-apresentou-guia-pratico-comer-bem-crescer-feliz-nas-escolas-da-regiao","status":"publish","type":"post","link":"https:\/\/www.atelierdocaractere.pt\/brevemente\/cim-viseu-dao-lafoes-apresentou-guia-pratico-comer-bem-crescer-feliz-nas-escolas-da-regiao\/","title":{"rendered":"CIM Viseu D\u00e3o Laf\u00f5es apresentou Guia Pr\u00e1tico \u201cComer Bem, Crescer Feliz\u201d nas escolas da regi\u00e3o\u00a0"},"content":{"rendered":"\n<p>Publica\u00e7\u00e3o re\u00fane as 29 receitas criadas ao longo do ano com as turmas do pr\u00e9-escolar e 1.\u00ba ciclo da regi\u00e3o, promovendo h\u00e1bitos alimentares saud\u00e1veis, sustent\u00e1veis e de proximidade com o territ\u00f3rio.<\/p>\n\n\n\n<p>A\u00a0<strong>Comunidade Intermunicipal (CIM) Viseu D\u00e3o Laf\u00f5es<\/strong>\u00a0apresentou o\u00a0<strong>Guia Pr\u00e1tico \u201cComer Bem, Crescer Feliz\u201d<\/strong>, uma publica\u00e7\u00e3o que assinala o culminar de um projeto com o mesmo nome, que envolveu milhares de crian\u00e7as, fam\u00edlias, educadores e produtores locais.<br>\u00a0<br>O guia, com\u00a0<strong>29 receitas desenvolvidas em contexto escolar<\/strong>, \u00e9 um registo coletivo de boas pr\u00e1ticas, saberes partilhados e experi\u00eancias vividas ao longo de um ano letivo dedicado \u00e0 promo\u00e7\u00e3o da alimenta\u00e7\u00e3o saud\u00e1vel.<br>\u00a0<br>Dirigido aos alunos do pr\u00e9-escolar e 1.\u00ba ciclo dos agrupamentos de escolas da regi\u00e3o, o projeto \u201cComer Bem, Crescer Feliz\u201d foi pensado para estimular, de forma pr\u00e1tica e l\u00fadica, a literacia alimentar nas suas m\u00faltiplas dimens\u00f5es: sa\u00fade, sustentabilidade, identidade e comunidade. Ao longo de v\u00e1rios meses, foram promovidas a\u00e7\u00f5es pedag\u00f3gicas em torno de alimentos locais, que combinaram oficinas culin\u00e1rias, experi\u00eancias sensoriais, visitas a produtores,\u00a0<em>workshops<\/em>\u00a0com fam\u00edlias e a atividade \u201cO Chef Vai \u00e0 Escola\u201d.<br>\u00a0<br>O Guia Pr\u00e1tico resulta desse processo. Compila 29 receitas criadas pelas turmas com base em produtos da regi\u00e3o \u2013 como a ma\u00e7\u00e3 Bravo de Esmolfe, a ma\u00e7\u00e3 da Beira Alta ou a laranja de Besteiros \u2013 e refor\u00e7a a liga\u00e7\u00e3o entre alimenta\u00e7\u00e3o e territ\u00f3rio. Desta forma, valoriza o trabalho feito nas escolas, mas tamb\u00e9m os sabores aut\u00eanticos, os produtores locais e a riqueza da cultura gastron\u00f3mica de Viseu D\u00e3o Laf\u00f5es.<br>\u00a0<br>Para\u00a0<strong>Nuno Martinho, Secret\u00e1rio Executivo da CIM Viseu D\u00e3o Laf\u00f5es<\/strong>,\u00a0<em>\u201co projeto \u2018Comer Bem, Crescer Feliz\u2019 \u00e9 um exemplo claro de como a educa\u00e7\u00e3o e a sa\u00fade podem andar de m\u00e3os dadas, criando bases s\u00f3lidas para uma gera\u00e7\u00e3o mais consciente, saud\u00e1vel e feliz. Acreditamos que a mudan\u00e7a de h\u00e1bitos come\u00e7a na inf\u00e2ncia e \u00e9 com enorme orgulho que vemos o entusiasmo das escolas em torno de uma iniciativa que celebra os bons h\u00e1bitos alimentares\u201d<\/em>.<br>\u00a0<br><em>\u201cO guia \u00e9 um testemunho dessa caminhada, que envolveu crian\u00e7as, educadores, t\u00e9cnicos, fam\u00edlias e comunidade. \u00c9 tamb\u00e9m uma forma de preservar e partilhar o conhecimento que nasceu no seio das escolas e que deve continuar a inspirar boas pr\u00e1ticas alimentares no futuro. Assim, \u00e9 um registo para mem\u00f3ria futura que celebra n\u00e3o s\u00f3 esta iniciativa e todos os que a ela est\u00e3o ligados, mas tamb\u00e9m a tradi\u00e7\u00e3o, os sabores, os produtores e a riqueza da cultura gastron\u00f3mica da nossa regi\u00e3o\u201d<\/em>, acrescenta.<br>\u00a0<br>A apresenta\u00e7\u00e3o do\u00a0<strong>Guia Pr\u00e1tico<\/strong>\u00a0<em>\u201c<strong>Comer Bem, Crescer Feliz<\/strong>\u201d<\/em>, que, entre outros, contou com a presen\u00e7a do humorista e contador de hist\u00f3rias Jorge Serafim\u00a0e do Chef Rafael Fonseca, decorreu, na segunda quinzena de junho, nas escolas participantes do projeto, num ciclo de eventos que incluiu sess\u00f5es de leitura do livro com as crian\u00e7as, lanches saud\u00e1veis e demonstra\u00e7\u00f5es culin\u00e1rias integradas na iniciativa\u00a0<em>\u201cO Chef Vai \u00e0 Escola\u201d.<\/em><\/p>\n\n\n\n<p><\/p>\n","protected":false},"excerpt":{"rendered":"<p>Publica\u00e7\u00e3o re\u00fane as 29 receitas criadas ao longo do ano com as turmas do pr\u00e9-escolar e 1.\u00ba ciclo da regi\u00e3o,&#8230;<\/p>\n","protected":false},"author":8,"featured_media":13883,"comment_status":"closed","ping_status":"open","sticky":false,"template":"","format":"standard","meta":[],"categories":[424,39],"tags":[81,448,349],"yoast_head":"<!-- This site is optimized with the Yoast SEO plugin v20.12 - https:\/\/yoast.com\/wordpress\/plugins\/seo\/ -->\n<title>CIM Viseu D\u00e3o Laf\u00f5es apresentou Guia Pr\u00e1tico \u201cComer Bem, Crescer Feliz\u201d nas escolas da regi\u00e3o\u00a0 - Atelier do Caractere<\/title>\n<meta name=\"robots\" content=\"index, follow, max-snippet:-1, max-image-preview:large, max-video-preview:-1\" \/>\n<link rel=\"canonical\" href=\"https:\/\/www.atelierdocaractere.pt\/brevemente\/cim-viseu-dao-lafoes-apresentou-guia-pratico-comer-bem-crescer-feliz-nas-escolas-da-regiao\/\" \/>\n<meta property=\"og:locale\" content=\"pt_PT\" \/>\n<meta property=\"og:type\" content=\"article\" \/>\n<meta property=\"og:title\" content=\"CIM Viseu D\u00e3o Laf\u00f5es apresentou Guia Pr\u00e1tico \u201cComer Bem, Crescer Feliz\u201d nas escolas da regi\u00e3o\u00a0 - Atelier do Caractere\" \/>\n<meta property=\"og:description\" content=\"Publica\u00e7\u00e3o re\u00fane as 29 receitas criadas ao longo do ano com as turmas do pr\u00e9-escolar e 1.\u00ba ciclo da regi\u00e3o,...\" \/>\n<meta property=\"og:url\" content=\"https:\/\/www.atelierdocaractere.pt\/brevemente\/cim-viseu-dao-lafoes-apresentou-guia-pratico-comer-bem-crescer-feliz-nas-escolas-da-regiao\/\" \/>\n<meta property=\"og:site_name\" content=\"Atelier do Caractere\" \/>\n<meta property=\"article:publisher\" content=\"https:\/\/www.facebook.com\/AtelierdoCaractere\" \/>\n<meta property=\"article:published_time\" content=\"2025-07-07T14:25:00+00:00\" \/>\n<meta property=\"article:modified_time\" content=\"2025-07-14T14:29:22+00:00\" \/>\n<meta property=\"og:image\" content=\"https:\/\/www.atelierdocaractere.pt\/wp-content\/uploads\/2025\/07\/whatsapp-image-2025-07-14-at-152449.jpeg\" \/>\n\t<meta property=\"og:image:width\" content=\"1080\" \/>\n\t<meta property=\"og:image:height\" content=\"864\" \/>\n\t<meta property=\"og:image:type\" content=\"image\/jpeg\" \/>\n<meta name=\"author\" content=\"Andr\u00e9 Lopes\" \/>\n<meta name=\"twitter:card\" content=\"summary_large_image\" \/>\n<meta name=\"twitter:label1\" content=\"Escrito por\" \/>\n\t<meta name=\"twitter:data1\" content=\"Andr\u00e9 Lopes\" \/>\n\t<meta name=\"twitter:label2\" content=\"Tempo estimado de leitura\" \/>\n\t<meta name=\"twitter:data2\" content=\"3 minutos\" \/>\n<script type=\"application\/ld+json\" class=\"yoast-schema-graph\">{\"@context\":\"https:\/\/schema.org\",\"@graph\":[{\"@type\":\"WebPage\",\"@id\":\"https:\/\/www.atelierdocaractere.pt\/brevemente\/cim-viseu-dao-lafoes-apresentou-guia-pratico-comer-bem-crescer-feliz-nas-escolas-da-regiao\/\",\"url\":\"https:\/\/www.atelierdocaractere.pt\/brevemente\/cim-viseu-dao-lafoes-apresentou-guia-pratico-comer-bem-crescer-feliz-nas-escolas-da-regiao\/\",\"name\":\"CIM Viseu D\u00e3o Laf\u00f5es apresentou Guia Pr\u00e1tico \u201cComer Bem, Crescer Feliz\u201d nas escolas da regi\u00e3o\u00a0 - Atelier do Caractere\",\"isPartOf\":{\"@id\":\"https:\/\/www.atelierdocaractere.pt\/brevemente\/#website\"},\"datePublished\":\"2025-07-07T14:25:00+00:00\",\"dateModified\":\"2025-07-14T14:29:22+00:00\",\"author\":{\"@id\":\"https:\/\/www.atelierdocaractere.pt\/brevemente\/#\/schema\/person\/434214d094c7f8243eba52cce01c3fbf\"},\"breadcrumb\":{\"@id\":\"https:\/\/www.atelierdocaractere.pt\/brevemente\/cim-viseu-dao-lafoes-apresentou-guia-pratico-comer-bem-crescer-feliz-nas-escolas-da-regiao\/#breadcrumb\"},\"inLanguage\":\"pt-PT\",\"potentialAction\":[{\"@type\":\"ReadAction\",\"target\":[\"https:\/\/www.atelierdocaractere.pt\/brevemente\/cim-viseu-dao-lafoes-apresentou-guia-pratico-comer-bem-crescer-feliz-nas-escolas-da-regiao\/\"]}]},{\"@type\":\"BreadcrumbList\",\"@id\":\"https:\/\/www.atelierdocaractere.pt\/brevemente\/cim-viseu-dao-lafoes-apresentou-guia-pratico-comer-bem-crescer-feliz-nas-escolas-da-regiao\/#breadcrumb\",\"itemListElement\":[{\"@type\":\"ListItem\",\"position\":1,\"name\":\"In\u00edcio\",\"item\":\"https:\/\/www.atelierdocaractere.pt\/brevemente\/\"},{\"@type\":\"ListItem\",\"position\":2,\"name\":\"CIM Viseu D\u00e3o Laf\u00f5es apresentou Guia Pr\u00e1tico \u201cComer Bem, Crescer Feliz\u201d nas escolas da regi\u00e3o\u00a0\"}]},{\"@type\":\"WebSite\",\"@id\":\"https:\/\/www.atelierdocaractere.pt\/brevemente\/#website\",\"url\":\"https:\/\/www.atelierdocaractere.pt\/brevemente\/\",\"name\":\"Atelier do Caractere\",\"description\":\"\",\"potentialAction\":[{\"@type\":\"SearchAction\",\"target\":{\"@type\":\"EntryPoint\",\"urlTemplate\":\"https:\/\/www.atelierdocaractere.pt\/brevemente\/?s={search_term_string}\"},\"query-input\":\"required name=search_term_string\"}],\"inLanguage\":\"pt-PT\"},{\"@type\":\"Person\",\"@id\":\"https:\/\/www.atelierdocaractere.pt\/brevemente\/#\/schema\/person\/434214d094c7f8243eba52cce01c3fbf\",\"name\":\"Andr\u00e9 Lopes\",\"image\":{\"@type\":\"ImageObject\",\"inLanguage\":\"pt-PT\",\"@id\":\"https:\/\/www.atelierdocaractere.pt\/brevemente\/#\/schema\/person\/image\/\",\"url\":\"https:\/\/secure.gravatar.com\/avatar\/76af1c514620ffe1937f018fe03efb73?s=96&d=mm&r=g\",\"contentUrl\":\"https:\/\/secure.gravatar.com\/avatar\/76af1c514620ffe1937f018fe03efb73?s=96&d=mm&r=g\",\"caption\":\"Andr\u00e9 Lopes\"},\"url\":\"https:\/\/www.atelierdocaractere.pt\/brevemente\/author\/andre-lopes\/\"}]}<\/script>\n<!-- \/ Yoast SEO plugin. -->","yoast_head_json":{"title":"CIM Viseu D\u00e3o Laf\u00f5es apresentou Guia Pr\u00e1tico \u201cComer Bem, Crescer Feliz\u201d nas escolas da regi\u00e3o\u00a0 - Atelier do Caractere","robots":{"index":"index","follow":"follow","max-snippet":"max-snippet:-1","max-image-preview":"max-image-preview:large","max-video-preview":"max-video-preview:-1"},"canonical":"https:\/\/www.atelierdocaractere.pt\/brevemente\/cim-viseu-dao-lafoes-apresentou-guia-pratico-comer-bem-crescer-feliz-nas-escolas-da-regiao\/","og_locale":"pt_PT","og_type":"article","og_title":"CIM Viseu D\u00e3o Laf\u00f5es apresentou Guia Pr\u00e1tico \u201cComer Bem, Crescer Feliz\u201d nas escolas da regi\u00e3o\u00a0 - Atelier do Caractere","og_description":"Publica\u00e7\u00e3o re\u00fane as 29 receitas criadas ao longo do ano com as turmas do pr\u00e9-escolar e 1.\u00ba ciclo da regi\u00e3o,...","og_url":"https:\/\/www.atelierdocaractere.pt\/brevemente\/cim-viseu-dao-lafoes-apresentou-guia-pratico-comer-bem-crescer-feliz-nas-escolas-da-regiao\/","og_site_name":"Atelier do Caractere","article_publisher":"https:\/\/www.facebook.com\/AtelierdoCaractere","article_published_time":"2025-07-07T14:25:00+00:00","article_modified_time":"2025-07-14T14:29:22+00:00","og_image":[{"width":1080,"height":864,"url":"https:\/\/www.atelierdocaractere.pt\/wp-content\/uploads\/2025\/07\/whatsapp-image-2025-07-14-at-152449.jpeg","type":"image\/jpeg"}],"author":"Andr\u00e9 Lopes","twitter_card":"summary_large_image","twitter_misc":{"Escrito por":"Andr\u00e9 Lopes","Tempo estimado de leitura":"3 minutos"},"schema":{"@context":"https:\/\/schema.org","@graph":[{"@type":"WebPage","@id":"https:\/\/www.atelierdocaractere.pt\/brevemente\/cim-viseu-dao-lafoes-apresentou-guia-pratico-comer-bem-crescer-feliz-nas-escolas-da-regiao\/","url":"https:\/\/www.atelierdocaractere.pt\/brevemente\/cim-viseu-dao-lafoes-apresentou-guia-pratico-comer-bem-crescer-feliz-nas-escolas-da-regiao\/","name":"CIM Viseu D\u00e3o Laf\u00f5es apresentou Guia Pr\u00e1tico \u201cComer Bem, Crescer Feliz\u201d nas escolas da regi\u00e3o\u00a0 - Atelier do Caractere","isPartOf":{"@id":"https:\/\/www.atelierdocaractere.pt\/brevemente\/#website"},"datePublished":"2025-07-07T14:25:00+00:00","dateModified":"2025-07-14T14:29:22+00:00","author":{"@id":"https:\/\/www.atelierdocaractere.pt\/brevemente\/#\/schema\/person\/434214d094c7f8243eba52cce01c3fbf"},"breadcrumb":{"@id":"https:\/\/www.atelierdocaractere.pt\/brevemente\/cim-viseu-dao-lafoes-apresentou-guia-pratico-comer-bem-crescer-feliz-nas-escolas-da-regiao\/#breadcrumb"},"inLanguage":"pt-PT","potentialAction":[{"@type":"ReadAction","target":["https:\/\/www.atelierdocaractere.pt\/brevemente\/cim-viseu-dao-lafoes-apresentou-guia-pratico-comer-bem-crescer-feliz-nas-escolas-da-regiao\/"]}]},{"@type":"BreadcrumbList","@id":"https:\/\/www.atelierdocaractere.pt\/brevemente\/cim-viseu-dao-lafoes-apresentou-guia-pratico-comer-bem-crescer-feliz-nas-escolas-da-regiao\/#breadcrumb","itemListElement":[{"@type":"ListItem","position":1,"name":"In\u00edcio","item":"https:\/\/www.atelierdocaractere.pt\/brevemente\/"},{"@type":"ListItem","position":2,"name":"CIM Viseu D\u00e3o Laf\u00f5es apresentou Guia Pr\u00e1tico \u201cComer Bem, Crescer Feliz\u201d nas escolas da regi\u00e3o\u00a0"}]},{"@type":"WebSite","@id":"https:\/\/www.atelierdocaractere.pt\/brevemente\/#website","url":"https:\/\/www.atelierdocaractere.pt\/brevemente\/","name":"Atelier do Caractere","description":"","potentialAction":[{"@type":"SearchAction","target":{"@type":"EntryPoint","urlTemplate":"https:\/\/www.atelierdocaractere.pt\/brevemente\/?s={search_term_string}"},"query-input":"required name=search_term_string"}],"inLanguage":"pt-PT"},{"@type":"Person","@id":"https:\/\/www.atelierdocaractere.pt\/brevemente\/#\/schema\/person\/434214d094c7f8243eba52cce01c3fbf","name":"Andr\u00e9 Lopes","image":{"@type":"ImageObject","inLanguage":"pt-PT","@id":"https:\/\/www.atelierdocaractere.pt\/brevemente\/#\/schema\/person\/image\/","url":"https:\/\/secure.gravatar.com\/avatar\/76af1c514620ffe1937f018fe03efb73?s=96&d=mm&r=g","contentUrl":"https:\/\/secure.gravatar.com\/avatar\/76af1c514620ffe1937f018fe03efb73?s=96&d=mm&r=g","caption":"Andr\u00e9 Lopes"},"url":"https:\/\/www.atelierdocaractere.pt\/brevemente\/author\/andre-lopes\/"}]}},"_links":{"self":[{"href":"https:\/\/www.atelierdocaractere.pt\/brevemente\/wp-json\/wp\/v2\/posts\/13882"}],"collection":[{"href":"https:\/\/www.atelierdocaractere.pt\/brevemente\/wp-json\/wp\/v2\/posts"}],"about":[{"href":"https:\/\/www.atelierdocaractere.pt\/brevemente\/wp-json\/wp\/v2\/types\/post"}],"author":[{"embeddable":true,"href":"https:\/\/www.atelierdocaractere.pt\/brevemente\/wp-json\/wp\/v2\/users\/8"}],"replies":[{"embeddable":true,"href":"https:\/\/www.atelierdocaractere.pt\/brevemente\/wp-json\/wp\/v2\/comments?post=13882"}],"version-history":[{"count":1,"href":"https:\/\/www.atelierdocaractere.pt\/brevemente\/wp-json\/wp\/v2\/posts\/13882\/revisions"}],"predecessor-version":[{"id":13884,"href":"https:\/\/www.atelierdocaractere.pt\/brevemente\/wp-json\/wp\/v2\/posts\/13882\/revisions\/13884"}],"wp:featuredmedia":[{"embeddable":true,"href":"https:\/\/www.atelierdocaractere.pt\/brevemente\/wp-json\/wp\/v2\/media\/13883"}],"wp:attachment":[{"href":"https:\/\/www.atelierdocaractere.pt\/brevemente\/wp-json\/wp\/v2\/media?parent=13882"}],"wp:term":[{"taxonomy":"category","embeddable":true,"href":"https:\/\/www.atelierdocaractere.pt\/brevemente\/wp-json\/wp\/v2\/categories?post=13882"},{"taxonomy":"post_tag","embeddable":true,"href":"https:\/\/www.atelierdocaractere.pt\/brevemente\/wp-json\/wp\/v2\/tags?post=13882"}],"curies":[{"name":"wp","href":"https:\/\/api.w.org\/{rel}","templated":true}]}}