{"id":13885,"date":"2025-07-15T13:31:31","date_gmt":"2025-07-15T13:31:31","guid":{"rendered":"https:\/\/www.atelierdocaractere.pt\/brevemente\/?p=13885"},"modified":"2025-07-16T11:23:14","modified_gmt":"2025-07-16T11:23:14","slug":"cim-viseu-dao-lafoes-reforcou-presenca-da-regiao-no-nos-alive-e-promoveu-territorio-junto-de-milhares-de-visitantes","status":"publish","type":"post","link":"https:\/\/www.atelierdocaractere.pt\/brevemente\/cim-viseu-dao-lafoes-reforcou-presenca-da-regiao-no-nos-alive-e-promoveu-territorio-junto-de-milhares-de-visitantes\/","title":{"rendered":"CIM Viseu D\u00e3o Laf\u00f5es refor\u00e7ou presen\u00e7a da regi\u00e3o no NOS Alive e promoveu territ\u00f3rio junto de milhares de visitantes"},"content":{"rendered":"\n<p><strong>Participa\u00e7\u00e3o num dos maiores festivais de m\u00fasica da Europa, integrada na campanha de ver\u00e3o \u201cViseu D\u00e3o Laf\u00f5es, \u00e9 onde apetece estar!\u201d, contou com milhares de visitantes, brindes e experi\u00eancias imersivas. Stand do territ\u00f3rio voltou a destacar-se pela originalidade e anima\u00e7\u00e3o.<\/strong><\/p>\n\n\n\n<p>A participa\u00e7\u00e3o da&nbsp;<strong>Comunidade Intermunicipal (CIM) Viseu D\u00e3o Laf\u00f5es<\/strong>&nbsp;no festival&nbsp;<strong>NOS Alive<\/strong>, que decorreu entre 10 e 12 de julho, em Alg\u00e9s, voltou a ser um enorme sucesso. \u00c0 semelhan\u00e7a da edi\u00e7\u00e3o anterior, a aposta da regi\u00e3o em estar presente num dos maiores festivais de ver\u00e3o da Europa resultou num momento marcante de promo\u00e7\u00e3o tur\u00edstica do territ\u00f3rio junto de novos p\u00fablicos.<br>&nbsp;<br>Durante os tr\u00eas dias do evento, milhares de visitantes, de muitas nacionalidades, passaram pelo stand da CIM, na Rua Galp Fado Caf\u00e9, onde tiveram a oportunidade de viver experi\u00eancias imersivas, ganhar brindes e descobrir a oferta tur\u00edstica do territ\u00f3rio. A piscina de bolas instalada no espa\u00e7o tornou-se viral, sendo um dos s\u00edtios preferidos para os festivaleiros tirarem fotografias e divertirem-se.<br>&nbsp;<br>Com o apoio dos 14 munic\u00edpios e dos operadores tur\u00edsticos do territ\u00f3rio, alojamentos, restaurantes e quintas de enoturismo, entre outros, foram oferecidos 150 vouchers premium com experi\u00eancias exclusivas para usufruir em Viseu D\u00e3o Laf\u00f5es, contribuindo assim para atrair novos visitantes ao territ\u00f3rio.<br>&nbsp;<br>O stand da CIM recebeu a visita de v\u00e1rias personalidades durante os tr\u00eas dias, de que \u00e9 exemplo o Secret\u00e1rio de Estado do Turismo, Com\u00e9rcio e Servi\u00e7os,&nbsp;<strong>Pedro Machado<\/strong>, recebido pelo Secret\u00e1rio Executivo da CIM Viseu D\u00e3o Laf\u00f5es,&nbsp;<strong>Nuno Martinho<\/strong>. Entre outros, destaque tamb\u00e9m para a visita do diretor do festival,&nbsp;<strong>\u00c1lvaro Cov\u00f5es<\/strong>, e do vice-presidente da&nbsp;<strong>C\u00e2mara Municipal de S\u00e3o Pedro do Sul<\/strong>,&nbsp;<strong>Pedro Mouro<\/strong>.<br>&nbsp;<br>Recorde-se que a presen\u00e7a no NOS Alive \u00e9 um dos elementos da campanha de ver\u00e3o da CIM, que tem como mote&nbsp;<strong>\u201cViseu D\u00e3o Laf\u00f5es, \u00e9 onde apetece estar!\u201d<\/strong>. Uma campanha que aposta nos produtos tur\u00edsticos e nos principais atrativos da regi\u00e3o e lan\u00e7a um convite irresist\u00edvel para descobrir um territ\u00f3rio surpreendente, aut\u00eantico e em movimento.<br>&nbsp;<br>Para&nbsp;<strong>Nuno Martinho<\/strong>, Secret\u00e1rio Executivo da CIM Viseu D\u00e3o Laf\u00f5es,&nbsp;<em>\u201ca presen\u00e7a da CIM em mais uma edi\u00e7\u00e3o do NOS Alive confirmou o grande sucesso que constituiu a participa\u00e7\u00e3o do ano passado. Esta ativa\u00e7\u00e3o \u00e9 mais do que uma a\u00e7\u00e3o promocional: \u00e9 uma oportunidade estrat\u00e9gica de comunicar com milhares de pessoas num ambiente informal, festivo e positivo, onde a nossa regi\u00e3o, cada vez mais, \u00e9 capaz de surpreender e de conquistar um p\u00fablico mais jovem e internacional que procura experi\u00eancias diferenciadoras\u201d<\/em>.<br>&nbsp;<br><em>\u201cQuem passou pelo festival, p\u00f4de comprovar que a ades\u00e3o ao nosso espa\u00e7o superou todas as expetativas. Foram dias de grande anima\u00e7\u00e3o e intera\u00e7\u00e3o com os visitantes que estevam muito entusiasmados por terem a oportunidade de descobrir Viseu D\u00e3o Laf\u00f5es e todas as experi\u00eancias que esta regi\u00e3o tem para oferecer\u201d<\/em>, acrescenta.<\/p>\n\n\n\n<p><\/p>\n","protected":false},"excerpt":{"rendered":"<p>Participa\u00e7\u00e3o num dos maiores festivais de m\u00fasica da Europa, integrada na campanha de ver\u00e3o \u201cViseu D\u00e3o Laf\u00f5es, \u00e9 onde apetece&#8230;<\/p>\n","protected":false},"author":8,"featured_media":13890,"comment_status":"closed","ping_status":"open","sticky":false,"template":"","format":"standard","meta":[],"categories":[39],"tags":[81,448,213],"yoast_head":"<!-- This site is optimized with the Yoast SEO plugin v20.12 - https:\/\/yoast.com\/wordpress\/plugins\/seo\/ -->\n<title>CIM Viseu D\u00e3o Laf\u00f5es refor\u00e7ou presen\u00e7a da regi\u00e3o no NOS Alive e promoveu territ\u00f3rio junto de milhares de visitantes - Atelier do Caractere<\/title>\n<meta name=\"robots\" content=\"index, follow, max-snippet:-1, max-image-preview:large, max-video-preview:-1\" \/>\n<link rel=\"canonical\" href=\"https:\/\/www.atelierdocaractere.pt\/brevemente\/cim-viseu-dao-lafoes-reforcou-presenca-da-regiao-no-nos-alive-e-promoveu-territorio-junto-de-milhares-de-visitantes\/\" \/>\n<meta property=\"og:locale\" content=\"pt_PT\" \/>\n<meta property=\"og:type\" content=\"article\" \/>\n<meta property=\"og:title\" content=\"CIM Viseu D\u00e3o Laf\u00f5es refor\u00e7ou presen\u00e7a da regi\u00e3o no NOS Alive e promoveu territ\u00f3rio junto de milhares de visitantes - Atelier do Caractere\" \/>\n<meta property=\"og:description\" content=\"Participa\u00e7\u00e3o num dos maiores festivais de m\u00fasica da Europa, integrada na campanha de ver\u00e3o \u201cViseu D\u00e3o Laf\u00f5es, \u00e9 onde apetece...\" \/>\n<meta property=\"og:url\" content=\"https:\/\/www.atelierdocaractere.pt\/brevemente\/cim-viseu-dao-lafoes-reforcou-presenca-da-regiao-no-nos-alive-e-promoveu-territorio-junto-de-milhares-de-visitantes\/\" \/>\n<meta property=\"og:site_name\" content=\"Atelier do Caractere\" \/>\n<meta property=\"article:publisher\" content=\"https:\/\/www.facebook.com\/AtelierdoCaractere\" \/>\n<meta property=\"article:published_time\" content=\"2025-07-15T13:31:31+00:00\" \/>\n<meta property=\"article:modified_time\" content=\"2025-07-16T11:23:14+00:00\" \/>\n<meta property=\"og:image\" content=\"https:\/\/www.atelierdocaractere.pt\/wp-content\/uploads\/2025\/07\/whatsapp-image-2025-07-16-at-121953.jpeg\" \/>\n\t<meta property=\"og:image:width\" content=\"951\" \/>\n\t<meta property=\"og:image:height\" content=\"609\" \/>\n\t<meta property=\"og:image:type\" content=\"image\/jpeg\" \/>\n<meta name=\"author\" content=\"Andr\u00e9 Lopes\" \/>\n<meta name=\"twitter:card\" content=\"summary_large_image\" \/>\n<meta name=\"twitter:label1\" content=\"Escrito por\" \/>\n\t<meta name=\"twitter:data1\" content=\"Andr\u00e9 Lopes\" \/>\n\t<meta name=\"twitter:label2\" content=\"Tempo estimado de leitura\" \/>\n\t<meta name=\"twitter:data2\" content=\"3 minutos\" \/>\n<script type=\"application\/ld+json\" class=\"yoast-schema-graph\">{\"@context\":\"https:\/\/schema.org\",\"@graph\":[{\"@type\":\"WebPage\",\"@id\":\"https:\/\/www.atelierdocaractere.pt\/brevemente\/cim-viseu-dao-lafoes-reforcou-presenca-da-regiao-no-nos-alive-e-promoveu-territorio-junto-de-milhares-de-visitantes\/\",\"url\":\"https:\/\/www.atelierdocaractere.pt\/brevemente\/cim-viseu-dao-lafoes-reforcou-presenca-da-regiao-no-nos-alive-e-promoveu-territorio-junto-de-milhares-de-visitantes\/\",\"name\":\"CIM Viseu D\u00e3o Laf\u00f5es refor\u00e7ou presen\u00e7a da regi\u00e3o no NOS Alive e promoveu territ\u00f3rio junto de milhares de visitantes - Atelier do Caractere\",\"isPartOf\":{\"@id\":\"https:\/\/www.atelierdocaractere.pt\/brevemente\/#website\"},\"datePublished\":\"2025-07-15T13:31:31+00:00\",\"dateModified\":\"2025-07-16T11:23:14+00:00\",\"author\":{\"@id\":\"https:\/\/www.atelierdocaractere.pt\/brevemente\/#\/schema\/person\/434214d094c7f8243eba52cce01c3fbf\"},\"breadcrumb\":{\"@id\":\"https:\/\/www.atelierdocaractere.pt\/brevemente\/cim-viseu-dao-lafoes-reforcou-presenca-da-regiao-no-nos-alive-e-promoveu-territorio-junto-de-milhares-de-visitantes\/#breadcrumb\"},\"inLanguage\":\"pt-PT\",\"potentialAction\":[{\"@type\":\"ReadAction\",\"target\":[\"https:\/\/www.atelierdocaractere.pt\/brevemente\/cim-viseu-dao-lafoes-reforcou-presenca-da-regiao-no-nos-alive-e-promoveu-territorio-junto-de-milhares-de-visitantes\/\"]}]},{\"@type\":\"BreadcrumbList\",\"@id\":\"https:\/\/www.atelierdocaractere.pt\/brevemente\/cim-viseu-dao-lafoes-reforcou-presenca-da-regiao-no-nos-alive-e-promoveu-territorio-junto-de-milhares-de-visitantes\/#breadcrumb\",\"itemListElement\":[{\"@type\":\"ListItem\",\"position\":1,\"name\":\"In\u00edcio\",\"item\":\"https:\/\/www.atelierdocaractere.pt\/brevemente\/\"},{\"@type\":\"ListItem\",\"position\":2,\"name\":\"CIM Viseu D\u00e3o Laf\u00f5es refor\u00e7ou presen\u00e7a da regi\u00e3o no NOS Alive e promoveu territ\u00f3rio junto de milhares de visitantes\"}]},{\"@type\":\"WebSite\",\"@id\":\"https:\/\/www.atelierdocaractere.pt\/brevemente\/#website\",\"url\":\"https:\/\/www.atelierdocaractere.pt\/brevemente\/\",\"name\":\"Atelier do Caractere\",\"description\":\"\",\"potentialAction\":[{\"@type\":\"SearchAction\",\"target\":{\"@type\":\"EntryPoint\",\"urlTemplate\":\"https:\/\/www.atelierdocaractere.pt\/brevemente\/?s={search_term_string}\"},\"query-input\":\"required name=search_term_string\"}],\"inLanguage\":\"pt-PT\"},{\"@type\":\"Person\",\"@id\":\"https:\/\/www.atelierdocaractere.pt\/brevemente\/#\/schema\/person\/434214d094c7f8243eba52cce01c3fbf\",\"name\":\"Andr\u00e9 Lopes\",\"image\":{\"@type\":\"ImageObject\",\"inLanguage\":\"pt-PT\",\"@id\":\"https:\/\/www.atelierdocaractere.pt\/brevemente\/#\/schema\/person\/image\/\",\"url\":\"https:\/\/secure.gravatar.com\/avatar\/76af1c514620ffe1937f018fe03efb73?s=96&d=mm&r=g\",\"contentUrl\":\"https:\/\/secure.gravatar.com\/avatar\/76af1c514620ffe1937f018fe03efb73?s=96&d=mm&r=g\",\"caption\":\"Andr\u00e9 Lopes\"},\"url\":\"https:\/\/www.atelierdocaractere.pt\/brevemente\/author\/andre-lopes\/\"}]}<\/script>\n<!-- \/ Yoast SEO plugin. -->","yoast_head_json":{"title":"CIM Viseu D\u00e3o Laf\u00f5es refor\u00e7ou presen\u00e7a da regi\u00e3o no NOS Alive e promoveu territ\u00f3rio junto de milhares de visitantes - Atelier do Caractere","robots":{"index":"index","follow":"follow","max-snippet":"max-snippet:-1","max-image-preview":"max-image-preview:large","max-video-preview":"max-video-preview:-1"},"canonical":"https:\/\/www.atelierdocaractere.pt\/brevemente\/cim-viseu-dao-lafoes-reforcou-presenca-da-regiao-no-nos-alive-e-promoveu-territorio-junto-de-milhares-de-visitantes\/","og_locale":"pt_PT","og_type":"article","og_title":"CIM Viseu D\u00e3o Laf\u00f5es refor\u00e7ou presen\u00e7a da regi\u00e3o no NOS Alive e promoveu territ\u00f3rio junto de milhares de visitantes - Atelier do Caractere","og_description":"Participa\u00e7\u00e3o num dos maiores festivais de m\u00fasica da Europa, integrada na campanha de ver\u00e3o \u201cViseu D\u00e3o Laf\u00f5es, \u00e9 onde apetece...","og_url":"https:\/\/www.atelierdocaractere.pt\/brevemente\/cim-viseu-dao-lafoes-reforcou-presenca-da-regiao-no-nos-alive-e-promoveu-territorio-junto-de-milhares-de-visitantes\/","og_site_name":"Atelier do Caractere","article_publisher":"https:\/\/www.facebook.com\/AtelierdoCaractere","article_published_time":"2025-07-15T13:31:31+00:00","article_modified_time":"2025-07-16T11:23:14+00:00","og_image":[{"width":951,"height":609,"url":"https:\/\/www.atelierdocaractere.pt\/wp-content\/uploads\/2025\/07\/whatsapp-image-2025-07-16-at-121953.jpeg","type":"image\/jpeg"}],"author":"Andr\u00e9 Lopes","twitter_card":"summary_large_image","twitter_misc":{"Escrito por":"Andr\u00e9 Lopes","Tempo estimado de leitura":"3 minutos"},"schema":{"@context":"https:\/\/schema.org","@graph":[{"@type":"WebPage","@id":"https:\/\/www.atelierdocaractere.pt\/brevemente\/cim-viseu-dao-lafoes-reforcou-presenca-da-regiao-no-nos-alive-e-promoveu-territorio-junto-de-milhares-de-visitantes\/","url":"https:\/\/www.atelierdocaractere.pt\/brevemente\/cim-viseu-dao-lafoes-reforcou-presenca-da-regiao-no-nos-alive-e-promoveu-territorio-junto-de-milhares-de-visitantes\/","name":"CIM Viseu D\u00e3o Laf\u00f5es refor\u00e7ou presen\u00e7a da regi\u00e3o no NOS Alive e promoveu territ\u00f3rio junto de milhares de visitantes - Atelier do Caractere","isPartOf":{"@id":"https:\/\/www.atelierdocaractere.pt\/brevemente\/#website"},"datePublished":"2025-07-15T13:31:31+00:00","dateModified":"2025-07-16T11:23:14+00:00","author":{"@id":"https:\/\/www.atelierdocaractere.pt\/brevemente\/#\/schema\/person\/434214d094c7f8243eba52cce01c3fbf"},"breadcrumb":{"@id":"https:\/\/www.atelierdocaractere.pt\/brevemente\/cim-viseu-dao-lafoes-reforcou-presenca-da-regiao-no-nos-alive-e-promoveu-territorio-junto-de-milhares-de-visitantes\/#breadcrumb"},"inLanguage":"pt-PT","potentialAction":[{"@type":"ReadAction","target":["https:\/\/www.atelierdocaractere.pt\/brevemente\/cim-viseu-dao-lafoes-reforcou-presenca-da-regiao-no-nos-alive-e-promoveu-territorio-junto-de-milhares-de-visitantes\/"]}]},{"@type":"BreadcrumbList","@id":"https:\/\/www.atelierdocaractere.pt\/brevemente\/cim-viseu-dao-lafoes-reforcou-presenca-da-regiao-no-nos-alive-e-promoveu-territorio-junto-de-milhares-de-visitantes\/#breadcrumb","itemListElement":[{"@type":"ListItem","position":1,"name":"In\u00edcio","item":"https:\/\/www.atelierdocaractere.pt\/brevemente\/"},{"@type":"ListItem","position":2,"name":"CIM Viseu D\u00e3o Laf\u00f5es refor\u00e7ou presen\u00e7a da regi\u00e3o no NOS Alive e promoveu territ\u00f3rio junto de milhares de visitantes"}]},{"@type":"WebSite","@id":"https:\/\/www.atelierdocaractere.pt\/brevemente\/#website","url":"https:\/\/www.atelierdocaractere.pt\/brevemente\/","name":"Atelier do Caractere","description":"","potentialAction":[{"@type":"SearchAction","target":{"@type":"EntryPoint","urlTemplate":"https:\/\/www.atelierdocaractere.pt\/brevemente\/?s={search_term_string}"},"query-input":"required name=search_term_string"}],"inLanguage":"pt-PT"},{"@type":"Person","@id":"https:\/\/www.atelierdocaractere.pt\/brevemente\/#\/schema\/person\/434214d094c7f8243eba52cce01c3fbf","name":"Andr\u00e9 Lopes","image":{"@type":"ImageObject","inLanguage":"pt-PT","@id":"https:\/\/www.atelierdocaractere.pt\/brevemente\/#\/schema\/person\/image\/","url":"https:\/\/secure.gravatar.com\/avatar\/76af1c514620ffe1937f018fe03efb73?s=96&d=mm&r=g","contentUrl":"https:\/\/secure.gravatar.com\/avatar\/76af1c514620ffe1937f018fe03efb73?s=96&d=mm&r=g","caption":"Andr\u00e9 Lopes"},"url":"https:\/\/www.atelierdocaractere.pt\/brevemente\/author\/andre-lopes\/"}]}},"_links":{"self":[{"href":"https:\/\/www.atelierdocaractere.pt\/brevemente\/wp-json\/wp\/v2\/posts\/13885"}],"collection":[{"href":"https:\/\/www.atelierdocaractere.pt\/brevemente\/wp-json\/wp\/v2\/posts"}],"about":[{"href":"https:\/\/www.atelierdocaractere.pt\/brevemente\/wp-json\/wp\/v2\/types\/post"}],"author":[{"embeddable":true,"href":"https:\/\/www.atelierdocaractere.pt\/brevemente\/wp-json\/wp\/v2\/users\/8"}],"replies":[{"embeddable":true,"href":"https:\/\/www.atelierdocaractere.pt\/brevemente\/wp-json\/wp\/v2\/comments?post=13885"}],"version-history":[{"count":2,"href":"https:\/\/www.atelierdocaractere.pt\/brevemente\/wp-json\/wp\/v2\/posts\/13885\/revisions"}],"predecessor-version":[{"id":13891,"href":"https:\/\/www.atelierdocaractere.pt\/brevemente\/wp-json\/wp\/v2\/posts\/13885\/revisions\/13891"}],"wp:featuredmedia":[{"embeddable":true,"href":"https:\/\/www.atelierdocaractere.pt\/brevemente\/wp-json\/wp\/v2\/media\/13890"}],"wp:attachment":[{"href":"https:\/\/www.atelierdocaractere.pt\/brevemente\/wp-json\/wp\/v2\/media?parent=13885"}],"wp:term":[{"taxonomy":"category","embeddable":true,"href":"https:\/\/www.atelierdocaractere.pt\/brevemente\/wp-json\/wp\/v2\/categories?post=13885"},{"taxonomy":"post_tag","embeddable":true,"href":"https:\/\/www.atelierdocaractere.pt\/brevemente\/wp-json\/wp\/v2\/tags?post=13885"}],"curies":[{"name":"wp","href":"https:\/\/api.w.org\/{rel}","templated":true}]}}