{"id":13894,"date":"2025-07-17T09:30:00","date_gmt":"2025-07-17T09:30:00","guid":{"rendered":"https:\/\/www.atelierdocaractere.pt\/brevemente\/?p=13894"},"modified":"2025-07-18T09:40:31","modified_gmt":"2025-07-18T09:40:31","slug":"subidas-epicas-viseu-dao-lafoes-desafiam-adeptos-do-ciclismo-a-conquistar-as-montanhas-da-regiao","status":"publish","type":"post","link":"https:\/\/www.atelierdocaractere.pt\/brevemente\/subidas-epicas-viseu-dao-lafoes-desafiam-adeptos-do-ciclismo-a-conquistar-as-montanhas-da-regiao\/","title":{"rendered":"Subidas \u00c9picas Viseu D\u00e3o Laf\u00f5es desafiam adeptos do ciclismo a conquistar as montanhas da regi\u00e3o"},"content":{"rendered":"\n<p><strong>Competi\u00e7\u00e3o arranca hoje, dia 17 de julho, e integra a campanha \u201cViseu D\u00e3o Laf\u00f5es, \u00c9 Onde Apetece Estar!\u201d, que aposta no turismo ativo e na promo\u00e7\u00e3o do territ\u00f3rio. Participa\u00e7\u00e3o \u00e9 gr\u00e1tis e acess\u00edvel on demand a qualquer praticante.\u00a0<\/strong><\/p>\n\n\n\n<p>A&nbsp;<strong>Comunidade Intermunicipal (CIM) Viseu D\u00e3o Laf\u00f5es<\/strong>&nbsp;organiza, entre hoje, dia 17 de julho, e o dia 17 de agosto, o&nbsp;<strong>Trof\u00e9u Subidas \u00c9picas Viseu D\u00e3o Laf\u00f5es 2025<\/strong>, uma competi\u00e7\u00e3o que desafia todos os adeptos do ciclismo a conquistar as montanhas da regi\u00e3o. A prova integra a campanha de ver\u00e3o&nbsp;<strong>\u201cViseu D\u00e3o Laf\u00f5es, \u00c9 Onde Apetece Estar!\u201d<\/strong>&nbsp;e refor\u00e7a a aposta da CIM no turismo desportivo, ativo e de natureza.<\/p>\n\n\n\n<p>O Trof\u00e9u convida os atletas amadores e federados a conquistar, ao seu ritmo e no momento que escolherem, as quatro Subidas \u00c9picas da regi\u00e3o, nas encostas das&nbsp;<strong>Serras do Caramulo, Arada e Montemuro<\/strong>. A supera\u00e7\u00e3o e a descoberta s\u00e3o os condimentos principais do desafio.<\/p>\n\n\n\n<p>O evento tem um formato&nbsp;<em>on demand<\/em>: cada participante escolhe o dia e a hora em que pretende cumprir cada subida, desde que seja entre 17 de julho e 17 de agosto. Os ciclistas t\u00eam assim quatro semanas para cumprir o desafio e finalizar as quatro Subidas \u00c9picas de Viseu D\u00e3o Laf\u00f5es. Os participantes que completarem todas as subidas recebem um diploma digital de \u201cFinisher\u201d, com classifica\u00e7\u00e3o Ouro, Prata ou Bronze, consoante o tempo total acumulado.<\/p>\n\n\n\n<p>A&nbsp;<strong>participa\u00e7\u00e3o \u00e9 gratuita<\/strong>, mas requer inscri\u00e7\u00e3o obrigat\u00f3ria no site oficial, em&nbsp;<a href=\"https:\/\/mixlife.us21.list-manage.com\/track\/click?u=6fa784dd5dedbb105dedc3702&amp;id=ca2b78afee&amp;e=c3c7b4c12b\">www.subidasepicas.pt<\/a>. A idade dos participantes n\u00e3o pode ser inferior a 18 anos.<\/p>\n\n\n\n<p><strong>Nuno Martinho, Secret\u00e1rio Executivo da CIM Viseu D\u00e3o Laf\u00f5es<\/strong>, sublinha que&nbsp;<em>\u201co Trof\u00e9u Subidas \u00c9picas Viseu D\u00e3o Laf\u00f5es 2025 representa na perfei\u00e7\u00e3o a mensagem que queremos transmitir da nossa campanha de ver\u00e3o: uma regi\u00e3o ativa, din\u00e2mica e pr\u00f3xima dos interesses dos novos p\u00fablicos\u201d<\/em>.&nbsp;<em>\u201cQueremos afirmar o nosso territ\u00f3rio como uma refer\u00eancia no turismo desportivo, em particular para o ciclismo de estrada, e dar a conhecer os nossos ativos naturais de forma inovadora e participada. Viseu D\u00e3o Laf\u00f5es \u00e9, mais do que nunca, o destino onde apetece mesmo estar neste ver\u00e3o\u201d<\/em>, acrescenta.<br>&nbsp;<\/p>\n\n\n\n<p><strong>Percursos de dificuldade variada<\/strong><\/p>\n\n\n\n<p>Com trajetos desafiantes e paisagens extraordin\u00e1rias, as quatro Subidas \u00c9picas Viseu D\u00e3o Laf\u00f5es trazem para o territ\u00f3rio um conceito desenvolvido em destinos de montanha de refer\u00eancia em todo o mundo: promover as subidas mais desafiantes como p\u00f3los de atra\u00e7\u00e3o para os adeptos da pr\u00e1tica do ciclismo de estrada.<\/p>\n\n\n\n<p>Com diferentes n\u00edveis de dificuldade, os quatro percursos s\u00e3o:<\/p>\n\n\n\n<p><strong>Subida \u00c9pica S\u00e3o Pedro do Sul \u2013 Arada:&nbsp;<\/strong>Dist\u00e2ncia: 17,1 km; Dificuldade: Categoria HC (superior); Desn\u00edvel acumulado: 874 m; In\u00edcio: S\u00e3o Pedro do Sul; Final: Alto da Arada.<\/p>\n\n\n\n<p><strong>Subida \u00c9pica Paiva \u2013 Montemuro:&nbsp;<\/strong>Dist\u00e2ncia: 22,4 km; Dificuldade: Categoria 1; Desn\u00edvel acumulado: 742 m; In\u00edcio: Rio Paiva (Ponte Pedrinha \u2013 Castro Daire); Final: Portas de Montemuro.<\/p>\n\n\n\n<p><strong>Subida \u00c9pica Campo de Besteiros \u2013 Caramulinho:&nbsp;<\/strong>Dist\u00e2ncia: 15,7 km; Dificuldade: Categoria 1; Desn\u00edvel acumulado: 718 m; In\u00edcio: Campo de Besteiros; Final: Alto do Caramulinho.<\/p>\n\n\n\n<p><strong>Subida \u00c9pica Vouzela \u2013 Adsamo:&nbsp;<\/strong>Dist\u00e2ncia: 15 km; Dificuldade: Categoria 2; Desn\u00edvel acumulado: 625 m; In\u00edcio: Vouzela; Final: Adsamo.<\/p>\n\n\n\n<p>A marca\u00e7\u00e3o, registo e valida\u00e7\u00e3o dos percursos e da performance dos atletas s\u00e3o feitos atrav\u00e9s de dispositivos GPS e plataformas digitais espec\u00edficas geridas pela Ultraspirit, equipa respons\u00e1vel pelo desenvolvimento e gest\u00e3o do Trof\u00e9u Subidas \u00c9picas Viseu D\u00e3o Laf\u00f5es.<\/p>\n\n\n\n<p>Os participantes poder\u00e3o desfrutar de um aliciante acrescido, j\u00e1 que, atrav\u00e9s do registo do tempo que demoram a completar cada uma das quatro Subidas \u00c9picas, poder\u00e3o lutar pela sua posi\u00e7\u00e3o nos&nbsp;<em>rankings<\/em>. H\u00e1 um&nbsp;<em>ranking<\/em>&nbsp;por cada subida e um&nbsp;<em>ranking<\/em>&nbsp;geral, resultante do acumulado dos tempos efetuados nas quatro subidas.<br>&nbsp;<\/p>\n\n\n\n<p><strong>Uma campanha de ver\u00e3o para todos os p\u00fablicos<\/strong><\/p>\n\n\n\n<p>O Trof\u00e9u Subidas \u00c9picas \u00e9 uma das iniciativas que integram<strong>&nbsp;<\/strong>a campanha&nbsp;<strong>\u201cViseu D\u00e3o Laf\u00f5es, \u00c9 Onde Apetece Estar!\u201d<\/strong>, uma campanha de ver\u00e3o que aposta na promo\u00e7\u00e3o dos eventos, da natureza, do patrim\u00f3nio e da gastronomia do territ\u00f3rio, com forte presen\u00e7a nas redes sociais e nos grandes festivais nacionais.<\/p>\n\n\n\n<p>A CIM volta a marcar presen\u00e7a em palcos de grande visibilidade neste ver\u00e3o, como foi o caso do&nbsp;<strong>NOS Alive<\/strong>&nbsp;(entre os dias 10 e 12 julho) ou a&nbsp;<strong>Feira de S\u00e3o Mateus<\/strong>&nbsp;(que ter\u00e1 lugar de 7 de agosto a 21 de setembro), eventos nacionais em que Viseu D\u00e3o Laf\u00f5es promove experi\u00eancias interativas e convida os visitantes a conhecer um territ\u00f3rio aut\u00eantico e vibrante.<\/p>\n\n\n\n<p>Recorde-se que em 2024, segundo o Instituto Nacional de Estat\u00edstica (INE), Viseu D\u00e3o Laf\u00f5es foi a regi\u00e3o do pa\u00eds com maior crescimento no n\u00famero de h\u00f3spedes (+14,2%)&nbsp;e a segunda com maior aumento de dormidas (+10,8%), refor\u00e7ando a notoriedade da regi\u00e3o como destino tur\u00edstico de refer\u00eancia. O ano de 2025 confirma esta tend\u00eancia positiva, sendo que, no primeiro quadrimestre, a regi\u00e3o registou um&nbsp;aumento de 8,7% nas dormidas e de 12,08% no n\u00famero de h\u00f3spedes, segundo dados do&nbsp;INE.<\/p>\n","protected":false},"excerpt":{"rendered":"<p>Competi\u00e7\u00e3o arranca hoje, dia 17 de julho, e integra a campanha \u201cViseu D\u00e3o Laf\u00f5es, \u00c9 Onde Apetece Estar!\u201d, que aposta&#8230;<\/p>\n","protected":false},"author":8,"featured_media":13895,"comment_status":"closed","ping_status":"open","sticky":false,"template":"","format":"standard","meta":[],"categories":[26,39],"tags":[81,977,448,349],"yoast_head":"<!-- This site is optimized with the Yoast SEO plugin v20.12 - https:\/\/yoast.com\/wordpress\/plugins\/seo\/ -->\n<title>Subidas \u00c9picas Viseu D\u00e3o Laf\u00f5es desafiam adeptos do ciclismo a conquistar as montanhas da regi\u00e3o - Atelier do Caractere<\/title>\n<meta name=\"robots\" content=\"index, follow, max-snippet:-1, max-image-preview:large, max-video-preview:-1\" \/>\n<link rel=\"canonical\" href=\"https:\/\/www.atelierdocaractere.pt\/brevemente\/subidas-epicas-viseu-dao-lafoes-desafiam-adeptos-do-ciclismo-a-conquistar-as-montanhas-da-regiao\/\" \/>\n<meta property=\"og:locale\" content=\"pt_PT\" \/>\n<meta property=\"og:type\" content=\"article\" \/>\n<meta property=\"og:title\" content=\"Subidas \u00c9picas Viseu D\u00e3o Laf\u00f5es desafiam adeptos do ciclismo a conquistar as montanhas da regi\u00e3o - Atelier do Caractere\" \/>\n<meta property=\"og:description\" content=\"Competi\u00e7\u00e3o arranca hoje, dia 17 de julho, e integra a campanha \u201cViseu D\u00e3o Laf\u00f5es, \u00c9 Onde Apetece Estar!\u201d, que aposta...\" \/>\n<meta property=\"og:url\" content=\"https:\/\/www.atelierdocaractere.pt\/brevemente\/subidas-epicas-viseu-dao-lafoes-desafiam-adeptos-do-ciclismo-a-conquistar-as-montanhas-da-regiao\/\" \/>\n<meta property=\"og:site_name\" content=\"Atelier do Caractere\" \/>\n<meta property=\"article:publisher\" content=\"https:\/\/www.facebook.com\/AtelierdoCaractere\" \/>\n<meta property=\"article:published_time\" content=\"2025-07-17T09:30:00+00:00\" \/>\n<meta property=\"article:modified_time\" content=\"2025-07-18T09:40:31+00:00\" \/>\n<meta property=\"og:image\" content=\"https:\/\/www.atelierdocaractere.pt\/wp-content\/uploads\/2025\/07\/whatsapp-image-2025-07-18-at-101007.jpeg\" \/>\n\t<meta property=\"og:image:width\" content=\"1280\" \/>\n\t<meta property=\"og:image:height\" content=\"848\" \/>\n\t<meta property=\"og:image:type\" content=\"image\/jpeg\" \/>\n<meta name=\"author\" content=\"Andr\u00e9 Lopes\" \/>\n<meta name=\"twitter:card\" content=\"summary_large_image\" \/>\n<meta name=\"twitter:label1\" content=\"Escrito por\" \/>\n\t<meta name=\"twitter:data1\" content=\"Andr\u00e9 Lopes\" \/>\n\t<meta name=\"twitter:label2\" content=\"Tempo estimado de leitura\" \/>\n\t<meta name=\"twitter:data2\" content=\"5 minutos\" \/>\n<script type=\"application\/ld+json\" class=\"yoast-schema-graph\">{\"@context\":\"https:\/\/schema.org\",\"@graph\":[{\"@type\":\"WebPage\",\"@id\":\"https:\/\/www.atelierdocaractere.pt\/brevemente\/subidas-epicas-viseu-dao-lafoes-desafiam-adeptos-do-ciclismo-a-conquistar-as-montanhas-da-regiao\/\",\"url\":\"https:\/\/www.atelierdocaractere.pt\/brevemente\/subidas-epicas-viseu-dao-lafoes-desafiam-adeptos-do-ciclismo-a-conquistar-as-montanhas-da-regiao\/\",\"name\":\"Subidas \u00c9picas Viseu D\u00e3o Laf\u00f5es desafiam adeptos do ciclismo a conquistar as montanhas da regi\u00e3o - Atelier do Caractere\",\"isPartOf\":{\"@id\":\"https:\/\/www.atelierdocaractere.pt\/brevemente\/#website\"},\"datePublished\":\"2025-07-17T09:30:00+00:00\",\"dateModified\":\"2025-07-18T09:40:31+00:00\",\"author\":{\"@id\":\"https:\/\/www.atelierdocaractere.pt\/brevemente\/#\/schema\/person\/434214d094c7f8243eba52cce01c3fbf\"},\"breadcrumb\":{\"@id\":\"https:\/\/www.atelierdocaractere.pt\/brevemente\/subidas-epicas-viseu-dao-lafoes-desafiam-adeptos-do-ciclismo-a-conquistar-as-montanhas-da-regiao\/#breadcrumb\"},\"inLanguage\":\"pt-PT\",\"potentialAction\":[{\"@type\":\"ReadAction\",\"target\":[\"https:\/\/www.atelierdocaractere.pt\/brevemente\/subidas-epicas-viseu-dao-lafoes-desafiam-adeptos-do-ciclismo-a-conquistar-as-montanhas-da-regiao\/\"]}]},{\"@type\":\"BreadcrumbList\",\"@id\":\"https:\/\/www.atelierdocaractere.pt\/brevemente\/subidas-epicas-viseu-dao-lafoes-desafiam-adeptos-do-ciclismo-a-conquistar-as-montanhas-da-regiao\/#breadcrumb\",\"itemListElement\":[{\"@type\":\"ListItem\",\"position\":1,\"name\":\"In\u00edcio\",\"item\":\"https:\/\/www.atelierdocaractere.pt\/brevemente\/\"},{\"@type\":\"ListItem\",\"position\":2,\"name\":\"Subidas \u00c9picas Viseu D\u00e3o Laf\u00f5es desafiam adeptos do ciclismo a conquistar as montanhas da regi\u00e3o\"}]},{\"@type\":\"WebSite\",\"@id\":\"https:\/\/www.atelierdocaractere.pt\/brevemente\/#website\",\"url\":\"https:\/\/www.atelierdocaractere.pt\/brevemente\/\",\"name\":\"Atelier do Caractere\",\"description\":\"\",\"potentialAction\":[{\"@type\":\"SearchAction\",\"target\":{\"@type\":\"EntryPoint\",\"urlTemplate\":\"https:\/\/www.atelierdocaractere.pt\/brevemente\/?s={search_term_string}\"},\"query-input\":\"required name=search_term_string\"}],\"inLanguage\":\"pt-PT\"},{\"@type\":\"Person\",\"@id\":\"https:\/\/www.atelierdocaractere.pt\/brevemente\/#\/schema\/person\/434214d094c7f8243eba52cce01c3fbf\",\"name\":\"Andr\u00e9 Lopes\",\"image\":{\"@type\":\"ImageObject\",\"inLanguage\":\"pt-PT\",\"@id\":\"https:\/\/www.atelierdocaractere.pt\/brevemente\/#\/schema\/person\/image\/\",\"url\":\"https:\/\/secure.gravatar.com\/avatar\/76af1c514620ffe1937f018fe03efb73?s=96&d=mm&r=g\",\"contentUrl\":\"https:\/\/secure.gravatar.com\/avatar\/76af1c514620ffe1937f018fe03efb73?s=96&d=mm&r=g\",\"caption\":\"Andr\u00e9 Lopes\"},\"url\":\"https:\/\/www.atelierdocaractere.pt\/brevemente\/author\/andre-lopes\/\"}]}<\/script>\n<!-- \/ Yoast SEO plugin. -->","yoast_head_json":{"title":"Subidas \u00c9picas Viseu D\u00e3o Laf\u00f5es desafiam adeptos do ciclismo a conquistar as montanhas da regi\u00e3o - Atelier do Caractere","robots":{"index":"index","follow":"follow","max-snippet":"max-snippet:-1","max-image-preview":"max-image-preview:large","max-video-preview":"max-video-preview:-1"},"canonical":"https:\/\/www.atelierdocaractere.pt\/brevemente\/subidas-epicas-viseu-dao-lafoes-desafiam-adeptos-do-ciclismo-a-conquistar-as-montanhas-da-regiao\/","og_locale":"pt_PT","og_type":"article","og_title":"Subidas \u00c9picas Viseu D\u00e3o Laf\u00f5es desafiam adeptos do ciclismo a conquistar as montanhas da regi\u00e3o - Atelier do Caractere","og_description":"Competi\u00e7\u00e3o arranca hoje, dia 17 de julho, e integra a campanha \u201cViseu D\u00e3o Laf\u00f5es, \u00c9 Onde Apetece Estar!\u201d, que aposta...","og_url":"https:\/\/www.atelierdocaractere.pt\/brevemente\/subidas-epicas-viseu-dao-lafoes-desafiam-adeptos-do-ciclismo-a-conquistar-as-montanhas-da-regiao\/","og_site_name":"Atelier do Caractere","article_publisher":"https:\/\/www.facebook.com\/AtelierdoCaractere","article_published_time":"2025-07-17T09:30:00+00:00","article_modified_time":"2025-07-18T09:40:31+00:00","og_image":[{"width":1280,"height":848,"url":"https:\/\/www.atelierdocaractere.pt\/wp-content\/uploads\/2025\/07\/whatsapp-image-2025-07-18-at-101007.jpeg","type":"image\/jpeg"}],"author":"Andr\u00e9 Lopes","twitter_card":"summary_large_image","twitter_misc":{"Escrito por":"Andr\u00e9 Lopes","Tempo estimado de leitura":"5 minutos"},"schema":{"@context":"https:\/\/schema.org","@graph":[{"@type":"WebPage","@id":"https:\/\/www.atelierdocaractere.pt\/brevemente\/subidas-epicas-viseu-dao-lafoes-desafiam-adeptos-do-ciclismo-a-conquistar-as-montanhas-da-regiao\/","url":"https:\/\/www.atelierdocaractere.pt\/brevemente\/subidas-epicas-viseu-dao-lafoes-desafiam-adeptos-do-ciclismo-a-conquistar-as-montanhas-da-regiao\/","name":"Subidas \u00c9picas Viseu D\u00e3o Laf\u00f5es desafiam adeptos do ciclismo a conquistar as montanhas da regi\u00e3o - Atelier do Caractere","isPartOf":{"@id":"https:\/\/www.atelierdocaractere.pt\/brevemente\/#website"},"datePublished":"2025-07-17T09:30:00+00:00","dateModified":"2025-07-18T09:40:31+00:00","author":{"@id":"https:\/\/www.atelierdocaractere.pt\/brevemente\/#\/schema\/person\/434214d094c7f8243eba52cce01c3fbf"},"breadcrumb":{"@id":"https:\/\/www.atelierdocaractere.pt\/brevemente\/subidas-epicas-viseu-dao-lafoes-desafiam-adeptos-do-ciclismo-a-conquistar-as-montanhas-da-regiao\/#breadcrumb"},"inLanguage":"pt-PT","potentialAction":[{"@type":"ReadAction","target":["https:\/\/www.atelierdocaractere.pt\/brevemente\/subidas-epicas-viseu-dao-lafoes-desafiam-adeptos-do-ciclismo-a-conquistar-as-montanhas-da-regiao\/"]}]},{"@type":"BreadcrumbList","@id":"https:\/\/www.atelierdocaractere.pt\/brevemente\/subidas-epicas-viseu-dao-lafoes-desafiam-adeptos-do-ciclismo-a-conquistar-as-montanhas-da-regiao\/#breadcrumb","itemListElement":[{"@type":"ListItem","position":1,"name":"In\u00edcio","item":"https:\/\/www.atelierdocaractere.pt\/brevemente\/"},{"@type":"ListItem","position":2,"name":"Subidas \u00c9picas Viseu D\u00e3o Laf\u00f5es desafiam adeptos do ciclismo a conquistar as montanhas da regi\u00e3o"}]},{"@type":"WebSite","@id":"https:\/\/www.atelierdocaractere.pt\/brevemente\/#website","url":"https:\/\/www.atelierdocaractere.pt\/brevemente\/","name":"Atelier do Caractere","description":"","potentialAction":[{"@type":"SearchAction","target":{"@type":"EntryPoint","urlTemplate":"https:\/\/www.atelierdocaractere.pt\/brevemente\/?s={search_term_string}"},"query-input":"required name=search_term_string"}],"inLanguage":"pt-PT"},{"@type":"Person","@id":"https:\/\/www.atelierdocaractere.pt\/brevemente\/#\/schema\/person\/434214d094c7f8243eba52cce01c3fbf","name":"Andr\u00e9 Lopes","image":{"@type":"ImageObject","inLanguage":"pt-PT","@id":"https:\/\/www.atelierdocaractere.pt\/brevemente\/#\/schema\/person\/image\/","url":"https:\/\/secure.gravatar.com\/avatar\/76af1c514620ffe1937f018fe03efb73?s=96&d=mm&r=g","contentUrl":"https:\/\/secure.gravatar.com\/avatar\/76af1c514620ffe1937f018fe03efb73?s=96&d=mm&r=g","caption":"Andr\u00e9 Lopes"},"url":"https:\/\/www.atelierdocaractere.pt\/brevemente\/author\/andre-lopes\/"}]}},"_links":{"self":[{"href":"https:\/\/www.atelierdocaractere.pt\/brevemente\/wp-json\/wp\/v2\/posts\/13894"}],"collection":[{"href":"https:\/\/www.atelierdocaractere.pt\/brevemente\/wp-json\/wp\/v2\/posts"}],"about":[{"href":"https:\/\/www.atelierdocaractere.pt\/brevemente\/wp-json\/wp\/v2\/types\/post"}],"author":[{"embeddable":true,"href":"https:\/\/www.atelierdocaractere.pt\/brevemente\/wp-json\/wp\/v2\/users\/8"}],"replies":[{"embeddable":true,"href":"https:\/\/www.atelierdocaractere.pt\/brevemente\/wp-json\/wp\/v2\/comments?post=13894"}],"version-history":[{"count":1,"href":"https:\/\/www.atelierdocaractere.pt\/brevemente\/wp-json\/wp\/v2\/posts\/13894\/revisions"}],"predecessor-version":[{"id":13896,"href":"https:\/\/www.atelierdocaractere.pt\/brevemente\/wp-json\/wp\/v2\/posts\/13894\/revisions\/13896"}],"wp:featuredmedia":[{"embeddable":true,"href":"https:\/\/www.atelierdocaractere.pt\/brevemente\/wp-json\/wp\/v2\/media\/13895"}],"wp:attachment":[{"href":"https:\/\/www.atelierdocaractere.pt\/brevemente\/wp-json\/wp\/v2\/media?parent=13894"}],"wp:term":[{"taxonomy":"category","embeddable":true,"href":"https:\/\/www.atelierdocaractere.pt\/brevemente\/wp-json\/wp\/v2\/categories?post=13894"},{"taxonomy":"post_tag","embeddable":true,"href":"https:\/\/www.atelierdocaractere.pt\/brevemente\/wp-json\/wp\/v2\/tags?post=13894"}],"curies":[{"name":"wp","href":"https:\/\/api.w.org\/{rel}","templated":true}]}}