{"id":13912,"date":"2025-07-23T13:50:00","date_gmt":"2025-07-23T13:50:00","guid":{"rendered":"https:\/\/www.atelierdocaractere.pt\/brevemente\/?p=13912"},"modified":"2025-07-24T08:49:55","modified_gmt":"2025-07-24T08:49:55","slug":"hugo-lopes-e-magda-oliveira-vao-defender-as-cores-do-hyundai-junior-team-fpak-no-rali-da-madeira","status":"publish","type":"post","link":"https:\/\/www.atelierdocaractere.pt\/brevemente\/hugo-lopes-e-magda-oliveira-vao-defender-as-cores-do-hyundai-junior-team-fpak-no-rali-da-madeira\/","title":{"rendered":"Hugo Lopes e Magda Oliveira v\u00e3o defender as cores do Hyundai J\u00fanior Team FPAK no Rali da Madeira\u00a0"},"content":{"rendered":"\n<p><strong>Hugo Lopes est\u00e1 de regresso ao Rali Vinho da Madeira, uma das mais desafiantes e prestigiadas provas do calend\u00e1rio do Campeonato de Portugal de Ralis. A participa\u00e7\u00e3o, inicialmente n\u00e3o prevista no plano da temporada, foi viabilizada pela Hyundai, pela equipa Sports&amp;You e pelos patrocinadores do jovem piloto, numa aposta estrat\u00e9gica de continuidade na sua evolu\u00e7\u00e3o competitiva. O viseense vai fazer dupla com Magda Oliveira aos comandos do Hyundai i20N Rally2 do Hyundai J\u00fanior Team FPAK.<\/strong><\/p>\n\n\n\n<p><em>\u201cA possibilidade de participar no Rali da Madeira, uma prova que n\u00e3o fazia parte do nosso plano inicial, \u00e9 uma excelente not\u00edcia e uma enorme fonte de motiva\u00e7\u00e3o\u201d<\/em>, afirma Hugo Lopes.&nbsp;<em>\u201c\u00c9 uma oportunidade fant\u00e1stica para continuar a evoluir com o Hyundai i20N Rally2\u201d<\/em>, afirma o piloto.&nbsp;<em>\u201cEsta \u00e9 uma prova muito especial, com um ambiente \u00fanico e um grau de exig\u00eancia elevad\u00edssimo.\u201d<\/em><\/p>\n\n\n\n<p>Esta ser\u00e1 a terceira participa\u00e7\u00e3o de Hugo Lopes no Rali da Madeira.&nbsp;<em>\u201cUma prova que gosto bastante, que me ajudou muito a crescer enquanto piloto e onde sempre conquistei bons resultados. Agora, o desafio \u00e9 diferente, mais exigente. O foco est\u00e1 em aprender ao m\u00e1ximo, com o objetivo de preparar, da melhor forma, a \u00e9poca de 2026 e, se poss\u00edvel, lutar pelas posi\u00e7\u00f5es cimeiras\u201d<\/em>, explica o piloto.&nbsp;<em>\u201cVir de um rali como o de Castelo Branco e Vila Velha de R\u00f3d\u00e3o, onde conseguimos ser bastante competitivos, aumenta a confian\u00e7a com que encaro esta participa\u00e7\u00e3o. Muito obrigado \u00e0 Hyundai, \u00e0 Sports&amp;You e aos meus patrocinadores pela oportunidade\u201d.<\/em><\/p>\n\n\n\n<p>O Rali da Madeira assume um significado particular no percurso de Hugo Lopes. Em 2024, o piloto brilhou ao conquistar uma vit\u00f3ria absoluta entre os pilotos de duas rodas motrizes, al\u00e9m de vencer, tamb\u00e9m, nas categorias Portugal J\u00fanior, Peugeot Rally Cup Portugal e Ib\u00e9rica e classe RC4, num fim de semana praticamente perfeito. J\u00e1 em 2023, na sua estreia na prova, destacou-se ao vencer entre os 2RM, alcan\u00e7ando ainda o 3.\u00ba lugar j\u00fanior no ERT e o 5.\u00ba lugar na categoria RC4.<\/p>\n","protected":false},"excerpt":{"rendered":"<p>Hugo Lopes est\u00e1 de regresso ao Rali Vinho da Madeira, uma das mais desafiantes e prestigiadas provas do calend\u00e1rio do&#8230;<\/p>\n","protected":false},"author":8,"featured_media":13913,"comment_status":"closed","ping_status":"open","sticky":false,"template":"","format":"standard","meta":[],"categories":[24],"tags":[81,931,978,979],"yoast_head":"<!-- This site is optimized with the Yoast SEO plugin v20.12 - https:\/\/yoast.com\/wordpress\/plugins\/seo\/ -->\n<title>Hugo Lopes e Magda Oliveira v\u00e3o defender as cores do Hyundai J\u00fanior Team FPAK no Rali da Madeira\u00a0 - Atelier do Caractere<\/title>\n<meta name=\"robots\" content=\"index, follow, max-snippet:-1, max-image-preview:large, max-video-preview:-1\" \/>\n<link rel=\"canonical\" href=\"https:\/\/www.atelierdocaractere.pt\/brevemente\/hugo-lopes-e-magda-oliveira-vao-defender-as-cores-do-hyundai-junior-team-fpak-no-rali-da-madeira\/\" \/>\n<meta property=\"og:locale\" content=\"pt_PT\" \/>\n<meta property=\"og:type\" content=\"article\" \/>\n<meta property=\"og:title\" content=\"Hugo Lopes e Magda Oliveira v\u00e3o defender as cores do Hyundai J\u00fanior Team FPAK no Rali da Madeira\u00a0 - Atelier do Caractere\" \/>\n<meta property=\"og:description\" content=\"Hugo Lopes est\u00e1 de regresso ao Rali Vinho da Madeira, uma das mais desafiantes e prestigiadas provas do calend\u00e1rio do...\" \/>\n<meta property=\"og:url\" content=\"https:\/\/www.atelierdocaractere.pt\/brevemente\/hugo-lopes-e-magda-oliveira-vao-defender-as-cores-do-hyundai-junior-team-fpak-no-rali-da-madeira\/\" \/>\n<meta property=\"og:site_name\" content=\"Atelier do Caractere\" \/>\n<meta property=\"article:publisher\" content=\"https:\/\/www.facebook.com\/AtelierdoCaractere\" \/>\n<meta property=\"article:published_time\" content=\"2025-07-23T13:50:00+00:00\" \/>\n<meta property=\"article:modified_time\" content=\"2025-07-24T08:49:55+00:00\" \/>\n<meta property=\"og:image\" content=\"https:\/\/www.atelierdocaractere.pt\/wp-content\/uploads\/2025\/07\/whatsapp-image-2025-07-23-at-152547-1.jpeg\" \/>\n\t<meta property=\"og:image:width\" content=\"1280\" \/>\n\t<meta property=\"og:image:height\" content=\"853\" \/>\n\t<meta property=\"og:image:type\" content=\"image\/jpeg\" \/>\n<meta name=\"author\" content=\"Andr\u00e9 Lopes\" \/>\n<meta name=\"twitter:card\" content=\"summary_large_image\" \/>\n<meta name=\"twitter:label1\" content=\"Escrito por\" \/>\n\t<meta name=\"twitter:data1\" content=\"Andr\u00e9 Lopes\" \/>\n\t<meta name=\"twitter:label2\" content=\"Tempo estimado de leitura\" \/>\n\t<meta name=\"twitter:data2\" content=\"2 minutos\" \/>\n<script type=\"application\/ld+json\" class=\"yoast-schema-graph\">{\"@context\":\"https:\/\/schema.org\",\"@graph\":[{\"@type\":\"WebPage\",\"@id\":\"https:\/\/www.atelierdocaractere.pt\/brevemente\/hugo-lopes-e-magda-oliveira-vao-defender-as-cores-do-hyundai-junior-team-fpak-no-rali-da-madeira\/\",\"url\":\"https:\/\/www.atelierdocaractere.pt\/brevemente\/hugo-lopes-e-magda-oliveira-vao-defender-as-cores-do-hyundai-junior-team-fpak-no-rali-da-madeira\/\",\"name\":\"Hugo Lopes e Magda Oliveira v\u00e3o defender as cores do Hyundai J\u00fanior Team FPAK no Rali da Madeira\u00a0 - Atelier do Caractere\",\"isPartOf\":{\"@id\":\"https:\/\/www.atelierdocaractere.pt\/brevemente\/#website\"},\"datePublished\":\"2025-07-23T13:50:00+00:00\",\"dateModified\":\"2025-07-24T08:49:55+00:00\",\"author\":{\"@id\":\"https:\/\/www.atelierdocaractere.pt\/brevemente\/#\/schema\/person\/434214d094c7f8243eba52cce01c3fbf\"},\"breadcrumb\":{\"@id\":\"https:\/\/www.atelierdocaractere.pt\/brevemente\/hugo-lopes-e-magda-oliveira-vao-defender-as-cores-do-hyundai-junior-team-fpak-no-rali-da-madeira\/#breadcrumb\"},\"inLanguage\":\"pt-PT\",\"potentialAction\":[{\"@type\":\"ReadAction\",\"target\":[\"https:\/\/www.atelierdocaractere.pt\/brevemente\/hugo-lopes-e-magda-oliveira-vao-defender-as-cores-do-hyundai-junior-team-fpak-no-rali-da-madeira\/\"]}]},{\"@type\":\"BreadcrumbList\",\"@id\":\"https:\/\/www.atelierdocaractere.pt\/brevemente\/hugo-lopes-e-magda-oliveira-vao-defender-as-cores-do-hyundai-junior-team-fpak-no-rali-da-madeira\/#breadcrumb\",\"itemListElement\":[{\"@type\":\"ListItem\",\"position\":1,\"name\":\"In\u00edcio\",\"item\":\"https:\/\/www.atelierdocaractere.pt\/brevemente\/\"},{\"@type\":\"ListItem\",\"position\":2,\"name\":\"Hugo Lopes e Magda Oliveira v\u00e3o defender as cores do Hyundai J\u00fanior Team FPAK no Rali da Madeira\u00a0\"}]},{\"@type\":\"WebSite\",\"@id\":\"https:\/\/www.atelierdocaractere.pt\/brevemente\/#website\",\"url\":\"https:\/\/www.atelierdocaractere.pt\/brevemente\/\",\"name\":\"Atelier do Caractere\",\"description\":\"\",\"potentialAction\":[{\"@type\":\"SearchAction\",\"target\":{\"@type\":\"EntryPoint\",\"urlTemplate\":\"https:\/\/www.atelierdocaractere.pt\/brevemente\/?s={search_term_string}\"},\"query-input\":\"required name=search_term_string\"}],\"inLanguage\":\"pt-PT\"},{\"@type\":\"Person\",\"@id\":\"https:\/\/www.atelierdocaractere.pt\/brevemente\/#\/schema\/person\/434214d094c7f8243eba52cce01c3fbf\",\"name\":\"Andr\u00e9 Lopes\",\"image\":{\"@type\":\"ImageObject\",\"inLanguage\":\"pt-PT\",\"@id\":\"https:\/\/www.atelierdocaractere.pt\/brevemente\/#\/schema\/person\/image\/\",\"url\":\"https:\/\/secure.gravatar.com\/avatar\/76af1c514620ffe1937f018fe03efb73?s=96&d=mm&r=g\",\"contentUrl\":\"https:\/\/secure.gravatar.com\/avatar\/76af1c514620ffe1937f018fe03efb73?s=96&d=mm&r=g\",\"caption\":\"Andr\u00e9 Lopes\"},\"url\":\"https:\/\/www.atelierdocaractere.pt\/brevemente\/author\/andre-lopes\/\"}]}<\/script>\n<!-- \/ Yoast SEO plugin. -->","yoast_head_json":{"title":"Hugo Lopes e Magda Oliveira v\u00e3o defender as cores do Hyundai J\u00fanior Team FPAK no Rali da Madeira\u00a0 - Atelier do Caractere","robots":{"index":"index","follow":"follow","max-snippet":"max-snippet:-1","max-image-preview":"max-image-preview:large","max-video-preview":"max-video-preview:-1"},"canonical":"https:\/\/www.atelierdocaractere.pt\/brevemente\/hugo-lopes-e-magda-oliveira-vao-defender-as-cores-do-hyundai-junior-team-fpak-no-rali-da-madeira\/","og_locale":"pt_PT","og_type":"article","og_title":"Hugo Lopes e Magda Oliveira v\u00e3o defender as cores do Hyundai J\u00fanior Team FPAK no Rali da Madeira\u00a0 - Atelier do Caractere","og_description":"Hugo Lopes est\u00e1 de regresso ao Rali Vinho da Madeira, uma das mais desafiantes e prestigiadas provas do calend\u00e1rio do...","og_url":"https:\/\/www.atelierdocaractere.pt\/brevemente\/hugo-lopes-e-magda-oliveira-vao-defender-as-cores-do-hyundai-junior-team-fpak-no-rali-da-madeira\/","og_site_name":"Atelier do Caractere","article_publisher":"https:\/\/www.facebook.com\/AtelierdoCaractere","article_published_time":"2025-07-23T13:50:00+00:00","article_modified_time":"2025-07-24T08:49:55+00:00","og_image":[{"width":1280,"height":853,"url":"https:\/\/www.atelierdocaractere.pt\/wp-content\/uploads\/2025\/07\/whatsapp-image-2025-07-23-at-152547-1.jpeg","type":"image\/jpeg"}],"author":"Andr\u00e9 Lopes","twitter_card":"summary_large_image","twitter_misc":{"Escrito por":"Andr\u00e9 Lopes","Tempo estimado de leitura":"2 minutos"},"schema":{"@context":"https:\/\/schema.org","@graph":[{"@type":"WebPage","@id":"https:\/\/www.atelierdocaractere.pt\/brevemente\/hugo-lopes-e-magda-oliveira-vao-defender-as-cores-do-hyundai-junior-team-fpak-no-rali-da-madeira\/","url":"https:\/\/www.atelierdocaractere.pt\/brevemente\/hugo-lopes-e-magda-oliveira-vao-defender-as-cores-do-hyundai-junior-team-fpak-no-rali-da-madeira\/","name":"Hugo Lopes e Magda Oliveira v\u00e3o defender as cores do Hyundai J\u00fanior Team FPAK no Rali da Madeira\u00a0 - Atelier do Caractere","isPartOf":{"@id":"https:\/\/www.atelierdocaractere.pt\/brevemente\/#website"},"datePublished":"2025-07-23T13:50:00+00:00","dateModified":"2025-07-24T08:49:55+00:00","author":{"@id":"https:\/\/www.atelierdocaractere.pt\/brevemente\/#\/schema\/person\/434214d094c7f8243eba52cce01c3fbf"},"breadcrumb":{"@id":"https:\/\/www.atelierdocaractere.pt\/brevemente\/hugo-lopes-e-magda-oliveira-vao-defender-as-cores-do-hyundai-junior-team-fpak-no-rali-da-madeira\/#breadcrumb"},"inLanguage":"pt-PT","potentialAction":[{"@type":"ReadAction","target":["https:\/\/www.atelierdocaractere.pt\/brevemente\/hugo-lopes-e-magda-oliveira-vao-defender-as-cores-do-hyundai-junior-team-fpak-no-rali-da-madeira\/"]}]},{"@type":"BreadcrumbList","@id":"https:\/\/www.atelierdocaractere.pt\/brevemente\/hugo-lopes-e-magda-oliveira-vao-defender-as-cores-do-hyundai-junior-team-fpak-no-rali-da-madeira\/#breadcrumb","itemListElement":[{"@type":"ListItem","position":1,"name":"In\u00edcio","item":"https:\/\/www.atelierdocaractere.pt\/brevemente\/"},{"@type":"ListItem","position":2,"name":"Hugo Lopes e Magda Oliveira v\u00e3o defender as cores do Hyundai J\u00fanior Team FPAK no Rali da Madeira\u00a0"}]},{"@type":"WebSite","@id":"https:\/\/www.atelierdocaractere.pt\/brevemente\/#website","url":"https:\/\/www.atelierdocaractere.pt\/brevemente\/","name":"Atelier do Caractere","description":"","potentialAction":[{"@type":"SearchAction","target":{"@type":"EntryPoint","urlTemplate":"https:\/\/www.atelierdocaractere.pt\/brevemente\/?s={search_term_string}"},"query-input":"required name=search_term_string"}],"inLanguage":"pt-PT"},{"@type":"Person","@id":"https:\/\/www.atelierdocaractere.pt\/brevemente\/#\/schema\/person\/434214d094c7f8243eba52cce01c3fbf","name":"Andr\u00e9 Lopes","image":{"@type":"ImageObject","inLanguage":"pt-PT","@id":"https:\/\/www.atelierdocaractere.pt\/brevemente\/#\/schema\/person\/image\/","url":"https:\/\/secure.gravatar.com\/avatar\/76af1c514620ffe1937f018fe03efb73?s=96&d=mm&r=g","contentUrl":"https:\/\/secure.gravatar.com\/avatar\/76af1c514620ffe1937f018fe03efb73?s=96&d=mm&r=g","caption":"Andr\u00e9 Lopes"},"url":"https:\/\/www.atelierdocaractere.pt\/brevemente\/author\/andre-lopes\/"}]}},"_links":{"self":[{"href":"https:\/\/www.atelierdocaractere.pt\/brevemente\/wp-json\/wp\/v2\/posts\/13912"}],"collection":[{"href":"https:\/\/www.atelierdocaractere.pt\/brevemente\/wp-json\/wp\/v2\/posts"}],"about":[{"href":"https:\/\/www.atelierdocaractere.pt\/brevemente\/wp-json\/wp\/v2\/types\/post"}],"author":[{"embeddable":true,"href":"https:\/\/www.atelierdocaractere.pt\/brevemente\/wp-json\/wp\/v2\/users\/8"}],"replies":[{"embeddable":true,"href":"https:\/\/www.atelierdocaractere.pt\/brevemente\/wp-json\/wp\/v2\/comments?post=13912"}],"version-history":[{"count":1,"href":"https:\/\/www.atelierdocaractere.pt\/brevemente\/wp-json\/wp\/v2\/posts\/13912\/revisions"}],"predecessor-version":[{"id":13914,"href":"https:\/\/www.atelierdocaractere.pt\/brevemente\/wp-json\/wp\/v2\/posts\/13912\/revisions\/13914"}],"wp:featuredmedia":[{"embeddable":true,"href":"https:\/\/www.atelierdocaractere.pt\/brevemente\/wp-json\/wp\/v2\/media\/13913"}],"wp:attachment":[{"href":"https:\/\/www.atelierdocaractere.pt\/brevemente\/wp-json\/wp\/v2\/media?parent=13912"}],"wp:term":[{"taxonomy":"category","embeddable":true,"href":"https:\/\/www.atelierdocaractere.pt\/brevemente\/wp-json\/wp\/v2\/categories?post=13912"},{"taxonomy":"post_tag","embeddable":true,"href":"https:\/\/www.atelierdocaractere.pt\/brevemente\/wp-json\/wp\/v2\/tags?post=13912"}],"curies":[{"name":"wp","href":"https:\/\/api.w.org\/{rel}","templated":true}]}}