{"id":13917,"date":"2025-07-24T16:23:09","date_gmt":"2025-07-24T16:23:09","guid":{"rendered":"https:\/\/www.atelierdocaractere.pt\/brevemente\/?p=13917"},"modified":"2025-07-24T16:23:12","modified_gmt":"2025-07-24T16:23:12","slug":"rota-de-megalitismo-de-viseu-dao-lafoes-integra-rede-europeia-megalithic-routes","status":"publish","type":"post","link":"https:\/\/www.atelierdocaractere.pt\/brevemente\/rota-de-megalitismo-de-viseu-dao-lafoes-integra-rede-europeia-megalithic-routes\/","title":{"rendered":"Rota de Megalitismo de Viseu D\u00e3o Laf\u00f5es integra rede europeia Megalithic Routes"},"content":{"rendered":"\n<p><strong>Reconhecimento internacional refor\u00e7a valoriza\u00e7\u00e3o do patrim\u00f3nio pr\u00e9-hist\u00f3rico da regi\u00e3o e integra-o numa rota cultural europeia. Ades\u00e3o segue-se \u00e0 recente classifica\u00e7\u00e3o nacional dos 18 monumentos que comp\u00f5em o chamado \u201cGrupo de Viseu\u201d.<\/strong><\/p>\n\n\n\n<p>A&nbsp;<strong>Rota de Megalitismo de Viseu D\u00e3o Laf\u00f5es<\/strong>&nbsp;passou a integrar a rede internacional&nbsp;<em>Megalithic Routes<\/em>, associa\u00e7\u00e3o cultural sem fins lucrativos que promove a valoriza\u00e7\u00e3o e conserva\u00e7\u00e3o do patrim\u00f3nio megal\u00edtico na Europa. A ades\u00e3o, proposta pela&nbsp;<strong>Comunidade Intermunicipal (CIM)&nbsp;<\/strong><strong>Viseu D\u00e3o Laf\u00f5es&nbsp;<\/strong>com o apoio da Universidade do Algarve, foi aprovada durante a Assembleia Geral anual da rede, dedicada \u00e0 prote\u00e7\u00e3o deste legado milenar.<\/p>\n\n\n\n<p>Com esta integra\u00e7\u00e3o, Viseu D\u00e3o Laf\u00f5es passa a fazer parte da&nbsp;<strong>Rota Europeia da Cultura Megal\u00edtica<\/strong>, uma iniciativa reconhecida pelo Conselho da Europa, que envolve museus, geoparques, investigadores e entidades tur\u00edsticas de pa\u00edses como Portugal, Espanha, Alemanha, Dinamarca, Inglaterra, Su\u00e9cia, Turquia e Pa\u00edses Baixos.<\/p>\n\n\n\n<p><em>\u201cA entrada da nossa Rota de Megalitismo na Megalithic Routes \u00e9 mais um passo determinante na estrat\u00e9gia de afirma\u00e7\u00e3o de Viseu D\u00e3o Laf\u00f5es como destino de excel\u00eancia para o turismo cultural e patrimonial. Estamos a falar de um reconhecimento internacional que nos insere numa rede de excel\u00eancia, dedicada \u00e0 salvaguarda de um legado comum europeu. \u00c9 um orgulho e, ao mesmo tempo, uma responsabilidade que abra\u00e7amos com determina\u00e7\u00e3o\u201d<\/em>, afirma&nbsp;<strong>Nuno Martinho<\/strong>, Secret\u00e1rio Executivo da CIM&nbsp;Viseu D\u00e3o Laf\u00f5es.&nbsp;<em>\u201cEste enquadramento<\/em>&nbsp;<em>europeu refor\u00e7a o trabalho de valoriza\u00e7\u00e3o que temos vindo a desenvolver ao longo dos \u00faltimos anos, tamb\u00e9m evidenciado pela recente classifica\u00e7\u00e3o nacional dos nossos monumentos megal\u00edticos\u201d<\/em>, sublinha.<\/p>\n\n\n\n<p>A associa\u00e7\u00e3o&nbsp;<em>Megalithic Routes<\/em>&nbsp;tem como miss\u00e3o ligar, atrav\u00e9s de rotas culturais, alguns dos monumentos mais antigos da Europa, promovendo n\u00e3o s\u00f3 os pr\u00f3prios s\u00edtios arqueol\u00f3gicos, mas tamb\u00e9m as paisagens e as comunidades que os envolvem. A rota europeia real\u00e7a o papel central que os monumentos megal\u00edticos tiveram na forma\u00e7\u00e3o das paisagens culturais, simbolizando os primeiros esfor\u00e7os das comunidades humanas para moldar o territ\u00f3rio e criar v\u00ednculos com a natureza.<\/p>\n\n\n\n<p>Assente nos princ\u00edpios do turismo de baixo impacto, o projeto aposta em percursos pedestres e cicl\u00e1veis, no uso de caminhos existentes e na mobilidade sustent\u00e1vel, que proporcionem experi\u00eancias aut\u00eanticas, respeitadoras do ambiente e integradas nas atuais tend\u00eancias de lazer e recreio ao ar livre. A par disso, promove tamb\u00e9m parcerias com museus, escolas e universidades, incentivando programas educativos e interc\u00e2mbios sobre as Ra\u00edzes Megal\u00edticas europeias.<\/p>\n\n\n\n<p>Recorde-se que, paralelamente a este reconhecimento europeu, foi aberto um procedimento para a Classifica\u00e7\u00e3o Nacional de 18 Monumentos Megal\u00edticos do Grupo de Viseu D\u00e3o Laf\u00f5es \u2013 o chamado \u201cGrupo de Viseu\u201d. A decis\u00e3o, publicada em maio em Di\u00e1rio da Rep\u00fablica, garante desde j\u00e1 a prote\u00e7\u00e3o legal deste patrim\u00f3nio, nos termos da Lei de Bases do Patrim\u00f3nio Cultural, enquanto se desenvolve o processo formal de classifica\u00e7\u00e3o.<\/p>\n\n\n\n<p><strong>Itiner\u00e1rios Culturais do Conselho da Europa&nbsp;<\/strong><\/p>\n\n\n\n<p>O programa dos Itiner\u00e1rios Culturais, lan\u00e7ado pelo Conselho da Europa em 1987, demonstra de forma vis\u00edvel, atrav\u00e9s de uma viagem no espa\u00e7o e no tempo, como o patrim\u00f3nio dos diferentes pa\u00edses e culturas da Europa representa uma heran\u00e7a cultural partilhada. Os Itiner\u00e1rios Culturais apoiam a miss\u00e3o do Conselho da Europa na promo\u00e7\u00e3o da democracia, dos direitos humanos e do Estado de Direito em toda a Europa e al\u00e9m-fronteiras. Promovem a sensibiliza\u00e7\u00e3o para o patrim\u00f3nio comum europeu e colocam em pr\u00e1tica a democracia cultural, a diversidade cultural, o di\u00e1logo e o interc\u00e2mbio m\u00fatuo atrav\u00e9s das fronteiras e dos s\u00e9culos, tanto dentro da Europa como com outros pa\u00edses e regi\u00f5es.<\/p>\n\n\n\n<p>Em 2025, existem 49 Itiner\u00e1rios Culturais do Conselho da Europa certificados (<a href=\"https:\/\/mixlife.us21.list-manage.com\/track\/click?u=6fa784dd5dedbb105dedc3702&amp;id=bb6bf2842b&amp;e=c3c7b4c12b\">www.coe.int\/routes<\/a>).<\/p>\n\n\n\n<p>A&nbsp;<strong>Megalithic Routes<\/strong>&nbsp;\u00e9 um \u201cItiner\u00e1rio Cultural do Conselho da Europa\u201d&nbsp;<strong>desde 2013<\/strong>.<\/p>\n","protected":false},"excerpt":{"rendered":"<p>Reconhecimento internacional refor\u00e7a valoriza\u00e7\u00e3o do patrim\u00f3nio pr\u00e9-hist\u00f3rico da regi\u00e3o e integra-o numa rota cultural europeia. Ades\u00e3o segue-se \u00e0 recente classifica\u00e7\u00e3o&#8230;<\/p>\n","protected":false},"author":8,"featured_media":13918,"comment_status":"closed","ping_status":"open","sticky":false,"template":"","format":"standard","meta":[],"categories":[39],"tags":[81,448,980,349],"yoast_head":"<!-- This site is optimized with the Yoast SEO plugin v20.12 - https:\/\/yoast.com\/wordpress\/plugins\/seo\/ -->\n<title>Rota de Megalitismo de Viseu D\u00e3o Laf\u00f5es integra rede europeia Megalithic Routes - Atelier do Caractere<\/title>\n<meta name=\"robots\" content=\"index, follow, max-snippet:-1, max-image-preview:large, max-video-preview:-1\" \/>\n<link rel=\"canonical\" href=\"https:\/\/www.atelierdocaractere.pt\/brevemente\/rota-de-megalitismo-de-viseu-dao-lafoes-integra-rede-europeia-megalithic-routes\/\" \/>\n<meta property=\"og:locale\" content=\"pt_PT\" \/>\n<meta property=\"og:type\" content=\"article\" \/>\n<meta property=\"og:title\" content=\"Rota de Megalitismo de Viseu D\u00e3o Laf\u00f5es integra rede europeia Megalithic Routes - Atelier do Caractere\" \/>\n<meta property=\"og:description\" content=\"Reconhecimento internacional refor\u00e7a valoriza\u00e7\u00e3o do patrim\u00f3nio pr\u00e9-hist\u00f3rico da regi\u00e3o e integra-o numa rota cultural europeia. Ades\u00e3o segue-se \u00e0 recente classifica\u00e7\u00e3o...\" \/>\n<meta property=\"og:url\" content=\"https:\/\/www.atelierdocaractere.pt\/brevemente\/rota-de-megalitismo-de-viseu-dao-lafoes-integra-rede-europeia-megalithic-routes\/\" \/>\n<meta property=\"og:site_name\" content=\"Atelier do Caractere\" \/>\n<meta property=\"article:publisher\" content=\"https:\/\/www.facebook.com\/AtelierdoCaractere\" \/>\n<meta property=\"article:published_time\" content=\"2025-07-24T16:23:09+00:00\" \/>\n<meta property=\"article:modified_time\" content=\"2025-07-24T16:23:12+00:00\" \/>\n<meta property=\"og:image\" content=\"https:\/\/www.atelierdocaractere.pt\/wp-content\/uploads\/2025\/07\/whatsapp-image-2025-07-24-at-154551.jpeg\" \/>\n\t<meta property=\"og:image:width\" content=\"1080\" \/>\n\t<meta property=\"og:image:height\" content=\"810\" \/>\n\t<meta property=\"og:image:type\" content=\"image\/jpeg\" \/>\n<meta name=\"author\" content=\"Andr\u00e9 Lopes\" \/>\n<meta name=\"twitter:card\" content=\"summary_large_image\" \/>\n<meta name=\"twitter:label1\" content=\"Escrito por\" \/>\n\t<meta name=\"twitter:data1\" content=\"Andr\u00e9 Lopes\" \/>\n\t<meta name=\"twitter:label2\" content=\"Tempo estimado de leitura\" \/>\n\t<meta name=\"twitter:data2\" content=\"4 minutos\" \/>\n<script type=\"application\/ld+json\" class=\"yoast-schema-graph\">{\"@context\":\"https:\/\/schema.org\",\"@graph\":[{\"@type\":\"WebPage\",\"@id\":\"https:\/\/www.atelierdocaractere.pt\/brevemente\/rota-de-megalitismo-de-viseu-dao-lafoes-integra-rede-europeia-megalithic-routes\/\",\"url\":\"https:\/\/www.atelierdocaractere.pt\/brevemente\/rota-de-megalitismo-de-viseu-dao-lafoes-integra-rede-europeia-megalithic-routes\/\",\"name\":\"Rota de Megalitismo de Viseu D\u00e3o Laf\u00f5es integra rede europeia Megalithic Routes - Atelier do Caractere\",\"isPartOf\":{\"@id\":\"https:\/\/www.atelierdocaractere.pt\/brevemente\/#website\"},\"datePublished\":\"2025-07-24T16:23:09+00:00\",\"dateModified\":\"2025-07-24T16:23:12+00:00\",\"author\":{\"@id\":\"https:\/\/www.atelierdocaractere.pt\/brevemente\/#\/schema\/person\/434214d094c7f8243eba52cce01c3fbf\"},\"breadcrumb\":{\"@id\":\"https:\/\/www.atelierdocaractere.pt\/brevemente\/rota-de-megalitismo-de-viseu-dao-lafoes-integra-rede-europeia-megalithic-routes\/#breadcrumb\"},\"inLanguage\":\"pt-PT\",\"potentialAction\":[{\"@type\":\"ReadAction\",\"target\":[\"https:\/\/www.atelierdocaractere.pt\/brevemente\/rota-de-megalitismo-de-viseu-dao-lafoes-integra-rede-europeia-megalithic-routes\/\"]}]},{\"@type\":\"BreadcrumbList\",\"@id\":\"https:\/\/www.atelierdocaractere.pt\/brevemente\/rota-de-megalitismo-de-viseu-dao-lafoes-integra-rede-europeia-megalithic-routes\/#breadcrumb\",\"itemListElement\":[{\"@type\":\"ListItem\",\"position\":1,\"name\":\"In\u00edcio\",\"item\":\"https:\/\/www.atelierdocaractere.pt\/brevemente\/\"},{\"@type\":\"ListItem\",\"position\":2,\"name\":\"Rota de Megalitismo de Viseu D\u00e3o Laf\u00f5es integra rede europeia Megalithic Routes\"}]},{\"@type\":\"WebSite\",\"@id\":\"https:\/\/www.atelierdocaractere.pt\/brevemente\/#website\",\"url\":\"https:\/\/www.atelierdocaractere.pt\/brevemente\/\",\"name\":\"Atelier do Caractere\",\"description\":\"\",\"potentialAction\":[{\"@type\":\"SearchAction\",\"target\":{\"@type\":\"EntryPoint\",\"urlTemplate\":\"https:\/\/www.atelierdocaractere.pt\/brevemente\/?s={search_term_string}\"},\"query-input\":\"required name=search_term_string\"}],\"inLanguage\":\"pt-PT\"},{\"@type\":\"Person\",\"@id\":\"https:\/\/www.atelierdocaractere.pt\/brevemente\/#\/schema\/person\/434214d094c7f8243eba52cce01c3fbf\",\"name\":\"Andr\u00e9 Lopes\",\"image\":{\"@type\":\"ImageObject\",\"inLanguage\":\"pt-PT\",\"@id\":\"https:\/\/www.atelierdocaractere.pt\/brevemente\/#\/schema\/person\/image\/\",\"url\":\"https:\/\/secure.gravatar.com\/avatar\/76af1c514620ffe1937f018fe03efb73?s=96&d=mm&r=g\",\"contentUrl\":\"https:\/\/secure.gravatar.com\/avatar\/76af1c514620ffe1937f018fe03efb73?s=96&d=mm&r=g\",\"caption\":\"Andr\u00e9 Lopes\"},\"url\":\"https:\/\/www.atelierdocaractere.pt\/brevemente\/author\/andre-lopes\/\"}]}<\/script>\n<!-- \/ Yoast SEO plugin. -->","yoast_head_json":{"title":"Rota de Megalitismo de Viseu D\u00e3o Laf\u00f5es integra rede europeia Megalithic Routes - Atelier do Caractere","robots":{"index":"index","follow":"follow","max-snippet":"max-snippet:-1","max-image-preview":"max-image-preview:large","max-video-preview":"max-video-preview:-1"},"canonical":"https:\/\/www.atelierdocaractere.pt\/brevemente\/rota-de-megalitismo-de-viseu-dao-lafoes-integra-rede-europeia-megalithic-routes\/","og_locale":"pt_PT","og_type":"article","og_title":"Rota de Megalitismo de Viseu D\u00e3o Laf\u00f5es integra rede europeia Megalithic Routes - Atelier do Caractere","og_description":"Reconhecimento internacional refor\u00e7a valoriza\u00e7\u00e3o do patrim\u00f3nio pr\u00e9-hist\u00f3rico da regi\u00e3o e integra-o numa rota cultural europeia. Ades\u00e3o segue-se \u00e0 recente classifica\u00e7\u00e3o...","og_url":"https:\/\/www.atelierdocaractere.pt\/brevemente\/rota-de-megalitismo-de-viseu-dao-lafoes-integra-rede-europeia-megalithic-routes\/","og_site_name":"Atelier do Caractere","article_publisher":"https:\/\/www.facebook.com\/AtelierdoCaractere","article_published_time":"2025-07-24T16:23:09+00:00","article_modified_time":"2025-07-24T16:23:12+00:00","og_image":[{"width":1080,"height":810,"url":"https:\/\/www.atelierdocaractere.pt\/wp-content\/uploads\/2025\/07\/whatsapp-image-2025-07-24-at-154551.jpeg","type":"image\/jpeg"}],"author":"Andr\u00e9 Lopes","twitter_card":"summary_large_image","twitter_misc":{"Escrito por":"Andr\u00e9 Lopes","Tempo estimado de leitura":"4 minutos"},"schema":{"@context":"https:\/\/schema.org","@graph":[{"@type":"WebPage","@id":"https:\/\/www.atelierdocaractere.pt\/brevemente\/rota-de-megalitismo-de-viseu-dao-lafoes-integra-rede-europeia-megalithic-routes\/","url":"https:\/\/www.atelierdocaractere.pt\/brevemente\/rota-de-megalitismo-de-viseu-dao-lafoes-integra-rede-europeia-megalithic-routes\/","name":"Rota de Megalitismo de Viseu D\u00e3o Laf\u00f5es integra rede europeia Megalithic Routes - Atelier do Caractere","isPartOf":{"@id":"https:\/\/www.atelierdocaractere.pt\/brevemente\/#website"},"datePublished":"2025-07-24T16:23:09+00:00","dateModified":"2025-07-24T16:23:12+00:00","author":{"@id":"https:\/\/www.atelierdocaractere.pt\/brevemente\/#\/schema\/person\/434214d094c7f8243eba52cce01c3fbf"},"breadcrumb":{"@id":"https:\/\/www.atelierdocaractere.pt\/brevemente\/rota-de-megalitismo-de-viseu-dao-lafoes-integra-rede-europeia-megalithic-routes\/#breadcrumb"},"inLanguage":"pt-PT","potentialAction":[{"@type":"ReadAction","target":["https:\/\/www.atelierdocaractere.pt\/brevemente\/rota-de-megalitismo-de-viseu-dao-lafoes-integra-rede-europeia-megalithic-routes\/"]}]},{"@type":"BreadcrumbList","@id":"https:\/\/www.atelierdocaractere.pt\/brevemente\/rota-de-megalitismo-de-viseu-dao-lafoes-integra-rede-europeia-megalithic-routes\/#breadcrumb","itemListElement":[{"@type":"ListItem","position":1,"name":"In\u00edcio","item":"https:\/\/www.atelierdocaractere.pt\/brevemente\/"},{"@type":"ListItem","position":2,"name":"Rota de Megalitismo de Viseu D\u00e3o Laf\u00f5es integra rede europeia Megalithic Routes"}]},{"@type":"WebSite","@id":"https:\/\/www.atelierdocaractere.pt\/brevemente\/#website","url":"https:\/\/www.atelierdocaractere.pt\/brevemente\/","name":"Atelier do Caractere","description":"","potentialAction":[{"@type":"SearchAction","target":{"@type":"EntryPoint","urlTemplate":"https:\/\/www.atelierdocaractere.pt\/brevemente\/?s={search_term_string}"},"query-input":"required name=search_term_string"}],"inLanguage":"pt-PT"},{"@type":"Person","@id":"https:\/\/www.atelierdocaractere.pt\/brevemente\/#\/schema\/person\/434214d094c7f8243eba52cce01c3fbf","name":"Andr\u00e9 Lopes","image":{"@type":"ImageObject","inLanguage":"pt-PT","@id":"https:\/\/www.atelierdocaractere.pt\/brevemente\/#\/schema\/person\/image\/","url":"https:\/\/secure.gravatar.com\/avatar\/76af1c514620ffe1937f018fe03efb73?s=96&d=mm&r=g","contentUrl":"https:\/\/secure.gravatar.com\/avatar\/76af1c514620ffe1937f018fe03efb73?s=96&d=mm&r=g","caption":"Andr\u00e9 Lopes"},"url":"https:\/\/www.atelierdocaractere.pt\/brevemente\/author\/andre-lopes\/"}]}},"_links":{"self":[{"href":"https:\/\/www.atelierdocaractere.pt\/brevemente\/wp-json\/wp\/v2\/posts\/13917"}],"collection":[{"href":"https:\/\/www.atelierdocaractere.pt\/brevemente\/wp-json\/wp\/v2\/posts"}],"about":[{"href":"https:\/\/www.atelierdocaractere.pt\/brevemente\/wp-json\/wp\/v2\/types\/post"}],"author":[{"embeddable":true,"href":"https:\/\/www.atelierdocaractere.pt\/brevemente\/wp-json\/wp\/v2\/users\/8"}],"replies":[{"embeddable":true,"href":"https:\/\/www.atelierdocaractere.pt\/brevemente\/wp-json\/wp\/v2\/comments?post=13917"}],"version-history":[{"count":1,"href":"https:\/\/www.atelierdocaractere.pt\/brevemente\/wp-json\/wp\/v2\/posts\/13917\/revisions"}],"predecessor-version":[{"id":13919,"href":"https:\/\/www.atelierdocaractere.pt\/brevemente\/wp-json\/wp\/v2\/posts\/13917\/revisions\/13919"}],"wp:featuredmedia":[{"embeddable":true,"href":"https:\/\/www.atelierdocaractere.pt\/brevemente\/wp-json\/wp\/v2\/media\/13918"}],"wp:attachment":[{"href":"https:\/\/www.atelierdocaractere.pt\/brevemente\/wp-json\/wp\/v2\/media?parent=13917"}],"wp:term":[{"taxonomy":"category","embeddable":true,"href":"https:\/\/www.atelierdocaractere.pt\/brevemente\/wp-json\/wp\/v2\/categories?post=13917"},{"taxonomy":"post_tag","embeddable":true,"href":"https:\/\/www.atelierdocaractere.pt\/brevemente\/wp-json\/wp\/v2\/tags?post=13917"}],"curies":[{"name":"wp","href":"https:\/\/api.w.org\/{rel}","templated":true}]}}