{"id":13921,"date":"2025-07-29T10:43:10","date_gmt":"2025-07-29T10:43:10","guid":{"rendered":"https:\/\/www.atelierdocaractere.pt\/brevemente\/?p=13921"},"modified":"2025-07-30T10:49:10","modified_gmt":"2025-07-30T10:49:10","slug":"lisboa-wine-summer-moments-2025-mais-vinhos-mais-musica-o-mesmo-copo-a-1e","status":"publish","type":"post","link":"https:\/\/www.atelierdocaractere.pt\/brevemente\/lisboa-wine-summer-moments-2025-mais-vinhos-mais-musica-o-mesmo-copo-a-1e\/","title":{"rendered":"Lisboa Wine Summer Moments 2025: mais vinhos, mais m\u00fasica, o mesmo copo, a 1\u20ac"},"content":{"rendered":"\n<p><strong>Entre 31 de julho e 3 de agosto, o Campo das Cebolas, em Lisboa, volta a transformar-se no epicentro dos vinhos da regi\u00e3o, com o Lisboa Wine Summer Moments 2025 \u2014 uma celebra\u00e7\u00e3o ao ar livre que junta mais de 30 produtores, com vinhos e gastronomia regional, workshops, cocktails, DJ sets e concertos ao vivo.<\/strong><\/p>\n\n\n<div class=\"wp-block-image\">\n<figure class=\"aligncenter size-full\"><img decoding=\"async\" width=\"595\" height=\"841\" src=\"https:\/\/www.atelierdocaractere.pt\/wp-content\/uploads\/2025\/07\/pt-cartaz-summer-2025-1.jpg\" alt=\"\" class=\"wp-image-13923\" srcset=\"https:\/\/www.atelierdocaractere.pt\/wp-content\/uploads\/2025\/07\/pt-cartaz-summer-2025-1.jpg 595w, https:\/\/www.atelierdocaractere.pt\/wp-content\/uploads\/2025\/07\/pt-cartaz-summer-2025-1-212x300.jpg 212w\" sizes=\"(max-width: 595px) 100vw, 595px\" \/><\/figure><\/div>\n\n\n<p>Depois do sucesso da edi\u00e7\u00e3o de estreia, em 2024, o Lisboa Wine Summer Moments est\u00e1 de regresso \u00e0 Capital. E mais do que uma montra de produtores, \u00e9 um ponto de encontro entre o vinho, a m\u00fasica, a cultura e os sabores locais. Uma experi\u00eancia de ver\u00e3o imperd\u00edvel, no cora\u00e7\u00e3o da cidade e com o melhor da Regi\u00e3o de Lisboa no copo.<\/p>\n\n\n\n<p>Organizado pela Comiss\u00e3o Vitivin\u00edcola da Regi\u00e3o de Lisboa (CVR Lisboa), com o apoio da C\u00e2mara Municipal de Lisboa, da OesteCIM e da EMEL, o evento volta a afirmar-se como um dos momentos altos do ver\u00e3o na cidade. Em 2025, o evento cresce para a presen\u00e7a de vinhos de 30 produtores, oriundos dos concelhos de Alcoba\u00e7a, Alenquer, Cadaval, Lourinh\u00e3, Torres Vedras, Bucelas e Carcavelos.<\/p>\n\n\n\n<p>A entrada mant\u00e9m-se livre e as provas continuam gratuitas, mediante compra de copo oficial (no valor de 1\u20ac).<\/p>\n\n\n\n<p><strong>Experi\u00eancia completa \u00e0 beira Tejo<\/strong><\/p>\n\n\n\n<p>O evento inclui provas comentadas e workshops, proporcionando momentos de aprendizagem e descoberta \u00e0 volta do vinho. Os visitantes podem ainda adquirir produtos regionais como queijos, charcutaria, doces tradicionais e artesanato local. Tudo isto num dos espa\u00e7os mais emblem\u00e1ticos de Lisboa, com o rio como pano de fundo e um ambiente descontra\u00eddo, pensado para brindar ao ver\u00e3o.<\/p>\n\n\n\n<p>O programa di\u00e1rio repete-se entre quinta-feira e domingo, com os seguintes hor\u00e1rios:<\/p>\n\n\n\n<p>\u00b7 12h00: Abertura com cocktails de vinho<br>\u00b7 20h45 \u00e0s 22h00: Concertos ao vivo (exceto no dia 31, que come\u00e7a \u00e0s 20h00)<br>\u00b7 23h00: Encerramento di\u00e1rio<br>\u00b7 DJ Tiago F anima todos os dias entre as 16h00 e as 20h30<\/p>\n\n\n\n<p>M\u00fasica ao Vivo:<br>\u00b7 31 julho \u2013 Meninos da Sacristia<br>\u00b7 01 agosto \u2013 Tributo 100 Anos de Samba<br>\u00b7 02 agosto \u2013 Dee Dee &amp; The Drum Killers<br>\u00b7 03 agosto \u2013 Bia Souza Trio<\/p>\n","protected":false},"excerpt":{"rendered":"<p>Entre 31 de julho e 3 de agosto, o Campo das Cebolas, em Lisboa, volta a transformar-se no epicentro dos&#8230;<\/p>\n","protected":false},"author":7,"featured_media":13924,"comment_status":"closed","ping_status":"open","sticky":false,"template":"","format":"standard","meta":[],"categories":[41],"tags":[982,266,983,131],"yoast_head":"<!-- This site is optimized with the Yoast SEO plugin v20.12 - https:\/\/yoast.com\/wordpress\/plugins\/seo\/ -->\n<title>Lisboa Wine Summer Moments 2025: mais vinhos, mais m\u00fasica, o mesmo copo, a 1\u20ac - Atelier do Caractere<\/title>\n<meta name=\"robots\" content=\"index, follow, max-snippet:-1, max-image-preview:large, max-video-preview:-1\" \/>\n<link rel=\"canonical\" href=\"https:\/\/www.atelierdocaractere.pt\/brevemente\/lisboa-wine-summer-moments-2025-mais-vinhos-mais-musica-o-mesmo-copo-a-1e\/\" \/>\n<meta property=\"og:locale\" content=\"pt_PT\" \/>\n<meta property=\"og:type\" content=\"article\" \/>\n<meta property=\"og:title\" content=\"Lisboa Wine Summer Moments 2025: mais vinhos, mais m\u00fasica, o mesmo copo, a 1\u20ac - Atelier do Caractere\" \/>\n<meta property=\"og:description\" content=\"Entre 31 de julho e 3 de agosto, o Campo das Cebolas, em Lisboa, volta a transformar-se no epicentro dos...\" \/>\n<meta property=\"og:url\" content=\"https:\/\/www.atelierdocaractere.pt\/brevemente\/lisboa-wine-summer-moments-2025-mais-vinhos-mais-musica-o-mesmo-copo-a-1e\/\" \/>\n<meta property=\"og:site_name\" content=\"Atelier do Caractere\" \/>\n<meta property=\"article:publisher\" content=\"https:\/\/www.facebook.com\/AtelierdoCaractere\" \/>\n<meta property=\"article:published_time\" content=\"2025-07-29T10:43:10+00:00\" \/>\n<meta property=\"article:modified_time\" content=\"2025-07-30T10:49:10+00:00\" \/>\n<meta property=\"og:image\" content=\"https:\/\/www.atelierdocaractere.pt\/wp-content\/uploads\/2025\/07\/pt-cartaz-summer-2025-1-1.jpg\" \/>\n\t<meta property=\"og:image:width\" content=\"592\" \/>\n\t<meta property=\"og:image:height\" content=\"337\" \/>\n\t<meta property=\"og:image:type\" content=\"image\/jpeg\" \/>\n<meta name=\"author\" content=\"Joana Barbosa\" \/>\n<meta name=\"twitter:card\" content=\"summary_large_image\" \/>\n<meta name=\"twitter:label1\" content=\"Escrito por\" \/>\n\t<meta name=\"twitter:data1\" content=\"Joana Barbosa\" \/>\n\t<meta name=\"twitter:label2\" content=\"Tempo estimado de leitura\" \/>\n\t<meta name=\"twitter:data2\" content=\"3 minutos\" \/>\n<script type=\"application\/ld+json\" class=\"yoast-schema-graph\">{\"@context\":\"https:\/\/schema.org\",\"@graph\":[{\"@type\":\"WebPage\",\"@id\":\"https:\/\/www.atelierdocaractere.pt\/brevemente\/lisboa-wine-summer-moments-2025-mais-vinhos-mais-musica-o-mesmo-copo-a-1e\/\",\"url\":\"https:\/\/www.atelierdocaractere.pt\/brevemente\/lisboa-wine-summer-moments-2025-mais-vinhos-mais-musica-o-mesmo-copo-a-1e\/\",\"name\":\"Lisboa Wine Summer Moments 2025: mais vinhos, mais m\u00fasica, o mesmo copo, a 1\u20ac - Atelier do Caractere\",\"isPartOf\":{\"@id\":\"https:\/\/www.atelierdocaractere.pt\/brevemente\/#website\"},\"datePublished\":\"2025-07-29T10:43:10+00:00\",\"dateModified\":\"2025-07-30T10:49:10+00:00\",\"author\":{\"@id\":\"https:\/\/www.atelierdocaractere.pt\/brevemente\/#\/schema\/person\/f2f096eb0f27d9894725af22cb97c0db\"},\"breadcrumb\":{\"@id\":\"https:\/\/www.atelierdocaractere.pt\/brevemente\/lisboa-wine-summer-moments-2025-mais-vinhos-mais-musica-o-mesmo-copo-a-1e\/#breadcrumb\"},\"inLanguage\":\"pt-PT\",\"potentialAction\":[{\"@type\":\"ReadAction\",\"target\":[\"https:\/\/www.atelierdocaractere.pt\/brevemente\/lisboa-wine-summer-moments-2025-mais-vinhos-mais-musica-o-mesmo-copo-a-1e\/\"]}]},{\"@type\":\"BreadcrumbList\",\"@id\":\"https:\/\/www.atelierdocaractere.pt\/brevemente\/lisboa-wine-summer-moments-2025-mais-vinhos-mais-musica-o-mesmo-copo-a-1e\/#breadcrumb\",\"itemListElement\":[{\"@type\":\"ListItem\",\"position\":1,\"name\":\"In\u00edcio\",\"item\":\"https:\/\/www.atelierdocaractere.pt\/brevemente\/\"},{\"@type\":\"ListItem\",\"position\":2,\"name\":\"Lisboa Wine Summer Moments 2025: mais vinhos, mais m\u00fasica, o mesmo copo, a 1\u20ac\"}]},{\"@type\":\"WebSite\",\"@id\":\"https:\/\/www.atelierdocaractere.pt\/brevemente\/#website\",\"url\":\"https:\/\/www.atelierdocaractere.pt\/brevemente\/\",\"name\":\"Atelier do Caractere\",\"description\":\"\",\"potentialAction\":[{\"@type\":\"SearchAction\",\"target\":{\"@type\":\"EntryPoint\",\"urlTemplate\":\"https:\/\/www.atelierdocaractere.pt\/brevemente\/?s={search_term_string}\"},\"query-input\":\"required name=search_term_string\"}],\"inLanguage\":\"pt-PT\"},{\"@type\":\"Person\",\"@id\":\"https:\/\/www.atelierdocaractere.pt\/brevemente\/#\/schema\/person\/f2f096eb0f27d9894725af22cb97c0db\",\"name\":\"Joana Barbosa\",\"image\":{\"@type\":\"ImageObject\",\"inLanguage\":\"pt-PT\",\"@id\":\"https:\/\/www.atelierdocaractere.pt\/brevemente\/#\/schema\/person\/image\/\",\"url\":\"https:\/\/secure.gravatar.com\/avatar\/33e8214b45e9d68a3a83008731075979?s=96&d=mm&r=g\",\"contentUrl\":\"https:\/\/secure.gravatar.com\/avatar\/33e8214b45e9d68a3a83008731075979?s=96&d=mm&r=g\",\"caption\":\"Joana Barbosa\"},\"url\":\"https:\/\/www.atelierdocaractere.pt\/brevemente\/author\/joanabarbosa\/\"}]}<\/script>\n<!-- \/ Yoast SEO plugin. -->","yoast_head_json":{"title":"Lisboa Wine Summer Moments 2025: mais vinhos, mais m\u00fasica, o mesmo copo, a 1\u20ac - Atelier do Caractere","robots":{"index":"index","follow":"follow","max-snippet":"max-snippet:-1","max-image-preview":"max-image-preview:large","max-video-preview":"max-video-preview:-1"},"canonical":"https:\/\/www.atelierdocaractere.pt\/brevemente\/lisboa-wine-summer-moments-2025-mais-vinhos-mais-musica-o-mesmo-copo-a-1e\/","og_locale":"pt_PT","og_type":"article","og_title":"Lisboa Wine Summer Moments 2025: mais vinhos, mais m\u00fasica, o mesmo copo, a 1\u20ac - Atelier do Caractere","og_description":"Entre 31 de julho e 3 de agosto, o Campo das Cebolas, em Lisboa, volta a transformar-se no epicentro dos...","og_url":"https:\/\/www.atelierdocaractere.pt\/brevemente\/lisboa-wine-summer-moments-2025-mais-vinhos-mais-musica-o-mesmo-copo-a-1e\/","og_site_name":"Atelier do Caractere","article_publisher":"https:\/\/www.facebook.com\/AtelierdoCaractere","article_published_time":"2025-07-29T10:43:10+00:00","article_modified_time":"2025-07-30T10:49:10+00:00","og_image":[{"width":592,"height":337,"url":"https:\/\/www.atelierdocaractere.pt\/wp-content\/uploads\/2025\/07\/pt-cartaz-summer-2025-1-1.jpg","type":"image\/jpeg"}],"author":"Joana Barbosa","twitter_card":"summary_large_image","twitter_misc":{"Escrito por":"Joana Barbosa","Tempo estimado de leitura":"3 minutos"},"schema":{"@context":"https:\/\/schema.org","@graph":[{"@type":"WebPage","@id":"https:\/\/www.atelierdocaractere.pt\/brevemente\/lisboa-wine-summer-moments-2025-mais-vinhos-mais-musica-o-mesmo-copo-a-1e\/","url":"https:\/\/www.atelierdocaractere.pt\/brevemente\/lisboa-wine-summer-moments-2025-mais-vinhos-mais-musica-o-mesmo-copo-a-1e\/","name":"Lisboa Wine Summer Moments 2025: mais vinhos, mais m\u00fasica, o mesmo copo, a 1\u20ac - Atelier do Caractere","isPartOf":{"@id":"https:\/\/www.atelierdocaractere.pt\/brevemente\/#website"},"datePublished":"2025-07-29T10:43:10+00:00","dateModified":"2025-07-30T10:49:10+00:00","author":{"@id":"https:\/\/www.atelierdocaractere.pt\/brevemente\/#\/schema\/person\/f2f096eb0f27d9894725af22cb97c0db"},"breadcrumb":{"@id":"https:\/\/www.atelierdocaractere.pt\/brevemente\/lisboa-wine-summer-moments-2025-mais-vinhos-mais-musica-o-mesmo-copo-a-1e\/#breadcrumb"},"inLanguage":"pt-PT","potentialAction":[{"@type":"ReadAction","target":["https:\/\/www.atelierdocaractere.pt\/brevemente\/lisboa-wine-summer-moments-2025-mais-vinhos-mais-musica-o-mesmo-copo-a-1e\/"]}]},{"@type":"BreadcrumbList","@id":"https:\/\/www.atelierdocaractere.pt\/brevemente\/lisboa-wine-summer-moments-2025-mais-vinhos-mais-musica-o-mesmo-copo-a-1e\/#breadcrumb","itemListElement":[{"@type":"ListItem","position":1,"name":"In\u00edcio","item":"https:\/\/www.atelierdocaractere.pt\/brevemente\/"},{"@type":"ListItem","position":2,"name":"Lisboa Wine Summer Moments 2025: mais vinhos, mais m\u00fasica, o mesmo copo, a 1\u20ac"}]},{"@type":"WebSite","@id":"https:\/\/www.atelierdocaractere.pt\/brevemente\/#website","url":"https:\/\/www.atelierdocaractere.pt\/brevemente\/","name":"Atelier do Caractere","description":"","potentialAction":[{"@type":"SearchAction","target":{"@type":"EntryPoint","urlTemplate":"https:\/\/www.atelierdocaractere.pt\/brevemente\/?s={search_term_string}"},"query-input":"required name=search_term_string"}],"inLanguage":"pt-PT"},{"@type":"Person","@id":"https:\/\/www.atelierdocaractere.pt\/brevemente\/#\/schema\/person\/f2f096eb0f27d9894725af22cb97c0db","name":"Joana Barbosa","image":{"@type":"ImageObject","inLanguage":"pt-PT","@id":"https:\/\/www.atelierdocaractere.pt\/brevemente\/#\/schema\/person\/image\/","url":"https:\/\/secure.gravatar.com\/avatar\/33e8214b45e9d68a3a83008731075979?s=96&d=mm&r=g","contentUrl":"https:\/\/secure.gravatar.com\/avatar\/33e8214b45e9d68a3a83008731075979?s=96&d=mm&r=g","caption":"Joana Barbosa"},"url":"https:\/\/www.atelierdocaractere.pt\/brevemente\/author\/joanabarbosa\/"}]}},"_links":{"self":[{"href":"https:\/\/www.atelierdocaractere.pt\/brevemente\/wp-json\/wp\/v2\/posts\/13921"}],"collection":[{"href":"https:\/\/www.atelierdocaractere.pt\/brevemente\/wp-json\/wp\/v2\/posts"}],"about":[{"href":"https:\/\/www.atelierdocaractere.pt\/brevemente\/wp-json\/wp\/v2\/types\/post"}],"author":[{"embeddable":true,"href":"https:\/\/www.atelierdocaractere.pt\/brevemente\/wp-json\/wp\/v2\/users\/7"}],"replies":[{"embeddable":true,"href":"https:\/\/www.atelierdocaractere.pt\/brevemente\/wp-json\/wp\/v2\/comments?post=13921"}],"version-history":[{"count":1,"href":"https:\/\/www.atelierdocaractere.pt\/brevemente\/wp-json\/wp\/v2\/posts\/13921\/revisions"}],"predecessor-version":[{"id":13925,"href":"https:\/\/www.atelierdocaractere.pt\/brevemente\/wp-json\/wp\/v2\/posts\/13921\/revisions\/13925"}],"wp:featuredmedia":[{"embeddable":true,"href":"https:\/\/www.atelierdocaractere.pt\/brevemente\/wp-json\/wp\/v2\/media\/13924"}],"wp:attachment":[{"href":"https:\/\/www.atelierdocaractere.pt\/brevemente\/wp-json\/wp\/v2\/media?parent=13921"}],"wp:term":[{"taxonomy":"category","embeddable":true,"href":"https:\/\/www.atelierdocaractere.pt\/brevemente\/wp-json\/wp\/v2\/categories?post=13921"},{"taxonomy":"post_tag","embeddable":true,"href":"https:\/\/www.atelierdocaractere.pt\/brevemente\/wp-json\/wp\/v2\/tags?post=13921"}],"curies":[{"name":"wp","href":"https:\/\/api.w.org\/{rel}","templated":true}]}}