{"id":13928,"date":"2025-08-01T10:59:10","date_gmt":"2025-08-01T10:59:10","guid":{"rendered":"https:\/\/www.atelierdocaractere.pt\/brevemente\/?p=13928"},"modified":"2025-08-01T10:59:13","modified_gmt":"2025-08-01T10:59:13","slug":"hugo-lopes-e-magda-oliveira-entusiasmados-por-representar-as-cores-do-hyundai-junior-team-fpak-no-rali-da-madeira","status":"publish","type":"post","link":"https:\/\/www.atelierdocaractere.pt\/brevemente\/hugo-lopes-e-magda-oliveira-entusiasmados-por-representar-as-cores-do-hyundai-junior-team-fpak-no-rali-da-madeira\/","title":{"rendered":"Hugo Lopes e Magda Oliveira entusiasmados por representar as cores do Hyundai J\u00fanior Team FPAK no Rali da Madeira"},"content":{"rendered":"\n<p><strong>A poucas horas do arranque do Rali da Madeira, Hugo Lopes assume:&nbsp;<em>\u201c\u00e9 uma das minhas provas favoritas. As classificativas s\u00e3o espetaculares e a paix\u00e3o dos madeirenses pelo rali \u00e9 incr\u00edvel. Tanto os reconhecimentos, como o teste que fizemos com o Hyundai i20N Rally 2 e o shakedown correram bastante bem. Agora \u00e9 hora de andar o mais depressa poss\u00edvel e de dar espet\u00e1culo\u201d<\/em>. O jovem piloto vai fazer dupla com Magda Oliveira.<\/strong><\/p>\n\n\n\n<p>Os \u00faltimos dias foram de intensa prepara\u00e7\u00e3o para o viseense.<strong>&nbsp;<em>&#8220;Os treinos correram bastante bem e cumprimos o plano previsto, o que me permitiu recordar estas estradas que tanto admiro&#8221;<\/em>,&nbsp;<\/strong>revela Hugo Lopes.<strong><em>&#8220;Durante a semana, tamb\u00e9m realiz\u00e1mos uma sess\u00e3o de testes com o Hyundai i20N Rally 2. Foi muito importante para recuperar algum ritmo, uma vez que o \u00faltimo rali em que participei foi h\u00e1 um m\u00eas e meio, e para acumular mais alguns quil\u00f3metros e experi\u00eancia com o carro.&#8221;<\/em><\/strong><\/p>\n\n\n\n<p>Apesar de n\u00e3o ter press\u00e3o quanto ao resultado, Hugo Lopes parte para o Rali da Madeira determinado em ser competitivo:&nbsp;<strong><em>\u201cGosto muito desta prova, tem um ambiente e caracter\u00edsticas muito especiais. N\u00e3o conhe\u00e7o t\u00e3o bem o terreno como outros pilotos \u2013 esta ser\u00e1 apenas a minha terceira participa\u00e7\u00e3o \u2013 e a concorr\u00eancia \u00e9 fort\u00edssima. Ainda assim, estou focado em dar o meu melhor, aprender o m\u00e1ximo e desfrutar da experi\u00eancia.\u201d<\/em><\/strong><\/p>\n\n\n\n<p>Por \u00faltimo, Hugo Lopes sublinha:<strong>&nbsp;<em>&#8220;Quero deixar um agradecimento muito especial \u00e0 Hyundai Portugal, \u00e0 Sports &amp; You e a todos os meus patrocinadores por terem viabilizado esta participa\u00e7\u00e3o no Rali da Madeira. N\u00e3o estava previsto no nosso programa inicial e \u00e9 uma oportunidade crucial para a minha evolu\u00e7\u00e3o e da Magda.&#8221;<\/em><\/strong><\/p>\n","protected":false},"excerpt":{"rendered":"<p>A poucas horas do arranque do Rali da Madeira, Hugo Lopes assume:&nbsp;\u201c\u00e9 uma das minhas provas favoritas. As classificativas s\u00e3o&#8230;<\/p>\n","protected":false},"author":8,"featured_media":13929,"comment_status":"closed","ping_status":"open","sticky":false,"template":"","format":"standard","meta":[],"categories":[24],"tags":[931,965,979],"yoast_head":"<!-- This site is optimized with the Yoast SEO plugin v20.12 - https:\/\/yoast.com\/wordpress\/plugins\/seo\/ -->\n<title>Hugo Lopes e Magda Oliveira entusiasmados por representar as cores do Hyundai J\u00fanior Team FPAK no Rali da Madeira - Atelier do Caractere<\/title>\n<meta name=\"robots\" content=\"index, follow, max-snippet:-1, max-image-preview:large, max-video-preview:-1\" \/>\n<link rel=\"canonical\" href=\"https:\/\/www.atelierdocaractere.pt\/brevemente\/hugo-lopes-e-magda-oliveira-entusiasmados-por-representar-as-cores-do-hyundai-junior-team-fpak-no-rali-da-madeira\/\" \/>\n<meta property=\"og:locale\" content=\"pt_PT\" \/>\n<meta property=\"og:type\" content=\"article\" \/>\n<meta property=\"og:title\" content=\"Hugo Lopes e Magda Oliveira entusiasmados por representar as cores do Hyundai J\u00fanior Team FPAK no Rali da Madeira - Atelier do Caractere\" \/>\n<meta property=\"og:description\" content=\"A poucas horas do arranque do Rali da Madeira, Hugo Lopes assume:&nbsp;\u201c\u00e9 uma das minhas provas favoritas. As classificativas s\u00e3o...\" \/>\n<meta property=\"og:url\" content=\"https:\/\/www.atelierdocaractere.pt\/brevemente\/hugo-lopes-e-magda-oliveira-entusiasmados-por-representar-as-cores-do-hyundai-junior-team-fpak-no-rali-da-madeira\/\" \/>\n<meta property=\"og:site_name\" content=\"Atelier do Caractere\" \/>\n<meta property=\"article:publisher\" content=\"https:\/\/www.facebook.com\/AtelierdoCaractere\" \/>\n<meta property=\"article:published_time\" content=\"2025-08-01T10:59:10+00:00\" \/>\n<meta property=\"article:modified_time\" content=\"2025-08-01T10:59:13+00:00\" \/>\n<meta property=\"og:image\" content=\"https:\/\/www.atelierdocaractere.pt\/wp-content\/uploads\/2025\/08\/whatsapp-image-2025-08-01-at-115353.jpeg\" \/>\n\t<meta property=\"og:image:width\" content=\"1600\" \/>\n\t<meta property=\"og:image:height\" content=\"1066\" \/>\n\t<meta property=\"og:image:type\" content=\"image\/jpeg\" \/>\n<meta name=\"author\" content=\"Andr\u00e9 Lopes\" \/>\n<meta name=\"twitter:card\" content=\"summary_large_image\" \/>\n<meta name=\"twitter:label1\" content=\"Escrito por\" \/>\n\t<meta name=\"twitter:data1\" content=\"Andr\u00e9 Lopes\" \/>\n\t<meta name=\"twitter:label2\" content=\"Tempo estimado de leitura\" \/>\n\t<meta name=\"twitter:data2\" content=\"2 minutos\" \/>\n<script type=\"application\/ld+json\" class=\"yoast-schema-graph\">{\"@context\":\"https:\/\/schema.org\",\"@graph\":[{\"@type\":\"WebPage\",\"@id\":\"https:\/\/www.atelierdocaractere.pt\/brevemente\/hugo-lopes-e-magda-oliveira-entusiasmados-por-representar-as-cores-do-hyundai-junior-team-fpak-no-rali-da-madeira\/\",\"url\":\"https:\/\/www.atelierdocaractere.pt\/brevemente\/hugo-lopes-e-magda-oliveira-entusiasmados-por-representar-as-cores-do-hyundai-junior-team-fpak-no-rali-da-madeira\/\",\"name\":\"Hugo Lopes e Magda Oliveira entusiasmados por representar as cores do Hyundai J\u00fanior Team FPAK no Rali da Madeira - Atelier do Caractere\",\"isPartOf\":{\"@id\":\"https:\/\/www.atelierdocaractere.pt\/brevemente\/#website\"},\"datePublished\":\"2025-08-01T10:59:10+00:00\",\"dateModified\":\"2025-08-01T10:59:13+00:00\",\"author\":{\"@id\":\"https:\/\/www.atelierdocaractere.pt\/brevemente\/#\/schema\/person\/434214d094c7f8243eba52cce01c3fbf\"},\"breadcrumb\":{\"@id\":\"https:\/\/www.atelierdocaractere.pt\/brevemente\/hugo-lopes-e-magda-oliveira-entusiasmados-por-representar-as-cores-do-hyundai-junior-team-fpak-no-rali-da-madeira\/#breadcrumb\"},\"inLanguage\":\"pt-PT\",\"potentialAction\":[{\"@type\":\"ReadAction\",\"target\":[\"https:\/\/www.atelierdocaractere.pt\/brevemente\/hugo-lopes-e-magda-oliveira-entusiasmados-por-representar-as-cores-do-hyundai-junior-team-fpak-no-rali-da-madeira\/\"]}]},{\"@type\":\"BreadcrumbList\",\"@id\":\"https:\/\/www.atelierdocaractere.pt\/brevemente\/hugo-lopes-e-magda-oliveira-entusiasmados-por-representar-as-cores-do-hyundai-junior-team-fpak-no-rali-da-madeira\/#breadcrumb\",\"itemListElement\":[{\"@type\":\"ListItem\",\"position\":1,\"name\":\"In\u00edcio\",\"item\":\"https:\/\/www.atelierdocaractere.pt\/brevemente\/\"},{\"@type\":\"ListItem\",\"position\":2,\"name\":\"Hugo Lopes e Magda Oliveira entusiasmados por representar as cores do Hyundai J\u00fanior Team FPAK no Rali da Madeira\"}]},{\"@type\":\"WebSite\",\"@id\":\"https:\/\/www.atelierdocaractere.pt\/brevemente\/#website\",\"url\":\"https:\/\/www.atelierdocaractere.pt\/brevemente\/\",\"name\":\"Atelier do Caractere\",\"description\":\"\",\"potentialAction\":[{\"@type\":\"SearchAction\",\"target\":{\"@type\":\"EntryPoint\",\"urlTemplate\":\"https:\/\/www.atelierdocaractere.pt\/brevemente\/?s={search_term_string}\"},\"query-input\":\"required name=search_term_string\"}],\"inLanguage\":\"pt-PT\"},{\"@type\":\"Person\",\"@id\":\"https:\/\/www.atelierdocaractere.pt\/brevemente\/#\/schema\/person\/434214d094c7f8243eba52cce01c3fbf\",\"name\":\"Andr\u00e9 Lopes\",\"image\":{\"@type\":\"ImageObject\",\"inLanguage\":\"pt-PT\",\"@id\":\"https:\/\/www.atelierdocaractere.pt\/brevemente\/#\/schema\/person\/image\/\",\"url\":\"https:\/\/secure.gravatar.com\/avatar\/76af1c514620ffe1937f018fe03efb73?s=96&d=mm&r=g\",\"contentUrl\":\"https:\/\/secure.gravatar.com\/avatar\/76af1c514620ffe1937f018fe03efb73?s=96&d=mm&r=g\",\"caption\":\"Andr\u00e9 Lopes\"},\"url\":\"https:\/\/www.atelierdocaractere.pt\/brevemente\/author\/andre-lopes\/\"}]}<\/script>\n<!-- \/ Yoast SEO plugin. -->","yoast_head_json":{"title":"Hugo Lopes e Magda Oliveira entusiasmados por representar as cores do Hyundai J\u00fanior Team FPAK no Rali da Madeira - Atelier do Caractere","robots":{"index":"index","follow":"follow","max-snippet":"max-snippet:-1","max-image-preview":"max-image-preview:large","max-video-preview":"max-video-preview:-1"},"canonical":"https:\/\/www.atelierdocaractere.pt\/brevemente\/hugo-lopes-e-magda-oliveira-entusiasmados-por-representar-as-cores-do-hyundai-junior-team-fpak-no-rali-da-madeira\/","og_locale":"pt_PT","og_type":"article","og_title":"Hugo Lopes e Magda Oliveira entusiasmados por representar as cores do Hyundai J\u00fanior Team FPAK no Rali da Madeira - Atelier do Caractere","og_description":"A poucas horas do arranque do Rali da Madeira, Hugo Lopes assume:&nbsp;\u201c\u00e9 uma das minhas provas favoritas. As classificativas s\u00e3o...","og_url":"https:\/\/www.atelierdocaractere.pt\/brevemente\/hugo-lopes-e-magda-oliveira-entusiasmados-por-representar-as-cores-do-hyundai-junior-team-fpak-no-rali-da-madeira\/","og_site_name":"Atelier do Caractere","article_publisher":"https:\/\/www.facebook.com\/AtelierdoCaractere","article_published_time":"2025-08-01T10:59:10+00:00","article_modified_time":"2025-08-01T10:59:13+00:00","og_image":[{"width":1600,"height":1066,"url":"https:\/\/www.atelierdocaractere.pt\/wp-content\/uploads\/2025\/08\/whatsapp-image-2025-08-01-at-115353.jpeg","type":"image\/jpeg"}],"author":"Andr\u00e9 Lopes","twitter_card":"summary_large_image","twitter_misc":{"Escrito por":"Andr\u00e9 Lopes","Tempo estimado de leitura":"2 minutos"},"schema":{"@context":"https:\/\/schema.org","@graph":[{"@type":"WebPage","@id":"https:\/\/www.atelierdocaractere.pt\/brevemente\/hugo-lopes-e-magda-oliveira-entusiasmados-por-representar-as-cores-do-hyundai-junior-team-fpak-no-rali-da-madeira\/","url":"https:\/\/www.atelierdocaractere.pt\/brevemente\/hugo-lopes-e-magda-oliveira-entusiasmados-por-representar-as-cores-do-hyundai-junior-team-fpak-no-rali-da-madeira\/","name":"Hugo Lopes e Magda Oliveira entusiasmados por representar as cores do Hyundai J\u00fanior Team FPAK no Rali da Madeira - Atelier do Caractere","isPartOf":{"@id":"https:\/\/www.atelierdocaractere.pt\/brevemente\/#website"},"datePublished":"2025-08-01T10:59:10+00:00","dateModified":"2025-08-01T10:59:13+00:00","author":{"@id":"https:\/\/www.atelierdocaractere.pt\/brevemente\/#\/schema\/person\/434214d094c7f8243eba52cce01c3fbf"},"breadcrumb":{"@id":"https:\/\/www.atelierdocaractere.pt\/brevemente\/hugo-lopes-e-magda-oliveira-entusiasmados-por-representar-as-cores-do-hyundai-junior-team-fpak-no-rali-da-madeira\/#breadcrumb"},"inLanguage":"pt-PT","potentialAction":[{"@type":"ReadAction","target":["https:\/\/www.atelierdocaractere.pt\/brevemente\/hugo-lopes-e-magda-oliveira-entusiasmados-por-representar-as-cores-do-hyundai-junior-team-fpak-no-rali-da-madeira\/"]}]},{"@type":"BreadcrumbList","@id":"https:\/\/www.atelierdocaractere.pt\/brevemente\/hugo-lopes-e-magda-oliveira-entusiasmados-por-representar-as-cores-do-hyundai-junior-team-fpak-no-rali-da-madeira\/#breadcrumb","itemListElement":[{"@type":"ListItem","position":1,"name":"In\u00edcio","item":"https:\/\/www.atelierdocaractere.pt\/brevemente\/"},{"@type":"ListItem","position":2,"name":"Hugo Lopes e Magda Oliveira entusiasmados por representar as cores do Hyundai J\u00fanior Team FPAK no Rali da Madeira"}]},{"@type":"WebSite","@id":"https:\/\/www.atelierdocaractere.pt\/brevemente\/#website","url":"https:\/\/www.atelierdocaractere.pt\/brevemente\/","name":"Atelier do Caractere","description":"","potentialAction":[{"@type":"SearchAction","target":{"@type":"EntryPoint","urlTemplate":"https:\/\/www.atelierdocaractere.pt\/brevemente\/?s={search_term_string}"},"query-input":"required name=search_term_string"}],"inLanguage":"pt-PT"},{"@type":"Person","@id":"https:\/\/www.atelierdocaractere.pt\/brevemente\/#\/schema\/person\/434214d094c7f8243eba52cce01c3fbf","name":"Andr\u00e9 Lopes","image":{"@type":"ImageObject","inLanguage":"pt-PT","@id":"https:\/\/www.atelierdocaractere.pt\/brevemente\/#\/schema\/person\/image\/","url":"https:\/\/secure.gravatar.com\/avatar\/76af1c514620ffe1937f018fe03efb73?s=96&d=mm&r=g","contentUrl":"https:\/\/secure.gravatar.com\/avatar\/76af1c514620ffe1937f018fe03efb73?s=96&d=mm&r=g","caption":"Andr\u00e9 Lopes"},"url":"https:\/\/www.atelierdocaractere.pt\/brevemente\/author\/andre-lopes\/"}]}},"_links":{"self":[{"href":"https:\/\/www.atelierdocaractere.pt\/brevemente\/wp-json\/wp\/v2\/posts\/13928"}],"collection":[{"href":"https:\/\/www.atelierdocaractere.pt\/brevemente\/wp-json\/wp\/v2\/posts"}],"about":[{"href":"https:\/\/www.atelierdocaractere.pt\/brevemente\/wp-json\/wp\/v2\/types\/post"}],"author":[{"embeddable":true,"href":"https:\/\/www.atelierdocaractere.pt\/brevemente\/wp-json\/wp\/v2\/users\/8"}],"replies":[{"embeddable":true,"href":"https:\/\/www.atelierdocaractere.pt\/brevemente\/wp-json\/wp\/v2\/comments?post=13928"}],"version-history":[{"count":1,"href":"https:\/\/www.atelierdocaractere.pt\/brevemente\/wp-json\/wp\/v2\/posts\/13928\/revisions"}],"predecessor-version":[{"id":13930,"href":"https:\/\/www.atelierdocaractere.pt\/brevemente\/wp-json\/wp\/v2\/posts\/13928\/revisions\/13930"}],"wp:featuredmedia":[{"embeddable":true,"href":"https:\/\/www.atelierdocaractere.pt\/brevemente\/wp-json\/wp\/v2\/media\/13929"}],"wp:attachment":[{"href":"https:\/\/www.atelierdocaractere.pt\/brevemente\/wp-json\/wp\/v2\/media?parent=13928"}],"wp:term":[{"taxonomy":"category","embeddable":true,"href":"https:\/\/www.atelierdocaractere.pt\/brevemente\/wp-json\/wp\/v2\/categories?post=13928"},{"taxonomy":"post_tag","embeddable":true,"href":"https:\/\/www.atelierdocaractere.pt\/brevemente\/wp-json\/wp\/v2\/tags?post=13928"}],"curies":[{"name":"wp","href":"https:\/\/api.w.org\/{rel}","templated":true}]}}