{"id":13935,"date":"2025-09-02T10:58:13","date_gmt":"2025-09-02T10:58:13","guid":{"rendered":"https:\/\/www.atelierdocaractere.pt\/brevemente\/?p=13935"},"modified":"2025-09-03T11:01:06","modified_gmt":"2025-09-03T11:01:06","slug":"uma-nova-geracao-fontes-chega-aos-ralis-francisco-em-estreia-absoluta-no-rallye-constalica-viseu-dao-lafoes","status":"publish","type":"post","link":"https:\/\/www.atelierdocaractere.pt\/brevemente\/uma-nova-geracao-fontes-chega-aos-ralis-francisco-em-estreia-absoluta-no-rallye-constalica-viseu-dao-lafoes\/","title":{"rendered":"Uma nova gera\u00e7\u00e3o Fontes chega aos ralis: Francisco em estreia absoluta no\u00a0Rallye Const\u00e1lica Viseu D\u00e3o Laf\u00f5es!"},"content":{"rendered":"\n<p><strong>O jovem piloto faz a estreia do nov\u00edssimo Lancia Ypsilon HF Racing Rally6 em Portugal.<\/strong><\/p>\n\n\n\n<p><strong>Tr\u00eas d\u00e9cadas depois, a Lancia est\u00e1 de regresso aos ralis e o mais novo membro de uma das fam\u00edlias com mais peso na hist\u00f3ria do automobilismo nacional est\u00e1 determinado em honrar o legado do pai Jos\u00e9 Pedro Fontes e do av\u00f4 Rufino Fontes.&nbsp; Com apenas 18 anos e escassas sete semanas de carta de condu\u00e7\u00e3o, Francisco Fontes vai disputar a primeira prova da sua vida: o Rallye Const\u00e1lica Viseu D\u00e3o Laf\u00f5es. Entre os pr\u00f3ximos dias 5 a 7 de setembro, o jovem portuense vai estar ao volante do nov\u00edssimo Lancia Ypsilon HF Racing Rally6, um carro que tamb\u00e9m faz a sua estreia em Portugal.<\/strong><a><\/a><\/p>\n\n\n\n<figure class=\"wp-block-image size-large\"><img decoding=\"async\" width=\"1024\" height=\"683\" src=\"https:\/\/www.atelierdocaractere.pt\/wp-content\/uploads\/2025\/09\/francisco-fontes1-1024x683.jpg\" alt=\"\" class=\"wp-image-13936\" srcset=\"https:\/\/www.atelierdocaractere.pt\/wp-content\/uploads\/2025\/09\/francisco-fontes1-1024x683.jpg 1024w, https:\/\/www.atelierdocaractere.pt\/wp-content\/uploads\/2025\/09\/francisco-fontes1-300x200.jpg 300w, https:\/\/www.atelierdocaractere.pt\/wp-content\/uploads\/2025\/09\/francisco-fontes1-768x512.jpg 768w, https:\/\/www.atelierdocaractere.pt\/wp-content\/uploads\/2025\/09\/francisco-fontes1-1536x1024.jpg 1536w, https:\/\/www.atelierdocaractere.pt\/wp-content\/uploads\/2025\/09\/francisco-fontes1-900x600.jpg 900w, https:\/\/www.atelierdocaractere.pt\/wp-content\/uploads\/2025\/09\/francisco-fontes1-675x450.jpg 675w, https:\/\/www.atelierdocaractere.pt\/wp-content\/uploads\/2025\/09\/francisco-fontes1.jpg 1920w\" sizes=\"(max-width: 1024px) 100vw, 1024px\" \/><\/figure>\n\n\n\n<p><strong><em>\u201cEste rali marca o in\u00edcio de uma aventura com que sempre sonhei. Cresci a ouvir as proezas do meu av\u00f4, a acompanhar a carreira do meu pai e o trabalho da equipa Sports &amp; You.<\/em><\/strong>&nbsp;<strong><em>Agora poder alinhar numa prova com o meu nome nos vidros do carro \u00e9 uma emo\u00e7\u00e3o muito especial. Sei que tenho tudo para aprender: \u00e9 a minha estreia absoluta, ainda s\u00f3 tirei a carta h\u00e1 poucos meses, e o objetivo \u00e9 simples \u2014 fazer quil\u00f3metros, ganhar experi\u00eancia e evoluir passo a passo. N\u00e3o vou lutar por nenhum resultado, mas claro que vou dar o meu melhor. Nesta fase tudo \u00e9 novidade e o mais importante \u00e9 aproveitar para crescer como piloto e iniciar o meu percurso de forma s\u00f3lida\u201d<\/em><\/strong>, afirma Francisco Fontes.<\/p>\n\n\n\n<p>Nascido a 9 de maio de 2007 e rec\u00e9m-chegado \u00e0 Faculdade de Engenharia da Universidade do Porto (FEUP) para o curso de engenharia mec\u00e2nica, Francisco Fontes \u00e9 o mais novo representante de uma dinastia de sucesso no desporto motorizado. O av\u00f4, Rufino Fontes, foi um dos nomes mais marcantes do automobilismo nacional nas d\u00e9cadas de 70 e 80, enquanto o pai, Jos\u00e9 Pedro Fontes, nas \u00faltimas tr\u00eas d\u00e9cadas, soma t\u00edtulos e vit\u00f3rias na velocidade e nos ralis.<\/p>\n\n\n\n<p>Apesar de ser adepto de simuladores autom\u00f3vel e de, desde tenra idade, acompanhar de perto a carreira do pai e a atividade equipa Sports &amp; You, o jovem Francisco Fontes nunca participou em qualquer prova, nem sequer em karting. A sua \u00fanica experi\u00eancia resume-se \u00e0 participa\u00e7\u00e3o, no primeiro semestre deste ano, na sele\u00e7\u00e3o da Federa\u00e7\u00e3o Portuguesa de Automobilismo e Karting para o programa FPAK J\u00fanior Team.<\/p>\n\n\n\n<p>No Rallye Const\u00e1lica Viseu D\u00e3o Laf\u00f5es, Francisco Fontes vai fazer dupla com o experiente navegador Carlos Magalh\u00e3es, ao volante do Lancia Ypsilon HF Racing Rally6.<\/p>\n\n\n\n<p>Depois de um hiato de cerca de tr\u00eas d\u00e9cadas, esta ser\u00e1 a primeira participa\u00e7\u00e3o de um Lancia \u2013 da nova gera\u00e7\u00e3o! \u2013 numa prova disputada na Pen\u00ednsula Ib\u00e9rica. Equipado com um motor de 1.2 litros, com 145 cavalos de pot\u00eancia, trata-se de um carro desenvolvido segundo os regulamentos Rally6, a categoria de inicia\u00e7\u00e3o para os ralis, pensada para jovens pilotos, com custos controlados, regulamenta\u00e7\u00e3o simplificada e um elevado n\u00edvel de seguran\u00e7a e performance.<\/p>\n\n\n\n<p>Em 2025, para al\u00e9m do Rallye Const\u00e1lica Viseu D\u00e3o Laf\u00f5es, Francisco Fontes vai disputar, pelo menos, as duas \u00faltimas provas do Campeonato de Portugal de Ralis.<\/p>\n","protected":false},"excerpt":{"rendered":"<p>O jovem piloto faz a estreia do nov\u00edssimo Lancia Ypsilon HF Racing Rally6 em Portugal. Tr\u00eas d\u00e9cadas depois, a Lancia&#8230;<\/p>\n","protected":false},"author":7,"featured_media":13936,"comment_status":"closed","ping_status":"open","sticky":false,"template":"","format":"standard","meta":[],"categories":[24],"tags":[986,988,250,217,987],"yoast_head":"<!-- This site is optimized with the Yoast SEO plugin v20.12 - https:\/\/yoast.com\/wordpress\/plugins\/seo\/ -->\n<title>Uma nova gera\u00e7\u00e3o Fontes chega aos ralis: Francisco em estreia absoluta no\u00a0Rallye Const\u00e1lica Viseu D\u00e3o Laf\u00f5es! - Atelier do Caractere<\/title>\n<meta name=\"robots\" content=\"index, follow, max-snippet:-1, max-image-preview:large, max-video-preview:-1\" \/>\n<link rel=\"canonical\" href=\"https:\/\/www.atelierdocaractere.pt\/brevemente\/uma-nova-geracao-fontes-chega-aos-ralis-francisco-em-estreia-absoluta-no-rallye-constalica-viseu-dao-lafoes\/\" \/>\n<meta property=\"og:locale\" content=\"pt_PT\" \/>\n<meta property=\"og:type\" content=\"article\" \/>\n<meta property=\"og:title\" content=\"Uma nova gera\u00e7\u00e3o Fontes chega aos ralis: Francisco em estreia absoluta no\u00a0Rallye Const\u00e1lica Viseu D\u00e3o Laf\u00f5es! - Atelier do Caractere\" \/>\n<meta property=\"og:description\" content=\"O jovem piloto faz a estreia do nov\u00edssimo Lancia Ypsilon HF Racing Rally6 em Portugal. Tr\u00eas d\u00e9cadas depois, a Lancia...\" \/>\n<meta property=\"og:url\" content=\"https:\/\/www.atelierdocaractere.pt\/brevemente\/uma-nova-geracao-fontes-chega-aos-ralis-francisco-em-estreia-absoluta-no-rallye-constalica-viseu-dao-lafoes\/\" \/>\n<meta property=\"og:site_name\" content=\"Atelier do Caractere\" \/>\n<meta property=\"article:publisher\" content=\"https:\/\/www.facebook.com\/AtelierdoCaractere\" \/>\n<meta property=\"article:published_time\" content=\"2025-09-02T10:58:13+00:00\" \/>\n<meta property=\"article:modified_time\" content=\"2025-09-03T11:01:06+00:00\" \/>\n<meta property=\"og:image\" content=\"https:\/\/www.atelierdocaractere.pt\/wp-content\/uploads\/2025\/09\/francisco-fontes1.jpg\" \/>\n\t<meta property=\"og:image:width\" content=\"1920\" \/>\n\t<meta property=\"og:image:height\" content=\"1280\" \/>\n\t<meta property=\"og:image:type\" content=\"image\/jpeg\" \/>\n<meta name=\"author\" content=\"Joana Barbosa\" \/>\n<meta name=\"twitter:card\" content=\"summary_large_image\" \/>\n<meta name=\"twitter:label1\" content=\"Escrito por\" \/>\n\t<meta name=\"twitter:data1\" content=\"Joana Barbosa\" \/>\n\t<meta name=\"twitter:label2\" content=\"Tempo estimado de leitura\" \/>\n\t<meta name=\"twitter:data2\" content=\"4 minutos\" \/>\n<script type=\"application\/ld+json\" class=\"yoast-schema-graph\">{\"@context\":\"https:\/\/schema.org\",\"@graph\":[{\"@type\":\"WebPage\",\"@id\":\"https:\/\/www.atelierdocaractere.pt\/brevemente\/uma-nova-geracao-fontes-chega-aos-ralis-francisco-em-estreia-absoluta-no-rallye-constalica-viseu-dao-lafoes\/\",\"url\":\"https:\/\/www.atelierdocaractere.pt\/brevemente\/uma-nova-geracao-fontes-chega-aos-ralis-francisco-em-estreia-absoluta-no-rallye-constalica-viseu-dao-lafoes\/\",\"name\":\"Uma nova gera\u00e7\u00e3o Fontes chega aos ralis: Francisco em estreia absoluta no\u00a0Rallye Const\u00e1lica Viseu D\u00e3o Laf\u00f5es! - Atelier do Caractere\",\"isPartOf\":{\"@id\":\"https:\/\/www.atelierdocaractere.pt\/brevemente\/#website\"},\"datePublished\":\"2025-09-02T10:58:13+00:00\",\"dateModified\":\"2025-09-03T11:01:06+00:00\",\"author\":{\"@id\":\"https:\/\/www.atelierdocaractere.pt\/brevemente\/#\/schema\/person\/f2f096eb0f27d9894725af22cb97c0db\"},\"breadcrumb\":{\"@id\":\"https:\/\/www.atelierdocaractere.pt\/brevemente\/uma-nova-geracao-fontes-chega-aos-ralis-francisco-em-estreia-absoluta-no-rallye-constalica-viseu-dao-lafoes\/#breadcrumb\"},\"inLanguage\":\"pt-PT\",\"potentialAction\":[{\"@type\":\"ReadAction\",\"target\":[\"https:\/\/www.atelierdocaractere.pt\/brevemente\/uma-nova-geracao-fontes-chega-aos-ralis-francisco-em-estreia-absoluta-no-rallye-constalica-viseu-dao-lafoes\/\"]}]},{\"@type\":\"BreadcrumbList\",\"@id\":\"https:\/\/www.atelierdocaractere.pt\/brevemente\/uma-nova-geracao-fontes-chega-aos-ralis-francisco-em-estreia-absoluta-no-rallye-constalica-viseu-dao-lafoes\/#breadcrumb\",\"itemListElement\":[{\"@type\":\"ListItem\",\"position\":1,\"name\":\"In\u00edcio\",\"item\":\"https:\/\/www.atelierdocaractere.pt\/brevemente\/\"},{\"@type\":\"ListItem\",\"position\":2,\"name\":\"Uma nova gera\u00e7\u00e3o Fontes chega aos ralis: Francisco em estreia absoluta no\u00a0Rallye Const\u00e1lica Viseu D\u00e3o Laf\u00f5es!\"}]},{\"@type\":\"WebSite\",\"@id\":\"https:\/\/www.atelierdocaractere.pt\/brevemente\/#website\",\"url\":\"https:\/\/www.atelierdocaractere.pt\/brevemente\/\",\"name\":\"Atelier do Caractere\",\"description\":\"\",\"potentialAction\":[{\"@type\":\"SearchAction\",\"target\":{\"@type\":\"EntryPoint\",\"urlTemplate\":\"https:\/\/www.atelierdocaractere.pt\/brevemente\/?s={search_term_string}\"},\"query-input\":\"required name=search_term_string\"}],\"inLanguage\":\"pt-PT\"},{\"@type\":\"Person\",\"@id\":\"https:\/\/www.atelierdocaractere.pt\/brevemente\/#\/schema\/person\/f2f096eb0f27d9894725af22cb97c0db\",\"name\":\"Joana Barbosa\",\"image\":{\"@type\":\"ImageObject\",\"inLanguage\":\"pt-PT\",\"@id\":\"https:\/\/www.atelierdocaractere.pt\/brevemente\/#\/schema\/person\/image\/\",\"url\":\"https:\/\/secure.gravatar.com\/avatar\/33e8214b45e9d68a3a83008731075979?s=96&d=mm&r=g\",\"contentUrl\":\"https:\/\/secure.gravatar.com\/avatar\/33e8214b45e9d68a3a83008731075979?s=96&d=mm&r=g\",\"caption\":\"Joana Barbosa\"},\"url\":\"https:\/\/www.atelierdocaractere.pt\/brevemente\/author\/joanabarbosa\/\"}]}<\/script>\n<!-- \/ Yoast SEO plugin. -->","yoast_head_json":{"title":"Uma nova gera\u00e7\u00e3o Fontes chega aos ralis: Francisco em estreia absoluta no\u00a0Rallye Const\u00e1lica Viseu D\u00e3o Laf\u00f5es! - Atelier do Caractere","robots":{"index":"index","follow":"follow","max-snippet":"max-snippet:-1","max-image-preview":"max-image-preview:large","max-video-preview":"max-video-preview:-1"},"canonical":"https:\/\/www.atelierdocaractere.pt\/brevemente\/uma-nova-geracao-fontes-chega-aos-ralis-francisco-em-estreia-absoluta-no-rallye-constalica-viseu-dao-lafoes\/","og_locale":"pt_PT","og_type":"article","og_title":"Uma nova gera\u00e7\u00e3o Fontes chega aos ralis: Francisco em estreia absoluta no\u00a0Rallye Const\u00e1lica Viseu D\u00e3o Laf\u00f5es! - Atelier do Caractere","og_description":"O jovem piloto faz a estreia do nov\u00edssimo Lancia Ypsilon HF Racing Rally6 em Portugal. Tr\u00eas d\u00e9cadas depois, a Lancia...","og_url":"https:\/\/www.atelierdocaractere.pt\/brevemente\/uma-nova-geracao-fontes-chega-aos-ralis-francisco-em-estreia-absoluta-no-rallye-constalica-viseu-dao-lafoes\/","og_site_name":"Atelier do Caractere","article_publisher":"https:\/\/www.facebook.com\/AtelierdoCaractere","article_published_time":"2025-09-02T10:58:13+00:00","article_modified_time":"2025-09-03T11:01:06+00:00","og_image":[{"width":1920,"height":1280,"url":"https:\/\/www.atelierdocaractere.pt\/wp-content\/uploads\/2025\/09\/francisco-fontes1.jpg","type":"image\/jpeg"}],"author":"Joana Barbosa","twitter_card":"summary_large_image","twitter_misc":{"Escrito por":"Joana Barbosa","Tempo estimado de leitura":"4 minutos"},"schema":{"@context":"https:\/\/schema.org","@graph":[{"@type":"WebPage","@id":"https:\/\/www.atelierdocaractere.pt\/brevemente\/uma-nova-geracao-fontes-chega-aos-ralis-francisco-em-estreia-absoluta-no-rallye-constalica-viseu-dao-lafoes\/","url":"https:\/\/www.atelierdocaractere.pt\/brevemente\/uma-nova-geracao-fontes-chega-aos-ralis-francisco-em-estreia-absoluta-no-rallye-constalica-viseu-dao-lafoes\/","name":"Uma nova gera\u00e7\u00e3o Fontes chega aos ralis: Francisco em estreia absoluta no\u00a0Rallye Const\u00e1lica Viseu D\u00e3o Laf\u00f5es! - Atelier do Caractere","isPartOf":{"@id":"https:\/\/www.atelierdocaractere.pt\/brevemente\/#website"},"datePublished":"2025-09-02T10:58:13+00:00","dateModified":"2025-09-03T11:01:06+00:00","author":{"@id":"https:\/\/www.atelierdocaractere.pt\/brevemente\/#\/schema\/person\/f2f096eb0f27d9894725af22cb97c0db"},"breadcrumb":{"@id":"https:\/\/www.atelierdocaractere.pt\/brevemente\/uma-nova-geracao-fontes-chega-aos-ralis-francisco-em-estreia-absoluta-no-rallye-constalica-viseu-dao-lafoes\/#breadcrumb"},"inLanguage":"pt-PT","potentialAction":[{"@type":"ReadAction","target":["https:\/\/www.atelierdocaractere.pt\/brevemente\/uma-nova-geracao-fontes-chega-aos-ralis-francisco-em-estreia-absoluta-no-rallye-constalica-viseu-dao-lafoes\/"]}]},{"@type":"BreadcrumbList","@id":"https:\/\/www.atelierdocaractere.pt\/brevemente\/uma-nova-geracao-fontes-chega-aos-ralis-francisco-em-estreia-absoluta-no-rallye-constalica-viseu-dao-lafoes\/#breadcrumb","itemListElement":[{"@type":"ListItem","position":1,"name":"In\u00edcio","item":"https:\/\/www.atelierdocaractere.pt\/brevemente\/"},{"@type":"ListItem","position":2,"name":"Uma nova gera\u00e7\u00e3o Fontes chega aos ralis: Francisco em estreia absoluta no\u00a0Rallye Const\u00e1lica Viseu D\u00e3o Laf\u00f5es!"}]},{"@type":"WebSite","@id":"https:\/\/www.atelierdocaractere.pt\/brevemente\/#website","url":"https:\/\/www.atelierdocaractere.pt\/brevemente\/","name":"Atelier do Caractere","description":"","potentialAction":[{"@type":"SearchAction","target":{"@type":"EntryPoint","urlTemplate":"https:\/\/www.atelierdocaractere.pt\/brevemente\/?s={search_term_string}"},"query-input":"required name=search_term_string"}],"inLanguage":"pt-PT"},{"@type":"Person","@id":"https:\/\/www.atelierdocaractere.pt\/brevemente\/#\/schema\/person\/f2f096eb0f27d9894725af22cb97c0db","name":"Joana Barbosa","image":{"@type":"ImageObject","inLanguage":"pt-PT","@id":"https:\/\/www.atelierdocaractere.pt\/brevemente\/#\/schema\/person\/image\/","url":"https:\/\/secure.gravatar.com\/avatar\/33e8214b45e9d68a3a83008731075979?s=96&d=mm&r=g","contentUrl":"https:\/\/secure.gravatar.com\/avatar\/33e8214b45e9d68a3a83008731075979?s=96&d=mm&r=g","caption":"Joana Barbosa"},"url":"https:\/\/www.atelierdocaractere.pt\/brevemente\/author\/joanabarbosa\/"}]}},"_links":{"self":[{"href":"https:\/\/www.atelierdocaractere.pt\/brevemente\/wp-json\/wp\/v2\/posts\/13935"}],"collection":[{"href":"https:\/\/www.atelierdocaractere.pt\/brevemente\/wp-json\/wp\/v2\/posts"}],"about":[{"href":"https:\/\/www.atelierdocaractere.pt\/brevemente\/wp-json\/wp\/v2\/types\/post"}],"author":[{"embeddable":true,"href":"https:\/\/www.atelierdocaractere.pt\/brevemente\/wp-json\/wp\/v2\/users\/7"}],"replies":[{"embeddable":true,"href":"https:\/\/www.atelierdocaractere.pt\/brevemente\/wp-json\/wp\/v2\/comments?post=13935"}],"version-history":[{"count":1,"href":"https:\/\/www.atelierdocaractere.pt\/brevemente\/wp-json\/wp\/v2\/posts\/13935\/revisions"}],"predecessor-version":[{"id":13937,"href":"https:\/\/www.atelierdocaractere.pt\/brevemente\/wp-json\/wp\/v2\/posts\/13935\/revisions\/13937"}],"wp:featuredmedia":[{"embeddable":true,"href":"https:\/\/www.atelierdocaractere.pt\/brevemente\/wp-json\/wp\/v2\/media\/13936"}],"wp:attachment":[{"href":"https:\/\/www.atelierdocaractere.pt\/brevemente\/wp-json\/wp\/v2\/media?parent=13935"}],"wp:term":[{"taxonomy":"category","embeddable":true,"href":"https:\/\/www.atelierdocaractere.pt\/brevemente\/wp-json\/wp\/v2\/categories?post=13935"},{"taxonomy":"post_tag","embeddable":true,"href":"https:\/\/www.atelierdocaractere.pt\/brevemente\/wp-json\/wp\/v2\/tags?post=13935"}],"curies":[{"name":"wp","href":"https:\/\/api.w.org\/{rel}","templated":true}]}}