{"id":13938,"date":"2025-09-02T11:02:46","date_gmt":"2025-09-02T11:02:46","guid":{"rendered":"https:\/\/www.atelierdocaractere.pt\/brevemente\/?p=13938"},"modified":"2025-09-03T11:08:00","modified_gmt":"2025-09-03T11:08:00","slug":"hugo-lopes-no-rallye-constalica-viseu-dao-lafoes-para-dar-espetaculo-e-lutar-pela-vitoria","status":"publish","type":"post","link":"https:\/\/www.atelierdocaractere.pt\/brevemente\/hugo-lopes-no-rallye-constalica-viseu-dao-lafoes-para-dar-espetaculo-e-lutar-pela-vitoria\/","title":{"rendered":"Hugo Lopes no Rallye Const\u00e1lica Viseu D\u00e3o Laf\u00f5es para dar espet\u00e1culo e lutar pela vit\u00f3ria"},"content":{"rendered":"\n<p><strong>O jovem Hugo Lopes, e a sua navegadora Magda Oliveira, est\u00e3o confirmados para o Rallye Const\u00e1lica Viseu D\u00e3o Laf\u00f5es, que se disputa entre os pr\u00f3ximos dias 5 e 7 de setembro. Ao volante de um Hyundai i20N Rally2 da equipa CRN Competition, a dupla encara esta participa\u00e7\u00e3o na sua regi\u00e3o natal com entusiasmo, at\u00e9 pela import\u00e2ncia que tem na prepara\u00e7\u00e3o para o pr\u00f3ximo desafio no Campeonato de Portugal de Ralis (CPR) com as cores do Hyundai J\u00fanior Team FPAK.<\/strong><\/p>\n\n\n\n<figure class=\"wp-block-image size-large\"><img decoding=\"async\" width=\"1024\" height=\"683\" src=\"https:\/\/www.atelierdocaractere.pt\/wp-content\/uploads\/2025\/09\/hugo-lopes-magda-oliveira2-1024x683.jpg\" alt=\"\" class=\"wp-image-13939\" srcset=\"https:\/\/www.atelierdocaractere.pt\/wp-content\/uploads\/2025\/09\/hugo-lopes-magda-oliveira2-1024x683.jpg 1024w, https:\/\/www.atelierdocaractere.pt\/wp-content\/uploads\/2025\/09\/hugo-lopes-magda-oliveira2-300x200.jpg 300w, https:\/\/www.atelierdocaractere.pt\/wp-content\/uploads\/2025\/09\/hugo-lopes-magda-oliveira2-768x512.jpg 768w, https:\/\/www.atelierdocaractere.pt\/wp-content\/uploads\/2025\/09\/hugo-lopes-magda-oliveira2-1536x1024.jpg 1536w, https:\/\/www.atelierdocaractere.pt\/wp-content\/uploads\/2025\/09\/hugo-lopes-magda-oliveira2-900x600.jpg 900w, https:\/\/www.atelierdocaractere.pt\/wp-content\/uploads\/2025\/09\/hugo-lopes-magda-oliveira2-675x450.jpg 675w, https:\/\/www.atelierdocaractere.pt\/wp-content\/uploads\/2025\/09\/hugo-lopes-magda-oliveira2.jpg 1920w\" sizes=\"(max-width: 1024px) 100vw, 1024px\" \/><\/figure>\n\n\n\n<p><strong><em>\u201cN\u00e3o pod\u00edamos faltar a este rali, que \u00e9 disputado em estradas da nossa regi\u00e3o e que tem percursos muito t\u00e9cnicos, a alternarem entre a rapidez e a sinuosidade, com diferentes condi\u00e7\u00f5es de ader\u00eancia. Vai ser uma excelente oportunidade para acumular mais alguns quil\u00f3metros com o Hyundai i20N Rally2, ganhar mais experi\u00eancia e ritmo competitivo para o pr\u00f3ximo desafio no Campeonato de Portugal de Ralis com o Hyundai J\u00fanior Team FPAK. Naturalmente queremos dar espet\u00e1culo ao muito p\u00fablico que \u00e9 esperado e, se poss\u00edvel, lutar pela vit\u00f3ria\u201d<\/em><\/strong>, afirmou Hugo Lopes.<\/p>\n\n\n\n<p>O viseense faz ainda quest\u00e3o de sublinhar:&nbsp;<strong><em>\u201cEsta participa\u00e7\u00e3o tamb\u00e9m tem como objetivo retribuir o apoio que os nossos patrocinadores, muitos deles localizados na regi\u00e3o, t\u00eam dado. Ou seja, vai ser uma participa\u00e7\u00e3o com muitas emo\u00e7\u00f5es, com um p\u00fablico que sei que nos vai apoiar ao m\u00e1ximo, e isso \u00e9 uma motiva\u00e7\u00e3o extra\u201d.<\/em><\/strong><\/p>\n\n\n\n<p>A 12\u00aa edi\u00e7\u00e3o do Rallye Const\u00e1lica Viseu D\u00e3o Laf\u00f5es disputa-se entre os pr\u00f3ximos dias 5 e 7 de setembro, nos concelhos de Viseu, Vouzela, Castro Daire e Oliveira de Frades. Na sexta-feira, \u00e0s 20h00, a Feira de S\u00e3o Mateus, em Viseu, ser\u00e1 novamente o palco da partida oficial. No s\u00e1bado e domingo, o rali percorre as ic\u00f3nicas classificativas de Moledo, Farminh\u00e3o\/Torredeita, Lad\u00e1rio, Penoita e Senhora do Castelo, enquanto uma espetacular super-especial, em Vouzela, encerra o dia competitivo de s\u00e1bado.<\/p>\n\n\n\n<p><strong>PROGRAMA<\/strong><\/p>\n\n\n\n<p>SEXTA-FEIRA (5 DE SETEMBRO)<br>17h30 \u2013 Entrada de viaturas na Feira de S. Mateus (Viseu)<br>19h30 \u2013 Partida das viaturas da Feira de S. Mateus (Viseu)<br>21h30 \u2013 Parque Fechado (S\u00e9 da Catedral de Viseu)<\/p>\n\n\n\n<p>S\u00c1BADO (6 DE SETEMBRO)<br>08h00 \u2013 Shakedown (Viseu)<br>15h13 \u2013 1.\u00aa PEC \u2013 Moledo 1 (Castro Daire \u2013 11,25 km)<br>Reagrupamento \u2013 Termas do Carvalhal (Castro Daire)<br>16h49 \u2013 2.\u00aa PEC \u2013 Moledo 2 (Castro Daire \u2013 11,25 km)<br>18h02 \u2013 3.\u00aa PEC \u2013 Farminh\u00e3o\/Torredeita 1 (Viseu \u2013 8,15 km)<br>Reagrupamento \u2013 Esta\u00e7\u00e3o de Comboio (Figueir\u00f3)<br>19h33 \u2013 4.\u00aa PEC \u2013 Farminh\u00e3o\/Torredeita 2 (Viseu \u2013 8,15 km)<br>Assist\u00eancia \u2013 Const\u00e1lica (Vouzela)<br>21h15 \u2013 5.\u00aa PEC(A) \u2013 Super-especial (Vouzela \u2013 2,85 km)<br>21h32 \u2013 5.\u00aa PEC(B) \u2013 Super-especial (Vouzela \u2013 2,85 km)<\/p>\n\n\n\n<p>DOMINGO (7 DE SETEMBRO)<br>11h01 \u2013 7.\u00aa PEC \u2013 Lad\u00e1rio (Oliveira de Frades \u2013 6,65 km)<br>11h44 \u2013 8.\u00aa PEC \u2013 Penoita (Vouzela \u2013 8,65 km)<br>12h11 \u2013 9.\u00aa PEC \u2013 Senhora do Castelo (Vouzela \u2013 7,05 km)<br>Parque de Assist\u00eancia \u2013 Const\u00e1lica (Vouzela)<br>Reagrupamento \u2013 Oliveira de Frades<br>14h15 \u2013 10.\u00aa PEC \u2013 Lad\u00e1rio (Oliveira de Frades \u2013 6,65 km)<br>14h58 \u2013 11.\u00aa PEC \u2013 Penoita (Vouzela \u2013 8,65 km)<br>15h25 \u2013 12.\u00aa PEC \u2013 Senhora do Castelo (Vouzela \u2013 7,05 km)<br>16h35 \u2013 P\u00f3dio \u2013 Alameda D. Duarte de Almeida (Vouzela)<\/p>\n","protected":false},"excerpt":{"rendered":"<p>O jovem Hugo Lopes, e a sua navegadora Magda Oliveira, est\u00e3o confirmados para o Rallye Const\u00e1lica Viseu D\u00e3o Laf\u00f5es, que&#8230;<\/p>\n","protected":false},"author":7,"featured_media":13939,"comment_status":"closed","ping_status":"open","sticky":false,"template":"","format":"standard","meta":[],"categories":[24],"tags":[990,931,932,989,935,965,217],"yoast_head":"<!-- This site is optimized with the Yoast SEO plugin v20.12 - https:\/\/yoast.com\/wordpress\/plugins\/seo\/ -->\n<title>Hugo Lopes no Rallye Const\u00e1lica Viseu D\u00e3o Laf\u00f5es para dar espet\u00e1culo e lutar pela vit\u00f3ria - Atelier do Caractere<\/title>\n<meta name=\"robots\" content=\"index, follow, max-snippet:-1, max-image-preview:large, max-video-preview:-1\" \/>\n<link rel=\"canonical\" href=\"https:\/\/www.atelierdocaractere.pt\/brevemente\/hugo-lopes-no-rallye-constalica-viseu-dao-lafoes-para-dar-espetaculo-e-lutar-pela-vitoria\/\" \/>\n<meta property=\"og:locale\" content=\"pt_PT\" \/>\n<meta property=\"og:type\" content=\"article\" \/>\n<meta property=\"og:title\" content=\"Hugo Lopes no Rallye Const\u00e1lica Viseu D\u00e3o Laf\u00f5es para dar espet\u00e1culo e lutar pela vit\u00f3ria - Atelier do Caractere\" \/>\n<meta property=\"og:description\" content=\"O jovem Hugo Lopes, e a sua navegadora Magda Oliveira, est\u00e3o confirmados para o Rallye Const\u00e1lica Viseu D\u00e3o Laf\u00f5es, que...\" \/>\n<meta property=\"og:url\" content=\"https:\/\/www.atelierdocaractere.pt\/brevemente\/hugo-lopes-no-rallye-constalica-viseu-dao-lafoes-para-dar-espetaculo-e-lutar-pela-vitoria\/\" \/>\n<meta property=\"og:site_name\" content=\"Atelier do Caractere\" \/>\n<meta property=\"article:publisher\" content=\"https:\/\/www.facebook.com\/AtelierdoCaractere\" \/>\n<meta property=\"article:published_time\" content=\"2025-09-02T11:02:46+00:00\" \/>\n<meta property=\"article:modified_time\" content=\"2025-09-03T11:08:00+00:00\" \/>\n<meta property=\"og:image\" content=\"https:\/\/www.atelierdocaractere.pt\/wp-content\/uploads\/2025\/09\/hugo-lopes-magda-oliveira2.jpg\" \/>\n\t<meta property=\"og:image:width\" content=\"1920\" \/>\n\t<meta property=\"og:image:height\" content=\"1280\" \/>\n\t<meta property=\"og:image:type\" content=\"image\/jpeg\" \/>\n<meta name=\"author\" content=\"Joana Barbosa\" \/>\n<meta name=\"twitter:card\" content=\"summary_large_image\" \/>\n<meta name=\"twitter:label1\" content=\"Escrito por\" \/>\n\t<meta name=\"twitter:data1\" content=\"Joana Barbosa\" \/>\n\t<meta name=\"twitter:label2\" content=\"Tempo estimado de leitura\" \/>\n\t<meta name=\"twitter:data2\" content=\"3 minutos\" \/>\n<script type=\"application\/ld+json\" class=\"yoast-schema-graph\">{\"@context\":\"https:\/\/schema.org\",\"@graph\":[{\"@type\":\"WebPage\",\"@id\":\"https:\/\/www.atelierdocaractere.pt\/brevemente\/hugo-lopes-no-rallye-constalica-viseu-dao-lafoes-para-dar-espetaculo-e-lutar-pela-vitoria\/\",\"url\":\"https:\/\/www.atelierdocaractere.pt\/brevemente\/hugo-lopes-no-rallye-constalica-viseu-dao-lafoes-para-dar-espetaculo-e-lutar-pela-vitoria\/\",\"name\":\"Hugo Lopes no Rallye Const\u00e1lica Viseu D\u00e3o Laf\u00f5es para dar espet\u00e1culo e lutar pela vit\u00f3ria - Atelier do Caractere\",\"isPartOf\":{\"@id\":\"https:\/\/www.atelierdocaractere.pt\/brevemente\/#website\"},\"datePublished\":\"2025-09-02T11:02:46+00:00\",\"dateModified\":\"2025-09-03T11:08:00+00:00\",\"author\":{\"@id\":\"https:\/\/www.atelierdocaractere.pt\/brevemente\/#\/schema\/person\/f2f096eb0f27d9894725af22cb97c0db\"},\"breadcrumb\":{\"@id\":\"https:\/\/www.atelierdocaractere.pt\/brevemente\/hugo-lopes-no-rallye-constalica-viseu-dao-lafoes-para-dar-espetaculo-e-lutar-pela-vitoria\/#breadcrumb\"},\"inLanguage\":\"pt-PT\",\"potentialAction\":[{\"@type\":\"ReadAction\",\"target\":[\"https:\/\/www.atelierdocaractere.pt\/brevemente\/hugo-lopes-no-rallye-constalica-viseu-dao-lafoes-para-dar-espetaculo-e-lutar-pela-vitoria\/\"]}]},{\"@type\":\"BreadcrumbList\",\"@id\":\"https:\/\/www.atelierdocaractere.pt\/brevemente\/hugo-lopes-no-rallye-constalica-viseu-dao-lafoes-para-dar-espetaculo-e-lutar-pela-vitoria\/#breadcrumb\",\"itemListElement\":[{\"@type\":\"ListItem\",\"position\":1,\"name\":\"In\u00edcio\",\"item\":\"https:\/\/www.atelierdocaractere.pt\/brevemente\/\"},{\"@type\":\"ListItem\",\"position\":2,\"name\":\"Hugo Lopes no Rallye Const\u00e1lica Viseu D\u00e3o Laf\u00f5es para dar espet\u00e1culo e lutar pela vit\u00f3ria\"}]},{\"@type\":\"WebSite\",\"@id\":\"https:\/\/www.atelierdocaractere.pt\/brevemente\/#website\",\"url\":\"https:\/\/www.atelierdocaractere.pt\/brevemente\/\",\"name\":\"Atelier do Caractere\",\"description\":\"\",\"potentialAction\":[{\"@type\":\"SearchAction\",\"target\":{\"@type\":\"EntryPoint\",\"urlTemplate\":\"https:\/\/www.atelierdocaractere.pt\/brevemente\/?s={search_term_string}\"},\"query-input\":\"required name=search_term_string\"}],\"inLanguage\":\"pt-PT\"},{\"@type\":\"Person\",\"@id\":\"https:\/\/www.atelierdocaractere.pt\/brevemente\/#\/schema\/person\/f2f096eb0f27d9894725af22cb97c0db\",\"name\":\"Joana Barbosa\",\"image\":{\"@type\":\"ImageObject\",\"inLanguage\":\"pt-PT\",\"@id\":\"https:\/\/www.atelierdocaractere.pt\/brevemente\/#\/schema\/person\/image\/\",\"url\":\"https:\/\/secure.gravatar.com\/avatar\/33e8214b45e9d68a3a83008731075979?s=96&d=mm&r=g\",\"contentUrl\":\"https:\/\/secure.gravatar.com\/avatar\/33e8214b45e9d68a3a83008731075979?s=96&d=mm&r=g\",\"caption\":\"Joana Barbosa\"},\"url\":\"https:\/\/www.atelierdocaractere.pt\/brevemente\/author\/joanabarbosa\/\"}]}<\/script>\n<!-- \/ Yoast SEO plugin. -->","yoast_head_json":{"title":"Hugo Lopes no Rallye Const\u00e1lica Viseu D\u00e3o Laf\u00f5es para dar espet\u00e1culo e lutar pela vit\u00f3ria - Atelier do Caractere","robots":{"index":"index","follow":"follow","max-snippet":"max-snippet:-1","max-image-preview":"max-image-preview:large","max-video-preview":"max-video-preview:-1"},"canonical":"https:\/\/www.atelierdocaractere.pt\/brevemente\/hugo-lopes-no-rallye-constalica-viseu-dao-lafoes-para-dar-espetaculo-e-lutar-pela-vitoria\/","og_locale":"pt_PT","og_type":"article","og_title":"Hugo Lopes no Rallye Const\u00e1lica Viseu D\u00e3o Laf\u00f5es para dar espet\u00e1culo e lutar pela vit\u00f3ria - Atelier do Caractere","og_description":"O jovem Hugo Lopes, e a sua navegadora Magda Oliveira, est\u00e3o confirmados para o Rallye Const\u00e1lica Viseu D\u00e3o Laf\u00f5es, que...","og_url":"https:\/\/www.atelierdocaractere.pt\/brevemente\/hugo-lopes-no-rallye-constalica-viseu-dao-lafoes-para-dar-espetaculo-e-lutar-pela-vitoria\/","og_site_name":"Atelier do Caractere","article_publisher":"https:\/\/www.facebook.com\/AtelierdoCaractere","article_published_time":"2025-09-02T11:02:46+00:00","article_modified_time":"2025-09-03T11:08:00+00:00","og_image":[{"width":1920,"height":1280,"url":"https:\/\/www.atelierdocaractere.pt\/wp-content\/uploads\/2025\/09\/hugo-lopes-magda-oliveira2.jpg","type":"image\/jpeg"}],"author":"Joana Barbosa","twitter_card":"summary_large_image","twitter_misc":{"Escrito por":"Joana Barbosa","Tempo estimado de leitura":"3 minutos"},"schema":{"@context":"https:\/\/schema.org","@graph":[{"@type":"WebPage","@id":"https:\/\/www.atelierdocaractere.pt\/brevemente\/hugo-lopes-no-rallye-constalica-viseu-dao-lafoes-para-dar-espetaculo-e-lutar-pela-vitoria\/","url":"https:\/\/www.atelierdocaractere.pt\/brevemente\/hugo-lopes-no-rallye-constalica-viseu-dao-lafoes-para-dar-espetaculo-e-lutar-pela-vitoria\/","name":"Hugo Lopes no Rallye Const\u00e1lica Viseu D\u00e3o Laf\u00f5es para dar espet\u00e1culo e lutar pela vit\u00f3ria - Atelier do Caractere","isPartOf":{"@id":"https:\/\/www.atelierdocaractere.pt\/brevemente\/#website"},"datePublished":"2025-09-02T11:02:46+00:00","dateModified":"2025-09-03T11:08:00+00:00","author":{"@id":"https:\/\/www.atelierdocaractere.pt\/brevemente\/#\/schema\/person\/f2f096eb0f27d9894725af22cb97c0db"},"breadcrumb":{"@id":"https:\/\/www.atelierdocaractere.pt\/brevemente\/hugo-lopes-no-rallye-constalica-viseu-dao-lafoes-para-dar-espetaculo-e-lutar-pela-vitoria\/#breadcrumb"},"inLanguage":"pt-PT","potentialAction":[{"@type":"ReadAction","target":["https:\/\/www.atelierdocaractere.pt\/brevemente\/hugo-lopes-no-rallye-constalica-viseu-dao-lafoes-para-dar-espetaculo-e-lutar-pela-vitoria\/"]}]},{"@type":"BreadcrumbList","@id":"https:\/\/www.atelierdocaractere.pt\/brevemente\/hugo-lopes-no-rallye-constalica-viseu-dao-lafoes-para-dar-espetaculo-e-lutar-pela-vitoria\/#breadcrumb","itemListElement":[{"@type":"ListItem","position":1,"name":"In\u00edcio","item":"https:\/\/www.atelierdocaractere.pt\/brevemente\/"},{"@type":"ListItem","position":2,"name":"Hugo Lopes no Rallye Const\u00e1lica Viseu D\u00e3o Laf\u00f5es para dar espet\u00e1culo e lutar pela vit\u00f3ria"}]},{"@type":"WebSite","@id":"https:\/\/www.atelierdocaractere.pt\/brevemente\/#website","url":"https:\/\/www.atelierdocaractere.pt\/brevemente\/","name":"Atelier do Caractere","description":"","potentialAction":[{"@type":"SearchAction","target":{"@type":"EntryPoint","urlTemplate":"https:\/\/www.atelierdocaractere.pt\/brevemente\/?s={search_term_string}"},"query-input":"required name=search_term_string"}],"inLanguage":"pt-PT"},{"@type":"Person","@id":"https:\/\/www.atelierdocaractere.pt\/brevemente\/#\/schema\/person\/f2f096eb0f27d9894725af22cb97c0db","name":"Joana Barbosa","image":{"@type":"ImageObject","inLanguage":"pt-PT","@id":"https:\/\/www.atelierdocaractere.pt\/brevemente\/#\/schema\/person\/image\/","url":"https:\/\/secure.gravatar.com\/avatar\/33e8214b45e9d68a3a83008731075979?s=96&d=mm&r=g","contentUrl":"https:\/\/secure.gravatar.com\/avatar\/33e8214b45e9d68a3a83008731075979?s=96&d=mm&r=g","caption":"Joana Barbosa"},"url":"https:\/\/www.atelierdocaractere.pt\/brevemente\/author\/joanabarbosa\/"}]}},"_links":{"self":[{"href":"https:\/\/www.atelierdocaractere.pt\/brevemente\/wp-json\/wp\/v2\/posts\/13938"}],"collection":[{"href":"https:\/\/www.atelierdocaractere.pt\/brevemente\/wp-json\/wp\/v2\/posts"}],"about":[{"href":"https:\/\/www.atelierdocaractere.pt\/brevemente\/wp-json\/wp\/v2\/types\/post"}],"author":[{"embeddable":true,"href":"https:\/\/www.atelierdocaractere.pt\/brevemente\/wp-json\/wp\/v2\/users\/7"}],"replies":[{"embeddable":true,"href":"https:\/\/www.atelierdocaractere.pt\/brevemente\/wp-json\/wp\/v2\/comments?post=13938"}],"version-history":[{"count":1,"href":"https:\/\/www.atelierdocaractere.pt\/brevemente\/wp-json\/wp\/v2\/posts\/13938\/revisions"}],"predecessor-version":[{"id":13940,"href":"https:\/\/www.atelierdocaractere.pt\/brevemente\/wp-json\/wp\/v2\/posts\/13938\/revisions\/13940"}],"wp:featuredmedia":[{"embeddable":true,"href":"https:\/\/www.atelierdocaractere.pt\/brevemente\/wp-json\/wp\/v2\/media\/13939"}],"wp:attachment":[{"href":"https:\/\/www.atelierdocaractere.pt\/brevemente\/wp-json\/wp\/v2\/media?parent=13938"}],"wp:term":[{"taxonomy":"category","embeddable":true,"href":"https:\/\/www.atelierdocaractere.pt\/brevemente\/wp-json\/wp\/v2\/categories?post=13938"},{"taxonomy":"post_tag","embeddable":true,"href":"https:\/\/www.atelierdocaractere.pt\/brevemente\/wp-json\/wp\/v2\/tags?post=13938"}],"curies":[{"name":"wp","href":"https:\/\/api.w.org\/{rel}","templated":true}]}}