{"id":13943,"date":"2025-09-04T19:30:00","date_gmt":"2025-09-04T19:30:00","guid":{"rendered":"https:\/\/www.atelierdocaractere.pt\/brevemente\/?p=13943"},"modified":"2025-09-05T09:44:08","modified_gmt":"2025-09-05T09:44:08","slug":"clio-trophy-portugal-ruma-a-regiao-de-viseu-para-a-segunda-prova-da-temporada","status":"publish","type":"post","link":"https:\/\/www.atelierdocaractere.pt\/brevemente\/clio-trophy-portugal-ruma-a-regiao-de-viseu-para-a-segunda-prova-da-temporada\/","title":{"rendered":"CLIO TROPHY PORTUGAL RUMA \u00c0 REGI\u00c3O DE VISEU PARA A SEGUNDA PROVA DA TEMPORADA"},"content":{"rendered":"\n<p><strong>As emo\u00e7\u00f5es do Clio Trophy Portugal est\u00e3o de regresso, este fim-de-semana, com o 12\u00ba Rallye Const\u00e1lica Viseu D\u00e3o Laf\u00f5es a ser o palco da segunda prova do calend\u00e1rio. Depois da vit\u00f3ria, na edi\u00e7\u00e3o de 2024, da prova disputada em terras de Viriato, o jovem Pedro Pereira Jr. est\u00e1 de regresso \u00e0 iniciativa promovida pela Renault Portugal. O objetivo passa por repetir o resultado, mas Jo\u00e3o Rodrigues promete liderar a oposi\u00e7\u00e3o, ele que foi o incontestado vencedor da primeira prova do calend\u00e1rio.<\/strong><\/p>\n\n\n\n<p>Depois de Castelo Branco, a armada do Clio Trophy Portugal chega a Viseu e com a curiosidade de saber se a dupla Jo\u00e3o Rodrigues\/Bruno Carvalho vai conseguir manter a superioridade revelada na prova inaugural, onde s\u00f3 n\u00e3o foi a mais r\u00e1pida numa das classificativas.<\/p>\n\n\n\n<p>Em tempo de regresso \u00e0 competi\u00e7\u00e3o que tem por base o Clio Rally5 \u2013 que continua sem somar uma \u00fanica desist\u00eancia por problemas t\u00e9cnicos! \u2013, Pedro Pereira Jr. procura repetir o sucesso conquistado na edi\u00e7\u00e3o do ano passado do rali. Desta vez, o piloto da Mealhada vai ter Helena Maia como navegadora.<\/p>\n\n\n\n<p>Mas depois do positivo segundo lugar conquistado na prova de abertura da \u00e9poca, a dupla Lu\u00eds Caetano\/David Monteiro tudo far\u00e1 para entrar na discuss\u00e3o da vit\u00f3ria, enquanto as irm\u00e3s, Filipa e Mariana Tintim, partem determinadas em confirmar as boas indica\u00e7\u00f5es dadas em Castelo Branco. Tamb\u00e9m do Algarve, o jovem Carlos Marreiros Jr. (com Ricardo Barreto como navegador) promete ser um dos candidatos \u00e0 discuss\u00e3o dos lugares cimeiros, ele que, na primeira prova, foi penalizado com o tempo perdido na sequ\u00eancia de um despiste. A mesma infelicidade teve a dupla Tiago Pereira\/Fernando Pereira, que procuram nesta prova a sorte que lhes faltou em Castelo Branco.<\/p>\n\n\n\n<p>O 12.\u00ba Rallye Const\u00e1lica Viseu D\u00e3o Laf\u00f5es \u00e9 o palco da segunda prova da temporada 2025 do Clio Trophy Portugal, disputando-se entre amanh\u00e3 (sexta-feira) e domingo, nos concelhos de Viseu, Vouzela, Castro Daire e Oliveira de Frades. Amanh\u00e3, \u00e0s 20h00, a Feira de S\u00e3o Mateus, em Viseu, ser\u00e1 o palco da partida oficial. No s\u00e1bado e domingo, o rali percorre as ic\u00f3nicas classificativas de Moledo, Farminh\u00e3o\/Torredeita, Lad\u00e1rio, Penoita e Senhora do Castelo, enquanto uma espetacular super-especial, em Vouzela, encerra o dia competitivo de s\u00e1bado.<\/p>\n\n\n\n<p><\/p>\n","protected":false},"excerpt":{"rendered":"<p>As emo\u00e7\u00f5es do Clio Trophy Portugal est\u00e3o de regresso, este fim-de-semana, com o 12\u00ba Rallye Const\u00e1lica Viseu D\u00e3o Laf\u00f5es a&#8230;<\/p>\n","protected":false},"author":8,"featured_media":13944,"comment_status":"closed","ping_status":"open","sticky":false,"template":"","format":"standard","meta":[],"categories":[24],"tags":[81,242,751,85,87],"yoast_head":"<!-- This site is optimized with the Yoast SEO plugin v20.12 - https:\/\/yoast.com\/wordpress\/plugins\/seo\/ -->\n<title>CLIO TROPHY PORTUGAL RUMA \u00c0 REGI\u00c3O DE VISEU PARA A SEGUNDA PROVA DA TEMPORADA - Atelier do Caractere<\/title>\n<meta name=\"robots\" content=\"index, follow, max-snippet:-1, max-image-preview:large, max-video-preview:-1\" \/>\n<link rel=\"canonical\" href=\"https:\/\/www.atelierdocaractere.pt\/brevemente\/clio-trophy-portugal-ruma-a-regiao-de-viseu-para-a-segunda-prova-da-temporada\/\" \/>\n<meta property=\"og:locale\" content=\"pt_PT\" \/>\n<meta property=\"og:type\" content=\"article\" \/>\n<meta property=\"og:title\" content=\"CLIO TROPHY PORTUGAL RUMA \u00c0 REGI\u00c3O DE VISEU PARA A SEGUNDA PROVA DA TEMPORADA - Atelier do Caractere\" \/>\n<meta property=\"og:description\" content=\"As emo\u00e7\u00f5es do Clio Trophy Portugal est\u00e3o de regresso, este fim-de-semana, com o 12\u00ba Rallye Const\u00e1lica Viseu D\u00e3o Laf\u00f5es a...\" \/>\n<meta property=\"og:url\" content=\"https:\/\/www.atelierdocaractere.pt\/brevemente\/clio-trophy-portugal-ruma-a-regiao-de-viseu-para-a-segunda-prova-da-temporada\/\" \/>\n<meta property=\"og:site_name\" content=\"Atelier do Caractere\" \/>\n<meta property=\"article:publisher\" content=\"https:\/\/www.facebook.com\/AtelierdoCaractere\" \/>\n<meta property=\"article:published_time\" content=\"2025-09-04T19:30:00+00:00\" \/>\n<meta property=\"article:modified_time\" content=\"2025-09-05T09:44:08+00:00\" \/>\n<meta property=\"og:image\" content=\"https:\/\/www.atelierdocaractere.pt\/wp-content\/uploads\/2025\/09\/whatsapp-image-2025-09-05-at-103036.jpeg\" \/>\n\t<meta property=\"og:image:width\" content=\"1600\" \/>\n\t<meta property=\"og:image:height\" content=\"1065\" \/>\n\t<meta property=\"og:image:type\" content=\"image\/jpeg\" \/>\n<meta name=\"author\" content=\"Andr\u00e9 Lopes\" \/>\n<meta name=\"twitter:card\" content=\"summary_large_image\" \/>\n<meta name=\"twitter:label1\" content=\"Escrito por\" \/>\n\t<meta name=\"twitter:data1\" content=\"Andr\u00e9 Lopes\" \/>\n\t<meta name=\"twitter:label2\" content=\"Tempo estimado de leitura\" \/>\n\t<meta name=\"twitter:data2\" content=\"3 minutos\" \/>\n<script type=\"application\/ld+json\" class=\"yoast-schema-graph\">{\"@context\":\"https:\/\/schema.org\",\"@graph\":[{\"@type\":\"WebPage\",\"@id\":\"https:\/\/www.atelierdocaractere.pt\/brevemente\/clio-trophy-portugal-ruma-a-regiao-de-viseu-para-a-segunda-prova-da-temporada\/\",\"url\":\"https:\/\/www.atelierdocaractere.pt\/brevemente\/clio-trophy-portugal-ruma-a-regiao-de-viseu-para-a-segunda-prova-da-temporada\/\",\"name\":\"CLIO TROPHY PORTUGAL RUMA \u00c0 REGI\u00c3O DE VISEU PARA A SEGUNDA PROVA DA TEMPORADA - Atelier do Caractere\",\"isPartOf\":{\"@id\":\"https:\/\/www.atelierdocaractere.pt\/brevemente\/#website\"},\"datePublished\":\"2025-09-04T19:30:00+00:00\",\"dateModified\":\"2025-09-05T09:44:08+00:00\",\"author\":{\"@id\":\"https:\/\/www.atelierdocaractere.pt\/brevemente\/#\/schema\/person\/434214d094c7f8243eba52cce01c3fbf\"},\"breadcrumb\":{\"@id\":\"https:\/\/www.atelierdocaractere.pt\/brevemente\/clio-trophy-portugal-ruma-a-regiao-de-viseu-para-a-segunda-prova-da-temporada\/#breadcrumb\"},\"inLanguage\":\"pt-PT\",\"potentialAction\":[{\"@type\":\"ReadAction\",\"target\":[\"https:\/\/www.atelierdocaractere.pt\/brevemente\/clio-trophy-portugal-ruma-a-regiao-de-viseu-para-a-segunda-prova-da-temporada\/\"]}]},{\"@type\":\"BreadcrumbList\",\"@id\":\"https:\/\/www.atelierdocaractere.pt\/brevemente\/clio-trophy-portugal-ruma-a-regiao-de-viseu-para-a-segunda-prova-da-temporada\/#breadcrumb\",\"itemListElement\":[{\"@type\":\"ListItem\",\"position\":1,\"name\":\"In\u00edcio\",\"item\":\"https:\/\/www.atelierdocaractere.pt\/brevemente\/\"},{\"@type\":\"ListItem\",\"position\":2,\"name\":\"CLIO TROPHY PORTUGAL RUMA \u00c0 REGI\u00c3O DE VISEU PARA A SEGUNDA PROVA DA TEMPORADA\"}]},{\"@type\":\"WebSite\",\"@id\":\"https:\/\/www.atelierdocaractere.pt\/brevemente\/#website\",\"url\":\"https:\/\/www.atelierdocaractere.pt\/brevemente\/\",\"name\":\"Atelier do Caractere\",\"description\":\"\",\"potentialAction\":[{\"@type\":\"SearchAction\",\"target\":{\"@type\":\"EntryPoint\",\"urlTemplate\":\"https:\/\/www.atelierdocaractere.pt\/brevemente\/?s={search_term_string}\"},\"query-input\":\"required name=search_term_string\"}],\"inLanguage\":\"pt-PT\"},{\"@type\":\"Person\",\"@id\":\"https:\/\/www.atelierdocaractere.pt\/brevemente\/#\/schema\/person\/434214d094c7f8243eba52cce01c3fbf\",\"name\":\"Andr\u00e9 Lopes\",\"image\":{\"@type\":\"ImageObject\",\"inLanguage\":\"pt-PT\",\"@id\":\"https:\/\/www.atelierdocaractere.pt\/brevemente\/#\/schema\/person\/image\/\",\"url\":\"https:\/\/secure.gravatar.com\/avatar\/76af1c514620ffe1937f018fe03efb73?s=96&d=mm&r=g\",\"contentUrl\":\"https:\/\/secure.gravatar.com\/avatar\/76af1c514620ffe1937f018fe03efb73?s=96&d=mm&r=g\",\"caption\":\"Andr\u00e9 Lopes\"},\"url\":\"https:\/\/www.atelierdocaractere.pt\/brevemente\/author\/andre-lopes\/\"}]}<\/script>\n<!-- \/ Yoast SEO plugin. -->","yoast_head_json":{"title":"CLIO TROPHY PORTUGAL RUMA \u00c0 REGI\u00c3O DE VISEU PARA A SEGUNDA PROVA DA TEMPORADA - Atelier do Caractere","robots":{"index":"index","follow":"follow","max-snippet":"max-snippet:-1","max-image-preview":"max-image-preview:large","max-video-preview":"max-video-preview:-1"},"canonical":"https:\/\/www.atelierdocaractere.pt\/brevemente\/clio-trophy-portugal-ruma-a-regiao-de-viseu-para-a-segunda-prova-da-temporada\/","og_locale":"pt_PT","og_type":"article","og_title":"CLIO TROPHY PORTUGAL RUMA \u00c0 REGI\u00c3O DE VISEU PARA A SEGUNDA PROVA DA TEMPORADA - Atelier do Caractere","og_description":"As emo\u00e7\u00f5es do Clio Trophy Portugal est\u00e3o de regresso, este fim-de-semana, com o 12\u00ba Rallye Const\u00e1lica Viseu D\u00e3o Laf\u00f5es a...","og_url":"https:\/\/www.atelierdocaractere.pt\/brevemente\/clio-trophy-portugal-ruma-a-regiao-de-viseu-para-a-segunda-prova-da-temporada\/","og_site_name":"Atelier do Caractere","article_publisher":"https:\/\/www.facebook.com\/AtelierdoCaractere","article_published_time":"2025-09-04T19:30:00+00:00","article_modified_time":"2025-09-05T09:44:08+00:00","og_image":[{"width":1600,"height":1065,"url":"https:\/\/www.atelierdocaractere.pt\/wp-content\/uploads\/2025\/09\/whatsapp-image-2025-09-05-at-103036.jpeg","type":"image\/jpeg"}],"author":"Andr\u00e9 Lopes","twitter_card":"summary_large_image","twitter_misc":{"Escrito por":"Andr\u00e9 Lopes","Tempo estimado de leitura":"3 minutos"},"schema":{"@context":"https:\/\/schema.org","@graph":[{"@type":"WebPage","@id":"https:\/\/www.atelierdocaractere.pt\/brevemente\/clio-trophy-portugal-ruma-a-regiao-de-viseu-para-a-segunda-prova-da-temporada\/","url":"https:\/\/www.atelierdocaractere.pt\/brevemente\/clio-trophy-portugal-ruma-a-regiao-de-viseu-para-a-segunda-prova-da-temporada\/","name":"CLIO TROPHY PORTUGAL RUMA \u00c0 REGI\u00c3O DE VISEU PARA A SEGUNDA PROVA DA TEMPORADA - Atelier do Caractere","isPartOf":{"@id":"https:\/\/www.atelierdocaractere.pt\/brevemente\/#website"},"datePublished":"2025-09-04T19:30:00+00:00","dateModified":"2025-09-05T09:44:08+00:00","author":{"@id":"https:\/\/www.atelierdocaractere.pt\/brevemente\/#\/schema\/person\/434214d094c7f8243eba52cce01c3fbf"},"breadcrumb":{"@id":"https:\/\/www.atelierdocaractere.pt\/brevemente\/clio-trophy-portugal-ruma-a-regiao-de-viseu-para-a-segunda-prova-da-temporada\/#breadcrumb"},"inLanguage":"pt-PT","potentialAction":[{"@type":"ReadAction","target":["https:\/\/www.atelierdocaractere.pt\/brevemente\/clio-trophy-portugal-ruma-a-regiao-de-viseu-para-a-segunda-prova-da-temporada\/"]}]},{"@type":"BreadcrumbList","@id":"https:\/\/www.atelierdocaractere.pt\/brevemente\/clio-trophy-portugal-ruma-a-regiao-de-viseu-para-a-segunda-prova-da-temporada\/#breadcrumb","itemListElement":[{"@type":"ListItem","position":1,"name":"In\u00edcio","item":"https:\/\/www.atelierdocaractere.pt\/brevemente\/"},{"@type":"ListItem","position":2,"name":"CLIO TROPHY PORTUGAL RUMA \u00c0 REGI\u00c3O DE VISEU PARA A SEGUNDA PROVA DA TEMPORADA"}]},{"@type":"WebSite","@id":"https:\/\/www.atelierdocaractere.pt\/brevemente\/#website","url":"https:\/\/www.atelierdocaractere.pt\/brevemente\/","name":"Atelier do Caractere","description":"","potentialAction":[{"@type":"SearchAction","target":{"@type":"EntryPoint","urlTemplate":"https:\/\/www.atelierdocaractere.pt\/brevemente\/?s={search_term_string}"},"query-input":"required name=search_term_string"}],"inLanguage":"pt-PT"},{"@type":"Person","@id":"https:\/\/www.atelierdocaractere.pt\/brevemente\/#\/schema\/person\/434214d094c7f8243eba52cce01c3fbf","name":"Andr\u00e9 Lopes","image":{"@type":"ImageObject","inLanguage":"pt-PT","@id":"https:\/\/www.atelierdocaractere.pt\/brevemente\/#\/schema\/person\/image\/","url":"https:\/\/secure.gravatar.com\/avatar\/76af1c514620ffe1937f018fe03efb73?s=96&d=mm&r=g","contentUrl":"https:\/\/secure.gravatar.com\/avatar\/76af1c514620ffe1937f018fe03efb73?s=96&d=mm&r=g","caption":"Andr\u00e9 Lopes"},"url":"https:\/\/www.atelierdocaractere.pt\/brevemente\/author\/andre-lopes\/"}]}},"_links":{"self":[{"href":"https:\/\/www.atelierdocaractere.pt\/brevemente\/wp-json\/wp\/v2\/posts\/13943"}],"collection":[{"href":"https:\/\/www.atelierdocaractere.pt\/brevemente\/wp-json\/wp\/v2\/posts"}],"about":[{"href":"https:\/\/www.atelierdocaractere.pt\/brevemente\/wp-json\/wp\/v2\/types\/post"}],"author":[{"embeddable":true,"href":"https:\/\/www.atelierdocaractere.pt\/brevemente\/wp-json\/wp\/v2\/users\/8"}],"replies":[{"embeddable":true,"href":"https:\/\/www.atelierdocaractere.pt\/brevemente\/wp-json\/wp\/v2\/comments?post=13943"}],"version-history":[{"count":1,"href":"https:\/\/www.atelierdocaractere.pt\/brevemente\/wp-json\/wp\/v2\/posts\/13943\/revisions"}],"predecessor-version":[{"id":13945,"href":"https:\/\/www.atelierdocaractere.pt\/brevemente\/wp-json\/wp\/v2\/posts\/13943\/revisions\/13945"}],"wp:featuredmedia":[{"embeddable":true,"href":"https:\/\/www.atelierdocaractere.pt\/brevemente\/wp-json\/wp\/v2\/media\/13944"}],"wp:attachment":[{"href":"https:\/\/www.atelierdocaractere.pt\/brevemente\/wp-json\/wp\/v2\/media?parent=13943"}],"wp:term":[{"taxonomy":"category","embeddable":true,"href":"https:\/\/www.atelierdocaractere.pt\/brevemente\/wp-json\/wp\/v2\/categories?post=13943"},{"taxonomy":"post_tag","embeddable":true,"href":"https:\/\/www.atelierdocaractere.pt\/brevemente\/wp-json\/wp\/v2\/tags?post=13943"}],"curies":[{"name":"wp","href":"https:\/\/api.w.org\/{rel}","templated":true}]}}