{"id":13947,"date":"2025-09-08T11:19:23","date_gmt":"2025-09-08T11:19:23","guid":{"rendered":"https:\/\/www.atelierdocaractere.pt\/brevemente\/?p=13947"},"modified":"2025-09-08T11:19:25","modified_gmt":"2025-09-08T11:19:25","slug":"hugo-lopes-conquista-a-primeira-vitoria-absoluta-da-sua-carreira-no-rallye-constalica-viseu-dao-lafoes","status":"publish","type":"post","link":"https:\/\/www.atelierdocaractere.pt\/brevemente\/hugo-lopes-conquista-a-primeira-vitoria-absoluta-da-sua-carreira-no-rallye-constalica-viseu-dao-lafoes\/","title":{"rendered":"Hugo Lopes conquista a primeira vit\u00f3ria absoluta da sua carreira no Rallye Const\u00e1lica Viseu D\u00e3o Laf\u00f5es"},"content":{"rendered":"\n<p><strong>Um fim-de-semana hist\u00f3rico para Hugo Lopes e Magda Oliveira. A jovem dupla conquistou a primeira vit\u00f3ria absoluta da carreira e logo numa prova disputada na sua regi\u00e3o natal. No Rallye Const\u00e1lica Viseu D\u00e3o Laf\u00f5es, a forma\u00e7\u00e3o do Hyundai i20 N Rally2 confirmou o seu enorme talento, com uma exibi\u00e7\u00e3o dominadora, como confirma a diferen\u00e7a de 1m21,2s para os segundos classificados. O Rali da \u00c1gua-Transib\u00e9rico Eurocidade Chaves-Ver\u00edn \u00e9 o desafio que se segue, nos dias 19 e 20 de setembro, novamente com as cores do Hyundai J\u00fanior Team FPAK.<\/strong><\/p>\n\n\n\n<p><strong><em>\u201c\u00c9 uma alegria imensa vencer este rali e, mais do que isso, conquistarmos a nossa primeira vit\u00f3ria absoluta, aqui na nossa regi\u00e3o, perante tantos amigos, f\u00e3s, familiares e patrocinadores. Sentimos o carinho do p\u00fablico em cada curva e isso torna este momento ainda mais especial\u201d,&nbsp;<\/em><\/strong>sublinhou Hugo Lopes \u00e0 chegada.<\/p>\n\n\n\n<p>Num rali (tamb\u00e9m) marcado pelas m\u00e1s condi\u00e7\u00f5es atmosf\u00e9ricas que se fizeram sentir na manh\u00e3 de domingo, Hugo Lopes admitiu:&nbsp;<strong><em>\u201cA chuva que caiu foi excelente para conhecer o Hyundai em condi\u00e7\u00f5es de ader\u00eancia muito dif\u00edceis. As dificuldades foram muitas, at\u00e9 por n\u00e3o ter feito uma escolha de pneus feliz &#8211; fui com pneus para seco, em vez de chuva e fiz um pi\u00e3o na primeira curva do tro\u00e7o da manh\u00e3. Mas tudo isto faz parte do processo de aprendizagem. Uma coisa estou certo. Tanto eu como a Magda (a navegadora) vamos muito mais confiantes para o rali de Chaves\u201d.<\/em><\/strong><\/p>\n\n\n\n<p>Por \u00faltimo, o jovem piloto de Viseu fez quest\u00e3o de agradecer&nbsp;<strong><em>\u201ca toda a equipa da CRN Competition, que nos proporcionou um carro fant\u00e1stico e aos nossos patrocinadores, que tornaram poss\u00edvel estarmos a competir ao mais alto n\u00edvel. Foi um fim de semana muito especial, que t\u00e3o cedo n\u00e3o vamos esquecer, e sonhamos com a possibilidade de esta ter sido a primeira de muitas vit\u00f3rias absolutas.\u201d<\/em><\/strong><\/p>\n","protected":false},"excerpt":{"rendered":"<p>Um fim-de-semana hist\u00f3rico para Hugo Lopes e Magda Oliveira. A jovem dupla conquistou a primeira vit\u00f3ria absoluta da carreira e&#8230;<\/p>\n","protected":false},"author":8,"featured_media":13948,"comment_status":"closed","ping_status":"open","sticky":false,"template":"","format":"standard","meta":[],"categories":[24],"tags":[81,931,987],"yoast_head":"<!-- This site is optimized with the Yoast SEO plugin v20.12 - https:\/\/yoast.com\/wordpress\/plugins\/seo\/ -->\n<title>Hugo Lopes conquista a primeira vit\u00f3ria absoluta da sua carreira no Rallye Const\u00e1lica Viseu D\u00e3o Laf\u00f5es - Atelier do Caractere<\/title>\n<meta name=\"robots\" content=\"index, follow, max-snippet:-1, max-image-preview:large, max-video-preview:-1\" \/>\n<link rel=\"canonical\" href=\"https:\/\/www.atelierdocaractere.pt\/brevemente\/hugo-lopes-conquista-a-primeira-vitoria-absoluta-da-sua-carreira-no-rallye-constalica-viseu-dao-lafoes\/\" \/>\n<meta property=\"og:locale\" content=\"pt_PT\" \/>\n<meta property=\"og:type\" content=\"article\" \/>\n<meta property=\"og:title\" content=\"Hugo Lopes conquista a primeira vit\u00f3ria absoluta da sua carreira no Rallye Const\u00e1lica Viseu D\u00e3o Laf\u00f5es - Atelier do Caractere\" \/>\n<meta property=\"og:description\" content=\"Um fim-de-semana hist\u00f3rico para Hugo Lopes e Magda Oliveira. A jovem dupla conquistou a primeira vit\u00f3ria absoluta da carreira e...\" \/>\n<meta property=\"og:url\" content=\"https:\/\/www.atelierdocaractere.pt\/brevemente\/hugo-lopes-conquista-a-primeira-vitoria-absoluta-da-sua-carreira-no-rallye-constalica-viseu-dao-lafoes\/\" \/>\n<meta property=\"og:site_name\" content=\"Atelier do Caractere\" \/>\n<meta property=\"article:publisher\" content=\"https:\/\/www.facebook.com\/AtelierdoCaractere\" \/>\n<meta property=\"article:published_time\" content=\"2025-09-08T11:19:23+00:00\" \/>\n<meta property=\"article:modified_time\" content=\"2025-09-08T11:19:25+00:00\" \/>\n<meta property=\"og:image\" content=\"https:\/\/www.atelierdocaractere.pt\/wp-content\/uploads\/2025\/09\/whatsapp-image-2025-09-08-at-121653.jpeg\" \/>\n\t<meta property=\"og:image:width\" content=\"1600\" \/>\n\t<meta property=\"og:image:height\" content=\"1066\" \/>\n\t<meta property=\"og:image:type\" content=\"image\/jpeg\" \/>\n<meta name=\"author\" content=\"Andr\u00e9 Lopes\" \/>\n<meta name=\"twitter:card\" content=\"summary_large_image\" \/>\n<meta name=\"twitter:label1\" content=\"Escrito por\" \/>\n\t<meta name=\"twitter:data1\" content=\"Andr\u00e9 Lopes\" \/>\n\t<meta name=\"twitter:label2\" content=\"Tempo estimado de leitura\" \/>\n\t<meta name=\"twitter:data2\" content=\"2 minutos\" \/>\n<script type=\"application\/ld+json\" class=\"yoast-schema-graph\">{\"@context\":\"https:\/\/schema.org\",\"@graph\":[{\"@type\":\"WebPage\",\"@id\":\"https:\/\/www.atelierdocaractere.pt\/brevemente\/hugo-lopes-conquista-a-primeira-vitoria-absoluta-da-sua-carreira-no-rallye-constalica-viseu-dao-lafoes\/\",\"url\":\"https:\/\/www.atelierdocaractere.pt\/brevemente\/hugo-lopes-conquista-a-primeira-vitoria-absoluta-da-sua-carreira-no-rallye-constalica-viseu-dao-lafoes\/\",\"name\":\"Hugo Lopes conquista a primeira vit\u00f3ria absoluta da sua carreira no Rallye Const\u00e1lica Viseu D\u00e3o Laf\u00f5es - Atelier do Caractere\",\"isPartOf\":{\"@id\":\"https:\/\/www.atelierdocaractere.pt\/brevemente\/#website\"},\"datePublished\":\"2025-09-08T11:19:23+00:00\",\"dateModified\":\"2025-09-08T11:19:25+00:00\",\"author\":{\"@id\":\"https:\/\/www.atelierdocaractere.pt\/brevemente\/#\/schema\/person\/434214d094c7f8243eba52cce01c3fbf\"},\"breadcrumb\":{\"@id\":\"https:\/\/www.atelierdocaractere.pt\/brevemente\/hugo-lopes-conquista-a-primeira-vitoria-absoluta-da-sua-carreira-no-rallye-constalica-viseu-dao-lafoes\/#breadcrumb\"},\"inLanguage\":\"pt-PT\",\"potentialAction\":[{\"@type\":\"ReadAction\",\"target\":[\"https:\/\/www.atelierdocaractere.pt\/brevemente\/hugo-lopes-conquista-a-primeira-vitoria-absoluta-da-sua-carreira-no-rallye-constalica-viseu-dao-lafoes\/\"]}]},{\"@type\":\"BreadcrumbList\",\"@id\":\"https:\/\/www.atelierdocaractere.pt\/brevemente\/hugo-lopes-conquista-a-primeira-vitoria-absoluta-da-sua-carreira-no-rallye-constalica-viseu-dao-lafoes\/#breadcrumb\",\"itemListElement\":[{\"@type\":\"ListItem\",\"position\":1,\"name\":\"In\u00edcio\",\"item\":\"https:\/\/www.atelierdocaractere.pt\/brevemente\/\"},{\"@type\":\"ListItem\",\"position\":2,\"name\":\"Hugo Lopes conquista a primeira vit\u00f3ria absoluta da sua carreira no Rallye Const\u00e1lica Viseu D\u00e3o Laf\u00f5es\"}]},{\"@type\":\"WebSite\",\"@id\":\"https:\/\/www.atelierdocaractere.pt\/brevemente\/#website\",\"url\":\"https:\/\/www.atelierdocaractere.pt\/brevemente\/\",\"name\":\"Atelier do Caractere\",\"description\":\"\",\"potentialAction\":[{\"@type\":\"SearchAction\",\"target\":{\"@type\":\"EntryPoint\",\"urlTemplate\":\"https:\/\/www.atelierdocaractere.pt\/brevemente\/?s={search_term_string}\"},\"query-input\":\"required name=search_term_string\"}],\"inLanguage\":\"pt-PT\"},{\"@type\":\"Person\",\"@id\":\"https:\/\/www.atelierdocaractere.pt\/brevemente\/#\/schema\/person\/434214d094c7f8243eba52cce01c3fbf\",\"name\":\"Andr\u00e9 Lopes\",\"image\":{\"@type\":\"ImageObject\",\"inLanguage\":\"pt-PT\",\"@id\":\"https:\/\/www.atelierdocaractere.pt\/brevemente\/#\/schema\/person\/image\/\",\"url\":\"https:\/\/secure.gravatar.com\/avatar\/76af1c514620ffe1937f018fe03efb73?s=96&d=mm&r=g\",\"contentUrl\":\"https:\/\/secure.gravatar.com\/avatar\/76af1c514620ffe1937f018fe03efb73?s=96&d=mm&r=g\",\"caption\":\"Andr\u00e9 Lopes\"},\"url\":\"https:\/\/www.atelierdocaractere.pt\/brevemente\/author\/andre-lopes\/\"}]}<\/script>\n<!-- \/ Yoast SEO plugin. -->","yoast_head_json":{"title":"Hugo Lopes conquista a primeira vit\u00f3ria absoluta da sua carreira no Rallye Const\u00e1lica Viseu D\u00e3o Laf\u00f5es - Atelier do Caractere","robots":{"index":"index","follow":"follow","max-snippet":"max-snippet:-1","max-image-preview":"max-image-preview:large","max-video-preview":"max-video-preview:-1"},"canonical":"https:\/\/www.atelierdocaractere.pt\/brevemente\/hugo-lopes-conquista-a-primeira-vitoria-absoluta-da-sua-carreira-no-rallye-constalica-viseu-dao-lafoes\/","og_locale":"pt_PT","og_type":"article","og_title":"Hugo Lopes conquista a primeira vit\u00f3ria absoluta da sua carreira no Rallye Const\u00e1lica Viseu D\u00e3o Laf\u00f5es - Atelier do Caractere","og_description":"Um fim-de-semana hist\u00f3rico para Hugo Lopes e Magda Oliveira. A jovem dupla conquistou a primeira vit\u00f3ria absoluta da carreira e...","og_url":"https:\/\/www.atelierdocaractere.pt\/brevemente\/hugo-lopes-conquista-a-primeira-vitoria-absoluta-da-sua-carreira-no-rallye-constalica-viseu-dao-lafoes\/","og_site_name":"Atelier do Caractere","article_publisher":"https:\/\/www.facebook.com\/AtelierdoCaractere","article_published_time":"2025-09-08T11:19:23+00:00","article_modified_time":"2025-09-08T11:19:25+00:00","og_image":[{"width":1600,"height":1066,"url":"https:\/\/www.atelierdocaractere.pt\/wp-content\/uploads\/2025\/09\/whatsapp-image-2025-09-08-at-121653.jpeg","type":"image\/jpeg"}],"author":"Andr\u00e9 Lopes","twitter_card":"summary_large_image","twitter_misc":{"Escrito por":"Andr\u00e9 Lopes","Tempo estimado de leitura":"2 minutos"},"schema":{"@context":"https:\/\/schema.org","@graph":[{"@type":"WebPage","@id":"https:\/\/www.atelierdocaractere.pt\/brevemente\/hugo-lopes-conquista-a-primeira-vitoria-absoluta-da-sua-carreira-no-rallye-constalica-viseu-dao-lafoes\/","url":"https:\/\/www.atelierdocaractere.pt\/brevemente\/hugo-lopes-conquista-a-primeira-vitoria-absoluta-da-sua-carreira-no-rallye-constalica-viseu-dao-lafoes\/","name":"Hugo Lopes conquista a primeira vit\u00f3ria absoluta da sua carreira no Rallye Const\u00e1lica Viseu D\u00e3o Laf\u00f5es - Atelier do Caractere","isPartOf":{"@id":"https:\/\/www.atelierdocaractere.pt\/brevemente\/#website"},"datePublished":"2025-09-08T11:19:23+00:00","dateModified":"2025-09-08T11:19:25+00:00","author":{"@id":"https:\/\/www.atelierdocaractere.pt\/brevemente\/#\/schema\/person\/434214d094c7f8243eba52cce01c3fbf"},"breadcrumb":{"@id":"https:\/\/www.atelierdocaractere.pt\/brevemente\/hugo-lopes-conquista-a-primeira-vitoria-absoluta-da-sua-carreira-no-rallye-constalica-viseu-dao-lafoes\/#breadcrumb"},"inLanguage":"pt-PT","potentialAction":[{"@type":"ReadAction","target":["https:\/\/www.atelierdocaractere.pt\/brevemente\/hugo-lopes-conquista-a-primeira-vitoria-absoluta-da-sua-carreira-no-rallye-constalica-viseu-dao-lafoes\/"]}]},{"@type":"BreadcrumbList","@id":"https:\/\/www.atelierdocaractere.pt\/brevemente\/hugo-lopes-conquista-a-primeira-vitoria-absoluta-da-sua-carreira-no-rallye-constalica-viseu-dao-lafoes\/#breadcrumb","itemListElement":[{"@type":"ListItem","position":1,"name":"In\u00edcio","item":"https:\/\/www.atelierdocaractere.pt\/brevemente\/"},{"@type":"ListItem","position":2,"name":"Hugo Lopes conquista a primeira vit\u00f3ria absoluta da sua carreira no Rallye Const\u00e1lica Viseu D\u00e3o Laf\u00f5es"}]},{"@type":"WebSite","@id":"https:\/\/www.atelierdocaractere.pt\/brevemente\/#website","url":"https:\/\/www.atelierdocaractere.pt\/brevemente\/","name":"Atelier do Caractere","description":"","potentialAction":[{"@type":"SearchAction","target":{"@type":"EntryPoint","urlTemplate":"https:\/\/www.atelierdocaractere.pt\/brevemente\/?s={search_term_string}"},"query-input":"required name=search_term_string"}],"inLanguage":"pt-PT"},{"@type":"Person","@id":"https:\/\/www.atelierdocaractere.pt\/brevemente\/#\/schema\/person\/434214d094c7f8243eba52cce01c3fbf","name":"Andr\u00e9 Lopes","image":{"@type":"ImageObject","inLanguage":"pt-PT","@id":"https:\/\/www.atelierdocaractere.pt\/brevemente\/#\/schema\/person\/image\/","url":"https:\/\/secure.gravatar.com\/avatar\/76af1c514620ffe1937f018fe03efb73?s=96&d=mm&r=g","contentUrl":"https:\/\/secure.gravatar.com\/avatar\/76af1c514620ffe1937f018fe03efb73?s=96&d=mm&r=g","caption":"Andr\u00e9 Lopes"},"url":"https:\/\/www.atelierdocaractere.pt\/brevemente\/author\/andre-lopes\/"}]}},"_links":{"self":[{"href":"https:\/\/www.atelierdocaractere.pt\/brevemente\/wp-json\/wp\/v2\/posts\/13947"}],"collection":[{"href":"https:\/\/www.atelierdocaractere.pt\/brevemente\/wp-json\/wp\/v2\/posts"}],"about":[{"href":"https:\/\/www.atelierdocaractere.pt\/brevemente\/wp-json\/wp\/v2\/types\/post"}],"author":[{"embeddable":true,"href":"https:\/\/www.atelierdocaractere.pt\/brevemente\/wp-json\/wp\/v2\/users\/8"}],"replies":[{"embeddable":true,"href":"https:\/\/www.atelierdocaractere.pt\/brevemente\/wp-json\/wp\/v2\/comments?post=13947"}],"version-history":[{"count":1,"href":"https:\/\/www.atelierdocaractere.pt\/brevemente\/wp-json\/wp\/v2\/posts\/13947\/revisions"}],"predecessor-version":[{"id":13949,"href":"https:\/\/www.atelierdocaractere.pt\/brevemente\/wp-json\/wp\/v2\/posts\/13947\/revisions\/13949"}],"wp:featuredmedia":[{"embeddable":true,"href":"https:\/\/www.atelierdocaractere.pt\/brevemente\/wp-json\/wp\/v2\/media\/13948"}],"wp:attachment":[{"href":"https:\/\/www.atelierdocaractere.pt\/brevemente\/wp-json\/wp\/v2\/media?parent=13947"}],"wp:term":[{"taxonomy":"category","embeddable":true,"href":"https:\/\/www.atelierdocaractere.pt\/brevemente\/wp-json\/wp\/v2\/categories?post=13947"},{"taxonomy":"post_tag","embeddable":true,"href":"https:\/\/www.atelierdocaractere.pt\/brevemente\/wp-json\/wp\/v2\/tags?post=13947"}],"curies":[{"name":"wp","href":"https:\/\/api.w.org\/{rel}","templated":true}]}}