{"id":13951,"date":"2025-09-08T11:23:11","date_gmt":"2025-09-08T11:23:11","guid":{"rendered":"https:\/\/www.atelierdocaractere.pt\/brevemente\/?p=13951"},"modified":"2025-09-08T11:23:14","modified_gmt":"2025-09-08T11:23:14","slug":"estreia-com-distincao-de-francisco-fontes","status":"publish","type":"post","link":"https:\/\/www.atelierdocaractere.pt\/brevemente\/estreia-com-distincao-de-francisco-fontes\/","title":{"rendered":"Estreia com distin\u00e7\u00e3o de\u00a0Francisco Fontes"},"content":{"rendered":"\n<p><strong>Francisco Fontes cumpriu, este fim de semana, a primeira prova da sua carreira, no Rallye Const\u00e1lica Viseu D\u00e3o Laf\u00f5es. Ao volante do Lancia Ypsilon HF Racing Rally6 \u2013 tamb\u00e9m em estreia, em competi\u00e7\u00e3o, na pen\u00ednsula ib\u00e9rica \u2013 o jovem piloto de 18 anos demonstrou rapidez, consist\u00eancia e maturidade, acumulando experi\u00eancia essencial para o futuro.<\/strong><\/p>\n\n\n\n<p><strong><em>\u201cFoi um fim de semana muito importante para mim. Era a minha estreia e o objetivo era simples: aprender, fazer quil\u00f3metros e ganhar experi\u00eancia. Sinto que cumpri esse objetivo e que terminei o rali muito mais forte do que comecei\u201d<\/em><\/strong><strong>,&nbsp;<\/strong>come\u00e7ou por sublinhar Francisco Fontes.<strong>&nbsp;<em>\u201cGostei muito das classificativas, bastante t\u00e9cnicas e dif\u00edceis, sobretudo na manh\u00e3 de domingo, com a chuva a tornar os pisos muito escorregadios e trai\u00e7oeiros. Com todas as condi\u00e7\u00f5es que enfrentei, inclusivamente, com tro\u00e7os disputados \u00e0 noite, aprendi muito ao longo destes dois dias e sei que este \u00e9 apenas o primeiro passo de uma caminhada longa.\u201d<\/em><\/strong><\/p>\n\n\n\n<p>Apesar de estar ao volante de um carro da categoria de acesso aos ralis \u2013 um modelo de s\u00e9rie, com um grau de prepara\u00e7\u00e3o m\u00ednimo \u2013 Francisco Fontes terminou o Rallye Const\u00e1lica Viseu D\u00e3o Laf\u00f5es num positivo 31\u00ba lugar da geral.<\/p>\n\n\n\n<p><strong><em>\u201cQuero agradecer \u00e0 minha fam\u00edlia, \u00e0 equipa Sports &amp; You, a todos os que me apoiaram nesta estreia e, em particular, ao Carlos Magalh\u00e3es (navegador), que foi fundamental para eu me sentir seguro e confiante\u201d,&nbsp;<\/em><\/strong>fez ainda quest\u00e3o de sublinhar Francisco Fontes.<\/p>\n\n\n\n<p>O pr\u00f3ximo desafio \u00e9 o Rali da \u00c1gua \u2013 Transib\u00e9rico Eurocidade Chaves-Ver\u00edn (dias 19 e 20 de setembro), onde dar\u00e1 continuidade ao seu processo de aprendizagem e evolu\u00e7\u00e3o.<\/p>\n","protected":false},"excerpt":{"rendered":"<p>Francisco Fontes cumpriu, este fim de semana, a primeira prova da sua carreira, no Rallye Const\u00e1lica Viseu D\u00e3o Laf\u00f5es. Ao&#8230;<\/p>\n","protected":false},"author":8,"featured_media":13952,"comment_status":"closed","ping_status":"open","sticky":false,"template":"","format":"standard","meta":[],"categories":[24],"tags":[],"yoast_head":"<!-- This site is optimized with the Yoast SEO plugin v20.12 - https:\/\/yoast.com\/wordpress\/plugins\/seo\/ -->\n<title>Estreia com distin\u00e7\u00e3o de\u00a0Francisco Fontes - Atelier do Caractere<\/title>\n<meta name=\"robots\" content=\"index, follow, max-snippet:-1, max-image-preview:large, max-video-preview:-1\" \/>\n<link rel=\"canonical\" href=\"https:\/\/www.atelierdocaractere.pt\/brevemente\/estreia-com-distincao-de-francisco-fontes\/\" \/>\n<meta property=\"og:locale\" content=\"pt_PT\" \/>\n<meta property=\"og:type\" content=\"article\" \/>\n<meta property=\"og:title\" content=\"Estreia com distin\u00e7\u00e3o de\u00a0Francisco Fontes - Atelier do Caractere\" \/>\n<meta property=\"og:description\" content=\"Francisco Fontes cumpriu, este fim de semana, a primeira prova da sua carreira, no Rallye Const\u00e1lica Viseu D\u00e3o Laf\u00f5es. Ao...\" \/>\n<meta property=\"og:url\" content=\"https:\/\/www.atelierdocaractere.pt\/brevemente\/estreia-com-distincao-de-francisco-fontes\/\" \/>\n<meta property=\"og:site_name\" content=\"Atelier do Caractere\" \/>\n<meta property=\"article:publisher\" content=\"https:\/\/www.facebook.com\/AtelierdoCaractere\" \/>\n<meta property=\"article:published_time\" content=\"2025-09-08T11:23:11+00:00\" \/>\n<meta property=\"article:modified_time\" content=\"2025-09-08T11:23:14+00:00\" \/>\n<meta property=\"og:image\" content=\"https:\/\/www.atelierdocaractere.pt\/wp-content\/uploads\/2025\/09\/francisco-fontes1-1.jpg\" \/>\n\t<meta property=\"og:image:width\" content=\"1881\" \/>\n\t<meta property=\"og:image:height\" content=\"1228\" \/>\n\t<meta property=\"og:image:type\" content=\"image\/jpeg\" \/>\n<meta name=\"author\" content=\"Andr\u00e9 Lopes\" \/>\n<meta name=\"twitter:card\" content=\"summary_large_image\" \/>\n<meta name=\"twitter:label1\" content=\"Escrito por\" \/>\n\t<meta name=\"twitter:data1\" content=\"Andr\u00e9 Lopes\" \/>\n\t<meta name=\"twitter:label2\" content=\"Tempo estimado de leitura\" \/>\n\t<meta name=\"twitter:data2\" content=\"2 minutos\" \/>\n<script type=\"application\/ld+json\" class=\"yoast-schema-graph\">{\"@context\":\"https:\/\/schema.org\",\"@graph\":[{\"@type\":\"WebPage\",\"@id\":\"https:\/\/www.atelierdocaractere.pt\/brevemente\/estreia-com-distincao-de-francisco-fontes\/\",\"url\":\"https:\/\/www.atelierdocaractere.pt\/brevemente\/estreia-com-distincao-de-francisco-fontes\/\",\"name\":\"Estreia com distin\u00e7\u00e3o de\u00a0Francisco Fontes - Atelier do Caractere\",\"isPartOf\":{\"@id\":\"https:\/\/www.atelierdocaractere.pt\/brevemente\/#website\"},\"datePublished\":\"2025-09-08T11:23:11+00:00\",\"dateModified\":\"2025-09-08T11:23:14+00:00\",\"author\":{\"@id\":\"https:\/\/www.atelierdocaractere.pt\/brevemente\/#\/schema\/person\/434214d094c7f8243eba52cce01c3fbf\"},\"breadcrumb\":{\"@id\":\"https:\/\/www.atelierdocaractere.pt\/brevemente\/estreia-com-distincao-de-francisco-fontes\/#breadcrumb\"},\"inLanguage\":\"pt-PT\",\"potentialAction\":[{\"@type\":\"ReadAction\",\"target\":[\"https:\/\/www.atelierdocaractere.pt\/brevemente\/estreia-com-distincao-de-francisco-fontes\/\"]}]},{\"@type\":\"BreadcrumbList\",\"@id\":\"https:\/\/www.atelierdocaractere.pt\/brevemente\/estreia-com-distincao-de-francisco-fontes\/#breadcrumb\",\"itemListElement\":[{\"@type\":\"ListItem\",\"position\":1,\"name\":\"In\u00edcio\",\"item\":\"https:\/\/www.atelierdocaractere.pt\/brevemente\/\"},{\"@type\":\"ListItem\",\"position\":2,\"name\":\"Estreia com distin\u00e7\u00e3o de\u00a0Francisco Fontes\"}]},{\"@type\":\"WebSite\",\"@id\":\"https:\/\/www.atelierdocaractere.pt\/brevemente\/#website\",\"url\":\"https:\/\/www.atelierdocaractere.pt\/brevemente\/\",\"name\":\"Atelier do Caractere\",\"description\":\"\",\"potentialAction\":[{\"@type\":\"SearchAction\",\"target\":{\"@type\":\"EntryPoint\",\"urlTemplate\":\"https:\/\/www.atelierdocaractere.pt\/brevemente\/?s={search_term_string}\"},\"query-input\":\"required name=search_term_string\"}],\"inLanguage\":\"pt-PT\"},{\"@type\":\"Person\",\"@id\":\"https:\/\/www.atelierdocaractere.pt\/brevemente\/#\/schema\/person\/434214d094c7f8243eba52cce01c3fbf\",\"name\":\"Andr\u00e9 Lopes\",\"image\":{\"@type\":\"ImageObject\",\"inLanguage\":\"pt-PT\",\"@id\":\"https:\/\/www.atelierdocaractere.pt\/brevemente\/#\/schema\/person\/image\/\",\"url\":\"https:\/\/secure.gravatar.com\/avatar\/76af1c514620ffe1937f018fe03efb73?s=96&d=mm&r=g\",\"contentUrl\":\"https:\/\/secure.gravatar.com\/avatar\/76af1c514620ffe1937f018fe03efb73?s=96&d=mm&r=g\",\"caption\":\"Andr\u00e9 Lopes\"},\"url\":\"https:\/\/www.atelierdocaractere.pt\/brevemente\/author\/andre-lopes\/\"}]}<\/script>\n<!-- \/ Yoast SEO plugin. -->","yoast_head_json":{"title":"Estreia com distin\u00e7\u00e3o de\u00a0Francisco Fontes - Atelier do Caractere","robots":{"index":"index","follow":"follow","max-snippet":"max-snippet:-1","max-image-preview":"max-image-preview:large","max-video-preview":"max-video-preview:-1"},"canonical":"https:\/\/www.atelierdocaractere.pt\/brevemente\/estreia-com-distincao-de-francisco-fontes\/","og_locale":"pt_PT","og_type":"article","og_title":"Estreia com distin\u00e7\u00e3o de\u00a0Francisco Fontes - Atelier do Caractere","og_description":"Francisco Fontes cumpriu, este fim de semana, a primeira prova da sua carreira, no Rallye Const\u00e1lica Viseu D\u00e3o Laf\u00f5es. Ao...","og_url":"https:\/\/www.atelierdocaractere.pt\/brevemente\/estreia-com-distincao-de-francisco-fontes\/","og_site_name":"Atelier do Caractere","article_publisher":"https:\/\/www.facebook.com\/AtelierdoCaractere","article_published_time":"2025-09-08T11:23:11+00:00","article_modified_time":"2025-09-08T11:23:14+00:00","og_image":[{"width":1881,"height":1228,"url":"https:\/\/www.atelierdocaractere.pt\/wp-content\/uploads\/2025\/09\/francisco-fontes1-1.jpg","type":"image\/jpeg"}],"author":"Andr\u00e9 Lopes","twitter_card":"summary_large_image","twitter_misc":{"Escrito por":"Andr\u00e9 Lopes","Tempo estimado de leitura":"2 minutos"},"schema":{"@context":"https:\/\/schema.org","@graph":[{"@type":"WebPage","@id":"https:\/\/www.atelierdocaractere.pt\/brevemente\/estreia-com-distincao-de-francisco-fontes\/","url":"https:\/\/www.atelierdocaractere.pt\/brevemente\/estreia-com-distincao-de-francisco-fontes\/","name":"Estreia com distin\u00e7\u00e3o de\u00a0Francisco Fontes - Atelier do Caractere","isPartOf":{"@id":"https:\/\/www.atelierdocaractere.pt\/brevemente\/#website"},"datePublished":"2025-09-08T11:23:11+00:00","dateModified":"2025-09-08T11:23:14+00:00","author":{"@id":"https:\/\/www.atelierdocaractere.pt\/brevemente\/#\/schema\/person\/434214d094c7f8243eba52cce01c3fbf"},"breadcrumb":{"@id":"https:\/\/www.atelierdocaractere.pt\/brevemente\/estreia-com-distincao-de-francisco-fontes\/#breadcrumb"},"inLanguage":"pt-PT","potentialAction":[{"@type":"ReadAction","target":["https:\/\/www.atelierdocaractere.pt\/brevemente\/estreia-com-distincao-de-francisco-fontes\/"]}]},{"@type":"BreadcrumbList","@id":"https:\/\/www.atelierdocaractere.pt\/brevemente\/estreia-com-distincao-de-francisco-fontes\/#breadcrumb","itemListElement":[{"@type":"ListItem","position":1,"name":"In\u00edcio","item":"https:\/\/www.atelierdocaractere.pt\/brevemente\/"},{"@type":"ListItem","position":2,"name":"Estreia com distin\u00e7\u00e3o de\u00a0Francisco Fontes"}]},{"@type":"WebSite","@id":"https:\/\/www.atelierdocaractere.pt\/brevemente\/#website","url":"https:\/\/www.atelierdocaractere.pt\/brevemente\/","name":"Atelier do Caractere","description":"","potentialAction":[{"@type":"SearchAction","target":{"@type":"EntryPoint","urlTemplate":"https:\/\/www.atelierdocaractere.pt\/brevemente\/?s={search_term_string}"},"query-input":"required name=search_term_string"}],"inLanguage":"pt-PT"},{"@type":"Person","@id":"https:\/\/www.atelierdocaractere.pt\/brevemente\/#\/schema\/person\/434214d094c7f8243eba52cce01c3fbf","name":"Andr\u00e9 Lopes","image":{"@type":"ImageObject","inLanguage":"pt-PT","@id":"https:\/\/www.atelierdocaractere.pt\/brevemente\/#\/schema\/person\/image\/","url":"https:\/\/secure.gravatar.com\/avatar\/76af1c514620ffe1937f018fe03efb73?s=96&d=mm&r=g","contentUrl":"https:\/\/secure.gravatar.com\/avatar\/76af1c514620ffe1937f018fe03efb73?s=96&d=mm&r=g","caption":"Andr\u00e9 Lopes"},"url":"https:\/\/www.atelierdocaractere.pt\/brevemente\/author\/andre-lopes\/"}]}},"_links":{"self":[{"href":"https:\/\/www.atelierdocaractere.pt\/brevemente\/wp-json\/wp\/v2\/posts\/13951"}],"collection":[{"href":"https:\/\/www.atelierdocaractere.pt\/brevemente\/wp-json\/wp\/v2\/posts"}],"about":[{"href":"https:\/\/www.atelierdocaractere.pt\/brevemente\/wp-json\/wp\/v2\/types\/post"}],"author":[{"embeddable":true,"href":"https:\/\/www.atelierdocaractere.pt\/brevemente\/wp-json\/wp\/v2\/users\/8"}],"replies":[{"embeddable":true,"href":"https:\/\/www.atelierdocaractere.pt\/brevemente\/wp-json\/wp\/v2\/comments?post=13951"}],"version-history":[{"count":1,"href":"https:\/\/www.atelierdocaractere.pt\/brevemente\/wp-json\/wp\/v2\/posts\/13951\/revisions"}],"predecessor-version":[{"id":13953,"href":"https:\/\/www.atelierdocaractere.pt\/brevemente\/wp-json\/wp\/v2\/posts\/13951\/revisions\/13953"}],"wp:featuredmedia":[{"embeddable":true,"href":"https:\/\/www.atelierdocaractere.pt\/brevemente\/wp-json\/wp\/v2\/media\/13952"}],"wp:attachment":[{"href":"https:\/\/www.atelierdocaractere.pt\/brevemente\/wp-json\/wp\/v2\/media?parent=13951"}],"wp:term":[{"taxonomy":"category","embeddable":true,"href":"https:\/\/www.atelierdocaractere.pt\/brevemente\/wp-json\/wp\/v2\/categories?post=13951"},{"taxonomy":"post_tag","embeddable":true,"href":"https:\/\/www.atelierdocaractere.pt\/brevemente\/wp-json\/wp\/v2\/tags?post=13951"}],"curies":[{"name":"wp","href":"https:\/\/api.w.org\/{rel}","templated":true}]}}