{"id":13955,"date":"2025-09-08T20:55:00","date_gmt":"2025-09-08T20:55:00","guid":{"rendered":"https:\/\/www.atelierdocaractere.pt\/brevemente\/?p=13955"},"modified":"2025-09-10T13:59:38","modified_gmt":"2025-09-10T13:59:38","slug":"joao-rodrigues-repete-vitoria-no-clio-trophy-portugal","status":"publish","type":"post","link":"https:\/\/www.atelierdocaractere.pt\/brevemente\/joao-rodrigues-repete-vitoria-no-clio-trophy-portugal\/","title":{"rendered":"JO\u00c3O RODRIGUES REPETE VIT\u00d3RIA NO CLIO TROPHY PORTUGAL"},"content":{"rendered":"\n<p><strong>Dois ralis, outras tantas vit\u00f3rias para a dupla Jo\u00e3o Rodrigues\/Bruno Carvalho na edi\u00e7\u00e3o 2025 do Clio Trophy Portugal. A exemplo do que aconteceu na prova de abertura do calend\u00e1rio, no Rallye Const\u00e1lica Viseu D\u00e3o Laf\u00f5es, o piloto de Mafra s\u00f3 n\u00e3o foi o mais r\u00e1pido numa das classificativas. A iniciativa promovida pela Renault Portugal est\u00e1 de regresso dentro de duas semanas, com a disputa do Rali da \u00c1gua Transiberico Eurocidade Chaves Verin.<\/strong><\/p>\n\n\n\n<p>Ironia do destino\u2026 Depois de duas incontest\u00e1veis vit\u00f3rias, a dupla Jo\u00e3o Rodrigues\/Bruno Carvalho s\u00f3 tem assegurada a participa\u00e7\u00e3o na pr\u00f3xima prova do trof\u00e9u. \u201cAinda n\u00e3o reunimos os apoios suficientes para fazer toda a temporada\u201d, confessou Jo\u00e3o Rodrigues. \u201cAt\u00e9 l\u00e1, resta-nos mostrar que podemos ser (muito) competitivos e foi isso que volt\u00e1mos a fazer este fim de semana. Entr\u00e1mos muito fortes e determinados em sermos os mais r\u00e1pidos. Conseguimos uma boa vantagem e, na manh\u00e3 de domingo, disputada com condi\u00e7\u00f5es atmosf\u00e9ricas bastante dif\u00edceis, n\u00e3o fazia sentido continuarmos a andar no mesmo ritmo. Pass\u00e1mos a gerir e concretiz\u00e1mos o objetivo: conquistar mais uma vit\u00f3ria. Estamos muito felizes e agora vamos continuar a trabalhar para arranjar mais apoios\u201d.<\/p>\n\n\n\n<p>Em dia de anivers\u00e1rio, com uma atua\u00e7\u00e3o em crescendo, a dupla Tiago Pereira\/Fernando Pereira vingou o rali de abertura do calend\u00e1rio, com um excelente segundo lugar. \u201cMuito melhor do que em Castelo Branco e em bom plano na chuva\u201d, come\u00e7ou por resumir o jovem piloto. \u201cEstamos satisfeitos e mais confiantes para as pr\u00f3ximas provas, embora conscientes de que ainda falta qualquer coisa para andar ao n\u00edvel do Jo\u00e3o (Rodrigues). Mas n\u00e3o estamos resignados e, em Chaves, tudo vamos fazer para andarmos mais perto\u201d.<\/p>\n\n\n\n<p>Depois do segundo lugar na prova de abertura da temporada, a dupla Lu\u00eds Caetano\/David Monteiro foi a terceira classificada, naquele que foi o terceiro p\u00f3dio consecutivo da carreira do jovem piloto na iniciativa promovida pela Renault Portugal. \u201cAo contr\u00e1rio do dia de s\u00e1bado, no domingo, entrei no rali com um bom ritmo, adaptando-me bem \u00e0s dif\u00edceis condi\u00e7\u00f5es atmosf\u00e9ricas. Estou satisfeito pela recupera\u00e7\u00e3o, mas tenho de continuar a trabalhar para reduzir a diferen\u00e7a para o Jo\u00e3o (Rodrigues) nas pr\u00f3ximas provas\u201d, sublinhou o piloto de Leiria.<\/p>\n\n\n\n<p>Se, na primeira prova do calend\u00e1rio, a dupla Carlos Marreiros Jr.\/Ricardo Barreto n\u00e3o foi muito feliz, este fim de semana o jovem algarvio reconheceu, com humildade, que &#8220;o problema fui eu. O quarto lugar \u00e9 um bom resultado, mas nunca tive a confian\u00e7a para andar ao n\u00edvel que desejava. Tenho a consci\u00eancia que tenho de trabalhar de forma diferente para as pr\u00f3ximas provas. H\u00e1 muita coisa para corrigir, mas sei que posso fazer muito melhor\u201d.<\/p>\n\n\n\n<p>Depois do positivo quinto lugar na prova de abertura da temporada, as irm\u00e3s Filipa e Mariana Tintim foram obrigadas a desistir na oitava classificativa do Rallye Const\u00e1lica Viseu D\u00e3o Laf\u00f5es, na sequ\u00eancia de um despiste. \u201cFoi pena, mas faz parte do processo de aprendizagem. Continuamos motivadas em fazer melhor, mas temos de arranjar tempo para preparar melhor as provas\u201d, sublinhou Filipa.<\/p>\n\n\n\n<p>Em tempo de regresso ao Clio Trophy Portugal, Pedro Pereira Jr. foi obrigado a desistir tamb\u00e9m na sequ\u00eancia de uma sa\u00edda de estrada, quando estava na luta pelo derradeiro lugar do p\u00f3dio.<\/p>\n\n\n\n<p>O Clio Trophy Portugal regressa nos dias 20 e 21 de setembro, com a disputa do Rali da \u00c1gua Transiberico Eurocidade Chaves Verin.<\/p>\n\n\n\n<p>Classifica\u00e7\u00e3o final:<\/p>\n\n\n\n<p>1\u00ba Jo\u00e3o RODRIGUES\/Bruno CARVALHO, 58m20,8s<\/p>\n\n\n\n<p>2\u00ba Tiago PEREIRA\/Fernando PEREIRA, a 56,9s<\/p>\n\n\n\n<p>3\u00ba Lu\u00eds CAETANO\/David MONTEIRO , a 1m39,8s<\/p>\n\n\n\n<p>4\u00ba Carlos MARREIROS\/Ricardo BARRETO, a 3m42,0s<\/p>\n\n\n\n<p>Classifica\u00e7\u00e3o do Clio Trophy Portugal<\/p>\n\n\n\n<p>1\u00ba Jo\u00e3o RODRIGUES, 56 pontos<\/p>\n\n\n\n<p>2\u00ba Lu\u00eds CAETANO, 33<\/p>\n\n\n\n<p>3\u00ba Tiago PEREIRA, 24<\/p>\n\n\n\n<p>4\u00ba Carlos MARREIROS , 20<\/p>\n\n\n\n<p>5\u00ba Paulo SANTOS, 15<\/p>\n\n\n\n<p>6\u00ba Miguel ABRANTES, 12<\/p>\n\n\n\n<p>7\u00ba Filipa TINTIM, 10<\/p>\n","protected":false},"excerpt":{"rendered":"<p>Dois ralis, outras tantas vit\u00f3rias para a dupla Jo\u00e3o Rodrigues\/Bruno Carvalho na edi\u00e7\u00e3o 2025 do Clio Trophy Portugal. A exemplo&#8230;<\/p>\n","protected":false},"author":8,"featured_media":13956,"comment_status":"closed","ping_status":"open","sticky":false,"template":"","format":"standard","meta":[],"categories":[24],"tags":[],"yoast_head":"<!-- This site is optimized with the Yoast SEO plugin v20.12 - https:\/\/yoast.com\/wordpress\/plugins\/seo\/ -->\n<title>JO\u00c3O RODRIGUES REPETE VIT\u00d3RIA NO CLIO TROPHY PORTUGAL - Atelier do Caractere<\/title>\n<meta name=\"robots\" content=\"index, follow, max-snippet:-1, max-image-preview:large, max-video-preview:-1\" \/>\n<link rel=\"canonical\" href=\"https:\/\/www.atelierdocaractere.pt\/brevemente\/joao-rodrigues-repete-vitoria-no-clio-trophy-portugal\/\" \/>\n<meta property=\"og:locale\" content=\"pt_PT\" \/>\n<meta property=\"og:type\" content=\"article\" \/>\n<meta property=\"og:title\" content=\"JO\u00c3O RODRIGUES REPETE VIT\u00d3RIA NO CLIO TROPHY PORTUGAL - Atelier do Caractere\" \/>\n<meta property=\"og:description\" content=\"Dois ralis, outras tantas vit\u00f3rias para a dupla Jo\u00e3o Rodrigues\/Bruno Carvalho na edi\u00e7\u00e3o 2025 do Clio Trophy Portugal. A exemplo...\" \/>\n<meta property=\"og:url\" content=\"https:\/\/www.atelierdocaractere.pt\/brevemente\/joao-rodrigues-repete-vitoria-no-clio-trophy-portugal\/\" \/>\n<meta property=\"og:site_name\" content=\"Atelier do Caractere\" \/>\n<meta property=\"article:publisher\" content=\"https:\/\/www.facebook.com\/AtelierdoCaractere\" \/>\n<meta property=\"article:published_time\" content=\"2025-09-08T20:55:00+00:00\" \/>\n<meta property=\"article:modified_time\" content=\"2025-09-10T13:59:38+00:00\" \/>\n<meta property=\"og:image\" content=\"https:\/\/www.atelierdocaractere.pt\/wp-content\/uploads\/2025\/09\/5aada25adf7608b699126ac0b74cf56b-l.jpg.webp\" \/>\n\t<meta property=\"og:image:width\" content=\"2000\" \/>\n\t<meta property=\"og:image:height\" content=\"1333\" \/>\n\t<meta property=\"og:image:type\" content=\"image\/webp\" \/>\n<meta name=\"author\" content=\"Andr\u00e9 Lopes\" \/>\n<meta name=\"twitter:card\" content=\"summary_large_image\" \/>\n<meta name=\"twitter:label1\" content=\"Escrito por\" \/>\n\t<meta name=\"twitter:data1\" content=\"Andr\u00e9 Lopes\" \/>\n\t<meta name=\"twitter:label2\" content=\"Tempo estimado de leitura\" \/>\n\t<meta name=\"twitter:data2\" content=\"4 minutos\" \/>\n<script type=\"application\/ld+json\" class=\"yoast-schema-graph\">{\"@context\":\"https:\/\/schema.org\",\"@graph\":[{\"@type\":\"WebPage\",\"@id\":\"https:\/\/www.atelierdocaractere.pt\/brevemente\/joao-rodrigues-repete-vitoria-no-clio-trophy-portugal\/\",\"url\":\"https:\/\/www.atelierdocaractere.pt\/brevemente\/joao-rodrigues-repete-vitoria-no-clio-trophy-portugal\/\",\"name\":\"JO\u00c3O RODRIGUES REPETE VIT\u00d3RIA NO CLIO TROPHY PORTUGAL - Atelier do Caractere\",\"isPartOf\":{\"@id\":\"https:\/\/www.atelierdocaractere.pt\/brevemente\/#website\"},\"datePublished\":\"2025-09-08T20:55:00+00:00\",\"dateModified\":\"2025-09-10T13:59:38+00:00\",\"author\":{\"@id\":\"https:\/\/www.atelierdocaractere.pt\/brevemente\/#\/schema\/person\/434214d094c7f8243eba52cce01c3fbf\"},\"breadcrumb\":{\"@id\":\"https:\/\/www.atelierdocaractere.pt\/brevemente\/joao-rodrigues-repete-vitoria-no-clio-trophy-portugal\/#breadcrumb\"},\"inLanguage\":\"pt-PT\",\"potentialAction\":[{\"@type\":\"ReadAction\",\"target\":[\"https:\/\/www.atelierdocaractere.pt\/brevemente\/joao-rodrigues-repete-vitoria-no-clio-trophy-portugal\/\"]}]},{\"@type\":\"BreadcrumbList\",\"@id\":\"https:\/\/www.atelierdocaractere.pt\/brevemente\/joao-rodrigues-repete-vitoria-no-clio-trophy-portugal\/#breadcrumb\",\"itemListElement\":[{\"@type\":\"ListItem\",\"position\":1,\"name\":\"In\u00edcio\",\"item\":\"https:\/\/www.atelierdocaractere.pt\/brevemente\/\"},{\"@type\":\"ListItem\",\"position\":2,\"name\":\"JO\u00c3O RODRIGUES REPETE VIT\u00d3RIA NO CLIO TROPHY PORTUGAL\"}]},{\"@type\":\"WebSite\",\"@id\":\"https:\/\/www.atelierdocaractere.pt\/brevemente\/#website\",\"url\":\"https:\/\/www.atelierdocaractere.pt\/brevemente\/\",\"name\":\"Atelier do Caractere\",\"description\":\"\",\"potentialAction\":[{\"@type\":\"SearchAction\",\"target\":{\"@type\":\"EntryPoint\",\"urlTemplate\":\"https:\/\/www.atelierdocaractere.pt\/brevemente\/?s={search_term_string}\"},\"query-input\":\"required name=search_term_string\"}],\"inLanguage\":\"pt-PT\"},{\"@type\":\"Person\",\"@id\":\"https:\/\/www.atelierdocaractere.pt\/brevemente\/#\/schema\/person\/434214d094c7f8243eba52cce01c3fbf\",\"name\":\"Andr\u00e9 Lopes\",\"image\":{\"@type\":\"ImageObject\",\"inLanguage\":\"pt-PT\",\"@id\":\"https:\/\/www.atelierdocaractere.pt\/brevemente\/#\/schema\/person\/image\/\",\"url\":\"https:\/\/secure.gravatar.com\/avatar\/76af1c514620ffe1937f018fe03efb73?s=96&d=mm&r=g\",\"contentUrl\":\"https:\/\/secure.gravatar.com\/avatar\/76af1c514620ffe1937f018fe03efb73?s=96&d=mm&r=g\",\"caption\":\"Andr\u00e9 Lopes\"},\"url\":\"https:\/\/www.atelierdocaractere.pt\/brevemente\/author\/andre-lopes\/\"}]}<\/script>\n<!-- \/ Yoast SEO plugin. -->","yoast_head_json":{"title":"JO\u00c3O RODRIGUES REPETE VIT\u00d3RIA NO CLIO TROPHY PORTUGAL - Atelier do Caractere","robots":{"index":"index","follow":"follow","max-snippet":"max-snippet:-1","max-image-preview":"max-image-preview:large","max-video-preview":"max-video-preview:-1"},"canonical":"https:\/\/www.atelierdocaractere.pt\/brevemente\/joao-rodrigues-repete-vitoria-no-clio-trophy-portugal\/","og_locale":"pt_PT","og_type":"article","og_title":"JO\u00c3O RODRIGUES REPETE VIT\u00d3RIA NO CLIO TROPHY PORTUGAL - Atelier do Caractere","og_description":"Dois ralis, outras tantas vit\u00f3rias para a dupla Jo\u00e3o Rodrigues\/Bruno Carvalho na edi\u00e7\u00e3o 2025 do Clio Trophy Portugal. A exemplo...","og_url":"https:\/\/www.atelierdocaractere.pt\/brevemente\/joao-rodrigues-repete-vitoria-no-clio-trophy-portugal\/","og_site_name":"Atelier do Caractere","article_publisher":"https:\/\/www.facebook.com\/AtelierdoCaractere","article_published_time":"2025-09-08T20:55:00+00:00","article_modified_time":"2025-09-10T13:59:38+00:00","og_image":[{"width":2000,"height":1333,"url":"https:\/\/www.atelierdocaractere.pt\/wp-content\/uploads\/2025\/09\/5aada25adf7608b699126ac0b74cf56b-l.jpg.webp","type":"image\/webp"}],"author":"Andr\u00e9 Lopes","twitter_card":"summary_large_image","twitter_misc":{"Escrito por":"Andr\u00e9 Lopes","Tempo estimado de leitura":"4 minutos"},"schema":{"@context":"https:\/\/schema.org","@graph":[{"@type":"WebPage","@id":"https:\/\/www.atelierdocaractere.pt\/brevemente\/joao-rodrigues-repete-vitoria-no-clio-trophy-portugal\/","url":"https:\/\/www.atelierdocaractere.pt\/brevemente\/joao-rodrigues-repete-vitoria-no-clio-trophy-portugal\/","name":"JO\u00c3O RODRIGUES REPETE VIT\u00d3RIA NO CLIO TROPHY PORTUGAL - Atelier do Caractere","isPartOf":{"@id":"https:\/\/www.atelierdocaractere.pt\/brevemente\/#website"},"datePublished":"2025-09-08T20:55:00+00:00","dateModified":"2025-09-10T13:59:38+00:00","author":{"@id":"https:\/\/www.atelierdocaractere.pt\/brevemente\/#\/schema\/person\/434214d094c7f8243eba52cce01c3fbf"},"breadcrumb":{"@id":"https:\/\/www.atelierdocaractere.pt\/brevemente\/joao-rodrigues-repete-vitoria-no-clio-trophy-portugal\/#breadcrumb"},"inLanguage":"pt-PT","potentialAction":[{"@type":"ReadAction","target":["https:\/\/www.atelierdocaractere.pt\/brevemente\/joao-rodrigues-repete-vitoria-no-clio-trophy-portugal\/"]}]},{"@type":"BreadcrumbList","@id":"https:\/\/www.atelierdocaractere.pt\/brevemente\/joao-rodrigues-repete-vitoria-no-clio-trophy-portugal\/#breadcrumb","itemListElement":[{"@type":"ListItem","position":1,"name":"In\u00edcio","item":"https:\/\/www.atelierdocaractere.pt\/brevemente\/"},{"@type":"ListItem","position":2,"name":"JO\u00c3O RODRIGUES REPETE VIT\u00d3RIA NO CLIO TROPHY PORTUGAL"}]},{"@type":"WebSite","@id":"https:\/\/www.atelierdocaractere.pt\/brevemente\/#website","url":"https:\/\/www.atelierdocaractere.pt\/brevemente\/","name":"Atelier do Caractere","description":"","potentialAction":[{"@type":"SearchAction","target":{"@type":"EntryPoint","urlTemplate":"https:\/\/www.atelierdocaractere.pt\/brevemente\/?s={search_term_string}"},"query-input":"required name=search_term_string"}],"inLanguage":"pt-PT"},{"@type":"Person","@id":"https:\/\/www.atelierdocaractere.pt\/brevemente\/#\/schema\/person\/434214d094c7f8243eba52cce01c3fbf","name":"Andr\u00e9 Lopes","image":{"@type":"ImageObject","inLanguage":"pt-PT","@id":"https:\/\/www.atelierdocaractere.pt\/brevemente\/#\/schema\/person\/image\/","url":"https:\/\/secure.gravatar.com\/avatar\/76af1c514620ffe1937f018fe03efb73?s=96&d=mm&r=g","contentUrl":"https:\/\/secure.gravatar.com\/avatar\/76af1c514620ffe1937f018fe03efb73?s=96&d=mm&r=g","caption":"Andr\u00e9 Lopes"},"url":"https:\/\/www.atelierdocaractere.pt\/brevemente\/author\/andre-lopes\/"}]}},"_links":{"self":[{"href":"https:\/\/www.atelierdocaractere.pt\/brevemente\/wp-json\/wp\/v2\/posts\/13955"}],"collection":[{"href":"https:\/\/www.atelierdocaractere.pt\/brevemente\/wp-json\/wp\/v2\/posts"}],"about":[{"href":"https:\/\/www.atelierdocaractere.pt\/brevemente\/wp-json\/wp\/v2\/types\/post"}],"author":[{"embeddable":true,"href":"https:\/\/www.atelierdocaractere.pt\/brevemente\/wp-json\/wp\/v2\/users\/8"}],"replies":[{"embeddable":true,"href":"https:\/\/www.atelierdocaractere.pt\/brevemente\/wp-json\/wp\/v2\/comments?post=13955"}],"version-history":[{"count":1,"href":"https:\/\/www.atelierdocaractere.pt\/brevemente\/wp-json\/wp\/v2\/posts\/13955\/revisions"}],"predecessor-version":[{"id":13957,"href":"https:\/\/www.atelierdocaractere.pt\/brevemente\/wp-json\/wp\/v2\/posts\/13955\/revisions\/13957"}],"wp:featuredmedia":[{"embeddable":true,"href":"https:\/\/www.atelierdocaractere.pt\/brevemente\/wp-json\/wp\/v2\/media\/13956"}],"wp:attachment":[{"href":"https:\/\/www.atelierdocaractere.pt\/brevemente\/wp-json\/wp\/v2\/media?parent=13955"}],"wp:term":[{"taxonomy":"category","embeddable":true,"href":"https:\/\/www.atelierdocaractere.pt\/brevemente\/wp-json\/wp\/v2\/categories?post=13955"},{"taxonomy":"post_tag","embeddable":true,"href":"https:\/\/www.atelierdocaractere.pt\/brevemente\/wp-json\/wp\/v2\/tags?post=13955"}],"curies":[{"name":"wp","href":"https:\/\/api.w.org\/{rel}","templated":true}]}}