{"id":13960,"date":"2025-09-18T10:19:57","date_gmt":"2025-09-18T10:19:57","guid":{"rendered":"https:\/\/www.atelierdocaractere.pt\/brevemente\/?p=13960"},"modified":"2025-09-18T11:31:31","modified_gmt":"2025-09-18T11:31:31","slug":"francisco-fontes-e-o-rali-da-agua-transiberico-eurocidade-chaves-verin-continuar-a-aprender","status":"publish","type":"post","link":"https:\/\/www.atelierdocaractere.pt\/brevemente\/francisco-fontes-e-o-rali-da-agua-transiberico-eurocidade-chaves-verin-continuar-a-aprender\/","title":{"rendered":"Francisco Fontes e o Rali da \u00c1gua \u2013 Transib\u00e9rico Eurocidade Chaves-Ver\u00edn: \u201cContinuar a aprender!\u201d"},"content":{"rendered":"\n<p><strong>Escassos 15 dias depois de ter participado na primeira prova da sua carreira, Francisco Fontes estreia-se no Campeonato de Portugal de Ralis. Aos comandos do novo Lancia Ypsilon HF Racing Rally6, o jovem piloto vai estar \u00e0 partida do Rali da \u00c1gua \u2013 Transib\u00e9rico Eurocidade Chaves-Ver\u00edn 2025, que vai para a estrada nos pr\u00f3ximos dias 19 e 20 de setembro. O objetivo \u00e9 claro: continuar a aprendizagem.<\/strong><\/p>\n\n\n\n<p>Aos 18 anos, o mais novo membro da fam\u00edlia Fontes vai (tamb\u00e9m) ter a responsabilidade do regresso da ic\u00f3nica marca Lancia ao Campeonato de Portugal de Ralis. Mas enquanto o pai, Jos\u00e9 Pedro Fontes, vai lutar pelos lugares cimeiros da edi\u00e7\u00e3o 2025 do Rali da \u00c1gua \u2013 Transib\u00e9rico Eurocidade Chaves-Ver\u00edn, o jovem estudante da Faculdade de Engenharia da Universidade do Porto (FEUP) vai participar enquadrado na \u201cFPAK J\u00fanior Team Ralis\u201d (uma competi\u00e7\u00e3o promovida pela entidade federativa que visa lan\u00e7ar novos talentos para os ralis) e s\u00f3 com um objetivo em mente:&nbsp;<strong><em>\u201cContinuar a aprender!\u201d<\/em><\/strong><\/p>\n\n\n\n<p>Francisco Fontes admite:<strong>&nbsp;<em>\u201cHonestamente, acho que n\u00e3o devo preocupar-me com os outros pilotos que v\u00e3o correr em carros da mesma categoria, embora eu saiba que \u00e9 importante ter refer\u00eancias e ver onde posso chegar. Mas a ideia passa por somar o m\u00e1ximo poss\u00edvel de quil\u00f3metros e terminar o rali. Isso \u00e9 o mais importante!\u201d<\/em><\/strong><\/p>\n\n\n\n<p>Em rela\u00e7\u00e3o ao Rali da \u00c1gua \u2013 Transib\u00e9rico Eurocidade Chaves-Ver\u00edn, o piloto apoiado pela Sports &amp; You sublinha:&nbsp;<strong><em>\u201cAcho que este vai ser mais duro do que o que disputei, h\u00e1 15 dias, na regi\u00e3o de Viseu, por ser mais extenso e tudo o mais. Mas como vai ser realizado com piso seco, vai ser bom para mim, pois fiz muito poucos quil\u00f3metros \u00e0 chuva com o carro\u201d.<\/em><\/strong><\/p>\n\n\n\n<p>Por \u00faltimo, Francisco Fontes faz quest\u00e3o de destacar a import\u00e2ncia que os navegadores Carlos Magalh\u00e3es e Marco Macedo tiveram nesta fase inicial da sua carreira:<strong>&nbsp;<em>\u201cUm agradecimento muito especial pelo que me ensinaram e pela paci\u00eancia que tiveram comigo. Agora \u00e9 tempo de dar as boas-vindas ao Hugo Magalh\u00e3es, com quem vou fazer este rali\u201d.<\/em><\/strong><\/p>\n\n\n\n<p>A regi\u00e3o transfronteiri\u00e7a de Chaves e Ver\u00edn (Galiza) vai ser o palco da edi\u00e7\u00e3o de 2025 do Rali da \u00c1gua Transib\u00e9rico Eurocidade Chaves-Ver\u00edn. A prova que tem a cidade de Chaves como centro nevr\u00e1lgico, arranca na tarde da pr\u00f3xima sexta-feira, com a disputa de tr\u00eas provas especiais de classifica\u00e7\u00e3o (33,67 km). No s\u00e1bado, v\u00e3o realizar-se mais seis classificativas (80,22 km) ao cron\u00f3metro, com a cerim\u00f3nia de p\u00f3dio prevista para&nbsp;as 17h30.<\/p>\n","protected":false},"excerpt":{"rendered":"<p>Escassos 15 dias depois de ter participado na primeira prova da sua carreira, Francisco Fontes estreia-se no Campeonato de Portugal&#8230;<\/p>\n","protected":false},"author":8,"featured_media":13961,"comment_status":"closed","ping_status":"open","sticky":false,"template":"","format":"standard","meta":[],"categories":[24],"tags":[81,992,986,991,993],"yoast_head":"<!-- This site is optimized with the Yoast SEO plugin v20.12 - https:\/\/yoast.com\/wordpress\/plugins\/seo\/ -->\n<title>Francisco Fontes e o Rali da \u00c1gua \u2013 Transib\u00e9rico Eurocidade Chaves-Ver\u00edn: \u201cContinuar a aprender!\u201d - Atelier do Caractere<\/title>\n<meta name=\"robots\" content=\"index, follow, max-snippet:-1, max-image-preview:large, max-video-preview:-1\" \/>\n<link rel=\"canonical\" href=\"https:\/\/www.atelierdocaractere.pt\/brevemente\/francisco-fontes-e-o-rali-da-agua-transiberico-eurocidade-chaves-verin-continuar-a-aprender\/\" \/>\n<meta property=\"og:locale\" content=\"pt_PT\" \/>\n<meta property=\"og:type\" content=\"article\" \/>\n<meta property=\"og:title\" content=\"Francisco Fontes e o Rali da \u00c1gua \u2013 Transib\u00e9rico Eurocidade Chaves-Ver\u00edn: \u201cContinuar a aprender!\u201d - Atelier do Caractere\" \/>\n<meta property=\"og:description\" content=\"Escassos 15 dias depois de ter participado na primeira prova da sua carreira, Francisco Fontes estreia-se no Campeonato de Portugal...\" \/>\n<meta property=\"og:url\" content=\"https:\/\/www.atelierdocaractere.pt\/brevemente\/francisco-fontes-e-o-rali-da-agua-transiberico-eurocidade-chaves-verin-continuar-a-aprender\/\" \/>\n<meta property=\"og:site_name\" content=\"Atelier do Caractere\" \/>\n<meta property=\"article:publisher\" content=\"https:\/\/www.facebook.com\/AtelierdoCaractere\" \/>\n<meta property=\"article:published_time\" content=\"2025-09-18T10:19:57+00:00\" \/>\n<meta property=\"article:modified_time\" content=\"2025-09-18T11:31:31+00:00\" \/>\n<meta property=\"og:image\" content=\"https:\/\/www.atelierdocaractere.pt\/wp-content\/uploads\/2025\/09\/whatsapp-image-2025-09-18-at-111532.jpeg\" \/>\n\t<meta property=\"og:image:width\" content=\"1600\" \/>\n\t<meta property=\"og:image:height\" content=\"1066\" \/>\n\t<meta property=\"og:image:type\" content=\"image\/jpeg\" \/>\n<meta name=\"author\" content=\"Andr\u00e9 Lopes\" \/>\n<meta name=\"twitter:card\" content=\"summary_large_image\" \/>\n<meta name=\"twitter:label1\" content=\"Escrito por\" \/>\n\t<meta name=\"twitter:data1\" content=\"Andr\u00e9 Lopes\" \/>\n\t<meta name=\"twitter:label2\" content=\"Tempo estimado de leitura\" \/>\n\t<meta name=\"twitter:data2\" content=\"3 minutos\" \/>\n<script type=\"application\/ld+json\" class=\"yoast-schema-graph\">{\"@context\":\"https:\/\/schema.org\",\"@graph\":[{\"@type\":\"WebPage\",\"@id\":\"https:\/\/www.atelierdocaractere.pt\/brevemente\/francisco-fontes-e-o-rali-da-agua-transiberico-eurocidade-chaves-verin-continuar-a-aprender\/\",\"url\":\"https:\/\/www.atelierdocaractere.pt\/brevemente\/francisco-fontes-e-o-rali-da-agua-transiberico-eurocidade-chaves-verin-continuar-a-aprender\/\",\"name\":\"Francisco Fontes e o Rali da \u00c1gua \u2013 Transib\u00e9rico Eurocidade Chaves-Ver\u00edn: \u201cContinuar a aprender!\u201d - Atelier do Caractere\",\"isPartOf\":{\"@id\":\"https:\/\/www.atelierdocaractere.pt\/brevemente\/#website\"},\"datePublished\":\"2025-09-18T10:19:57+00:00\",\"dateModified\":\"2025-09-18T11:31:31+00:00\",\"author\":{\"@id\":\"https:\/\/www.atelierdocaractere.pt\/brevemente\/#\/schema\/person\/434214d094c7f8243eba52cce01c3fbf\"},\"breadcrumb\":{\"@id\":\"https:\/\/www.atelierdocaractere.pt\/brevemente\/francisco-fontes-e-o-rali-da-agua-transiberico-eurocidade-chaves-verin-continuar-a-aprender\/#breadcrumb\"},\"inLanguage\":\"pt-PT\",\"potentialAction\":[{\"@type\":\"ReadAction\",\"target\":[\"https:\/\/www.atelierdocaractere.pt\/brevemente\/francisco-fontes-e-o-rali-da-agua-transiberico-eurocidade-chaves-verin-continuar-a-aprender\/\"]}]},{\"@type\":\"BreadcrumbList\",\"@id\":\"https:\/\/www.atelierdocaractere.pt\/brevemente\/francisco-fontes-e-o-rali-da-agua-transiberico-eurocidade-chaves-verin-continuar-a-aprender\/#breadcrumb\",\"itemListElement\":[{\"@type\":\"ListItem\",\"position\":1,\"name\":\"In\u00edcio\",\"item\":\"https:\/\/www.atelierdocaractere.pt\/brevemente\/\"},{\"@type\":\"ListItem\",\"position\":2,\"name\":\"Francisco Fontes e o Rali da \u00c1gua \u2013 Transib\u00e9rico Eurocidade Chaves-Ver\u00edn: \u201cContinuar a aprender!\u201d\"}]},{\"@type\":\"WebSite\",\"@id\":\"https:\/\/www.atelierdocaractere.pt\/brevemente\/#website\",\"url\":\"https:\/\/www.atelierdocaractere.pt\/brevemente\/\",\"name\":\"Atelier do Caractere\",\"description\":\"\",\"potentialAction\":[{\"@type\":\"SearchAction\",\"target\":{\"@type\":\"EntryPoint\",\"urlTemplate\":\"https:\/\/www.atelierdocaractere.pt\/brevemente\/?s={search_term_string}\"},\"query-input\":\"required name=search_term_string\"}],\"inLanguage\":\"pt-PT\"},{\"@type\":\"Person\",\"@id\":\"https:\/\/www.atelierdocaractere.pt\/brevemente\/#\/schema\/person\/434214d094c7f8243eba52cce01c3fbf\",\"name\":\"Andr\u00e9 Lopes\",\"image\":{\"@type\":\"ImageObject\",\"inLanguage\":\"pt-PT\",\"@id\":\"https:\/\/www.atelierdocaractere.pt\/brevemente\/#\/schema\/person\/image\/\",\"url\":\"https:\/\/secure.gravatar.com\/avatar\/76af1c514620ffe1937f018fe03efb73?s=96&d=mm&r=g\",\"contentUrl\":\"https:\/\/secure.gravatar.com\/avatar\/76af1c514620ffe1937f018fe03efb73?s=96&d=mm&r=g\",\"caption\":\"Andr\u00e9 Lopes\"},\"url\":\"https:\/\/www.atelierdocaractere.pt\/brevemente\/author\/andre-lopes\/\"}]}<\/script>\n<!-- \/ Yoast SEO plugin. -->","yoast_head_json":{"title":"Francisco Fontes e o Rali da \u00c1gua \u2013 Transib\u00e9rico Eurocidade Chaves-Ver\u00edn: \u201cContinuar a aprender!\u201d - Atelier do Caractere","robots":{"index":"index","follow":"follow","max-snippet":"max-snippet:-1","max-image-preview":"max-image-preview:large","max-video-preview":"max-video-preview:-1"},"canonical":"https:\/\/www.atelierdocaractere.pt\/brevemente\/francisco-fontes-e-o-rali-da-agua-transiberico-eurocidade-chaves-verin-continuar-a-aprender\/","og_locale":"pt_PT","og_type":"article","og_title":"Francisco Fontes e o Rali da \u00c1gua \u2013 Transib\u00e9rico Eurocidade Chaves-Ver\u00edn: \u201cContinuar a aprender!\u201d - Atelier do Caractere","og_description":"Escassos 15 dias depois de ter participado na primeira prova da sua carreira, Francisco Fontes estreia-se no Campeonato de Portugal...","og_url":"https:\/\/www.atelierdocaractere.pt\/brevemente\/francisco-fontes-e-o-rali-da-agua-transiberico-eurocidade-chaves-verin-continuar-a-aprender\/","og_site_name":"Atelier do Caractere","article_publisher":"https:\/\/www.facebook.com\/AtelierdoCaractere","article_published_time":"2025-09-18T10:19:57+00:00","article_modified_time":"2025-09-18T11:31:31+00:00","og_image":[{"width":1600,"height":1066,"url":"https:\/\/www.atelierdocaractere.pt\/wp-content\/uploads\/2025\/09\/whatsapp-image-2025-09-18-at-111532.jpeg","type":"image\/jpeg"}],"author":"Andr\u00e9 Lopes","twitter_card":"summary_large_image","twitter_misc":{"Escrito por":"Andr\u00e9 Lopes","Tempo estimado de leitura":"3 minutos"},"schema":{"@context":"https:\/\/schema.org","@graph":[{"@type":"WebPage","@id":"https:\/\/www.atelierdocaractere.pt\/brevemente\/francisco-fontes-e-o-rali-da-agua-transiberico-eurocidade-chaves-verin-continuar-a-aprender\/","url":"https:\/\/www.atelierdocaractere.pt\/brevemente\/francisco-fontes-e-o-rali-da-agua-transiberico-eurocidade-chaves-verin-continuar-a-aprender\/","name":"Francisco Fontes e o Rali da \u00c1gua \u2013 Transib\u00e9rico Eurocidade Chaves-Ver\u00edn: \u201cContinuar a aprender!\u201d - Atelier do Caractere","isPartOf":{"@id":"https:\/\/www.atelierdocaractere.pt\/brevemente\/#website"},"datePublished":"2025-09-18T10:19:57+00:00","dateModified":"2025-09-18T11:31:31+00:00","author":{"@id":"https:\/\/www.atelierdocaractere.pt\/brevemente\/#\/schema\/person\/434214d094c7f8243eba52cce01c3fbf"},"breadcrumb":{"@id":"https:\/\/www.atelierdocaractere.pt\/brevemente\/francisco-fontes-e-o-rali-da-agua-transiberico-eurocidade-chaves-verin-continuar-a-aprender\/#breadcrumb"},"inLanguage":"pt-PT","potentialAction":[{"@type":"ReadAction","target":["https:\/\/www.atelierdocaractere.pt\/brevemente\/francisco-fontes-e-o-rali-da-agua-transiberico-eurocidade-chaves-verin-continuar-a-aprender\/"]}]},{"@type":"BreadcrumbList","@id":"https:\/\/www.atelierdocaractere.pt\/brevemente\/francisco-fontes-e-o-rali-da-agua-transiberico-eurocidade-chaves-verin-continuar-a-aprender\/#breadcrumb","itemListElement":[{"@type":"ListItem","position":1,"name":"In\u00edcio","item":"https:\/\/www.atelierdocaractere.pt\/brevemente\/"},{"@type":"ListItem","position":2,"name":"Francisco Fontes e o Rali da \u00c1gua \u2013 Transib\u00e9rico Eurocidade Chaves-Ver\u00edn: \u201cContinuar a aprender!\u201d"}]},{"@type":"WebSite","@id":"https:\/\/www.atelierdocaractere.pt\/brevemente\/#website","url":"https:\/\/www.atelierdocaractere.pt\/brevemente\/","name":"Atelier do Caractere","description":"","potentialAction":[{"@type":"SearchAction","target":{"@type":"EntryPoint","urlTemplate":"https:\/\/www.atelierdocaractere.pt\/brevemente\/?s={search_term_string}"},"query-input":"required name=search_term_string"}],"inLanguage":"pt-PT"},{"@type":"Person","@id":"https:\/\/www.atelierdocaractere.pt\/brevemente\/#\/schema\/person\/434214d094c7f8243eba52cce01c3fbf","name":"Andr\u00e9 Lopes","image":{"@type":"ImageObject","inLanguage":"pt-PT","@id":"https:\/\/www.atelierdocaractere.pt\/brevemente\/#\/schema\/person\/image\/","url":"https:\/\/secure.gravatar.com\/avatar\/76af1c514620ffe1937f018fe03efb73?s=96&d=mm&r=g","contentUrl":"https:\/\/secure.gravatar.com\/avatar\/76af1c514620ffe1937f018fe03efb73?s=96&d=mm&r=g","caption":"Andr\u00e9 Lopes"},"url":"https:\/\/www.atelierdocaractere.pt\/brevemente\/author\/andre-lopes\/"}]}},"_links":{"self":[{"href":"https:\/\/www.atelierdocaractere.pt\/brevemente\/wp-json\/wp\/v2\/posts\/13960"}],"collection":[{"href":"https:\/\/www.atelierdocaractere.pt\/brevemente\/wp-json\/wp\/v2\/posts"}],"about":[{"href":"https:\/\/www.atelierdocaractere.pt\/brevemente\/wp-json\/wp\/v2\/types\/post"}],"author":[{"embeddable":true,"href":"https:\/\/www.atelierdocaractere.pt\/brevemente\/wp-json\/wp\/v2\/users\/8"}],"replies":[{"embeddable":true,"href":"https:\/\/www.atelierdocaractere.pt\/brevemente\/wp-json\/wp\/v2\/comments?post=13960"}],"version-history":[{"count":3,"href":"https:\/\/www.atelierdocaractere.pt\/brevemente\/wp-json\/wp\/v2\/posts\/13960\/revisions"}],"predecessor-version":[{"id":13967,"href":"https:\/\/www.atelierdocaractere.pt\/brevemente\/wp-json\/wp\/v2\/posts\/13960\/revisions\/13967"}],"wp:featuredmedia":[{"embeddable":true,"href":"https:\/\/www.atelierdocaractere.pt\/brevemente\/wp-json\/wp\/v2\/media\/13961"}],"wp:attachment":[{"href":"https:\/\/www.atelierdocaractere.pt\/brevemente\/wp-json\/wp\/v2\/media?parent=13960"}],"wp:term":[{"taxonomy":"category","embeddable":true,"href":"https:\/\/www.atelierdocaractere.pt\/brevemente\/wp-json\/wp\/v2\/categories?post=13960"},{"taxonomy":"post_tag","embeddable":true,"href":"https:\/\/www.atelierdocaractere.pt\/brevemente\/wp-json\/wp\/v2\/tags?post=13960"}],"curies":[{"name":"wp","href":"https:\/\/api.w.org\/{rel}","templated":true}]}}