{"id":13964,"date":"2025-09-18T10:29:09","date_gmt":"2025-09-18T10:29:09","guid":{"rendered":"https:\/\/www.atelierdocaractere.pt\/brevemente\/?p=13964"},"modified":"2025-09-18T10:29:12","modified_gmt":"2025-09-18T10:29:12","slug":"hugo-lopes-e-o-rali-da-agua-transiberico-eurocidade-chaves-verin-2025-vamos-partir-com-mais-ambicoes","status":"publish","type":"post","link":"https:\/\/www.atelierdocaractere.pt\/brevemente\/hugo-lopes-e-o-rali-da-agua-transiberico-eurocidade-chaves-verin-2025-vamos-partir-com-mais-ambicoes\/","title":{"rendered":"Hugo Lopes e o Rali da \u00c1gua \u2013 Transib\u00e9rico Eurocidade Chaves-Ver\u00edn 2025: \u201cVamos partir com mais ambi\u00e7\u00f5es\u201d"},"content":{"rendered":"\n<p><strong>Depois de conquistarem a primeira vit\u00f3ria absoluta da sua carreira, o piloto Hugo Lopes e a navegadora Magda Oliveira est\u00e3o de regresso ao Hyundai J\u00fanior Team FPAK para disputar a edi\u00e7\u00e3o 2025 do Rali da \u00c1gua \u2013 Transib\u00e9rico Eurocidade Chaves-Ver\u00edn, agendado para amanh\u00e3 (sexta-feira) e s\u00e1bado. Ao volante do Hyundai i20 N Rally2, Hugo Lopes admite:&nbsp;<em>\u201cVamos partir com mais ambi\u00e7\u00f5es!\u201d<\/em><\/strong><\/p>\n\n\n\n<figure class=\"wp-block-image size-large\"><img decoding=\"async\" width=\"1024\" height=\"683\" src=\"https:\/\/www.atelierdocaractere.pt\/wp-content\/uploads\/2025\/09\/whatsapp-image-2025-09-18-at-112731-1024x683.jpeg\" alt=\"\" class=\"wp-image-13965\" srcset=\"https:\/\/www.atelierdocaractere.pt\/wp-content\/uploads\/2025\/09\/whatsapp-image-2025-09-18-at-112731-1024x683.jpeg 1024w, https:\/\/www.atelierdocaractere.pt\/wp-content\/uploads\/2025\/09\/whatsapp-image-2025-09-18-at-112731-300x200.jpeg 300w, https:\/\/www.atelierdocaractere.pt\/wp-content\/uploads\/2025\/09\/whatsapp-image-2025-09-18-at-112731-768x512.jpeg 768w, https:\/\/www.atelierdocaractere.pt\/wp-content\/uploads\/2025\/09\/whatsapp-image-2025-09-18-at-112731-1536x1024.jpeg 1536w, https:\/\/www.atelierdocaractere.pt\/wp-content\/uploads\/2025\/09\/whatsapp-image-2025-09-18-at-112731-900x600.jpeg 900w, https:\/\/www.atelierdocaractere.pt\/wp-content\/uploads\/2025\/09\/whatsapp-image-2025-09-18-at-112731-675x450.jpeg 675w, https:\/\/www.atelierdocaractere.pt\/wp-content\/uploads\/2025\/09\/whatsapp-image-2025-09-18-at-112731.jpeg 1600w\" sizes=\"(max-width: 1024px) 100vw, 1024px\" \/><\/figure>\n\n\n\n<p><strong><em>\u201cVai ser a nossa \u00faltima prova, este ano, com o Team Hyundai Portugal e pretendemos aproveitar ao m\u00e1ximo esta oportunidade\u201d,&nbsp;<\/em><\/strong>sublinha Hugo Lopes.<strong><em>&nbsp;\u201cDepois dos \u00faltimos ralis aos comandos do Hyundai i20 N Rally2 sentimos cada vez mais confian\u00e7a, tanto no carro como nas nossas capacidades, o que \u00e9 sempre muito positivo e motivante. Portanto, e sem criar falsas expetativas, vamos partir com mais ambi\u00e7\u00f5es. O objetivo passa por andarmos ainda mais perto dos pilotos da frente, mas sem sabermos em que \u00e9 que isso se vai traduzir em termos de resultado. O mais importante \u00e9 provarmos que podemos ser ainda mais competitivos do que fomos nas \u00faltimas participa\u00e7\u00f5es.\u201d<\/em><\/strong><\/p>\n\n\n\n<p>Vencedor, em 2024, do Rali da \u00c1gua \u2013 Transib\u00e9rico Eurocidade Chaves-Ver\u00edn, na categoria de duas rodas motrizes, Hugo Lopes conhece bem as dificuldades e exig\u00eancias do rali transfronteiri\u00e7o:&nbsp;<strong><em>\u201c\u00c9 um rali interessante e muito desafiante, que ganhei em 2024, nas duas rodas motrizes. Um rali com muitas varia\u00e7\u00f5es de piso, com zonas irregulares, algumas sujas e com cortes de estrada\u201d.<\/em><\/strong><\/p>\n\n\n\n<p>A prepara\u00e7\u00e3o para esta participa\u00e7\u00e3o refor\u00e7a a ambi\u00e7\u00e3o da dupla:<strong>&nbsp;<em>\u201cOs treinos correram muito bem e vamos fazer tudo para justificar a confian\u00e7a que a Hyundai Portugal, a FPAK, a Sports &amp; You e os nossos patrocinadores depositaram em n\u00f3s\u201d<\/em>,&nbsp;<\/strong>afirma Hugo Lopes.<\/p>\n\n\n\n<p>A regi\u00e3o transfronteiri\u00e7a de Chaves e Ver\u00edn (Galiza) vai ser o palco da edi\u00e7\u00e3o de 2025 do Rali da \u00c1gua Transib\u00e9rico Eurocidade Chaves-Ver\u00edn. A prova, que tem a cidade de Chaves como centro nevr\u00e1lgico, arranca na tarde da pr\u00f3xima sexta-feira, com a disputa de tr\u00eas provas especiais de classifica\u00e7\u00e3o (33,67 km). No s\u00e1bado, v\u00e3o realizar-se mais seis classificativas (80,22 km) ao cron\u00f3metro, com a cerim\u00f3nia de p\u00f3dio prevista para as 17h30.<\/p>\n","protected":false},"excerpt":{"rendered":"<p>Depois de conquistarem a primeira vit\u00f3ria absoluta da sua carreira, o piloto Hugo Lopes e a navegadora Magda Oliveira est\u00e3o&#8230;<\/p>\n","protected":false},"author":8,"featured_media":13965,"comment_status":"closed","ping_status":"open","sticky":false,"template":"","format":"standard","meta":[],"categories":[24],"tags":[995,931,996,978,999,965,994,997,934],"yoast_head":"<!-- This site is optimized with the Yoast SEO plugin v20.12 - https:\/\/yoast.com\/wordpress\/plugins\/seo\/ -->\n<title>Hugo Lopes e o Rali da \u00c1gua \u2013 Transib\u00e9rico Eurocidade Chaves-Ver\u00edn 2025: \u201cVamos partir com mais ambi\u00e7\u00f5es\u201d - Atelier do Caractere<\/title>\n<meta name=\"robots\" content=\"index, follow, max-snippet:-1, max-image-preview:large, max-video-preview:-1\" \/>\n<link rel=\"canonical\" href=\"https:\/\/www.atelierdocaractere.pt\/brevemente\/hugo-lopes-e-o-rali-da-agua-transiberico-eurocidade-chaves-verin-2025-vamos-partir-com-mais-ambicoes\/\" \/>\n<meta property=\"og:locale\" content=\"pt_PT\" \/>\n<meta property=\"og:type\" content=\"article\" \/>\n<meta property=\"og:title\" content=\"Hugo Lopes e o Rali da \u00c1gua \u2013 Transib\u00e9rico Eurocidade Chaves-Ver\u00edn 2025: \u201cVamos partir com mais ambi\u00e7\u00f5es\u201d - Atelier do Caractere\" \/>\n<meta property=\"og:description\" content=\"Depois de conquistarem a primeira vit\u00f3ria absoluta da sua carreira, o piloto Hugo Lopes e a navegadora Magda Oliveira est\u00e3o...\" \/>\n<meta property=\"og:url\" content=\"https:\/\/www.atelierdocaractere.pt\/brevemente\/hugo-lopes-e-o-rali-da-agua-transiberico-eurocidade-chaves-verin-2025-vamos-partir-com-mais-ambicoes\/\" \/>\n<meta property=\"og:site_name\" content=\"Atelier do Caractere\" \/>\n<meta property=\"article:publisher\" content=\"https:\/\/www.facebook.com\/AtelierdoCaractere\" \/>\n<meta property=\"article:published_time\" content=\"2025-09-18T10:29:09+00:00\" \/>\n<meta property=\"article:modified_time\" content=\"2025-09-18T10:29:12+00:00\" \/>\n<meta property=\"og:image\" content=\"https:\/\/www.atelierdocaractere.pt\/wp-content\/uploads\/2025\/09\/whatsapp-image-2025-09-18-at-112731.jpeg\" \/>\n\t<meta property=\"og:image:width\" content=\"1600\" \/>\n\t<meta property=\"og:image:height\" content=\"1067\" \/>\n\t<meta property=\"og:image:type\" content=\"image\/jpeg\" \/>\n<meta name=\"author\" content=\"Andr\u00e9 Lopes\" \/>\n<meta name=\"twitter:card\" content=\"summary_large_image\" \/>\n<meta name=\"twitter:label1\" content=\"Escrito por\" \/>\n\t<meta name=\"twitter:data1\" content=\"Andr\u00e9 Lopes\" \/>\n\t<meta name=\"twitter:label2\" content=\"Tempo estimado de leitura\" \/>\n\t<meta name=\"twitter:data2\" content=\"3 minutos\" \/>\n<script type=\"application\/ld+json\" class=\"yoast-schema-graph\">{\"@context\":\"https:\/\/schema.org\",\"@graph\":[{\"@type\":\"WebPage\",\"@id\":\"https:\/\/www.atelierdocaractere.pt\/brevemente\/hugo-lopes-e-o-rali-da-agua-transiberico-eurocidade-chaves-verin-2025-vamos-partir-com-mais-ambicoes\/\",\"url\":\"https:\/\/www.atelierdocaractere.pt\/brevemente\/hugo-lopes-e-o-rali-da-agua-transiberico-eurocidade-chaves-verin-2025-vamos-partir-com-mais-ambicoes\/\",\"name\":\"Hugo Lopes e o Rali da \u00c1gua \u2013 Transib\u00e9rico Eurocidade Chaves-Ver\u00edn 2025: \u201cVamos partir com mais ambi\u00e7\u00f5es\u201d - Atelier do Caractere\",\"isPartOf\":{\"@id\":\"https:\/\/www.atelierdocaractere.pt\/brevemente\/#website\"},\"datePublished\":\"2025-09-18T10:29:09+00:00\",\"dateModified\":\"2025-09-18T10:29:12+00:00\",\"author\":{\"@id\":\"https:\/\/www.atelierdocaractere.pt\/brevemente\/#\/schema\/person\/434214d094c7f8243eba52cce01c3fbf\"},\"breadcrumb\":{\"@id\":\"https:\/\/www.atelierdocaractere.pt\/brevemente\/hugo-lopes-e-o-rali-da-agua-transiberico-eurocidade-chaves-verin-2025-vamos-partir-com-mais-ambicoes\/#breadcrumb\"},\"inLanguage\":\"pt-PT\",\"potentialAction\":[{\"@type\":\"ReadAction\",\"target\":[\"https:\/\/www.atelierdocaractere.pt\/brevemente\/hugo-lopes-e-o-rali-da-agua-transiberico-eurocidade-chaves-verin-2025-vamos-partir-com-mais-ambicoes\/\"]}]},{\"@type\":\"BreadcrumbList\",\"@id\":\"https:\/\/www.atelierdocaractere.pt\/brevemente\/hugo-lopes-e-o-rali-da-agua-transiberico-eurocidade-chaves-verin-2025-vamos-partir-com-mais-ambicoes\/#breadcrumb\",\"itemListElement\":[{\"@type\":\"ListItem\",\"position\":1,\"name\":\"In\u00edcio\",\"item\":\"https:\/\/www.atelierdocaractere.pt\/brevemente\/\"},{\"@type\":\"ListItem\",\"position\":2,\"name\":\"Hugo Lopes e o Rali da \u00c1gua \u2013 Transib\u00e9rico Eurocidade Chaves-Ver\u00edn 2025: \u201cVamos partir com mais ambi\u00e7\u00f5es\u201d\"}]},{\"@type\":\"WebSite\",\"@id\":\"https:\/\/www.atelierdocaractere.pt\/brevemente\/#website\",\"url\":\"https:\/\/www.atelierdocaractere.pt\/brevemente\/\",\"name\":\"Atelier do Caractere\",\"description\":\"\",\"potentialAction\":[{\"@type\":\"SearchAction\",\"target\":{\"@type\":\"EntryPoint\",\"urlTemplate\":\"https:\/\/www.atelierdocaractere.pt\/brevemente\/?s={search_term_string}\"},\"query-input\":\"required name=search_term_string\"}],\"inLanguage\":\"pt-PT\"},{\"@type\":\"Person\",\"@id\":\"https:\/\/www.atelierdocaractere.pt\/brevemente\/#\/schema\/person\/434214d094c7f8243eba52cce01c3fbf\",\"name\":\"Andr\u00e9 Lopes\",\"image\":{\"@type\":\"ImageObject\",\"inLanguage\":\"pt-PT\",\"@id\":\"https:\/\/www.atelierdocaractere.pt\/brevemente\/#\/schema\/person\/image\/\",\"url\":\"https:\/\/secure.gravatar.com\/avatar\/76af1c514620ffe1937f018fe03efb73?s=96&d=mm&r=g\",\"contentUrl\":\"https:\/\/secure.gravatar.com\/avatar\/76af1c514620ffe1937f018fe03efb73?s=96&d=mm&r=g\",\"caption\":\"Andr\u00e9 Lopes\"},\"url\":\"https:\/\/www.atelierdocaractere.pt\/brevemente\/author\/andre-lopes\/\"}]}<\/script>\n<!-- \/ Yoast SEO plugin. -->","yoast_head_json":{"title":"Hugo Lopes e o Rali da \u00c1gua \u2013 Transib\u00e9rico Eurocidade Chaves-Ver\u00edn 2025: \u201cVamos partir com mais ambi\u00e7\u00f5es\u201d - Atelier do Caractere","robots":{"index":"index","follow":"follow","max-snippet":"max-snippet:-1","max-image-preview":"max-image-preview:large","max-video-preview":"max-video-preview:-1"},"canonical":"https:\/\/www.atelierdocaractere.pt\/brevemente\/hugo-lopes-e-o-rali-da-agua-transiberico-eurocidade-chaves-verin-2025-vamos-partir-com-mais-ambicoes\/","og_locale":"pt_PT","og_type":"article","og_title":"Hugo Lopes e o Rali da \u00c1gua \u2013 Transib\u00e9rico Eurocidade Chaves-Ver\u00edn 2025: \u201cVamos partir com mais ambi\u00e7\u00f5es\u201d - Atelier do Caractere","og_description":"Depois de conquistarem a primeira vit\u00f3ria absoluta da sua carreira, o piloto Hugo Lopes e a navegadora Magda Oliveira est\u00e3o...","og_url":"https:\/\/www.atelierdocaractere.pt\/brevemente\/hugo-lopes-e-o-rali-da-agua-transiberico-eurocidade-chaves-verin-2025-vamos-partir-com-mais-ambicoes\/","og_site_name":"Atelier do Caractere","article_publisher":"https:\/\/www.facebook.com\/AtelierdoCaractere","article_published_time":"2025-09-18T10:29:09+00:00","article_modified_time":"2025-09-18T10:29:12+00:00","og_image":[{"width":1600,"height":1067,"url":"https:\/\/www.atelierdocaractere.pt\/wp-content\/uploads\/2025\/09\/whatsapp-image-2025-09-18-at-112731.jpeg","type":"image\/jpeg"}],"author":"Andr\u00e9 Lopes","twitter_card":"summary_large_image","twitter_misc":{"Escrito por":"Andr\u00e9 Lopes","Tempo estimado de leitura":"3 minutos"},"schema":{"@context":"https:\/\/schema.org","@graph":[{"@type":"WebPage","@id":"https:\/\/www.atelierdocaractere.pt\/brevemente\/hugo-lopes-e-o-rali-da-agua-transiberico-eurocidade-chaves-verin-2025-vamos-partir-com-mais-ambicoes\/","url":"https:\/\/www.atelierdocaractere.pt\/brevemente\/hugo-lopes-e-o-rali-da-agua-transiberico-eurocidade-chaves-verin-2025-vamos-partir-com-mais-ambicoes\/","name":"Hugo Lopes e o Rali da \u00c1gua \u2013 Transib\u00e9rico Eurocidade Chaves-Ver\u00edn 2025: \u201cVamos partir com mais ambi\u00e7\u00f5es\u201d - Atelier do Caractere","isPartOf":{"@id":"https:\/\/www.atelierdocaractere.pt\/brevemente\/#website"},"datePublished":"2025-09-18T10:29:09+00:00","dateModified":"2025-09-18T10:29:12+00:00","author":{"@id":"https:\/\/www.atelierdocaractere.pt\/brevemente\/#\/schema\/person\/434214d094c7f8243eba52cce01c3fbf"},"breadcrumb":{"@id":"https:\/\/www.atelierdocaractere.pt\/brevemente\/hugo-lopes-e-o-rali-da-agua-transiberico-eurocidade-chaves-verin-2025-vamos-partir-com-mais-ambicoes\/#breadcrumb"},"inLanguage":"pt-PT","potentialAction":[{"@type":"ReadAction","target":["https:\/\/www.atelierdocaractere.pt\/brevemente\/hugo-lopes-e-o-rali-da-agua-transiberico-eurocidade-chaves-verin-2025-vamos-partir-com-mais-ambicoes\/"]}]},{"@type":"BreadcrumbList","@id":"https:\/\/www.atelierdocaractere.pt\/brevemente\/hugo-lopes-e-o-rali-da-agua-transiberico-eurocidade-chaves-verin-2025-vamos-partir-com-mais-ambicoes\/#breadcrumb","itemListElement":[{"@type":"ListItem","position":1,"name":"In\u00edcio","item":"https:\/\/www.atelierdocaractere.pt\/brevemente\/"},{"@type":"ListItem","position":2,"name":"Hugo Lopes e o Rali da \u00c1gua \u2013 Transib\u00e9rico Eurocidade Chaves-Ver\u00edn 2025: \u201cVamos partir com mais ambi\u00e7\u00f5es\u201d"}]},{"@type":"WebSite","@id":"https:\/\/www.atelierdocaractere.pt\/brevemente\/#website","url":"https:\/\/www.atelierdocaractere.pt\/brevemente\/","name":"Atelier do Caractere","description":"","potentialAction":[{"@type":"SearchAction","target":{"@type":"EntryPoint","urlTemplate":"https:\/\/www.atelierdocaractere.pt\/brevemente\/?s={search_term_string}"},"query-input":"required name=search_term_string"}],"inLanguage":"pt-PT"},{"@type":"Person","@id":"https:\/\/www.atelierdocaractere.pt\/brevemente\/#\/schema\/person\/434214d094c7f8243eba52cce01c3fbf","name":"Andr\u00e9 Lopes","image":{"@type":"ImageObject","inLanguage":"pt-PT","@id":"https:\/\/www.atelierdocaractere.pt\/brevemente\/#\/schema\/person\/image\/","url":"https:\/\/secure.gravatar.com\/avatar\/76af1c514620ffe1937f018fe03efb73?s=96&d=mm&r=g","contentUrl":"https:\/\/secure.gravatar.com\/avatar\/76af1c514620ffe1937f018fe03efb73?s=96&d=mm&r=g","caption":"Andr\u00e9 Lopes"},"url":"https:\/\/www.atelierdocaractere.pt\/brevemente\/author\/andre-lopes\/"}]}},"_links":{"self":[{"href":"https:\/\/www.atelierdocaractere.pt\/brevemente\/wp-json\/wp\/v2\/posts\/13964"}],"collection":[{"href":"https:\/\/www.atelierdocaractere.pt\/brevemente\/wp-json\/wp\/v2\/posts"}],"about":[{"href":"https:\/\/www.atelierdocaractere.pt\/brevemente\/wp-json\/wp\/v2\/types\/post"}],"author":[{"embeddable":true,"href":"https:\/\/www.atelierdocaractere.pt\/brevemente\/wp-json\/wp\/v2\/users\/8"}],"replies":[{"embeddable":true,"href":"https:\/\/www.atelierdocaractere.pt\/brevemente\/wp-json\/wp\/v2\/comments?post=13964"}],"version-history":[{"count":1,"href":"https:\/\/www.atelierdocaractere.pt\/brevemente\/wp-json\/wp\/v2\/posts\/13964\/revisions"}],"predecessor-version":[{"id":13966,"href":"https:\/\/www.atelierdocaractere.pt\/brevemente\/wp-json\/wp\/v2\/posts\/13964\/revisions\/13966"}],"wp:featuredmedia":[{"embeddable":true,"href":"https:\/\/www.atelierdocaractere.pt\/brevemente\/wp-json\/wp\/v2\/media\/13965"}],"wp:attachment":[{"href":"https:\/\/www.atelierdocaractere.pt\/brevemente\/wp-json\/wp\/v2\/media?parent=13964"}],"wp:term":[{"taxonomy":"category","embeddable":true,"href":"https:\/\/www.atelierdocaractere.pt\/brevemente\/wp-json\/wp\/v2\/categories?post=13964"},{"taxonomy":"post_tag","embeddable":true,"href":"https:\/\/www.atelierdocaractere.pt\/brevemente\/wp-json\/wp\/v2\/tags?post=13964"}],"curies":[{"name":"wp","href":"https:\/\/api.w.org\/{rel}","templated":true}]}}