{"id":13969,"date":"2025-09-21T10:29:35","date_gmt":"2025-09-21T10:29:35","guid":{"rendered":"https:\/\/www.atelierdocaractere.pt\/brevemente\/?p=13969"},"modified":"2025-09-21T10:29:37","modified_gmt":"2025-09-21T10:29:37","slug":"francisco-fontes-conquista-podio-na-estreia-no-campeonato-de-portugal-de-ralis","status":"publish","type":"post","link":"https:\/\/www.atelierdocaractere.pt\/brevemente\/francisco-fontes-conquista-podio-na-estreia-no-campeonato-de-portugal-de-ralis\/","title":{"rendered":"Francisco Fontes conquista p\u00f3dio na estreia no Campeonato de Portugal de Ralis"},"content":{"rendered":"\n<p><strong>Na estreia no Campeonato de Portugal de Ralis (CPR), Francisco Fontes garantiu um excelente segundo lugar na competi\u00e7\u00e3o &#8220;FPAK J\u00fanior Team Ralis&#8221;, no Rali da \u00c1gua \u2013 Transib\u00e9rico Eurocidade Chaves-Ver\u00edn. Este p\u00f3dio marca um in\u00edcio promissor para o jovem piloto de 18 anos e tamb\u00e9m para o novo Lancia Ypsilon HF Racing Rally6, que assinalou o regresso da ic\u00f3nica marca italiana \u00e0s classificativas nacionais.<\/strong><\/p>\n\n\n\n<p>Ainda nem sequer tinha nascido quando o pai se sagrou, pela primeira vez, campe\u00e3o nacional de ralis. Mas 20 anos depois, Francisco Fontes confirmou que est\u00e1 \u00e0 altura do legado da fam\u00edlia. Na prova que teve como palco a regi\u00e3o transfronteiri\u00e7a de Tr\u00e1s-os-Montes e da Galiza, o jovem de 18 anos foi o segundo classificado entre os \u201cFPAK J\u00fanior Team Ralis\u201d, uma competi\u00e7\u00e3o promovida pela entidade federativa que visa lan\u00e7ar novos talentos para os ralis.<\/p>\n\n\n\n<p><strong><em>&#8220;O primeiro dia do rali foi dif\u00edcil, com dois excessos \u2014um no shakedown e outro no primeiro tro\u00e7o\u2014 que me fizeram perder bastante confian\u00e7a&#8221;,<\/em><\/strong><strong>&nbsp;<\/strong>confessou Francisco Fontes.<strong>&nbsp;<em>&#8220;\u00c0 medida que o rali foi decorrendo, fui melhorando, mas o mais importante \u00e9 que acumulei importantes quil\u00f3metros para a minha aprendizagem\u201d.<\/em><\/strong><\/p>\n\n\n\n<p>A prova, descrita como&nbsp;<strong>&#8220;bastante r\u00e1pida&#8221;&nbsp;<\/strong>pelo piloto, permitiu-lhe evoluir e ganhar experi\u00eancia.<strong>&nbsp;\u201c<em>N\u00e3o foi um rali nada f\u00e1cil, muitas vezes com condi\u00e7\u00f5es de ader\u00eancia bastante dif\u00edceis por causa das passagens nas bermas. Mas a experi\u00eancia do Hugo Magalh\u00e3es (o navegador) foi fundamental para chegar ao fim e conquistar este resultado\u201d.<\/em><\/strong><\/p>\n\n\n\n<p>Por \u00faltimo, Francisco Fontes fez quest\u00e3o de sublinhar:&nbsp;<strong><em>&#8220;O n\u00edvel na FPAK J\u00fanior Team est\u00e1 alt\u00edssimo e dou os parab\u00e9ns ao Pedro C\u00e2mara, pelo excelente rali que fez. Eu s\u00f3 agora \u00e9 que estou a dar os primeiros passos. Ainda tenho um longo caminho a percorrer e muito a aprender, mas sei que vou l\u00e1 chegar. Muito obrigado a todos que me est\u00e3o a apoiar, nomeadamente os meus patrocinadores.\u201d<\/em><\/strong><\/p>\n","protected":false},"excerpt":{"rendered":"<p>Na estreia no Campeonato de Portugal de Ralis (CPR), Francisco Fontes garantiu um excelente segundo lugar na competi\u00e7\u00e3o &#8220;FPAK J\u00fanior&#8230;<\/p>\n","protected":false},"author":8,"featured_media":13970,"comment_status":"closed","ping_status":"open","sticky":false,"template":"","format":"standard","meta":[],"categories":[24],"tags":[81,992,998,1001,986],"yoast_head":"<!-- This site is optimized with the Yoast SEO plugin v20.12 - https:\/\/yoast.com\/wordpress\/plugins\/seo\/ -->\n<title>Francisco Fontes conquista p\u00f3dio na estreia no Campeonato de Portugal de Ralis - Atelier do Caractere<\/title>\n<meta name=\"robots\" content=\"index, follow, max-snippet:-1, max-image-preview:large, max-video-preview:-1\" \/>\n<link rel=\"canonical\" href=\"https:\/\/www.atelierdocaractere.pt\/brevemente\/francisco-fontes-conquista-podio-na-estreia-no-campeonato-de-portugal-de-ralis\/\" \/>\n<meta property=\"og:locale\" content=\"pt_PT\" \/>\n<meta property=\"og:type\" content=\"article\" \/>\n<meta property=\"og:title\" content=\"Francisco Fontes conquista p\u00f3dio na estreia no Campeonato de Portugal de Ralis - Atelier do Caractere\" \/>\n<meta property=\"og:description\" content=\"Na estreia no Campeonato de Portugal de Ralis (CPR), Francisco Fontes garantiu um excelente segundo lugar na competi\u00e7\u00e3o &#8220;FPAK J\u00fanior...\" \/>\n<meta property=\"og:url\" content=\"https:\/\/www.atelierdocaractere.pt\/brevemente\/francisco-fontes-conquista-podio-na-estreia-no-campeonato-de-portugal-de-ralis\/\" \/>\n<meta property=\"og:site_name\" content=\"Atelier do Caractere\" \/>\n<meta property=\"article:publisher\" content=\"https:\/\/www.facebook.com\/AtelierdoCaractere\" \/>\n<meta property=\"article:published_time\" content=\"2025-09-21T10:29:35+00:00\" \/>\n<meta property=\"article:modified_time\" content=\"2025-09-21T10:29:37+00:00\" \/>\n<meta property=\"og:image\" content=\"https:\/\/www.atelierdocaractere.pt\/wp-content\/uploads\/2025\/09\/whatsapp-image-2025-09-21-at-112014.jpeg\" \/>\n\t<meta property=\"og:image:width\" content=\"1600\" \/>\n\t<meta property=\"og:image:height\" content=\"1073\" \/>\n\t<meta property=\"og:image:type\" content=\"image\/jpeg\" \/>\n<meta name=\"author\" content=\"Andr\u00e9 Lopes\" \/>\n<meta name=\"twitter:card\" content=\"summary_large_image\" \/>\n<meta name=\"twitter:label1\" content=\"Escrito por\" \/>\n\t<meta name=\"twitter:data1\" content=\"Andr\u00e9 Lopes\" \/>\n\t<meta name=\"twitter:label2\" content=\"Tempo estimado de leitura\" \/>\n\t<meta name=\"twitter:data2\" content=\"2 minutos\" \/>\n<script type=\"application\/ld+json\" class=\"yoast-schema-graph\">{\"@context\":\"https:\/\/schema.org\",\"@graph\":[{\"@type\":\"WebPage\",\"@id\":\"https:\/\/www.atelierdocaractere.pt\/brevemente\/francisco-fontes-conquista-podio-na-estreia-no-campeonato-de-portugal-de-ralis\/\",\"url\":\"https:\/\/www.atelierdocaractere.pt\/brevemente\/francisco-fontes-conquista-podio-na-estreia-no-campeonato-de-portugal-de-ralis\/\",\"name\":\"Francisco Fontes conquista p\u00f3dio na estreia no Campeonato de Portugal de Ralis - Atelier do Caractere\",\"isPartOf\":{\"@id\":\"https:\/\/www.atelierdocaractere.pt\/brevemente\/#website\"},\"datePublished\":\"2025-09-21T10:29:35+00:00\",\"dateModified\":\"2025-09-21T10:29:37+00:00\",\"author\":{\"@id\":\"https:\/\/www.atelierdocaractere.pt\/brevemente\/#\/schema\/person\/434214d094c7f8243eba52cce01c3fbf\"},\"breadcrumb\":{\"@id\":\"https:\/\/www.atelierdocaractere.pt\/brevemente\/francisco-fontes-conquista-podio-na-estreia-no-campeonato-de-portugal-de-ralis\/#breadcrumb\"},\"inLanguage\":\"pt-PT\",\"potentialAction\":[{\"@type\":\"ReadAction\",\"target\":[\"https:\/\/www.atelierdocaractere.pt\/brevemente\/francisco-fontes-conquista-podio-na-estreia-no-campeonato-de-portugal-de-ralis\/\"]}]},{\"@type\":\"BreadcrumbList\",\"@id\":\"https:\/\/www.atelierdocaractere.pt\/brevemente\/francisco-fontes-conquista-podio-na-estreia-no-campeonato-de-portugal-de-ralis\/#breadcrumb\",\"itemListElement\":[{\"@type\":\"ListItem\",\"position\":1,\"name\":\"In\u00edcio\",\"item\":\"https:\/\/www.atelierdocaractere.pt\/brevemente\/\"},{\"@type\":\"ListItem\",\"position\":2,\"name\":\"Francisco Fontes conquista p\u00f3dio na estreia no Campeonato de Portugal de Ralis\"}]},{\"@type\":\"WebSite\",\"@id\":\"https:\/\/www.atelierdocaractere.pt\/brevemente\/#website\",\"url\":\"https:\/\/www.atelierdocaractere.pt\/brevemente\/\",\"name\":\"Atelier do Caractere\",\"description\":\"\",\"potentialAction\":[{\"@type\":\"SearchAction\",\"target\":{\"@type\":\"EntryPoint\",\"urlTemplate\":\"https:\/\/www.atelierdocaractere.pt\/brevemente\/?s={search_term_string}\"},\"query-input\":\"required name=search_term_string\"}],\"inLanguage\":\"pt-PT\"},{\"@type\":\"Person\",\"@id\":\"https:\/\/www.atelierdocaractere.pt\/brevemente\/#\/schema\/person\/434214d094c7f8243eba52cce01c3fbf\",\"name\":\"Andr\u00e9 Lopes\",\"image\":{\"@type\":\"ImageObject\",\"inLanguage\":\"pt-PT\",\"@id\":\"https:\/\/www.atelierdocaractere.pt\/brevemente\/#\/schema\/person\/image\/\",\"url\":\"https:\/\/secure.gravatar.com\/avatar\/76af1c514620ffe1937f018fe03efb73?s=96&d=mm&r=g\",\"contentUrl\":\"https:\/\/secure.gravatar.com\/avatar\/76af1c514620ffe1937f018fe03efb73?s=96&d=mm&r=g\",\"caption\":\"Andr\u00e9 Lopes\"},\"url\":\"https:\/\/www.atelierdocaractere.pt\/brevemente\/author\/andre-lopes\/\"}]}<\/script>\n<!-- \/ Yoast SEO plugin. -->","yoast_head_json":{"title":"Francisco Fontes conquista p\u00f3dio na estreia no Campeonato de Portugal de Ralis - Atelier do Caractere","robots":{"index":"index","follow":"follow","max-snippet":"max-snippet:-1","max-image-preview":"max-image-preview:large","max-video-preview":"max-video-preview:-1"},"canonical":"https:\/\/www.atelierdocaractere.pt\/brevemente\/francisco-fontes-conquista-podio-na-estreia-no-campeonato-de-portugal-de-ralis\/","og_locale":"pt_PT","og_type":"article","og_title":"Francisco Fontes conquista p\u00f3dio na estreia no Campeonato de Portugal de Ralis - Atelier do Caractere","og_description":"Na estreia no Campeonato de Portugal de Ralis (CPR), Francisco Fontes garantiu um excelente segundo lugar na competi\u00e7\u00e3o &#8220;FPAK J\u00fanior...","og_url":"https:\/\/www.atelierdocaractere.pt\/brevemente\/francisco-fontes-conquista-podio-na-estreia-no-campeonato-de-portugal-de-ralis\/","og_site_name":"Atelier do Caractere","article_publisher":"https:\/\/www.facebook.com\/AtelierdoCaractere","article_published_time":"2025-09-21T10:29:35+00:00","article_modified_time":"2025-09-21T10:29:37+00:00","og_image":[{"width":1600,"height":1073,"url":"https:\/\/www.atelierdocaractere.pt\/wp-content\/uploads\/2025\/09\/whatsapp-image-2025-09-21-at-112014.jpeg","type":"image\/jpeg"}],"author":"Andr\u00e9 Lopes","twitter_card":"summary_large_image","twitter_misc":{"Escrito por":"Andr\u00e9 Lopes","Tempo estimado de leitura":"2 minutos"},"schema":{"@context":"https:\/\/schema.org","@graph":[{"@type":"WebPage","@id":"https:\/\/www.atelierdocaractere.pt\/brevemente\/francisco-fontes-conquista-podio-na-estreia-no-campeonato-de-portugal-de-ralis\/","url":"https:\/\/www.atelierdocaractere.pt\/brevemente\/francisco-fontes-conquista-podio-na-estreia-no-campeonato-de-portugal-de-ralis\/","name":"Francisco Fontes conquista p\u00f3dio na estreia no Campeonato de Portugal de Ralis - Atelier do Caractere","isPartOf":{"@id":"https:\/\/www.atelierdocaractere.pt\/brevemente\/#website"},"datePublished":"2025-09-21T10:29:35+00:00","dateModified":"2025-09-21T10:29:37+00:00","author":{"@id":"https:\/\/www.atelierdocaractere.pt\/brevemente\/#\/schema\/person\/434214d094c7f8243eba52cce01c3fbf"},"breadcrumb":{"@id":"https:\/\/www.atelierdocaractere.pt\/brevemente\/francisco-fontes-conquista-podio-na-estreia-no-campeonato-de-portugal-de-ralis\/#breadcrumb"},"inLanguage":"pt-PT","potentialAction":[{"@type":"ReadAction","target":["https:\/\/www.atelierdocaractere.pt\/brevemente\/francisco-fontes-conquista-podio-na-estreia-no-campeonato-de-portugal-de-ralis\/"]}]},{"@type":"BreadcrumbList","@id":"https:\/\/www.atelierdocaractere.pt\/brevemente\/francisco-fontes-conquista-podio-na-estreia-no-campeonato-de-portugal-de-ralis\/#breadcrumb","itemListElement":[{"@type":"ListItem","position":1,"name":"In\u00edcio","item":"https:\/\/www.atelierdocaractere.pt\/brevemente\/"},{"@type":"ListItem","position":2,"name":"Francisco Fontes conquista p\u00f3dio na estreia no Campeonato de Portugal de Ralis"}]},{"@type":"WebSite","@id":"https:\/\/www.atelierdocaractere.pt\/brevemente\/#website","url":"https:\/\/www.atelierdocaractere.pt\/brevemente\/","name":"Atelier do Caractere","description":"","potentialAction":[{"@type":"SearchAction","target":{"@type":"EntryPoint","urlTemplate":"https:\/\/www.atelierdocaractere.pt\/brevemente\/?s={search_term_string}"},"query-input":"required name=search_term_string"}],"inLanguage":"pt-PT"},{"@type":"Person","@id":"https:\/\/www.atelierdocaractere.pt\/brevemente\/#\/schema\/person\/434214d094c7f8243eba52cce01c3fbf","name":"Andr\u00e9 Lopes","image":{"@type":"ImageObject","inLanguage":"pt-PT","@id":"https:\/\/www.atelierdocaractere.pt\/brevemente\/#\/schema\/person\/image\/","url":"https:\/\/secure.gravatar.com\/avatar\/76af1c514620ffe1937f018fe03efb73?s=96&d=mm&r=g","contentUrl":"https:\/\/secure.gravatar.com\/avatar\/76af1c514620ffe1937f018fe03efb73?s=96&d=mm&r=g","caption":"Andr\u00e9 Lopes"},"url":"https:\/\/www.atelierdocaractere.pt\/brevemente\/author\/andre-lopes\/"}]}},"_links":{"self":[{"href":"https:\/\/www.atelierdocaractere.pt\/brevemente\/wp-json\/wp\/v2\/posts\/13969"}],"collection":[{"href":"https:\/\/www.atelierdocaractere.pt\/brevemente\/wp-json\/wp\/v2\/posts"}],"about":[{"href":"https:\/\/www.atelierdocaractere.pt\/brevemente\/wp-json\/wp\/v2\/types\/post"}],"author":[{"embeddable":true,"href":"https:\/\/www.atelierdocaractere.pt\/brevemente\/wp-json\/wp\/v2\/users\/8"}],"replies":[{"embeddable":true,"href":"https:\/\/www.atelierdocaractere.pt\/brevemente\/wp-json\/wp\/v2\/comments?post=13969"}],"version-history":[{"count":1,"href":"https:\/\/www.atelierdocaractere.pt\/brevemente\/wp-json\/wp\/v2\/posts\/13969\/revisions"}],"predecessor-version":[{"id":13971,"href":"https:\/\/www.atelierdocaractere.pt\/brevemente\/wp-json\/wp\/v2\/posts\/13969\/revisions\/13971"}],"wp:featuredmedia":[{"embeddable":true,"href":"https:\/\/www.atelierdocaractere.pt\/brevemente\/wp-json\/wp\/v2\/media\/13970"}],"wp:attachment":[{"href":"https:\/\/www.atelierdocaractere.pt\/brevemente\/wp-json\/wp\/v2\/media?parent=13969"}],"wp:term":[{"taxonomy":"category","embeddable":true,"href":"https:\/\/www.atelierdocaractere.pt\/brevemente\/wp-json\/wp\/v2\/categories?post=13969"},{"taxonomy":"post_tag","embeddable":true,"href":"https:\/\/www.atelierdocaractere.pt\/brevemente\/wp-json\/wp\/v2\/tags?post=13969"}],"curies":[{"name":"wp","href":"https:\/\/api.w.org\/{rel}","templated":true}]}}