{"id":13975,"date":"2025-10-02T15:28:04","date_gmt":"2025-10-02T15:28:04","guid":{"rendered":"https:\/\/www.atelierdocaractere.pt\/brevemente\/?p=13975"},"modified":"2025-10-06T15:47:53","modified_gmt":"2025-10-06T15:47:53","slug":"praia-fluvial-de-sangemil-acolheu-acao-de-limpeza-no-dia-internacional-da-limpeza-costeira","status":"publish","type":"post","link":"https:\/\/www.atelierdocaractere.pt\/brevemente\/praia-fluvial-de-sangemil-acolheu-acao-de-limpeza-no-dia-internacional-da-limpeza-costeira\/","title":{"rendered":"Praia Fluvial de Sangemil acolheu a\u00e7\u00e3o de limpeza no Dia Internacional da Limpeza Costeira\u00a0"},"content":{"rendered":"\n<p><strong>Iniciativa promovida pelo EUROPE DIRECT Viseu D\u00e3o Laf\u00f5es recolheu 26,5 quilos de res\u00edduos. Bombeiros Sapadores da CIM Viseu D\u00e3o Laf\u00f5es e volunt\u00e1rios da V\u00e1rios &#8211; Cooperativa de Solidariedade Social uniram esfor\u00e7os pela prote\u00e7\u00e3o da natureza.<\/strong><\/p>\n\n\n\n<p>No dia 23 de setembro, a <strong>Praia Fluvial de Sangemil<\/strong>, no concelho de Tondela, foi palco de uma a\u00e7\u00e3o de limpeza dinamizada pelo <strong>EUROPE DIRECT Viseu D\u00e3o Laf\u00f5es<\/strong>, no \u00e2mbito do <strong>Dia Internacional da Limpeza Costeira.<\/strong><\/p>\n\n\n\n<p>A iniciativa contou com a participa\u00e7\u00e3o de 16 volunt\u00e1rios, da Comunidade Intermunicipal (CIM) Viseu D\u00e3o Laf\u00f5es, do EUROPE DIRECT Viseu D\u00e3o Laf\u00f5es, da Brigada de Sapadores da CIM Viseu D\u00e3o Laf\u00f5es e da V\u00e1rios &#8211; Cooperativa de Solidariedade Social, que uniram esfor\u00e7os para a prote\u00e7\u00e3o dos ecossistemas fluviais e marinhos.<\/p>\n\n\n\n<p>No final da a\u00e7\u00e3o, estavam recolhidos 26,5 quilos de res\u00edduos, sobretudo pl\u00e1sticos, vidro e outros materiais que amea\u00e7avam o equil\u00edbrio do ecossistema fluvial.<\/p>\n\n\n\n<p>A a\u00e7\u00e3o inseriu-se na campanha mundial #EUBeachCleanup, promovida todos os anos pela Uni\u00e3o Europeia e pelas Na\u00e7\u00f5es Unidas e coordenada em Portugal pela Funda\u00e7\u00e3o Oceano Azul. Este ano, entre 20 e 28 de setembro, decorreram dezenas de a\u00e7\u00f5es de limpeza em praias, rios e zonas costeiras, que envolveram cidad\u00e3os de todo o pa\u00eds, incluindo as ilhas. Desde 2019, a campanha j\u00e1 envolveu mais de 18 mil volunt\u00e1rios em Portugal, em 625 a\u00e7\u00f5es que resultaram na recolha de 250 toneladas de lixo marinho.<\/p>\n\n\n\n<p>Para <strong>Nuno Martinho, Secret\u00e1rio Executivo da CIM Viseu D\u00e3o Laf\u00f5es<\/strong>, esta mobiliza\u00e7\u00e3o assumiu um significado especial: <em>\u201cGrande parte do lixo que chega aos oceanos vem dos rios. Por isso, faz toda a diferen\u00e7a agir tamb\u00e9m a montante nestes espa\u00e7os. Em Sangemil, mostr\u00e1mos como um gesto local pode ter resultados globais. Foi inspirador ver tantas pessoas a dedicar o seu tempo e energia a esta causa\u201d<\/em>.<\/p>\n\n\n\n<p><em>\u201cFoi com enorme orgulho que a CIM Viseu D\u00e3o Laf\u00f5es e o EUROPE DIRECT Viseu D\u00e3o Laf\u00f5es se voltaram a associar a este movimento internacional, contribuindo para uma causa urgente e transversal. Foi especialmente gratificante contar, nesta edi\u00e7\u00e3o, com a colabora\u00e7\u00e3o da Cooperativa V\u00e1rios, uma entidade profundamente comprometida com a solidariedade social. Juntos, demonstr\u00e1mos que a defesa do ambiente se faz com a\u00e7\u00f5es concretas, no terreno, e com o envolvimento de todos\u201d<\/em>, acrescentou.<\/p>\n\n\n\n<p>O EUROPE DIRECT Viseu D\u00e3o Laf\u00f5es tem assumido, ano ap\u00f3s ano, a miss\u00e3o de mobilizar parceiros locais, entre autarquias, escolas, associa\u00e7\u00f5es e cidad\u00e3os, para a #EUBeachCleanup. O objetivo \u00e9 simples, mas fundamental: sensibilizar para os problemas da polui\u00e7\u00e3o marinha e refor\u00e7ar a import\u00e2ncia de comportamentos mais respons\u00e1veis no dia a dia.<\/p>\n","protected":false},"excerpt":{"rendered":"<p>Iniciativa promovida pelo EUROPE DIRECT Viseu D\u00e3o Laf\u00f5es recolheu 26,5 quilos de res\u00edduos. Bombeiros Sapadores da CIM Viseu D\u00e3o Laf\u00f5es&#8230;<\/p>\n","protected":false},"author":7,"featured_media":13976,"comment_status":"closed","ping_status":"open","sticky":false,"template":"","format":"standard","meta":[],"categories":[38,22],"tags":[448,738,741,636],"yoast_head":"<!-- This site is optimized with the Yoast SEO plugin v20.12 - https:\/\/yoast.com\/wordpress\/plugins\/seo\/ -->\n<title>Praia Fluvial de Sangemil acolheu a\u00e7\u00e3o de limpeza no Dia Internacional da Limpeza Costeira\u00a0 - Atelier do Caractere<\/title>\n<meta name=\"robots\" content=\"index, follow, max-snippet:-1, max-image-preview:large, max-video-preview:-1\" \/>\n<link rel=\"canonical\" href=\"https:\/\/www.atelierdocaractere.pt\/brevemente\/praia-fluvial-de-sangemil-acolheu-acao-de-limpeza-no-dia-internacional-da-limpeza-costeira\/\" \/>\n<meta property=\"og:locale\" content=\"pt_PT\" \/>\n<meta property=\"og:type\" content=\"article\" \/>\n<meta property=\"og:title\" content=\"Praia Fluvial de Sangemil acolheu a\u00e7\u00e3o de limpeza no Dia Internacional da Limpeza Costeira\u00a0 - Atelier do Caractere\" \/>\n<meta property=\"og:description\" content=\"Iniciativa promovida pelo EUROPE DIRECT Viseu D\u00e3o Laf\u00f5es recolheu 26,5 quilos de res\u00edduos. Bombeiros Sapadores da CIM Viseu D\u00e3o Laf\u00f5es...\" \/>\n<meta property=\"og:url\" content=\"https:\/\/www.atelierdocaractere.pt\/brevemente\/praia-fluvial-de-sangemil-acolheu-acao-de-limpeza-no-dia-internacional-da-limpeza-costeira\/\" \/>\n<meta property=\"og:site_name\" content=\"Atelier do Caractere\" \/>\n<meta property=\"article:publisher\" content=\"https:\/\/www.facebook.com\/AtelierdoCaractere\" \/>\n<meta property=\"article:published_time\" content=\"2025-10-02T15:28:04+00:00\" \/>\n<meta property=\"article:modified_time\" content=\"2025-10-06T15:47:53+00:00\" \/>\n<meta property=\"og:image\" content=\"https:\/\/www.atelierdocaractere.pt\/wp-content\/uploads\/2025\/10\/sangemil-1.jpg\" \/>\n\t<meta property=\"og:image:width\" content=\"1500\" \/>\n\t<meta property=\"og:image:height\" content=\"1000\" \/>\n\t<meta property=\"og:image:type\" content=\"image\/jpeg\" \/>\n<meta name=\"author\" content=\"Joana Barbosa\" \/>\n<meta name=\"twitter:card\" content=\"summary_large_image\" \/>\n<meta name=\"twitter:label1\" content=\"Escrito por\" \/>\n\t<meta name=\"twitter:data1\" content=\"Joana Barbosa\" \/>\n\t<meta name=\"twitter:label2\" content=\"Tempo estimado de leitura\" \/>\n\t<meta name=\"twitter:data2\" content=\"3 minutos\" \/>\n<script type=\"application\/ld+json\" class=\"yoast-schema-graph\">{\"@context\":\"https:\/\/schema.org\",\"@graph\":[{\"@type\":\"WebPage\",\"@id\":\"https:\/\/www.atelierdocaractere.pt\/brevemente\/praia-fluvial-de-sangemil-acolheu-acao-de-limpeza-no-dia-internacional-da-limpeza-costeira\/\",\"url\":\"https:\/\/www.atelierdocaractere.pt\/brevemente\/praia-fluvial-de-sangemil-acolheu-acao-de-limpeza-no-dia-internacional-da-limpeza-costeira\/\",\"name\":\"Praia Fluvial de Sangemil acolheu a\u00e7\u00e3o de limpeza no Dia Internacional da Limpeza Costeira\u00a0 - Atelier do Caractere\",\"isPartOf\":{\"@id\":\"https:\/\/www.atelierdocaractere.pt\/brevemente\/#website\"},\"datePublished\":\"2025-10-02T15:28:04+00:00\",\"dateModified\":\"2025-10-06T15:47:53+00:00\",\"author\":{\"@id\":\"https:\/\/www.atelierdocaractere.pt\/brevemente\/#\/schema\/person\/f2f096eb0f27d9894725af22cb97c0db\"},\"breadcrumb\":{\"@id\":\"https:\/\/www.atelierdocaractere.pt\/brevemente\/praia-fluvial-de-sangemil-acolheu-acao-de-limpeza-no-dia-internacional-da-limpeza-costeira\/#breadcrumb\"},\"inLanguage\":\"pt-PT\",\"potentialAction\":[{\"@type\":\"ReadAction\",\"target\":[\"https:\/\/www.atelierdocaractere.pt\/brevemente\/praia-fluvial-de-sangemil-acolheu-acao-de-limpeza-no-dia-internacional-da-limpeza-costeira\/\"]}]},{\"@type\":\"BreadcrumbList\",\"@id\":\"https:\/\/www.atelierdocaractere.pt\/brevemente\/praia-fluvial-de-sangemil-acolheu-acao-de-limpeza-no-dia-internacional-da-limpeza-costeira\/#breadcrumb\",\"itemListElement\":[{\"@type\":\"ListItem\",\"position\":1,\"name\":\"In\u00edcio\",\"item\":\"https:\/\/www.atelierdocaractere.pt\/brevemente\/\"},{\"@type\":\"ListItem\",\"position\":2,\"name\":\"Praia Fluvial de Sangemil acolheu a\u00e7\u00e3o de limpeza no Dia Internacional da Limpeza Costeira\u00a0\"}]},{\"@type\":\"WebSite\",\"@id\":\"https:\/\/www.atelierdocaractere.pt\/brevemente\/#website\",\"url\":\"https:\/\/www.atelierdocaractere.pt\/brevemente\/\",\"name\":\"Atelier do Caractere\",\"description\":\"\",\"potentialAction\":[{\"@type\":\"SearchAction\",\"target\":{\"@type\":\"EntryPoint\",\"urlTemplate\":\"https:\/\/www.atelierdocaractere.pt\/brevemente\/?s={search_term_string}\"},\"query-input\":\"required name=search_term_string\"}],\"inLanguage\":\"pt-PT\"},{\"@type\":\"Person\",\"@id\":\"https:\/\/www.atelierdocaractere.pt\/brevemente\/#\/schema\/person\/f2f096eb0f27d9894725af22cb97c0db\",\"name\":\"Joana Barbosa\",\"image\":{\"@type\":\"ImageObject\",\"inLanguage\":\"pt-PT\",\"@id\":\"https:\/\/www.atelierdocaractere.pt\/brevemente\/#\/schema\/person\/image\/\",\"url\":\"https:\/\/secure.gravatar.com\/avatar\/33e8214b45e9d68a3a83008731075979?s=96&d=mm&r=g\",\"contentUrl\":\"https:\/\/secure.gravatar.com\/avatar\/33e8214b45e9d68a3a83008731075979?s=96&d=mm&r=g\",\"caption\":\"Joana Barbosa\"},\"url\":\"https:\/\/www.atelierdocaractere.pt\/brevemente\/author\/joanabarbosa\/\"}]}<\/script>\n<!-- \/ Yoast SEO plugin. -->","yoast_head_json":{"title":"Praia Fluvial de Sangemil acolheu a\u00e7\u00e3o de limpeza no Dia Internacional da Limpeza Costeira\u00a0 - Atelier do Caractere","robots":{"index":"index","follow":"follow","max-snippet":"max-snippet:-1","max-image-preview":"max-image-preview:large","max-video-preview":"max-video-preview:-1"},"canonical":"https:\/\/www.atelierdocaractere.pt\/brevemente\/praia-fluvial-de-sangemil-acolheu-acao-de-limpeza-no-dia-internacional-da-limpeza-costeira\/","og_locale":"pt_PT","og_type":"article","og_title":"Praia Fluvial de Sangemil acolheu a\u00e7\u00e3o de limpeza no Dia Internacional da Limpeza Costeira\u00a0 - Atelier do Caractere","og_description":"Iniciativa promovida pelo EUROPE DIRECT Viseu D\u00e3o Laf\u00f5es recolheu 26,5 quilos de res\u00edduos. Bombeiros Sapadores da CIM Viseu D\u00e3o Laf\u00f5es...","og_url":"https:\/\/www.atelierdocaractere.pt\/brevemente\/praia-fluvial-de-sangemil-acolheu-acao-de-limpeza-no-dia-internacional-da-limpeza-costeira\/","og_site_name":"Atelier do Caractere","article_publisher":"https:\/\/www.facebook.com\/AtelierdoCaractere","article_published_time":"2025-10-02T15:28:04+00:00","article_modified_time":"2025-10-06T15:47:53+00:00","og_image":[{"width":1500,"height":1000,"url":"https:\/\/www.atelierdocaractere.pt\/wp-content\/uploads\/2025\/10\/sangemil-1.jpg","type":"image\/jpeg"}],"author":"Joana Barbosa","twitter_card":"summary_large_image","twitter_misc":{"Escrito por":"Joana Barbosa","Tempo estimado de leitura":"3 minutos"},"schema":{"@context":"https:\/\/schema.org","@graph":[{"@type":"WebPage","@id":"https:\/\/www.atelierdocaractere.pt\/brevemente\/praia-fluvial-de-sangemil-acolheu-acao-de-limpeza-no-dia-internacional-da-limpeza-costeira\/","url":"https:\/\/www.atelierdocaractere.pt\/brevemente\/praia-fluvial-de-sangemil-acolheu-acao-de-limpeza-no-dia-internacional-da-limpeza-costeira\/","name":"Praia Fluvial de Sangemil acolheu a\u00e7\u00e3o de limpeza no Dia Internacional da Limpeza Costeira\u00a0 - Atelier do Caractere","isPartOf":{"@id":"https:\/\/www.atelierdocaractere.pt\/brevemente\/#website"},"datePublished":"2025-10-02T15:28:04+00:00","dateModified":"2025-10-06T15:47:53+00:00","author":{"@id":"https:\/\/www.atelierdocaractere.pt\/brevemente\/#\/schema\/person\/f2f096eb0f27d9894725af22cb97c0db"},"breadcrumb":{"@id":"https:\/\/www.atelierdocaractere.pt\/brevemente\/praia-fluvial-de-sangemil-acolheu-acao-de-limpeza-no-dia-internacional-da-limpeza-costeira\/#breadcrumb"},"inLanguage":"pt-PT","potentialAction":[{"@type":"ReadAction","target":["https:\/\/www.atelierdocaractere.pt\/brevemente\/praia-fluvial-de-sangemil-acolheu-acao-de-limpeza-no-dia-internacional-da-limpeza-costeira\/"]}]},{"@type":"BreadcrumbList","@id":"https:\/\/www.atelierdocaractere.pt\/brevemente\/praia-fluvial-de-sangemil-acolheu-acao-de-limpeza-no-dia-internacional-da-limpeza-costeira\/#breadcrumb","itemListElement":[{"@type":"ListItem","position":1,"name":"In\u00edcio","item":"https:\/\/www.atelierdocaractere.pt\/brevemente\/"},{"@type":"ListItem","position":2,"name":"Praia Fluvial de Sangemil acolheu a\u00e7\u00e3o de limpeza no Dia Internacional da Limpeza Costeira\u00a0"}]},{"@type":"WebSite","@id":"https:\/\/www.atelierdocaractere.pt\/brevemente\/#website","url":"https:\/\/www.atelierdocaractere.pt\/brevemente\/","name":"Atelier do Caractere","description":"","potentialAction":[{"@type":"SearchAction","target":{"@type":"EntryPoint","urlTemplate":"https:\/\/www.atelierdocaractere.pt\/brevemente\/?s={search_term_string}"},"query-input":"required name=search_term_string"}],"inLanguage":"pt-PT"},{"@type":"Person","@id":"https:\/\/www.atelierdocaractere.pt\/brevemente\/#\/schema\/person\/f2f096eb0f27d9894725af22cb97c0db","name":"Joana Barbosa","image":{"@type":"ImageObject","inLanguage":"pt-PT","@id":"https:\/\/www.atelierdocaractere.pt\/brevemente\/#\/schema\/person\/image\/","url":"https:\/\/secure.gravatar.com\/avatar\/33e8214b45e9d68a3a83008731075979?s=96&d=mm&r=g","contentUrl":"https:\/\/secure.gravatar.com\/avatar\/33e8214b45e9d68a3a83008731075979?s=96&d=mm&r=g","caption":"Joana Barbosa"},"url":"https:\/\/www.atelierdocaractere.pt\/brevemente\/author\/joanabarbosa\/"}]}},"_links":{"self":[{"href":"https:\/\/www.atelierdocaractere.pt\/brevemente\/wp-json\/wp\/v2\/posts\/13975"}],"collection":[{"href":"https:\/\/www.atelierdocaractere.pt\/brevemente\/wp-json\/wp\/v2\/posts"}],"about":[{"href":"https:\/\/www.atelierdocaractere.pt\/brevemente\/wp-json\/wp\/v2\/types\/post"}],"author":[{"embeddable":true,"href":"https:\/\/www.atelierdocaractere.pt\/brevemente\/wp-json\/wp\/v2\/users\/7"}],"replies":[{"embeddable":true,"href":"https:\/\/www.atelierdocaractere.pt\/brevemente\/wp-json\/wp\/v2\/comments?post=13975"}],"version-history":[{"count":1,"href":"https:\/\/www.atelierdocaractere.pt\/brevemente\/wp-json\/wp\/v2\/posts\/13975\/revisions"}],"predecessor-version":[{"id":13977,"href":"https:\/\/www.atelierdocaractere.pt\/brevemente\/wp-json\/wp\/v2\/posts\/13975\/revisions\/13977"}],"wp:featuredmedia":[{"embeddable":true,"href":"https:\/\/www.atelierdocaractere.pt\/brevemente\/wp-json\/wp\/v2\/media\/13976"}],"wp:attachment":[{"href":"https:\/\/www.atelierdocaractere.pt\/brevemente\/wp-json\/wp\/v2\/media?parent=13975"}],"wp:term":[{"taxonomy":"category","embeddable":true,"href":"https:\/\/www.atelierdocaractere.pt\/brevemente\/wp-json\/wp\/v2\/categories?post=13975"},{"taxonomy":"post_tag","embeddable":true,"href":"https:\/\/www.atelierdocaractere.pt\/brevemente\/wp-json\/wp\/v2\/tags?post=13975"}],"curies":[{"name":"wp","href":"https:\/\/api.w.org\/{rel}","templated":true}]}}