{"id":13978,"date":"2025-10-02T15:48:05","date_gmt":"2025-10-02T15:48:05","guid":{"rendered":"https:\/\/www.atelierdocaractere.pt\/brevemente\/?p=13978"},"modified":"2025-10-06T15:51:14","modified_gmt":"2025-10-06T15:51:14","slug":"rede-cultural-viseu-dao-lafoes-e-finalista-dos-premios-dos-fundos-europeus-2025","status":"publish","type":"post","link":"https:\/\/www.atelierdocaractere.pt\/brevemente\/rede-cultural-viseu-dao-lafoes-e-finalista-dos-premios-dos-fundos-europeus-2025\/","title":{"rendered":"Rede Cultural Viseu D\u00e3o Laf\u00f5es \u00e9 finalista dos Pr\u00e9mios dos Fundos Europeus 2025"},"content":{"rendered":"\n<p><strong>Vota\u00e7\u00e3o j\u00e1 est\u00e1 a decorrer online e todos os cidad\u00e3os podem votar neste projeto promovido pela CIM Viseu D\u00e3o Laf\u00f5es.<\/strong><\/p>\n\n\n\n<p>A\u00a0<strong>Rede Cultural Viseu D\u00e3o Laf\u00f5es<\/strong>, iniciativa promovida pela\u00a0<strong>Comunidade Intermunicipal (CIM) Viseu D\u00e3o Laf\u00f5es<\/strong>, \u00e9 um dos 25 finalistas da edi\u00e7\u00e3o 2025 dos\u00a0<strong>Pr\u00e9mios dos Fundos Europeus<\/strong>, na categoria\u00a0<em>Portugal + Conectado<\/em>. Estes pr\u00e9mios distinguem os projetos mais inovadores, sustent\u00e1veis e transformadores apoiados pelos Fundos da Uni\u00e3o Europeia em Portugal.<br>\u00a0<br>Al\u00e9m da categoria\u00a0<em>Portugal + Conectado<\/em>, a Rede Cultural Viseu D\u00e3o Laf\u00f5es \u00e9 tamb\u00e9m finalista na categoria\u00a0<em>Escolha do P\u00fablico<\/em>, na qual todos os cidad\u00e3os podem participar. A vota\u00e7\u00e3o j\u00e1 est\u00e1 a decorrer em\u00a0<strong><a href=\"https:\/\/mixlife.us21.list-manage.com\/track\/click?u=6fa784dd5dedbb105dedc3702&amp;id=7f80d893d8&amp;e=a88eb34a0e\">www.premiosdosfundoseuropeus.pt\/finalistas<\/a><\/strong>.<br><br>Promovido pela CIM Viseu D\u00e3o Laf\u00f5es, o projeto Rede Cultural Viseu D\u00e3o Laf\u00f5es teve como objetivos dinamizar a express\u00e3o art\u00edstica, valorizar o patrim\u00f3nio e envolver as comunidades neste processo, atrav\u00e9s de uma programa\u00e7\u00e3o descentralizada que valorizou o talento local e atraiu novos p\u00fablicos \u00e0 regi\u00e3o.<br>\u00a0<br>Esta iniciativa teve origem na candidatura submetida ao fundo extraordin\u00e1rio \u201cPrograma\u00e7\u00e3o Cultural em Rede\u201d, no \u00e2mbito do Programa Operacional Centro 2020, tendo sido implementada ao longo do ano de 2021. O projeto foi concebido com o objetivo de articular uma programa\u00e7\u00e3o cultural em todo o territ\u00f3rio de Viseu D\u00e3o Laf\u00f5es, promovendo n\u00e3o s\u00f3 a valoriza\u00e7\u00e3o dos recursos patrimoniais e museol\u00f3gicos regionais, mas tamb\u00e9m os agentes culturais e tur\u00edsticos locais. A agenda cultural desenvolvida destacou-se pela sua diversidade, acessibilidade e aposta na coes\u00e3o territorial.<br>\u00a0<br>A estrutura do projeto assentou numa rede de entidades promotoras e parceiras, entre as quais se destacam a\u00a0<strong>Plataforma Cultural Viseu D\u00e3o Laf\u00f5es<\/strong>, a\u00a0<strong>ACERT \u2013 Associa\u00e7\u00e3o Cultural e Recreativa de Tondela<\/strong>, a\u00a0<strong>Binaural Nodar<\/strong>, o\u00a0<strong>Teatro do Montemuro<\/strong>, o\u00a0<strong>Teatro Viriato<\/strong>\u00a0e o\u00a0<strong>Cineclube de Viseu<\/strong>. \u00a0A estas entidades juntou-se a participa\u00e7\u00e3o ativa de v\u00e1rios agentes culturais regionais, como a\u00a0<strong>Contracanto \u2013 Associa\u00e7\u00e3o Cultural<\/strong>,\u00a0<strong>a AMAD \u2013 Associa\u00e7\u00e3o de M\u00fasica e Artes do D\u00e3o<\/strong>, a\u00a0<strong>Ondamarela<\/strong>\u00a0e o artista\u00a0<strong>Z\u00e9 M\u00e1gico<\/strong>, que contribu\u00edram para a diversidade, dinamismo e proximidade territorial da programa\u00e7\u00e3o cultural desenvolvida.<br>\u00a0<br>A sele\u00e7\u00e3o como finalista nos Pr\u00e9mios dos Fundos Europeus reflete a capacidade da Rede Cultural Viseu D\u00e3o Laf\u00f5es em responder aos v\u00e1rios crit\u00e9rios de avalia\u00e7\u00e3o definidos pelo j\u00fari: impacto local e regional, inova\u00e7\u00e3o no acesso \u00e0 cultura, envolvimento das comunidades, sustentabilidade e transferibilidade para outros territ\u00f3rios.<br>\u00a0<br>A apresenta\u00e7\u00e3o p\u00fablica do projeto est\u00e1 agendada para 18 de outubro, no Convento S\u00e3o Francisco, em Coimbra, durante a 2.\u00aa edi\u00e7\u00e3o da Mostra dos Fundos Europeus. A gala de entrega de pr\u00e9mios ter\u00e1 igualmente lugar neste evento.<br>\u00a0<br>Para\u00a0<strong>Nuno Martinho<\/strong>,\u00a0<strong>Secret\u00e1rio Executivo da CIM Viseu D\u00e3o Laf\u00f5es<\/strong>,\u00a0<em>&#8220;a escolha da Rede Cultural Viseu D\u00e3o Laf\u00f5es como finalista dos Pr\u00e9mios dos Fundos Europeus \u00e9 motivo de grande orgulho para toda a regi\u00e3o. \u00c9 o reconhecimento de um trabalho coletivo da CIM, dos munic\u00edpios, dos agentes culturais e da comunidade, que demonstra que a cultura pode ser um instrumento de desenvolvimento e de afirma\u00e7\u00e3o territorial, contribuindo, decisivamente, para a notoriedade do destino Viseu D\u00e3o Laf\u00f5es e para uma maior coes\u00e3o econ\u00f3mica e social\u201d<\/em>.\u00a0\u00a0<br>\u00a0<br>Os Pr\u00e9mios dos Fundos Europeus s\u00e3o promovidos pela Ag\u00eancia para o Desenvolvimento e Coes\u00e3o, no \u00e2mbito da Rede de Comunica\u00e7\u00e3o do Portugal 2030, e pretendem destacar os projetos mais inovadores e impactantes apoiados por fundos comunit\u00e1rios, refor\u00e7ando a notoriedade e a perce\u00e7\u00e3o p\u00fablica positiva do contributo europeu para o desenvolvimento do pa\u00eds.<br>\u00a0<br>Mais informa\u00e7\u00f5es em:\u00a0<a href=\"https:\/\/mixlife.us21.list-manage.com\/track\/click?u=6fa784dd5dedbb105dedc3702&amp;id=7de9d92aa4&amp;e=a88eb34a0e\">portugal2030.pt<\/a><\/p>\n","protected":false},"excerpt":{"rendered":"<p>Vota\u00e7\u00e3o j\u00e1 est\u00e1 a decorrer online e todos os cidad\u00e3os podem votar neste projeto promovido pela CIM Viseu D\u00e3o Laf\u00f5es&#8230;.<\/p>\n","protected":false},"author":7,"featured_media":13979,"comment_status":"closed","ping_status":"open","sticky":false,"template":"","format":"standard","meta":[],"categories":[67],"tags":[448,738,1003],"yoast_head":"<!-- This site is optimized with the Yoast SEO plugin v20.12 - https:\/\/yoast.com\/wordpress\/plugins\/seo\/ -->\n<title>Rede Cultural Viseu D\u00e3o Laf\u00f5es \u00e9 finalista dos Pr\u00e9mios dos Fundos Europeus 2025 - Atelier do Caractere<\/title>\n<meta name=\"robots\" content=\"index, follow, max-snippet:-1, max-image-preview:large, max-video-preview:-1\" \/>\n<link rel=\"canonical\" href=\"https:\/\/www.atelierdocaractere.pt\/brevemente\/rede-cultural-viseu-dao-lafoes-e-finalista-dos-premios-dos-fundos-europeus-2025\/\" \/>\n<meta property=\"og:locale\" content=\"pt_PT\" \/>\n<meta property=\"og:type\" content=\"article\" \/>\n<meta property=\"og:title\" content=\"Rede Cultural Viseu D\u00e3o Laf\u00f5es \u00e9 finalista dos Pr\u00e9mios dos Fundos Europeus 2025 - Atelier do Caractere\" \/>\n<meta property=\"og:description\" content=\"Vota\u00e7\u00e3o j\u00e1 est\u00e1 a decorrer online e todos os cidad\u00e3os podem votar neste projeto promovido pela CIM Viseu D\u00e3o Laf\u00f5es....\" \/>\n<meta property=\"og:url\" content=\"https:\/\/www.atelierdocaractere.pt\/brevemente\/rede-cultural-viseu-dao-lafoes-e-finalista-dos-premios-dos-fundos-europeus-2025\/\" \/>\n<meta property=\"og:site_name\" content=\"Atelier do Caractere\" \/>\n<meta property=\"article:publisher\" content=\"https:\/\/www.facebook.com\/AtelierdoCaractere\" \/>\n<meta property=\"article:published_time\" content=\"2025-10-02T15:48:05+00:00\" \/>\n<meta property=\"article:modified_time\" content=\"2025-10-06T15:51:14+00:00\" \/>\n<meta property=\"og:image\" content=\"https:\/\/www.atelierdocaractere.pt\/wp-content\/uploads\/2025\/10\/premios-fundo-europeus-2.jpg\" \/>\n\t<meta property=\"og:image:width\" content=\"1298\" \/>\n\t<meta property=\"og:image:height\" content=\"866\" \/>\n\t<meta property=\"og:image:type\" content=\"image\/jpeg\" \/>\n<meta name=\"author\" content=\"Joana Barbosa\" \/>\n<meta name=\"twitter:card\" content=\"summary_large_image\" \/>\n<meta name=\"twitter:label1\" content=\"Escrito por\" \/>\n\t<meta name=\"twitter:data1\" content=\"Joana Barbosa\" \/>\n\t<meta name=\"twitter:label2\" content=\"Tempo estimado de leitura\" \/>\n\t<meta name=\"twitter:data2\" content=\"4 minutos\" \/>\n<script type=\"application\/ld+json\" class=\"yoast-schema-graph\">{\"@context\":\"https:\/\/schema.org\",\"@graph\":[{\"@type\":\"WebPage\",\"@id\":\"https:\/\/www.atelierdocaractere.pt\/brevemente\/rede-cultural-viseu-dao-lafoes-e-finalista-dos-premios-dos-fundos-europeus-2025\/\",\"url\":\"https:\/\/www.atelierdocaractere.pt\/brevemente\/rede-cultural-viseu-dao-lafoes-e-finalista-dos-premios-dos-fundos-europeus-2025\/\",\"name\":\"Rede Cultural Viseu D\u00e3o Laf\u00f5es \u00e9 finalista dos Pr\u00e9mios dos Fundos Europeus 2025 - Atelier do Caractere\",\"isPartOf\":{\"@id\":\"https:\/\/www.atelierdocaractere.pt\/brevemente\/#website\"},\"datePublished\":\"2025-10-02T15:48:05+00:00\",\"dateModified\":\"2025-10-06T15:51:14+00:00\",\"author\":{\"@id\":\"https:\/\/www.atelierdocaractere.pt\/brevemente\/#\/schema\/person\/f2f096eb0f27d9894725af22cb97c0db\"},\"breadcrumb\":{\"@id\":\"https:\/\/www.atelierdocaractere.pt\/brevemente\/rede-cultural-viseu-dao-lafoes-e-finalista-dos-premios-dos-fundos-europeus-2025\/#breadcrumb\"},\"inLanguage\":\"pt-PT\",\"potentialAction\":[{\"@type\":\"ReadAction\",\"target\":[\"https:\/\/www.atelierdocaractere.pt\/brevemente\/rede-cultural-viseu-dao-lafoes-e-finalista-dos-premios-dos-fundos-europeus-2025\/\"]}]},{\"@type\":\"BreadcrumbList\",\"@id\":\"https:\/\/www.atelierdocaractere.pt\/brevemente\/rede-cultural-viseu-dao-lafoes-e-finalista-dos-premios-dos-fundos-europeus-2025\/#breadcrumb\",\"itemListElement\":[{\"@type\":\"ListItem\",\"position\":1,\"name\":\"In\u00edcio\",\"item\":\"https:\/\/www.atelierdocaractere.pt\/brevemente\/\"},{\"@type\":\"ListItem\",\"position\":2,\"name\":\"Rede Cultural Viseu D\u00e3o Laf\u00f5es \u00e9 finalista dos Pr\u00e9mios dos Fundos Europeus 2025\"}]},{\"@type\":\"WebSite\",\"@id\":\"https:\/\/www.atelierdocaractere.pt\/brevemente\/#website\",\"url\":\"https:\/\/www.atelierdocaractere.pt\/brevemente\/\",\"name\":\"Atelier do Caractere\",\"description\":\"\",\"potentialAction\":[{\"@type\":\"SearchAction\",\"target\":{\"@type\":\"EntryPoint\",\"urlTemplate\":\"https:\/\/www.atelierdocaractere.pt\/brevemente\/?s={search_term_string}\"},\"query-input\":\"required name=search_term_string\"}],\"inLanguage\":\"pt-PT\"},{\"@type\":\"Person\",\"@id\":\"https:\/\/www.atelierdocaractere.pt\/brevemente\/#\/schema\/person\/f2f096eb0f27d9894725af22cb97c0db\",\"name\":\"Joana Barbosa\",\"image\":{\"@type\":\"ImageObject\",\"inLanguage\":\"pt-PT\",\"@id\":\"https:\/\/www.atelierdocaractere.pt\/brevemente\/#\/schema\/person\/image\/\",\"url\":\"https:\/\/secure.gravatar.com\/avatar\/33e8214b45e9d68a3a83008731075979?s=96&d=mm&r=g\",\"contentUrl\":\"https:\/\/secure.gravatar.com\/avatar\/33e8214b45e9d68a3a83008731075979?s=96&d=mm&r=g\",\"caption\":\"Joana Barbosa\"},\"url\":\"https:\/\/www.atelierdocaractere.pt\/brevemente\/author\/joanabarbosa\/\"}]}<\/script>\n<!-- \/ Yoast SEO plugin. -->","yoast_head_json":{"title":"Rede Cultural Viseu D\u00e3o Laf\u00f5es \u00e9 finalista dos Pr\u00e9mios dos Fundos Europeus 2025 - Atelier do Caractere","robots":{"index":"index","follow":"follow","max-snippet":"max-snippet:-1","max-image-preview":"max-image-preview:large","max-video-preview":"max-video-preview:-1"},"canonical":"https:\/\/www.atelierdocaractere.pt\/brevemente\/rede-cultural-viseu-dao-lafoes-e-finalista-dos-premios-dos-fundos-europeus-2025\/","og_locale":"pt_PT","og_type":"article","og_title":"Rede Cultural Viseu D\u00e3o Laf\u00f5es \u00e9 finalista dos Pr\u00e9mios dos Fundos Europeus 2025 - Atelier do Caractere","og_description":"Vota\u00e7\u00e3o j\u00e1 est\u00e1 a decorrer online e todos os cidad\u00e3os podem votar neste projeto promovido pela CIM Viseu D\u00e3o Laf\u00f5es....","og_url":"https:\/\/www.atelierdocaractere.pt\/brevemente\/rede-cultural-viseu-dao-lafoes-e-finalista-dos-premios-dos-fundos-europeus-2025\/","og_site_name":"Atelier do Caractere","article_publisher":"https:\/\/www.facebook.com\/AtelierdoCaractere","article_published_time":"2025-10-02T15:48:05+00:00","article_modified_time":"2025-10-06T15:51:14+00:00","og_image":[{"width":1298,"height":866,"url":"https:\/\/www.atelierdocaractere.pt\/wp-content\/uploads\/2025\/10\/premios-fundo-europeus-2.jpg","type":"image\/jpeg"}],"author":"Joana Barbosa","twitter_card":"summary_large_image","twitter_misc":{"Escrito por":"Joana Barbosa","Tempo estimado de leitura":"4 minutos"},"schema":{"@context":"https:\/\/schema.org","@graph":[{"@type":"WebPage","@id":"https:\/\/www.atelierdocaractere.pt\/brevemente\/rede-cultural-viseu-dao-lafoes-e-finalista-dos-premios-dos-fundos-europeus-2025\/","url":"https:\/\/www.atelierdocaractere.pt\/brevemente\/rede-cultural-viseu-dao-lafoes-e-finalista-dos-premios-dos-fundos-europeus-2025\/","name":"Rede Cultural Viseu D\u00e3o Laf\u00f5es \u00e9 finalista dos Pr\u00e9mios dos Fundos Europeus 2025 - Atelier do Caractere","isPartOf":{"@id":"https:\/\/www.atelierdocaractere.pt\/brevemente\/#website"},"datePublished":"2025-10-02T15:48:05+00:00","dateModified":"2025-10-06T15:51:14+00:00","author":{"@id":"https:\/\/www.atelierdocaractere.pt\/brevemente\/#\/schema\/person\/f2f096eb0f27d9894725af22cb97c0db"},"breadcrumb":{"@id":"https:\/\/www.atelierdocaractere.pt\/brevemente\/rede-cultural-viseu-dao-lafoes-e-finalista-dos-premios-dos-fundos-europeus-2025\/#breadcrumb"},"inLanguage":"pt-PT","potentialAction":[{"@type":"ReadAction","target":["https:\/\/www.atelierdocaractere.pt\/brevemente\/rede-cultural-viseu-dao-lafoes-e-finalista-dos-premios-dos-fundos-europeus-2025\/"]}]},{"@type":"BreadcrumbList","@id":"https:\/\/www.atelierdocaractere.pt\/brevemente\/rede-cultural-viseu-dao-lafoes-e-finalista-dos-premios-dos-fundos-europeus-2025\/#breadcrumb","itemListElement":[{"@type":"ListItem","position":1,"name":"In\u00edcio","item":"https:\/\/www.atelierdocaractere.pt\/brevemente\/"},{"@type":"ListItem","position":2,"name":"Rede Cultural Viseu D\u00e3o Laf\u00f5es \u00e9 finalista dos Pr\u00e9mios dos Fundos Europeus 2025"}]},{"@type":"WebSite","@id":"https:\/\/www.atelierdocaractere.pt\/brevemente\/#website","url":"https:\/\/www.atelierdocaractere.pt\/brevemente\/","name":"Atelier do Caractere","description":"","potentialAction":[{"@type":"SearchAction","target":{"@type":"EntryPoint","urlTemplate":"https:\/\/www.atelierdocaractere.pt\/brevemente\/?s={search_term_string}"},"query-input":"required name=search_term_string"}],"inLanguage":"pt-PT"},{"@type":"Person","@id":"https:\/\/www.atelierdocaractere.pt\/brevemente\/#\/schema\/person\/f2f096eb0f27d9894725af22cb97c0db","name":"Joana Barbosa","image":{"@type":"ImageObject","inLanguage":"pt-PT","@id":"https:\/\/www.atelierdocaractere.pt\/brevemente\/#\/schema\/person\/image\/","url":"https:\/\/secure.gravatar.com\/avatar\/33e8214b45e9d68a3a83008731075979?s=96&d=mm&r=g","contentUrl":"https:\/\/secure.gravatar.com\/avatar\/33e8214b45e9d68a3a83008731075979?s=96&d=mm&r=g","caption":"Joana Barbosa"},"url":"https:\/\/www.atelierdocaractere.pt\/brevemente\/author\/joanabarbosa\/"}]}},"_links":{"self":[{"href":"https:\/\/www.atelierdocaractere.pt\/brevemente\/wp-json\/wp\/v2\/posts\/13978"}],"collection":[{"href":"https:\/\/www.atelierdocaractere.pt\/brevemente\/wp-json\/wp\/v2\/posts"}],"about":[{"href":"https:\/\/www.atelierdocaractere.pt\/brevemente\/wp-json\/wp\/v2\/types\/post"}],"author":[{"embeddable":true,"href":"https:\/\/www.atelierdocaractere.pt\/brevemente\/wp-json\/wp\/v2\/users\/7"}],"replies":[{"embeddable":true,"href":"https:\/\/www.atelierdocaractere.pt\/brevemente\/wp-json\/wp\/v2\/comments?post=13978"}],"version-history":[{"count":1,"href":"https:\/\/www.atelierdocaractere.pt\/brevemente\/wp-json\/wp\/v2\/posts\/13978\/revisions"}],"predecessor-version":[{"id":13980,"href":"https:\/\/www.atelierdocaractere.pt\/brevemente\/wp-json\/wp\/v2\/posts\/13978\/revisions\/13980"}],"wp:featuredmedia":[{"embeddable":true,"href":"https:\/\/www.atelierdocaractere.pt\/brevemente\/wp-json\/wp\/v2\/media\/13979"}],"wp:attachment":[{"href":"https:\/\/www.atelierdocaractere.pt\/brevemente\/wp-json\/wp\/v2\/media?parent=13978"}],"wp:term":[{"taxonomy":"category","embeddable":true,"href":"https:\/\/www.atelierdocaractere.pt\/brevemente\/wp-json\/wp\/v2\/categories?post=13978"},{"taxonomy":"post_tag","embeddable":true,"href":"https:\/\/www.atelierdocaractere.pt\/brevemente\/wp-json\/wp\/v2\/tags?post=13978"}],"curies":[{"name":"wp","href":"https:\/\/api.w.org\/{rel}","templated":true}]}}