{"id":13982,"date":"2025-10-08T09:42:26","date_gmt":"2025-10-08T09:42:26","guid":{"rendered":"https:\/\/www.atelierdocaractere.pt\/brevemente\/?p=13982"},"modified":"2025-10-08T09:44:55","modified_gmt":"2025-10-08T09:44:55","slug":"grupo-petrotec-e-grupo-salvador-caetano-inauguram-a-mais-avancada-estacao-de-hidrogenio-em-portugal","status":"publish","type":"post","link":"https:\/\/www.atelierdocaractere.pt\/brevemente\/grupo-petrotec-e-grupo-salvador-caetano-inauguram-a-mais-avancada-estacao-de-hidrogenio-em-portugal\/","title":{"rendered":"Grupo Petrotec e Grupo Salvador Caetano inauguram a mais avan\u00e7ada esta\u00e7\u00e3o de hidrog\u00e9nio em Portugal."},"content":{"rendered":"\n<p><strong>O&nbsp;<a href=\"https:\/\/group.petrotec.com\/\" target=\"_blank\" rel=\"noreferrer noopener\">Grupo Petrotec<\/a>, l\u00edder europeu no desenvolvimento de solu\u00e7\u00f5es integradas para o abastecimento e carregamento de energia, e o Grupo Salvador Caetano, refer\u00eancia na inova\u00e7\u00e3o da mobilidade, anunciam a conclus\u00e3o da esta\u00e7\u00e3o de hidrog\u00e9nio mais moderna do pa\u00eds. A infraestrutura, situada na unidade industrial da CaetanoBus, em Ovar, representa um marco nacional na mobilidade sustent\u00e1vel e foi integralmente desenvolvida com tecnologia do grupo portugu\u00eas.<\/strong>&nbsp;<\/p>\n\n\n\n<p>Com um investimento 100% privado, no valor aproximado de dois milh\u00f5es de euros, esta \u00e9 a primeira esta\u00e7\u00e3o de abastecimento de hidrog\u00e9nio (HRS \u2013 Hydrogen Refuelling Station), em Portugal, financiada exclusivamente com capitais nacionais.<\/p>\n\n\n\n<p><strong>Infraestrutura cr\u00edtica ao servi\u00e7o da produ\u00e7\u00e3o&nbsp;de autocarros com zero emiss\u00f5es<\/strong>&nbsp;<\/p>\n\n\n\n<p>A nova HRS da&nbsp;<a href=\"https:\/\/group.petrotec.com\/company\/hellonext\" target=\"_blank\" rel=\"noreferrer noopener\">Hellonext<\/a>, uma subsidi\u00e1ria do Grupo Petrotec (uma empresa portuguesa com mais de 40 anos de hist\u00f3ria, filiais em oito pa\u00edses e cinco unidades industriais \u2013 localizadas em tr\u00eas continentes) foi especificamente dimensionada para satisfazer as necessidades operacionais di\u00e1rias da CaetanoBus, assegurando o abastecimento de at\u00e9 cinco autocarros por dia, a 350 bar. Esta capacidade responde diretamente \u00e0 procura regular da unidade fabril, garantindo a continuidade de uma opera\u00e7\u00e3o cr\u00edtica para um dos principais fabricantes europeus de autocarros movidos a hidrog\u00e9nio.&nbsp;<\/p>\n\n\n\n<p>A escolha da CaetanoBus \u2014 com mais de 200 ve\u00edculos de&nbsp;hidrog\u00e9nio&nbsp;j\u00e1 produzidos para exporta\u00e7\u00e3o \u2014 por uma solu\u00e7\u00e3o nacional, demonstra a confian\u00e7a nas caracter\u00edsticas essenciais da instala\u00e7\u00e3o: robustez, fiabilidade e seguran\u00e7a. Este \u00e9 um testemunho da maturidade da engenharia portuguesa no dom\u00ednio do&nbsp;hidrog\u00e9nio&nbsp;aplicado \u00e0 mobilidade pesada.<\/p>\n\n\n\n<p><strong>CORE H2 e AXON H2: engenharia nacional&nbsp;ao servi\u00e7o da mobilidade global<\/strong>&nbsp;<\/p>\n\n\n\n<p>A HRS integra dois equipamentos de \u00faltima gera\u00e7\u00e3o da Hellonext, marca do Grupo Petrotec: o sistema de controlo CORE H2 e o dispensador multim\u00e9dia AXON H2.&nbsp;<\/p>\n\n\n\n<p>O CORE H2, desenvolvido ao longo de tr\u00eas anos, destaca-se pelo seu design modular, arquitetura \u201cplug &amp; play\u201d e tecnologia de compress\u00e3o e abastecimento compat\u00edvel com press\u00f5es de 350 e 700 bar. A sua conectividade, remota e funcionalidades de manuten\u00e7\u00e3o preditiva, asseguram uma opera\u00e7\u00e3o cont\u00ednua e segura.&nbsp;<\/p>\n\n\n\n<p>A AXON H2 \u00e9 o \u00fanico dispensador de hidrog\u00e9nio com interface digital incorporada e que espelha todo o potencial de conectividade com o ve\u00edculo, permitindo uma intera\u00e7\u00e3o direta, intuitiva e segura com o utilizador.&nbsp;<\/p>\n\n\n\n<p><strong><em>\u201cA cria\u00e7\u00e3o desta esta\u00e7\u00e3o representa o culminar de um esfor\u00e7o estrat\u00e9gico do Grupo Petrotec na consolida\u00e7\u00e3o de compet\u00eancias tecnol\u00f3gicas no dom\u00ednio do hidrog\u00e9nio. Estamos orgulhosos por contribuir com solu\u00e7\u00f5es nacionais de excel\u00eancia para a transi\u00e7\u00e3o energ\u00e9tica, lado a lado com um parceiro industrial de refer\u00eancia como o Grupo Salvador Caetano.\u201d<\/em><\/strong>&nbsp;<\/p>\n\n\n\n<p>Nuno Cabral, CEO do Grupo Petrotec&nbsp;<\/p>\n\n\n\n<p><strong><em>\u201cO hidrog\u00e9nio \u00e9, hoje, mais uma alternativa v\u00e1lida e estrat\u00e9gica para a descarboniza\u00e7\u00e3o dos transportes. Esta infraestrutura vem demonstrar que \u00e9 poss\u00edvel criar solu\u00e7\u00f5es inovadoras, fi\u00e1veis e 100% nacionais, que suportem opera\u00e7\u00f5es industriais cr\u00edticas e exigentes como a da CaetanoBus.\u201d<\/em><\/strong>&nbsp;<\/p>\n\n\n\n<p>Hugo Rigor, diretor geral da Hellonext e respons\u00e1vel pela transi\u00e7\u00e3o energ\u00e9tica no Grupo Petrotec&nbsp;<br><br><strong><em>\u201cO Grupo Salvador Caetano acredita, investe e tem solu\u00e7\u00f5es de mobilidade a hidrog\u00e9nio nos v\u00e1rios segmentos, sendo o desenvolvimento de ecossistemas de hidrog\u00e9nio uma aposta num futuro mais sustent\u00e1vel ao assentar na diversifica\u00e7\u00e3o energ\u00e9tica.\u201d<\/em><\/strong>&nbsp;<\/p>\n\n\n\n<p>Jos\u00e9 Ramos, Presidente da Toyota Caetano Portugal&nbsp;e da CaetanoBus<\/p>\n\n\n\n<p><strong><em>\u201cA CaetanoBus desde 2019 que, em conjunto com a TOYOTA, trilha um caminho focado na descarboniza\u00e7\u00e3o dos transportes de passageiros com recurso a tecnologia de ponta na \u00e1rea do hidrog\u00e9nio. A HRS da Hellonext nas nossas instala\u00e7\u00f5es vem agora, tamb\u00e9m, incorporar tecnologia de ponta \u00e0 nossas opera\u00e7\u00f5es e provar a ambi\u00e7\u00e3o de dois Grupos portugueses em&nbsp; fazer hist\u00f3ria na transi\u00e7\u00e3o energ\u00e9tica, tamb\u00e9m nas empresas.\u201d<\/em><\/strong>&nbsp;<\/p>\n\n\n\n<p>Patricia Vasconcelos, CEO da CaetanoBus&nbsp;<\/p>\n\n\n\n<p><strong>Uma parceria nacional com ambi\u00e7\u00e3o global<\/strong>&nbsp;<\/p>\n\n\n\n<p>Atrav\u00e9s da colabora\u00e7\u00e3o entre o Grupo Petrotec e o Grupo Salvador Caetano, duas empresas portuguesas de refer\u00eancia unem-se numa vis\u00e3o partilhada de mobilidade sustent\u00e1vel e diversificada, onde o hidrog\u00e9nio desempenha um papel complementar \u00e0s restantes fontes energ\u00e9ticas.&nbsp;<\/p>\n\n\n\n<p>Atrav\u00e9s da marca&nbsp;<a href=\"https:\/\/group.petrotec.com\/company\/hellonext\" target=\"_blank\" rel=\"noreferrer noopener\">Hellonext<\/a>, o&nbsp;<a href=\"https:\/\/group.petrotec.com\/\" target=\"_blank\" rel=\"noreferrer noopener\">Grupo Petrotec<\/a>&nbsp;posiciona-se na vanguarda tecnol\u00f3gica do abastecimento de ve\u00edculos a hidrog\u00e9nio, el\u00e9tricos e eletrificados, liderando a transi\u00e7\u00e3o energ\u00e9tica com solu\u00e7\u00f5es concebidas e fabricadas em Portugal.&nbsp;<\/p>\n\n\n\n<p><\/p>\n","protected":false},"excerpt":{"rendered":"<p>O&nbsp;Grupo Petrotec, l\u00edder europeu no desenvolvimento de solu\u00e7\u00f5es integradas para o abastecimento e carregamento de energia, e o Grupo Salvador&#8230;<\/p>\n","protected":false},"author":8,"featured_media":13983,"comment_status":"closed","ping_status":"open","sticky":false,"template":"","format":"standard","meta":[],"categories":[33],"tags":[81,1007,1006,1004,749,1005,336],"yoast_head":"<!-- This site is optimized with the Yoast SEO plugin v20.12 - https:\/\/yoast.com\/wordpress\/plugins\/seo\/ -->\n<title>Grupo Petrotec e Grupo Salvador Caetano inauguram a mais avan\u00e7ada esta\u00e7\u00e3o de hidrog\u00e9nio em Portugal. - Atelier do Caractere<\/title>\n<meta name=\"robots\" content=\"index, follow, max-snippet:-1, max-image-preview:large, max-video-preview:-1\" \/>\n<link rel=\"canonical\" href=\"https:\/\/www.atelierdocaractere.pt\/brevemente\/grupo-petrotec-e-grupo-salvador-caetano-inauguram-a-mais-avancada-estacao-de-hidrogenio-em-portugal\/\" \/>\n<meta property=\"og:locale\" content=\"pt_PT\" \/>\n<meta property=\"og:type\" content=\"article\" \/>\n<meta property=\"og:title\" content=\"Grupo Petrotec e Grupo Salvador Caetano inauguram a mais avan\u00e7ada esta\u00e7\u00e3o de hidrog\u00e9nio em Portugal. - Atelier do Caractere\" \/>\n<meta property=\"og:description\" content=\"O&nbsp;Grupo Petrotec, l\u00edder europeu no desenvolvimento de solu\u00e7\u00f5es integradas para o abastecimento e carregamento de energia, e o Grupo Salvador...\" \/>\n<meta property=\"og:url\" content=\"https:\/\/www.atelierdocaractere.pt\/brevemente\/grupo-petrotec-e-grupo-salvador-caetano-inauguram-a-mais-avancada-estacao-de-hidrogenio-em-portugal\/\" \/>\n<meta property=\"og:site_name\" content=\"Atelier do Caractere\" \/>\n<meta property=\"article:publisher\" content=\"https:\/\/www.facebook.com\/AtelierdoCaractere\" \/>\n<meta property=\"article:published_time\" content=\"2025-10-08T09:42:26+00:00\" \/>\n<meta property=\"article:modified_time\" content=\"2025-10-08T09:44:55+00:00\" \/>\n<meta property=\"og:image\" content=\"https:\/\/www.atelierdocaractere.pt\/wp-content\/uploads\/2025\/10\/whatsapp-image-2025-10-08-at-103944.jpeg\" \/>\n\t<meta property=\"og:image:width\" content=\"1600\" \/>\n\t<meta property=\"og:image:height\" content=\"900\" \/>\n\t<meta property=\"og:image:type\" content=\"image\/jpeg\" \/>\n<meta name=\"author\" content=\"Andr\u00e9 Lopes\" \/>\n<meta name=\"twitter:card\" content=\"summary_large_image\" \/>\n<meta name=\"twitter:label1\" content=\"Escrito por\" \/>\n\t<meta name=\"twitter:data1\" content=\"Andr\u00e9 Lopes\" \/>\n\t<meta name=\"twitter:label2\" content=\"Tempo estimado de leitura\" \/>\n\t<meta name=\"twitter:data2\" content=\"4 minutos\" \/>\n<script type=\"application\/ld+json\" class=\"yoast-schema-graph\">{\"@context\":\"https:\/\/schema.org\",\"@graph\":[{\"@type\":\"WebPage\",\"@id\":\"https:\/\/www.atelierdocaractere.pt\/brevemente\/grupo-petrotec-e-grupo-salvador-caetano-inauguram-a-mais-avancada-estacao-de-hidrogenio-em-portugal\/\",\"url\":\"https:\/\/www.atelierdocaractere.pt\/brevemente\/grupo-petrotec-e-grupo-salvador-caetano-inauguram-a-mais-avancada-estacao-de-hidrogenio-em-portugal\/\",\"name\":\"Grupo Petrotec e Grupo Salvador Caetano inauguram a mais avan\u00e7ada esta\u00e7\u00e3o de hidrog\u00e9nio em Portugal. - Atelier do Caractere\",\"isPartOf\":{\"@id\":\"https:\/\/www.atelierdocaractere.pt\/brevemente\/#website\"},\"datePublished\":\"2025-10-08T09:42:26+00:00\",\"dateModified\":\"2025-10-08T09:44:55+00:00\",\"author\":{\"@id\":\"https:\/\/www.atelierdocaractere.pt\/brevemente\/#\/schema\/person\/434214d094c7f8243eba52cce01c3fbf\"},\"breadcrumb\":{\"@id\":\"https:\/\/www.atelierdocaractere.pt\/brevemente\/grupo-petrotec-e-grupo-salvador-caetano-inauguram-a-mais-avancada-estacao-de-hidrogenio-em-portugal\/#breadcrumb\"},\"inLanguage\":\"pt-PT\",\"potentialAction\":[{\"@type\":\"ReadAction\",\"target\":[\"https:\/\/www.atelierdocaractere.pt\/brevemente\/grupo-petrotec-e-grupo-salvador-caetano-inauguram-a-mais-avancada-estacao-de-hidrogenio-em-portugal\/\"]}]},{\"@type\":\"BreadcrumbList\",\"@id\":\"https:\/\/www.atelierdocaractere.pt\/brevemente\/grupo-petrotec-e-grupo-salvador-caetano-inauguram-a-mais-avancada-estacao-de-hidrogenio-em-portugal\/#breadcrumb\",\"itemListElement\":[{\"@type\":\"ListItem\",\"position\":1,\"name\":\"In\u00edcio\",\"item\":\"https:\/\/www.atelierdocaractere.pt\/brevemente\/\"},{\"@type\":\"ListItem\",\"position\":2,\"name\":\"Grupo Petrotec e Grupo Salvador Caetano inauguram a mais avan\u00e7ada esta\u00e7\u00e3o de hidrog\u00e9nio em Portugal.\"}]},{\"@type\":\"WebSite\",\"@id\":\"https:\/\/www.atelierdocaractere.pt\/brevemente\/#website\",\"url\":\"https:\/\/www.atelierdocaractere.pt\/brevemente\/\",\"name\":\"Atelier do Caractere\",\"description\":\"\",\"potentialAction\":[{\"@type\":\"SearchAction\",\"target\":{\"@type\":\"EntryPoint\",\"urlTemplate\":\"https:\/\/www.atelierdocaractere.pt\/brevemente\/?s={search_term_string}\"},\"query-input\":\"required name=search_term_string\"}],\"inLanguage\":\"pt-PT\"},{\"@type\":\"Person\",\"@id\":\"https:\/\/www.atelierdocaractere.pt\/brevemente\/#\/schema\/person\/434214d094c7f8243eba52cce01c3fbf\",\"name\":\"Andr\u00e9 Lopes\",\"image\":{\"@type\":\"ImageObject\",\"inLanguage\":\"pt-PT\",\"@id\":\"https:\/\/www.atelierdocaractere.pt\/brevemente\/#\/schema\/person\/image\/\",\"url\":\"https:\/\/secure.gravatar.com\/avatar\/76af1c514620ffe1937f018fe03efb73?s=96&d=mm&r=g\",\"contentUrl\":\"https:\/\/secure.gravatar.com\/avatar\/76af1c514620ffe1937f018fe03efb73?s=96&d=mm&r=g\",\"caption\":\"Andr\u00e9 Lopes\"},\"url\":\"https:\/\/www.atelierdocaractere.pt\/brevemente\/author\/andre-lopes\/\"}]}<\/script>\n<!-- \/ Yoast SEO plugin. -->","yoast_head_json":{"title":"Grupo Petrotec e Grupo Salvador Caetano inauguram a mais avan\u00e7ada esta\u00e7\u00e3o de hidrog\u00e9nio em Portugal. - Atelier do Caractere","robots":{"index":"index","follow":"follow","max-snippet":"max-snippet:-1","max-image-preview":"max-image-preview:large","max-video-preview":"max-video-preview:-1"},"canonical":"https:\/\/www.atelierdocaractere.pt\/brevemente\/grupo-petrotec-e-grupo-salvador-caetano-inauguram-a-mais-avancada-estacao-de-hidrogenio-em-portugal\/","og_locale":"pt_PT","og_type":"article","og_title":"Grupo Petrotec e Grupo Salvador Caetano inauguram a mais avan\u00e7ada esta\u00e7\u00e3o de hidrog\u00e9nio em Portugal. - Atelier do Caractere","og_description":"O&nbsp;Grupo Petrotec, l\u00edder europeu no desenvolvimento de solu\u00e7\u00f5es integradas para o abastecimento e carregamento de energia, e o Grupo Salvador...","og_url":"https:\/\/www.atelierdocaractere.pt\/brevemente\/grupo-petrotec-e-grupo-salvador-caetano-inauguram-a-mais-avancada-estacao-de-hidrogenio-em-portugal\/","og_site_name":"Atelier do Caractere","article_publisher":"https:\/\/www.facebook.com\/AtelierdoCaractere","article_published_time":"2025-10-08T09:42:26+00:00","article_modified_time":"2025-10-08T09:44:55+00:00","og_image":[{"width":1600,"height":900,"url":"https:\/\/www.atelierdocaractere.pt\/wp-content\/uploads\/2025\/10\/whatsapp-image-2025-10-08-at-103944.jpeg","type":"image\/jpeg"}],"author":"Andr\u00e9 Lopes","twitter_card":"summary_large_image","twitter_misc":{"Escrito por":"Andr\u00e9 Lopes","Tempo estimado de leitura":"4 minutos"},"schema":{"@context":"https:\/\/schema.org","@graph":[{"@type":"WebPage","@id":"https:\/\/www.atelierdocaractere.pt\/brevemente\/grupo-petrotec-e-grupo-salvador-caetano-inauguram-a-mais-avancada-estacao-de-hidrogenio-em-portugal\/","url":"https:\/\/www.atelierdocaractere.pt\/brevemente\/grupo-petrotec-e-grupo-salvador-caetano-inauguram-a-mais-avancada-estacao-de-hidrogenio-em-portugal\/","name":"Grupo Petrotec e Grupo Salvador Caetano inauguram a mais avan\u00e7ada esta\u00e7\u00e3o de hidrog\u00e9nio em Portugal. - Atelier do Caractere","isPartOf":{"@id":"https:\/\/www.atelierdocaractere.pt\/brevemente\/#website"},"datePublished":"2025-10-08T09:42:26+00:00","dateModified":"2025-10-08T09:44:55+00:00","author":{"@id":"https:\/\/www.atelierdocaractere.pt\/brevemente\/#\/schema\/person\/434214d094c7f8243eba52cce01c3fbf"},"breadcrumb":{"@id":"https:\/\/www.atelierdocaractere.pt\/brevemente\/grupo-petrotec-e-grupo-salvador-caetano-inauguram-a-mais-avancada-estacao-de-hidrogenio-em-portugal\/#breadcrumb"},"inLanguage":"pt-PT","potentialAction":[{"@type":"ReadAction","target":["https:\/\/www.atelierdocaractere.pt\/brevemente\/grupo-petrotec-e-grupo-salvador-caetano-inauguram-a-mais-avancada-estacao-de-hidrogenio-em-portugal\/"]}]},{"@type":"BreadcrumbList","@id":"https:\/\/www.atelierdocaractere.pt\/brevemente\/grupo-petrotec-e-grupo-salvador-caetano-inauguram-a-mais-avancada-estacao-de-hidrogenio-em-portugal\/#breadcrumb","itemListElement":[{"@type":"ListItem","position":1,"name":"In\u00edcio","item":"https:\/\/www.atelierdocaractere.pt\/brevemente\/"},{"@type":"ListItem","position":2,"name":"Grupo Petrotec e Grupo Salvador Caetano inauguram a mais avan\u00e7ada esta\u00e7\u00e3o de hidrog\u00e9nio em Portugal."}]},{"@type":"WebSite","@id":"https:\/\/www.atelierdocaractere.pt\/brevemente\/#website","url":"https:\/\/www.atelierdocaractere.pt\/brevemente\/","name":"Atelier do Caractere","description":"","potentialAction":[{"@type":"SearchAction","target":{"@type":"EntryPoint","urlTemplate":"https:\/\/www.atelierdocaractere.pt\/brevemente\/?s={search_term_string}"},"query-input":"required name=search_term_string"}],"inLanguage":"pt-PT"},{"@type":"Person","@id":"https:\/\/www.atelierdocaractere.pt\/brevemente\/#\/schema\/person\/434214d094c7f8243eba52cce01c3fbf","name":"Andr\u00e9 Lopes","image":{"@type":"ImageObject","inLanguage":"pt-PT","@id":"https:\/\/www.atelierdocaractere.pt\/brevemente\/#\/schema\/person\/image\/","url":"https:\/\/secure.gravatar.com\/avatar\/76af1c514620ffe1937f018fe03efb73?s=96&d=mm&r=g","contentUrl":"https:\/\/secure.gravatar.com\/avatar\/76af1c514620ffe1937f018fe03efb73?s=96&d=mm&r=g","caption":"Andr\u00e9 Lopes"},"url":"https:\/\/www.atelierdocaractere.pt\/brevemente\/author\/andre-lopes\/"}]}},"_links":{"self":[{"href":"https:\/\/www.atelierdocaractere.pt\/brevemente\/wp-json\/wp\/v2\/posts\/13982"}],"collection":[{"href":"https:\/\/www.atelierdocaractere.pt\/brevemente\/wp-json\/wp\/v2\/posts"}],"about":[{"href":"https:\/\/www.atelierdocaractere.pt\/brevemente\/wp-json\/wp\/v2\/types\/post"}],"author":[{"embeddable":true,"href":"https:\/\/www.atelierdocaractere.pt\/brevemente\/wp-json\/wp\/v2\/users\/8"}],"replies":[{"embeddable":true,"href":"https:\/\/www.atelierdocaractere.pt\/brevemente\/wp-json\/wp\/v2\/comments?post=13982"}],"version-history":[{"count":2,"href":"https:\/\/www.atelierdocaractere.pt\/brevemente\/wp-json\/wp\/v2\/posts\/13982\/revisions"}],"predecessor-version":[{"id":13985,"href":"https:\/\/www.atelierdocaractere.pt\/brevemente\/wp-json\/wp\/v2\/posts\/13982\/revisions\/13985"}],"wp:featuredmedia":[{"embeddable":true,"href":"https:\/\/www.atelierdocaractere.pt\/brevemente\/wp-json\/wp\/v2\/media\/13983"}],"wp:attachment":[{"href":"https:\/\/www.atelierdocaractere.pt\/brevemente\/wp-json\/wp\/v2\/media?parent=13982"}],"wp:term":[{"taxonomy":"category","embeddable":true,"href":"https:\/\/www.atelierdocaractere.pt\/brevemente\/wp-json\/wp\/v2\/categories?post=13982"},{"taxonomy":"post_tag","embeddable":true,"href":"https:\/\/www.atelierdocaractere.pt\/brevemente\/wp-json\/wp\/v2\/tags?post=13982"}],"curies":[{"name":"wp","href":"https:\/\/api.w.org\/{rel}","templated":true}]}}