{"id":13987,"date":"2025-10-15T10:42:22","date_gmt":"2025-10-15T10:42:22","guid":{"rendered":"https:\/\/www.atelierdocaractere.pt\/brevemente\/?p=13987"},"modified":"2025-10-16T10:45:54","modified_gmt":"2025-10-16T10:45:54","slug":"joao-rodrigues-quer-consolidar-lideranca-mas-luis-caetano-e-tiago-pereira-jogam-com-o-factor-casa","status":"publish","type":"post","link":"https:\/\/www.atelierdocaractere.pt\/brevemente\/joao-rodrigues-quer-consolidar-lideranca-mas-luis-caetano-e-tiago-pereira-jogam-com-o-factor-casa\/","title":{"rendered":"Jo\u00e3o Rodrigues quer consolidar lideran\u00e7a, mas Lu\u00eds Caetano e Tiago Pereira jogam com o factor &#8220;casa&#8221;"},"content":{"rendered":"\n<p><strong>O Rallye Vidreiro &#8211; Centro de Portugal vai ser palco da quarta e pen\u00faltima prova do Clio Trophy Portugal, com a discuss\u00e3o do t\u00edtulo a entrar na sua fase decisiva. Com duas vit\u00f3rias, em tr\u00eas poss\u00edveis, Jo\u00e3o Rodrigues parte para a prova disputada nos concelhos de Alcoba\u00e7a, Marinha Grande e Pombal determinado em refor\u00e7ar a lideran\u00e7a do trof\u00e9u, mas Lu\u00eds Caetano e Tiago Pereira contam com a motiva\u00e7\u00e3o suplementar de correrem em \u201ccasa\u201d.<\/strong><\/p>\n\n\n\n<figure class=\"wp-block-image size-large\"><img decoding=\"async\" width=\"1024\" height=\"681\" src=\"https:\/\/www.atelierdocaractere.pt\/wp-content\/uploads\/2025\/10\/97af6b9700e0ef8b278409bf18193dd2-l.jpg-1024x681.webp\" alt=\"\" class=\"wp-image-13988\" srcset=\"https:\/\/www.atelierdocaractere.pt\/wp-content\/uploads\/2025\/10\/97af6b9700e0ef8b278409bf18193dd2-l.jpg-1024x681.webp 1024w, https:\/\/www.atelierdocaractere.pt\/wp-content\/uploads\/2025\/10\/97af6b9700e0ef8b278409bf18193dd2-l.jpg-300x200.webp 300w, https:\/\/www.atelierdocaractere.pt\/wp-content\/uploads\/2025\/10\/97af6b9700e0ef8b278409bf18193dd2-l.jpg-768x511.webp 768w, https:\/\/www.atelierdocaractere.pt\/wp-content\/uploads\/2025\/10\/97af6b9700e0ef8b278409bf18193dd2-l.jpg-1536x1022.webp 1536w, https:\/\/www.atelierdocaractere.pt\/wp-content\/uploads\/2025\/10\/97af6b9700e0ef8b278409bf18193dd2-l.jpg-900x600.webp 900w, https:\/\/www.atelierdocaractere.pt\/wp-content\/uploads\/2025\/10\/97af6b9700e0ef8b278409bf18193dd2-l.jpg-675x450.webp 675w, https:\/\/www.atelierdocaractere.pt\/wp-content\/uploads\/2025\/10\/97af6b9700e0ef8b278409bf18193dd2-l.jpg.webp 2000w\" sizes=\"(max-width: 1024px) 100vw, 1024px\" \/><\/figure>\n\n\n\n<p>Vencedor das duas primeiras provas do calend\u00e1rio, Jo\u00e3o Rodrigues foi for\u00e7ado a desistir no Rali da \u00c1gua Transib\u00e9rico Eurocidade Chaves-Ver\u00edn. Apesar do contratempo, a sua posi\u00e7\u00e3o de l\u00edder da competi\u00e7\u00e3o, promovida pela Renault Portugal, manteve-se intacta. Agora, o piloto de Mafra mostra-se determinado em assegurar o terceiro triunfo da temporada.<\/p>\n\n\n\n<blockquote class=\"wp-block-quote\">\n<p><strong>&#8220;Vou fazer um esfor\u00e7o financeiro para estar \u00e0 partida da prova. N\u00e3o podia deixar de o fazer, tendo em conta que continuamos em excelente posi\u00e7\u00e3o para ganhar o trof\u00e9u. Vai ser a primeira vez que vou participar no rali, mas o objetivo \u00e9 s\u00f3 um: vencer!&#8221;,&nbsp;<\/strong>sublinhou Jo\u00e3o Rodrigues, que volta a ser navegado por Bruno Carvalho.<\/p>\n<\/blockquote>\n\n\n\n<p>A luta promete ser intensa, especialmente com a motiva\u00e7\u00e3o acrescida de Lu\u00eds Caetano e Tiago Pereira, pilotos da regi\u00e3o, que tudo far\u00e3o para contrariar o favoritismo de Jo\u00e3o Rodrigues. Tiago Pereira, em particular, parte moralizado, depois de se estrear, no lugar mais alto do p\u00f3dio, no rali disputado na regi\u00e3o de Tr\u00e1s-os-Montes e Galiza.<\/p>\n\n\n\n<p>Por outro lado, o algarvio Carlos Marreiros procura cimentar a sua evolu\u00e7\u00e3o nos pisos de asfalto, depois de ter alcan\u00e7ado o seu primeiro p\u00f3dio, no Clio Trophy Portugal, na prova anterior. As irm\u00e3s Filipa e Mariana Tintim, tamb\u00e9m do Algarve, est\u00e3o de regresso \u00e0 competi\u00e7\u00e3o, depois de uma sa\u00edda de estrada no rali que percorreu as estradas de Viseu.<\/p>\n\n\n\n<h3 class=\"wp-block-heading\"><strong>O Rallye Vidreiro \u2013 Centro de Portugal<\/strong><\/h3>\n\n\n\n<p>Organizado pelo Clube Autom\u00f3vel da Marinha Grande, o Rallye Vidreiro \u2013 Centro de Portugal conta com duas etapas e quatro sec\u00e7\u00f5es, com um total de 102,8 km cronometrados, todos disputados em pisos de asfalto.<\/p>\n\n\n\n<p>A prova arranca na sexta-feira com a cerim\u00f3nia de partida no Mosteiro de Alcoba\u00e7a, seguida de tr\u00eas especiais, incluindo a espetacular Super Especial de Pombal.<\/p>\n\n\n\n<p>No s\u00e1bado, os concorrentes enfrentam mais seis tro\u00e7os, com o rali a terminar de forma inovadora numa super especial dentro do parque de assist\u00eancia, no Expocentro de Pombal.<\/p>\n\n\n\n<p>O p\u00f3dio e a cerim\u00f3nia de consagra\u00e7\u00e3o dos vencedores est\u00e3o marcados para o final da tarde de s\u00e1bado, na Arena Expocentro.<\/p>\n","protected":false},"excerpt":{"rendered":"<p>O Rallye Vidreiro &#8211; Centro de Portugal vai ser palco da quarta e pen\u00faltima prova do Clio Trophy Portugal, com&#8230;<\/p>\n","protected":false},"author":7,"featured_media":13988,"comment_status":"closed","ping_status":"open","sticky":false,"template":"","format":"standard","meta":[],"categories":[24],"tags":[751,217,85,87],"yoast_head":"<!-- This site is optimized with the Yoast SEO plugin v20.12 - https:\/\/yoast.com\/wordpress\/plugins\/seo\/ -->\n<title>Jo\u00e3o Rodrigues quer consolidar lideran\u00e7a, mas Lu\u00eds Caetano e Tiago Pereira jogam com o factor &quot;casa&quot; - Atelier do Caractere<\/title>\n<meta name=\"robots\" content=\"index, follow, max-snippet:-1, max-image-preview:large, max-video-preview:-1\" \/>\n<link rel=\"canonical\" href=\"https:\/\/www.atelierdocaractere.pt\/brevemente\/joao-rodrigues-quer-consolidar-lideranca-mas-luis-caetano-e-tiago-pereira-jogam-com-o-factor-casa\/\" \/>\n<meta property=\"og:locale\" content=\"pt_PT\" \/>\n<meta property=\"og:type\" content=\"article\" \/>\n<meta property=\"og:title\" content=\"Jo\u00e3o Rodrigues quer consolidar lideran\u00e7a, mas Lu\u00eds Caetano e Tiago Pereira jogam com o factor &quot;casa&quot; - Atelier do Caractere\" \/>\n<meta property=\"og:description\" content=\"O Rallye Vidreiro &#8211; Centro de Portugal vai ser palco da quarta e pen\u00faltima prova do Clio Trophy Portugal, com...\" \/>\n<meta property=\"og:url\" content=\"https:\/\/www.atelierdocaractere.pt\/brevemente\/joao-rodrigues-quer-consolidar-lideranca-mas-luis-caetano-e-tiago-pereira-jogam-com-o-factor-casa\/\" \/>\n<meta property=\"og:site_name\" content=\"Atelier do Caractere\" \/>\n<meta property=\"article:publisher\" content=\"https:\/\/www.facebook.com\/AtelierdoCaractere\" \/>\n<meta property=\"article:published_time\" content=\"2025-10-15T10:42:22+00:00\" \/>\n<meta property=\"article:modified_time\" content=\"2025-10-16T10:45:54+00:00\" \/>\n<meta property=\"og:image\" content=\"https:\/\/www.atelierdocaractere.pt\/wp-content\/uploads\/2025\/10\/97af6b9700e0ef8b278409bf18193dd2-l.jpg.webp\" \/>\n\t<meta property=\"og:image:width\" content=\"2000\" \/>\n\t<meta property=\"og:image:height\" content=\"1331\" \/>\n\t<meta property=\"og:image:type\" content=\"image\/webp\" \/>\n<meta name=\"author\" content=\"Joana Barbosa\" \/>\n<meta name=\"twitter:card\" content=\"summary_large_image\" \/>\n<meta name=\"twitter:label1\" content=\"Escrito por\" \/>\n\t<meta name=\"twitter:data1\" content=\"Joana Barbosa\" \/>\n\t<meta name=\"twitter:label2\" content=\"Tempo estimado de leitura\" \/>\n\t<meta name=\"twitter:data2\" content=\"3 minutos\" \/>\n<script type=\"application\/ld+json\" class=\"yoast-schema-graph\">{\"@context\":\"https:\/\/schema.org\",\"@graph\":[{\"@type\":\"WebPage\",\"@id\":\"https:\/\/www.atelierdocaractere.pt\/brevemente\/joao-rodrigues-quer-consolidar-lideranca-mas-luis-caetano-e-tiago-pereira-jogam-com-o-factor-casa\/\",\"url\":\"https:\/\/www.atelierdocaractere.pt\/brevemente\/joao-rodrigues-quer-consolidar-lideranca-mas-luis-caetano-e-tiago-pereira-jogam-com-o-factor-casa\/\",\"name\":\"Jo\u00e3o Rodrigues quer consolidar lideran\u00e7a, mas Lu\u00eds Caetano e Tiago Pereira jogam com o factor \\\"casa\\\" - Atelier do Caractere\",\"isPartOf\":{\"@id\":\"https:\/\/www.atelierdocaractere.pt\/brevemente\/#website\"},\"datePublished\":\"2025-10-15T10:42:22+00:00\",\"dateModified\":\"2025-10-16T10:45:54+00:00\",\"author\":{\"@id\":\"https:\/\/www.atelierdocaractere.pt\/brevemente\/#\/schema\/person\/f2f096eb0f27d9894725af22cb97c0db\"},\"breadcrumb\":{\"@id\":\"https:\/\/www.atelierdocaractere.pt\/brevemente\/joao-rodrigues-quer-consolidar-lideranca-mas-luis-caetano-e-tiago-pereira-jogam-com-o-factor-casa\/#breadcrumb\"},\"inLanguage\":\"pt-PT\",\"potentialAction\":[{\"@type\":\"ReadAction\",\"target\":[\"https:\/\/www.atelierdocaractere.pt\/brevemente\/joao-rodrigues-quer-consolidar-lideranca-mas-luis-caetano-e-tiago-pereira-jogam-com-o-factor-casa\/\"]}]},{\"@type\":\"BreadcrumbList\",\"@id\":\"https:\/\/www.atelierdocaractere.pt\/brevemente\/joao-rodrigues-quer-consolidar-lideranca-mas-luis-caetano-e-tiago-pereira-jogam-com-o-factor-casa\/#breadcrumb\",\"itemListElement\":[{\"@type\":\"ListItem\",\"position\":1,\"name\":\"In\u00edcio\",\"item\":\"https:\/\/www.atelierdocaractere.pt\/brevemente\/\"},{\"@type\":\"ListItem\",\"position\":2,\"name\":\"Jo\u00e3o Rodrigues quer consolidar lideran\u00e7a, mas Lu\u00eds Caetano e Tiago Pereira jogam com o factor &#8220;casa&#8221;\"}]},{\"@type\":\"WebSite\",\"@id\":\"https:\/\/www.atelierdocaractere.pt\/brevemente\/#website\",\"url\":\"https:\/\/www.atelierdocaractere.pt\/brevemente\/\",\"name\":\"Atelier do Caractere\",\"description\":\"\",\"potentialAction\":[{\"@type\":\"SearchAction\",\"target\":{\"@type\":\"EntryPoint\",\"urlTemplate\":\"https:\/\/www.atelierdocaractere.pt\/brevemente\/?s={search_term_string}\"},\"query-input\":\"required name=search_term_string\"}],\"inLanguage\":\"pt-PT\"},{\"@type\":\"Person\",\"@id\":\"https:\/\/www.atelierdocaractere.pt\/brevemente\/#\/schema\/person\/f2f096eb0f27d9894725af22cb97c0db\",\"name\":\"Joana Barbosa\",\"image\":{\"@type\":\"ImageObject\",\"inLanguage\":\"pt-PT\",\"@id\":\"https:\/\/www.atelierdocaractere.pt\/brevemente\/#\/schema\/person\/image\/\",\"url\":\"https:\/\/secure.gravatar.com\/avatar\/33e8214b45e9d68a3a83008731075979?s=96&d=mm&r=g\",\"contentUrl\":\"https:\/\/secure.gravatar.com\/avatar\/33e8214b45e9d68a3a83008731075979?s=96&d=mm&r=g\",\"caption\":\"Joana Barbosa\"},\"url\":\"https:\/\/www.atelierdocaractere.pt\/brevemente\/author\/joanabarbosa\/\"}]}<\/script>\n<!-- \/ Yoast SEO plugin. -->","yoast_head_json":{"title":"Jo\u00e3o Rodrigues quer consolidar lideran\u00e7a, mas Lu\u00eds Caetano e Tiago Pereira jogam com o factor \"casa\" - Atelier do Caractere","robots":{"index":"index","follow":"follow","max-snippet":"max-snippet:-1","max-image-preview":"max-image-preview:large","max-video-preview":"max-video-preview:-1"},"canonical":"https:\/\/www.atelierdocaractere.pt\/brevemente\/joao-rodrigues-quer-consolidar-lideranca-mas-luis-caetano-e-tiago-pereira-jogam-com-o-factor-casa\/","og_locale":"pt_PT","og_type":"article","og_title":"Jo\u00e3o Rodrigues quer consolidar lideran\u00e7a, mas Lu\u00eds Caetano e Tiago Pereira jogam com o factor \"casa\" - Atelier do Caractere","og_description":"O Rallye Vidreiro &#8211; Centro de Portugal vai ser palco da quarta e pen\u00faltima prova do Clio Trophy Portugal, com...","og_url":"https:\/\/www.atelierdocaractere.pt\/brevemente\/joao-rodrigues-quer-consolidar-lideranca-mas-luis-caetano-e-tiago-pereira-jogam-com-o-factor-casa\/","og_site_name":"Atelier do Caractere","article_publisher":"https:\/\/www.facebook.com\/AtelierdoCaractere","article_published_time":"2025-10-15T10:42:22+00:00","article_modified_time":"2025-10-16T10:45:54+00:00","og_image":[{"width":2000,"height":1331,"url":"https:\/\/www.atelierdocaractere.pt\/wp-content\/uploads\/2025\/10\/97af6b9700e0ef8b278409bf18193dd2-l.jpg.webp","type":"image\/webp"}],"author":"Joana Barbosa","twitter_card":"summary_large_image","twitter_misc":{"Escrito por":"Joana Barbosa","Tempo estimado de leitura":"3 minutos"},"schema":{"@context":"https:\/\/schema.org","@graph":[{"@type":"WebPage","@id":"https:\/\/www.atelierdocaractere.pt\/brevemente\/joao-rodrigues-quer-consolidar-lideranca-mas-luis-caetano-e-tiago-pereira-jogam-com-o-factor-casa\/","url":"https:\/\/www.atelierdocaractere.pt\/brevemente\/joao-rodrigues-quer-consolidar-lideranca-mas-luis-caetano-e-tiago-pereira-jogam-com-o-factor-casa\/","name":"Jo\u00e3o Rodrigues quer consolidar lideran\u00e7a, mas Lu\u00eds Caetano e Tiago Pereira jogam com o factor \"casa\" - Atelier do Caractere","isPartOf":{"@id":"https:\/\/www.atelierdocaractere.pt\/brevemente\/#website"},"datePublished":"2025-10-15T10:42:22+00:00","dateModified":"2025-10-16T10:45:54+00:00","author":{"@id":"https:\/\/www.atelierdocaractere.pt\/brevemente\/#\/schema\/person\/f2f096eb0f27d9894725af22cb97c0db"},"breadcrumb":{"@id":"https:\/\/www.atelierdocaractere.pt\/brevemente\/joao-rodrigues-quer-consolidar-lideranca-mas-luis-caetano-e-tiago-pereira-jogam-com-o-factor-casa\/#breadcrumb"},"inLanguage":"pt-PT","potentialAction":[{"@type":"ReadAction","target":["https:\/\/www.atelierdocaractere.pt\/brevemente\/joao-rodrigues-quer-consolidar-lideranca-mas-luis-caetano-e-tiago-pereira-jogam-com-o-factor-casa\/"]}]},{"@type":"BreadcrumbList","@id":"https:\/\/www.atelierdocaractere.pt\/brevemente\/joao-rodrigues-quer-consolidar-lideranca-mas-luis-caetano-e-tiago-pereira-jogam-com-o-factor-casa\/#breadcrumb","itemListElement":[{"@type":"ListItem","position":1,"name":"In\u00edcio","item":"https:\/\/www.atelierdocaractere.pt\/brevemente\/"},{"@type":"ListItem","position":2,"name":"Jo\u00e3o Rodrigues quer consolidar lideran\u00e7a, mas Lu\u00eds Caetano e Tiago Pereira jogam com o factor &#8220;casa&#8221;"}]},{"@type":"WebSite","@id":"https:\/\/www.atelierdocaractere.pt\/brevemente\/#website","url":"https:\/\/www.atelierdocaractere.pt\/brevemente\/","name":"Atelier do Caractere","description":"","potentialAction":[{"@type":"SearchAction","target":{"@type":"EntryPoint","urlTemplate":"https:\/\/www.atelierdocaractere.pt\/brevemente\/?s={search_term_string}"},"query-input":"required name=search_term_string"}],"inLanguage":"pt-PT"},{"@type":"Person","@id":"https:\/\/www.atelierdocaractere.pt\/brevemente\/#\/schema\/person\/f2f096eb0f27d9894725af22cb97c0db","name":"Joana Barbosa","image":{"@type":"ImageObject","inLanguage":"pt-PT","@id":"https:\/\/www.atelierdocaractere.pt\/brevemente\/#\/schema\/person\/image\/","url":"https:\/\/secure.gravatar.com\/avatar\/33e8214b45e9d68a3a83008731075979?s=96&d=mm&r=g","contentUrl":"https:\/\/secure.gravatar.com\/avatar\/33e8214b45e9d68a3a83008731075979?s=96&d=mm&r=g","caption":"Joana Barbosa"},"url":"https:\/\/www.atelierdocaractere.pt\/brevemente\/author\/joanabarbosa\/"}]}},"_links":{"self":[{"href":"https:\/\/www.atelierdocaractere.pt\/brevemente\/wp-json\/wp\/v2\/posts\/13987"}],"collection":[{"href":"https:\/\/www.atelierdocaractere.pt\/brevemente\/wp-json\/wp\/v2\/posts"}],"about":[{"href":"https:\/\/www.atelierdocaractere.pt\/brevemente\/wp-json\/wp\/v2\/types\/post"}],"author":[{"embeddable":true,"href":"https:\/\/www.atelierdocaractere.pt\/brevemente\/wp-json\/wp\/v2\/users\/7"}],"replies":[{"embeddable":true,"href":"https:\/\/www.atelierdocaractere.pt\/brevemente\/wp-json\/wp\/v2\/comments?post=13987"}],"version-history":[{"count":1,"href":"https:\/\/www.atelierdocaractere.pt\/brevemente\/wp-json\/wp\/v2\/posts\/13987\/revisions"}],"predecessor-version":[{"id":13989,"href":"https:\/\/www.atelierdocaractere.pt\/brevemente\/wp-json\/wp\/v2\/posts\/13987\/revisions\/13989"}],"wp:featuredmedia":[{"embeddable":true,"href":"https:\/\/www.atelierdocaractere.pt\/brevemente\/wp-json\/wp\/v2\/media\/13988"}],"wp:attachment":[{"href":"https:\/\/www.atelierdocaractere.pt\/brevemente\/wp-json\/wp\/v2\/media?parent=13987"}],"wp:term":[{"taxonomy":"category","embeddable":true,"href":"https:\/\/www.atelierdocaractere.pt\/brevemente\/wp-json\/wp\/v2\/categories?post=13987"},{"taxonomy":"post_tag","embeddable":true,"href":"https:\/\/www.atelierdocaractere.pt\/brevemente\/wp-json\/wp\/v2\/tags?post=13987"}],"curies":[{"name":"wp","href":"https:\/\/api.w.org\/{rel}","templated":true}]}}